{"id":5388,"date":"2024-05-30T23:28:18","date_gmt":"2024-05-31T02:28:18","guid":{"rendered":"https:\/\/diariodepe.com.br\/cri\/?p=5388"},"modified":"2024-05-30T23:28:24","modified_gmt":"2024-05-31T02:28:24","slug":"pesquisa-da-cgtn-mais-de-90-de-entrevistados-condenam-palavras-do-lider-de-taiwan","status":"publish","type":"post","link":"https:\/\/diariodepe.com.br\/cri\/2024\/05\/30\/pesquisa-da-cgtn-mais-de-90-de-entrevistados-condenam-palavras-do-lider-de-taiwan\/","title":{"rendered":"Pesquisa da CGTN: Mais de 90% de entrevistados condenam palavras do l\u00edder de Taiwan"},"content":{"rendered":"<p>Em 20 de maio, o l\u00edder da regi\u00e3o chinesa de Taiwan defendeu arbitrariamente a \u201cindepend\u00eancia de Taiwan\u201d, o que despertou grande aten\u00e7\u00e3o da comunidade internacional. De acordo com uma pesquisa global online realizada pela CGTN, subordinada ao Grupo de M\u00eddia da China (CMG, sigla em ingl\u00eas), quase 90% (89,95%) dos entrevistados apoiam firmemente o princ\u00edpio de Uma S\u00f3 China e se op\u00f5em resolutamente ao separatismo pela \u201cindepend\u00eancia de Taiwan\u201d.<\/p>\n<p>Segundo a pesquisa, 86,53% dos entrevistados globais acreditam que, independentemente das mudan\u00e7as pol\u00edticas em Taiwan, o fato hist\u00f3rico e legal de que ambos os lados do estreito de Taiwan pertencem a uma \u00fanica China e o compromisso da comunidade internacional com o princ\u00edpio de Uma S\u00f3 China n\u00e3o mudar\u00e3o. Por sua vez, 90,21% dos participantes condenam veementemente a perigosa declara\u00e7\u00e3o feita pelo l\u00edder de Taiwan, ressaltando que o futuro da ilha s\u00f3 pode ser determinado por mais de 1,4 bilh\u00e3o de chineses, incluindo os compatriotas que nela residem.<\/p>\n<p>Ainda de acordo com a pesquisa, 94,78% dos entrevistados expressaram que a paz e a estabilidade no estreito de Taiwan s\u00e3o cruciais para a seguran\u00e7a e a estabilidade da regi\u00e3o da \u00c1sia-Pac\u00edfico e do mundo. Al\u00e9m disso, 79,12% se op\u00f5em fortemente \u00e0 compra de armas dos Estados Unidos pelas autoridades de Taiwan, acreditando que isso levar\u00e1 a uma situa\u00e7\u00e3o perigosa de conflito militar.<\/p>\n<p>A pesquisa, publicada pela CGTN nas plataformas em ingl\u00eas, espanhol, franc\u00eas, \u00e1rabe e russo, recebeu respostas de 11.645 pessoas em 24 horas.<\/p>\n","protected":false},"excerpt":{"rendered":"<p>Em 20 de maio, o l\u00edder da regi\u00e3o chinesa de Taiwan defendeu arbitrariamente a \u201cindepend\u00eancia de Taiwan\u201d, o que despertou grande aten\u00e7\u00e3o da comunidade internacional. De acordo com uma pesquisa global online realizada pela CGTN, subordinada ao Grupo de M\u00eddia&#8230;<\/p>\n","protected":false},"author":2,"featured_media":0,"comment_status":"open","ping_status":"open","sticky":false,"template":"","format":"standard","meta":{"footnotes":""},"categories":[8],"tags":[],"class_list":["post-5388","post","type-post","status-publish","format-standard","hentry","category-internacional"],"yoast_head":"<!-- This site is optimized with the Yoast SEO plugin v27.4 - https:\/\/yoast.com\/product\/yoast-seo-wordpress\/ -->\n<title>Pesquisa da CGTN: Mais de 90% de entrevistados condenam palavras do l\u00edder de Taiwan - CRI e Diario de Pernambuco<\/title>\n<meta name=\"robots\" content=\"index, follow, max-snippet:-1, max-image-preview:large, max-video-preview:-1\" \/>\n<link rel=\"canonical\" href=\"https:\/\/diariodepe.com.br\/cri\/2024\/05\/30\/pesquisa-da-cgtn-mais-de-90-de-entrevistados-condenam-palavras-do-lider-de-taiwan\/\" \/>\n<meta property=\"og:locale\" content=\"pt_BR\" \/>\n<meta property=\"og:type\" content=\"article\" \/>\n<meta property=\"og:title\" content=\"Pesquisa da CGTN: Mais de 90% de entrevistados condenam palavras do l\u00edder de Taiwan - CRI e Diario de Pernambuco\" \/>\n<meta property=\"og:description\" content=\"Em 20 de maio, o l\u00edder da regi\u00e3o chinesa de Taiwan defendeu arbitrariamente a \u201cindepend\u00eancia de Taiwan\u201d, o que despertou grande aten\u00e7\u00e3o da comunidade internacional. De acordo com uma pesquisa global online realizada pela CGTN, subordinada ao Grupo de M\u00eddia...\" \/>\n<meta property=\"og:url\" content=\"https:\/\/diariodepe.com.br\/cri\/2024\/05\/30\/pesquisa-da-cgtn-mais-de-90-de-entrevistados-condenam-palavras-do-lider-de-taiwan\/\" \/>\n<meta property=\"og:site_name\" content=\"CRI e Diario de Pernambuco\" \/>\n<meta property=\"article:published_time\" content=\"2024-05-31T02:28:18+00:00\" \/>\n<meta property=\"article:modified_time\" content=\"2024-05-31T02:28:24+00:00\" \/>\n<meta name=\"author\" content=\"Ismael Lucas S. Pereira\" \/>\n<meta name=\"twitter:card\" content=\"summary_large_image\" \/>\n<meta name=\"twitter:label1\" content=\"Escrito por\" \/>\n\t<meta name=\"twitter:data1\" content=\"Ismael Lucas S. Pereira\" \/>\n\t<meta name=\"twitter:label2\" content=\"Est. tempo de leitura\" \/>\n\t<meta name=\"twitter:data2\" content=\"2 minutos\" \/>\n<script type=\"application\/ld+json\" class=\"yoast-schema-graph\">{\"@context\":\"https:\\\/\\\/schema.org\",\"@graph\":[{\"@type\":\"Article\",\"@id\":\"https:\\\/\\\/diariodepe.com.br\\\/cri\\\/2024\\\/05\\\/30\\\/pesquisa-da-cgtn-mais-de-90-de-entrevistados-condenam-palavras-do-lider-de-taiwan\\\/#article\",\"isPartOf\":{\"@id\":\"https:\\\/\\\/diariodepe.com.br\\\/cri\\\/2024\\\/05\\\/30\\\/pesquisa-da-cgtn-mais-de-90-de-entrevistados-condenam-palavras-do-lider-de-taiwan\\\/\"},\"author\":{\"name\":\"Ismael Lucas S. Pereira\",\"@id\":\"https:\\\/\\\/diariodepe.com.br\\\/cri\\\/#\\\/schema\\\/person\\\/121bb28d84f1a5b1205ef4ce9c2e0c6b\"},\"headline\":\"Pesquisa da CGTN: Mais de 90% de entrevistados condenam palavras do l\u00edder de Taiwan\",\"datePublished\":\"2024-05-31T02:28:18+00:00\",\"dateModified\":\"2024-05-31T02:28:24+00:00\",\"mainEntityOfPage\":{\"@id\":\"https:\\\/\\\/diariodepe.com.br\\\/cri\\\/2024\\\/05\\\/30\\\/pesquisa-da-cgtn-mais-de-90-de-entrevistados-condenam-palavras-do-lider-de-taiwan\\\/\"},\"wordCount\":272,\"commentCount\":0,\"publisher\":{\"@id\":\"https:\\\/\\\/diariodepe.com.br\\\/cri\\\/#organization\"},\"articleSection\":[\"Internacional\"],\"inLanguage\":\"pt-BR\",\"potentialAction\":[{\"@type\":\"CommentAction\",\"name\":\"Comment\",\"target\":[\"https:\\\/\\\/diariodepe.com.br\\\/cri\\\/2024\\\/05\\\/30\\\/pesquisa-da-cgtn-mais-de-90-de-entrevistados-condenam-palavras-do-lider-de-taiwan\\\/#respond\"]}]},{\"@type\":\"WebPage\",\"@id\":\"https:\\\/\\\/diariodepe.com.br\\\/cri\\\/2024\\\/05\\\/30\\\/pesquisa-da-cgtn-mais-de-90-de-entrevistados-condenam-palavras-do-lider-de-taiwan\\\/\",\"url\":\"https:\\\/\\\/diariodepe.com.br\\\/cri\\\/2024\\\/05\\\/30\\\/pesquisa-da-cgtn-mais-de-90-de-entrevistados-condenam-palavras-do-lider-de-taiwan\\\/\",\"name\":\"Pesquisa da CGTN: Mais de 90% de entrevistados condenam palavras do l\u00edder de Taiwan - CRI e Diario de Pernambuco\",\"isPartOf\":{\"@id\":\"https:\\\/\\\/diariodepe.com.br\\\/cri\\\/#website\"},\"datePublished\":\"2024-05-31T02:28:18+00:00\",\"dateModified\":\"2024-05-31T02:28:24+00:00\",\"breadcrumb\":{\"@id\":\"https:\\\/\\\/diariodepe.com.br\\\/cri\\\/2024\\\/05\\\/30\\\/pesquisa-da-cgtn-mais-de-90-de-entrevistados-condenam-palavras-do-lider-de-taiwan\\\/#breadcrumb\"},\"inLanguage\":\"pt-BR\",\"potentialAction\":[{\"@type\":\"ReadAction\",\"target\":[\"https:\\\/\\\/diariodepe.com.br\\\/cri\\\/2024\\\/05\\\/30\\\/pesquisa-da-cgtn-mais-de-90-de-entrevistados-condenam-palavras-do-lider-de-taiwan\\\/\"]}]},{\"@type\":\"BreadcrumbList\",\"@id\":\"https:\\\/\\\/diariodepe.com.br\\\/cri\\\/2024\\\/05\\\/30\\\/pesquisa-da-cgtn-mais-de-90-de-entrevistados-condenam-palavras-do-lider-de-taiwan\\\/#breadcrumb\",\"itemListElement\":[{\"@type\":\"ListItem\",\"position\":1,\"name\":\"In\u00edcio\",\"item\":\"https:\\\/\\\/diariodepe.com.br\\\/cri\\\/\"},{\"@type\":\"ListItem\",\"position\":2,\"name\":\"Pesquisa da CGTN: Mais de 90% de entrevistados condenam palavras do l\u00edder de Taiwan\"}]},{\"@type\":\"WebSite\",\"@id\":\"https:\\\/\\\/diariodepe.com.br\\\/cri\\\/#website\",\"url\":\"https:\\\/\\\/diariodepe.com.br\\\/cri\\\/\",\"name\":\"CRI e Diario de Pernambuco\",\"description\":\"R\u00e1dio Internacional da China\",\"publisher\":{\"@id\":\"https:\\\/\\\/diariodepe.com.br\\\/cri\\\/#organization\"},\"potentialAction\":[{\"@type\":\"SearchAction\",\"target\":{\"@type\":\"EntryPoint\",\"urlTemplate\":\"https:\\\/\\\/diariodepe.com.br\\\/cri\\\/?s={search_term_string}\"},\"query-input\":{\"@type\":\"PropertyValueSpecification\",\"valueRequired\":true,\"valueName\":\"search_term_string\"}}],\"inLanguage\":\"pt-BR\"},{\"@type\":\"Organization\",\"@id\":\"https:\\\/\\\/diariodepe.com.br\\\/cri\\\/#organization\",\"name\":\"CRI e Diario de Pernambuco\",\"url\":\"https:\\\/\\\/diariodepe.com.br\\\/cri\\\/\",\"logo\":{\"@type\":\"ImageObject\",\"inLanguage\":\"pt-BR\",\"@id\":\"https:\\\/\\\/diariodepe.com.br\\\/cri\\\/#\\\/schema\\\/logo\\\/image\\\/\",\"url\":\"https:\\\/\\\/diariodepe.com.br\\\/cri\\\/wp-content\\\/uploads\\\/sites\\\/2\\\/2022\\\/12\\\/cropped-Logo.jpg\",\"contentUrl\":\"https:\\\/\\\/diariodepe.com.br\\\/cri\\\/wp-content\\\/uploads\\\/sites\\\/2\\\/2022\\\/12\\\/cropped-Logo.jpg\",\"width\":700,\"height\":59,\"caption\":\"CRI e Diario de Pernambuco\"},\"image\":{\"@id\":\"https:\\\/\\\/diariodepe.com.br\\\/cri\\\/#\\\/schema\\\/logo\\\/image\\\/\"}},{\"@type\":\"Person\",\"@id\":\"https:\\\/\\\/diariodepe.com.br\\\/cri\\\/#\\\/schema\\\/person\\\/121bb28d84f1a5b1205ef4ce9c2e0c6b\",\"name\":\"Ismael Lucas S. Pereira\",\"image\":{\"@type\":\"ImageObject\",\"inLanguage\":\"pt-BR\",\"@id\":\"https:\\\/\\\/secure.gravatar.com\\\/avatar\\\/887a0f3b5a7ceea963a48499fb883ffce6b5037362def025c52c2505b15d63e4?s=96&d=mm&r=g\",\"url\":\"https:\\\/\\\/secure.gravatar.com\\\/avatar\\\/887a0f3b5a7ceea963a48499fb883ffce6b5037362def025c52c2505b15d63e4?s=96&d=mm&r=g\",\"contentUrl\":\"https:\\\/\\\/secure.gravatar.com\\\/avatar\\\/887a0f3b5a7ceea963a48499fb883ffce6b5037362def025c52c2505b15d63e4?s=96&d=mm&r=g\",\"caption\":\"Ismael Lucas S. Pereira\"},\"url\":\"https:\\\/\\\/diariodepe.com.br\\\/cri\\\/author\\\/ismael-lucas\\\/\"}]}<\/script>\n<!-- \/ Yoast SEO plugin. -->","yoast_head_json":{"title":"Pesquisa da CGTN: Mais de 90% de entrevistados condenam palavras do l\u00edder de Taiwan - CRI e Diario de Pernambuco","robots":{"index":"index","follow":"follow","max-snippet":"max-snippet:-1","max-image-preview":"max-image-preview:large","max-video-preview":"max-video-preview:-1"},"canonical":"https:\/\/diariodepe.com.br\/cri\/2024\/05\/30\/pesquisa-da-cgtn-mais-de-90-de-entrevistados-condenam-palavras-do-lider-de-taiwan\/","og_locale":"pt_BR","og_type":"article","og_title":"Pesquisa da CGTN: Mais de 90% de entrevistados condenam palavras do l\u00edder de Taiwan - CRI e Diario de Pernambuco","og_description":"Em 20 de maio, o l\u00edder da regi\u00e3o chinesa de Taiwan defendeu arbitrariamente a \u201cindepend\u00eancia de Taiwan\u201d, o que despertou grande aten\u00e7\u00e3o da comunidade internacional. De acordo com uma pesquisa global online realizada pela CGTN, subordinada ao Grupo de M\u00eddia...","og_url":"https:\/\/diariodepe.com.br\/cri\/2024\/05\/30\/pesquisa-da-cgtn-mais-de-90-de-entrevistados-condenam-palavras-do-lider-de-taiwan\/","og_site_name":"CRI e Diario de Pernambuco","article_published_time":"2024-05-31T02:28:18+00:00","article_modified_time":"2024-05-31T02:28:24+00:00","author":"Ismael Lucas S. Pereira","twitter_card":"summary_large_image","twitter_misc":{"Escrito por":"Ismael Lucas S. Pereira","Est. tempo de leitura":"2 minutos"},"schema":{"@context":"https:\/\/schema.org","@graph":[{"@type":"Article","@id":"https:\/\/diariodepe.com.br\/cri\/2024\/05\/30\/pesquisa-da-cgtn-mais-de-90-de-entrevistados-condenam-palavras-do-lider-de-taiwan\/#article","isPartOf":{"@id":"https:\/\/diariodepe.com.br\/cri\/2024\/05\/30\/pesquisa-da-cgtn-mais-de-90-de-entrevistados-condenam-palavras-do-lider-de-taiwan\/"},"author":{"name":"Ismael Lucas S. Pereira","@id":"https:\/\/diariodepe.com.br\/cri\/#\/schema\/person\/121bb28d84f1a5b1205ef4ce9c2e0c6b"},"headline":"Pesquisa da CGTN: Mais de 90% de entrevistados condenam palavras do l\u00edder de Taiwan","datePublished":"2024-05-31T02:28:18+00:00","dateModified":"2024-05-31T02:28:24+00:00","mainEntityOfPage":{"@id":"https:\/\/diariodepe.com.br\/cri\/2024\/05\/30\/pesquisa-da-cgtn-mais-de-90-de-entrevistados-condenam-palavras-do-lider-de-taiwan\/"},"wordCount":272,"commentCount":0,"publisher":{"@id":"https:\/\/diariodepe.com.br\/cri\/#organization"},"articleSection":["Internacional"],"inLanguage":"pt-BR","potentialAction":[{"@type":"CommentAction","name":"Comment","target":["https:\/\/diariodepe.com.br\/cri\/2024\/05\/30\/pesquisa-da-cgtn-mais-de-90-de-entrevistados-condenam-palavras-do-lider-de-taiwan\/#respond"]}]},{"@type":"WebPage","@id":"https:\/\/diariodepe.com.br\/cri\/2024\/05\/30\/pesquisa-da-cgtn-mais-de-90-de-entrevistados-condenam-palavras-do-lider-de-taiwan\/","url":"https:\/\/diariodepe.com.br\/cri\/2024\/05\/30\/pesquisa-da-cgtn-mais-de-90-de-entrevistados-condenam-palavras-do-lider-de-taiwan\/","name":"Pesquisa da CGTN: Mais de 90% de entrevistados condenam palavras do l\u00edder de Taiwan - CRI e Diario de Pernambuco","isPartOf":{"@id":"https:\/\/diariodepe.com.br\/cri\/#website"},"datePublished":"2024-05-31T02:28:18+00:00","dateModified":"2024-05-31T02:28:24+00:00","breadcrumb":{"@id":"https:\/\/diariodepe.com.br\/cri\/2024\/05\/30\/pesquisa-da-cgtn-mais-de-90-de-entrevistados-condenam-palavras-do-lider-de-taiwan\/#breadcrumb"},"inLanguage":"pt-BR","potentialAction":[{"@type":"ReadAction","target":["https:\/\/diariodepe.com.br\/cri\/2024\/05\/30\/pesquisa-da-cgtn-mais-de-90-de-entrevistados-condenam-palavras-do-lider-de-taiwan\/"]}]},{"@type":"BreadcrumbList","@id":"https:\/\/diariodepe.com.br\/cri\/2024\/05\/30\/pesquisa-da-cgtn-mais-de-90-de-entrevistados-condenam-palavras-do-lider-de-taiwan\/#breadcrumb","itemListElement":[{"@type":"ListItem","position":1,"name":"In\u00edcio","item":"https:\/\/diariodepe.com.br\/cri\/"},{"@type":"ListItem","position":2,"name":"Pesquisa da CGTN: Mais de 90% de entrevistados condenam palavras do l\u00edder de Taiwan"}]},{"@type":"WebSite","@id":"https:\/\/diariodepe.com.br\/cri\/#website","url":"https:\/\/diariodepe.com.br\/cri\/","name":"CRI e Diario de Pernambuco","description":"R\u00e1dio Internacional da China","publisher":{"@id":"https:\/\/diariodepe.com.br\/cri\/#organization"},"potentialAction":[{"@type":"SearchAction","target":{"@type":"EntryPoint","urlTemplate":"https:\/\/diariodepe.com.br\/cri\/?s={search_term_string}"},"query-input":{"@type":"PropertyValueSpecification","valueRequired":true,"valueName":"search_term_string"}}],"inLanguage":"pt-BR"},{"@type":"Organization","@id":"https:\/\/diariodepe.com.br\/cri\/#organization","name":"CRI e Diario de Pernambuco","url":"https:\/\/diariodepe.com.br\/cri\/","logo":{"@type":"ImageObject","inLanguage":"pt-BR","@id":"https:\/\/diariodepe.com.br\/cri\/#\/schema\/logo\/image\/","url":"https:\/\/diariodepe.com.br\/cri\/wp-content\/uploads\/sites\/2\/2022\/12\/cropped-Logo.jpg","contentUrl":"https:\/\/diariodepe.com.br\/cri\/wp-content\/uploads\/sites\/2\/2022\/12\/cropped-Logo.jpg","width":700,"height":59,"caption":"CRI e Diario de Pernambuco"},"image":{"@id":"https:\/\/diariodepe.com.br\/cri\/#\/schema\/logo\/image\/"}},{"@type":"Person","@id":"https:\/\/diariodepe.com.br\/cri\/#\/schema\/person\/121bb28d84f1a5b1205ef4ce9c2e0c6b","name":"Ismael Lucas S. Pereira","image":{"@type":"ImageObject","inLanguage":"pt-BR","@id":"https:\/\/secure.gravatar.com\/avatar\/887a0f3b5a7ceea963a48499fb883ffce6b5037362def025c52c2505b15d63e4?s=96&d=mm&r=g","url":"https:\/\/secure.gravatar.com\/avatar\/887a0f3b5a7ceea963a48499fb883ffce6b5037362def025c52c2505b15d63e4?s=96&d=mm&r=g","contentUrl":"https:\/\/secure.gravatar.com\/avatar\/887a0f3b5a7ceea963a48499fb883ffce6b5037362def025c52c2505b15d63e4?s=96&d=mm&r=g","caption":"Ismael Lucas S. Pereira"},"url":"https:\/\/diariodepe.com.br\/cri\/author\/ismael-lucas\/"}]}},"cc_featured_image_caption":{"caption_text":false,"source_text":false,"source_url":false},"amp_enabled":true,"_links":{"self":[{"href":"https:\/\/diariodepe.com.br\/cri\/wp-json\/wp\/v2\/posts\/5388","targetHints":{"allow":["GET"]}}],"collection":[{"href":"https:\/\/diariodepe.com.br\/cri\/wp-json\/wp\/v2\/posts"}],"about":[{"href":"https:\/\/diariodepe.com.br\/cri\/wp-json\/wp\/v2\/types\/post"}],"author":[{"embeddable":true,"href":"https:\/\/diariodepe.com.br\/cri\/wp-json\/wp\/v2\/users\/2"}],"replies":[{"embeddable":true,"href":"https:\/\/diariodepe.com.br\/cri\/wp-json\/wp\/v2\/comments?post=5388"}],"version-history":[{"count":1,"href":"https:\/\/diariodepe.com.br\/cri\/wp-json\/wp\/v2\/posts\/5388\/revisions"}],"predecessor-version":[{"id":5389,"href":"https:\/\/diariodepe.com.br\/cri\/wp-json\/wp\/v2\/posts\/5388\/revisions\/5389"}],"wp:attachment":[{"href":"https:\/\/diariodepe.com.br\/cri\/wp-json\/wp\/v2\/media?parent=5388"}],"wp:term":[{"taxonomy":"category","embeddable":true,"href":"https:\/\/diariodepe.com.br\/cri\/wp-json\/wp\/v2\/categories?post=5388"},{"taxonomy":"post_tag","embeddable":true,"href":"https:\/\/diariodepe.com.br\/cri\/wp-json\/wp\/v2\/tags?post=5388"}],"curies":[{"name":"wp","href":"https:\/\/api.w.org\/{rel}","templated":true}]}}