{"id":5382,"date":"2024-05-30T23:26:44","date_gmt":"2024-05-31T02:26:44","guid":{"rendered":"https:\/\/diariodepe.com.br\/cri\/?p=5382"},"modified":"2024-05-30T23:26:44","modified_gmt":"2024-05-31T02:26:44","slug":"principio-de-uma-so-china-e-inabalavel","status":"publish","type":"post","link":"https:\/\/diariodepe.com.br\/cri\/2024\/05\/30\/principio-de-uma-so-china-e-inabalavel\/","title":{"rendered":"Princ\u00edpio de Uma s\u00f3 China \u00e9 inabal\u00e1vel"},"content":{"rendered":"<p>Lai Ching-te, chamado de \u201ctrabalhador pragm\u00e1tico pela independ\u00eancia de Taiwan\u201d, assumiu recentemente a lideran\u00e7a da ilha chinesa. O secret\u00e1rio de Estado norte-americano, Antony Blinken, endere\u00e7ou congratula\u00e7\u00f5es e Washington tamb\u00e9m enviou representantes para participar da cerim\u00f4nia de posse.<\/p>\n<p class=\"photo_img_20190808\"><img decoding=\"async\" src=\"https:\/\/p1crires.cri.cn\/photoworkspace\/cri\/contentimg\/2024\/05\/22\/2024052214085220740.jpg\" alt=\"\" width=\"1000\" \/><\/p>\n<p>Em seu discurso na ocasi\u00e3o, Lai Ching-te tentou internacionalizar a quest\u00e3o de Taiwan e procurar a independ\u00eancia da ilha com o apoio externo e por meio de for\u00e7as armadas.<\/p>\n<p>Ao mesmo tempo, as condutas erradas dos Estados Unidos violaram gravemente o princ\u00edpio de Uma s\u00f3 China e os tr\u00eas comunicados conjuntos sino-norte-americanos, al\u00e9m de trair sua promessa pol\u00edtica de n\u00e3o ter contatos oficiais com a regi\u00e3o. Por isso, o conluio entre os Estados Unidos e Taiwan \u00e9 a maior amea\u00e7a para a seguran\u00e7a no Estreito de Taiwan.<\/p>\n<p>No entanto, Taiwan \u00e9 parte da China, portanto, as elei\u00e7\u00f5es locais e a altera\u00e7\u00e3o dos l\u00edderes s\u00e3o assuntos internos do pa\u00eds. A quest\u00e3o de Taiwan \u00e9 o cerne dos interesses fundamentais da China, como tamb\u00e9m a base e a mais importante linha vermelha inquebr\u00e1vel para as rela\u00e7\u00f5es pol\u00edticas entre Beijing e Washington.<\/p>\n<p>Os EUA sabem claramente disso. No encontro em S\u00e3o Francisco em novembro do ano passado, o l\u00edder estadunidense declarou que n\u00e3o apoia a independ\u00eancia de Taiwan e reafirmou a posi\u00e7\u00e3o na conversa telef\u00f4nica com o presidente chin\u00eas, Xi Jinping, em abril deste ano. Por\u00e9m, a parte norte-americana, diz uma coisa e faz outra. No \u00faltimo per\u00edodo, os EUA realizaram uma s\u00e9rie de atividades para tentar ampliar o \u201cespa\u00e7o internacional\u201d para Taiwan, tais como, divulgaram o rumor de que a decis\u00e3o N\u00ba 2.758 da Assembleia Geral da Organiza\u00e7\u00e3o das Na\u00e7\u00f5es Unidas n\u00e3o resolveu a posi\u00e7\u00e3o de Taiwan, aprovaram o projeto de lei para oferecer aux\u00edlio militar \u00e0 regi\u00e3o e tentaram ajudar a ilha a participar da Assembleia Mundial da Sa\u00fade na qualidade de observador.<\/p>\n<p>Contudo, todas as conspira\u00e7\u00f5es estadunidenses acabar\u00e3o fracassadas. Nos \u00faltimos oito anos, Taiwan perdeu 10 pa\u00edses com quem tinham chamadas rela\u00e7\u00f5es diplom\u00e1ticas. O fato de que 183 pa\u00edses estabeleceram rela\u00e7\u00f5es diplom\u00e1ticas com a Rep\u00fablica Popular da China demonstra que o princ\u00edpio de Uma s\u00f3 China \u00e9 um consenso internacional. Independente do conluio com os EUA, Taiwan n\u00e3o mudar\u00e1 o fato de que existe s\u00f3 uma China no mundo e a ilha \u00e9 parte da China.<\/p>\n<p>Atualmente, a parte continental da China j\u00e1 dominou a orienta\u00e7\u00e3o e a vantagem das rela\u00e7\u00f5es entre os dois lados do Estreito de Taiwan, e tem a confian\u00e7a e a determina\u00e7\u00e3o de salvaguardar a paz e a estabilidade na regi\u00e3o e defender a soberania e a integridade territorial do pa\u00eds.<\/p>\n<p>Tradu\u00e7\u00e3o: Lu\u00eds Zhao<\/p>\n","protected":false},"excerpt":{"rendered":"<p>Lai Ching-te, chamado de \u201ctrabalhador pragm\u00e1tico pela independ\u00eancia de Taiwan\u201d, assumiu recentemente a lideran\u00e7a da ilha chinesa. O secret\u00e1rio de Estado norte-americano, Antony Blinken, endere\u00e7ou congratula\u00e7\u00f5es e Washington tamb\u00e9m enviou representantes para participar da cerim\u00f4nia de posse. Em seu discurso&#8230;<\/p>\n","protected":false},"author":2,"featured_media":0,"comment_status":"open","ping_status":"open","sticky":false,"template":"","format":"standard","meta":{"footnotes":""},"categories":[3],"tags":[],"class_list":["post-5382","post","type-post","status-publish","format-standard","hentry","category-china"],"yoast_head":"<!-- This site is optimized with the Yoast SEO plugin v27.4 - https:\/\/yoast.com\/product\/yoast-seo-wordpress\/ -->\n<title>Princ\u00edpio de Uma s\u00f3 China \u00e9 inabal\u00e1vel - CRI e Diario de Pernambuco<\/title>\n<meta name=\"robots\" content=\"index, follow, max-snippet:-1, max-image-preview:large, max-video-preview:-1\" \/>\n<link rel=\"canonical\" href=\"https:\/\/diariodepe.com.br\/cri\/2024\/05\/30\/principio-de-uma-so-china-e-inabalavel\/\" \/>\n<meta property=\"og:locale\" content=\"pt_BR\" \/>\n<meta property=\"og:type\" content=\"article\" \/>\n<meta property=\"og:title\" content=\"Princ\u00edpio de Uma s\u00f3 China \u00e9 inabal\u00e1vel - CRI e Diario de Pernambuco\" \/>\n<meta property=\"og:description\" content=\"Lai Ching-te, chamado de \u201ctrabalhador pragm\u00e1tico pela independ\u00eancia de Taiwan\u201d, assumiu recentemente a lideran\u00e7a da ilha chinesa. O secret\u00e1rio de Estado norte-americano, Antony Blinken, endere\u00e7ou congratula\u00e7\u00f5es e Washington tamb\u00e9m enviou representantes para participar da cerim\u00f4nia de posse. Em seu discurso...\" \/>\n<meta property=\"og:url\" content=\"https:\/\/diariodepe.com.br\/cri\/2024\/05\/30\/principio-de-uma-so-china-e-inabalavel\/\" \/>\n<meta property=\"og:site_name\" content=\"CRI e Diario de Pernambuco\" \/>\n<meta property=\"article:published_time\" content=\"2024-05-31T02:26:44+00:00\" \/>\n<meta property=\"og:image\" content=\"https:\/\/p1crires.cri.cn\/photoworkspace\/cri\/contentimg\/2024\/05\/22\/2024052214085220740.jpg\" \/>\n<meta name=\"author\" content=\"Ismael Lucas S. Pereira\" \/>\n<meta name=\"twitter:card\" content=\"summary_large_image\" \/>\n<meta name=\"twitter:label1\" content=\"Escrito por\" \/>\n\t<meta name=\"twitter:data1\" content=\"Ismael Lucas S. Pereira\" \/>\n<script type=\"application\/ld+json\" class=\"yoast-schema-graph\">{\"@context\":\"https:\\\/\\\/schema.org\",\"@graph\":[{\"@type\":\"Article\",\"@id\":\"https:\\\/\\\/diariodepe.com.br\\\/cri\\\/2024\\\/05\\\/30\\\/principio-de-uma-so-china-e-inabalavel\\\/#article\",\"isPartOf\":{\"@id\":\"https:\\\/\\\/diariodepe.com.br\\\/cri\\\/2024\\\/05\\\/30\\\/principio-de-uma-so-china-e-inabalavel\\\/\"},\"author\":{\"name\":\"Ismael Lucas S. Pereira\",\"@id\":\"https:\\\/\\\/diariodepe.com.br\\\/cri\\\/#\\\/schema\\\/person\\\/121bb28d84f1a5b1205ef4ce9c2e0c6b\"},\"headline\":\"Princ\u00edpio de Uma s\u00f3 China \u00e9 inabal\u00e1vel\",\"datePublished\":\"2024-05-31T02:26:44+00:00\",\"mainEntityOfPage\":{\"@id\":\"https:\\\/\\\/diariodepe.com.br\\\/cri\\\/2024\\\/05\\\/30\\\/principio-de-uma-so-china-e-inabalavel\\\/\"},\"wordCount\":492,\"commentCount\":0,\"publisher\":{\"@id\":\"https:\\\/\\\/diariodepe.com.br\\\/cri\\\/#organization\"},\"image\":{\"@id\":\"https:\\\/\\\/diariodepe.com.br\\\/cri\\\/2024\\\/05\\\/30\\\/principio-de-uma-so-china-e-inabalavel\\\/#primaryimage\"},\"thumbnailUrl\":\"https:\\\/\\\/p1crires.cri.cn\\\/photoworkspace\\\/cri\\\/contentimg\\\/2024\\\/05\\\/22\\\/2024052214085220740.jpg\",\"articleSection\":[\"China\"],\"inLanguage\":\"pt-BR\",\"potentialAction\":[{\"@type\":\"CommentAction\",\"name\":\"Comment\",\"target\":[\"https:\\\/\\\/diariodepe.com.br\\\/cri\\\/2024\\\/05\\\/30\\\/principio-de-uma-so-china-e-inabalavel\\\/#respond\"]}]},{\"@type\":\"WebPage\",\"@id\":\"https:\\\/\\\/diariodepe.com.br\\\/cri\\\/2024\\\/05\\\/30\\\/principio-de-uma-so-china-e-inabalavel\\\/\",\"url\":\"https:\\\/\\\/diariodepe.com.br\\\/cri\\\/2024\\\/05\\\/30\\\/principio-de-uma-so-china-e-inabalavel\\\/\",\"name\":\"Princ\u00edpio de Uma s\u00f3 China \u00e9 inabal\u00e1vel - CRI e Diario de Pernambuco\",\"isPartOf\":{\"@id\":\"https:\\\/\\\/diariodepe.com.br\\\/cri\\\/#website\"},\"primaryImageOfPage\":{\"@id\":\"https:\\\/\\\/diariodepe.com.br\\\/cri\\\/2024\\\/05\\\/30\\\/principio-de-uma-so-china-e-inabalavel\\\/#primaryimage\"},\"image\":{\"@id\":\"https:\\\/\\\/diariodepe.com.br\\\/cri\\\/2024\\\/05\\\/30\\\/principio-de-uma-so-china-e-inabalavel\\\/#primaryimage\"},\"thumbnailUrl\":\"https:\\\/\\\/p1crires.cri.cn\\\/photoworkspace\\\/cri\\\/contentimg\\\/2024\\\/05\\\/22\\\/2024052214085220740.jpg\",\"datePublished\":\"2024-05-31T02:26:44+00:00\",\"breadcrumb\":{\"@id\":\"https:\\\/\\\/diariodepe.com.br\\\/cri\\\/2024\\\/05\\\/30\\\/principio-de-uma-so-china-e-inabalavel\\\/#breadcrumb\"},\"inLanguage\":\"pt-BR\",\"potentialAction\":[{\"@type\":\"ReadAction\",\"target\":[\"https:\\\/\\\/diariodepe.com.br\\\/cri\\\/2024\\\/05\\\/30\\\/principio-de-uma-so-china-e-inabalavel\\\/\"]}]},{\"@type\":\"ImageObject\",\"inLanguage\":\"pt-BR\",\"@id\":\"https:\\\/\\\/diariodepe.com.br\\\/cri\\\/2024\\\/05\\\/30\\\/principio-de-uma-so-china-e-inabalavel\\\/#primaryimage\",\"url\":\"https:\\\/\\\/p1crires.cri.cn\\\/photoworkspace\\\/cri\\\/contentimg\\\/2024\\\/05\\\/22\\\/2024052214085220740.jpg\",\"contentUrl\":\"https:\\\/\\\/p1crires.cri.cn\\\/photoworkspace\\\/cri\\\/contentimg\\\/2024\\\/05\\\/22\\\/2024052214085220740.jpg\"},{\"@type\":\"BreadcrumbList\",\"@id\":\"https:\\\/\\\/diariodepe.com.br\\\/cri\\\/2024\\\/05\\\/30\\\/principio-de-uma-so-china-e-inabalavel\\\/#breadcrumb\",\"itemListElement\":[{\"@type\":\"ListItem\",\"position\":1,\"name\":\"In\u00edcio\",\"item\":\"https:\\\/\\\/diariodepe.com.br\\\/cri\\\/\"},{\"@type\":\"ListItem\",\"position\":2,\"name\":\"Princ\u00edpio de Uma s\u00f3 China \u00e9 inabal\u00e1vel\"}]},{\"@type\":\"WebSite\",\"@id\":\"https:\\\/\\\/diariodepe.com.br\\\/cri\\\/#website\",\"url\":\"https:\\\/\\\/diariodepe.com.br\\\/cri\\\/\",\"name\":\"CRI e Diario de Pernambuco\",\"description\":\"R\u00e1dio Internacional da China\",\"publisher\":{\"@id\":\"https:\\\/\\\/diariodepe.com.br\\\/cri\\\/#organization\"},\"potentialAction\":[{\"@type\":\"SearchAction\",\"target\":{\"@type\":\"EntryPoint\",\"urlTemplate\":\"https:\\\/\\\/diariodepe.com.br\\\/cri\\\/?s={search_term_string}\"},\"query-input\":{\"@type\":\"PropertyValueSpecification\",\"valueRequired\":true,\"valueName\":\"search_term_string\"}}],\"inLanguage\":\"pt-BR\"},{\"@type\":\"Organization\",\"@id\":\"https:\\\/\\\/diariodepe.com.br\\\/cri\\\/#organization\",\"name\":\"CRI e Diario de Pernambuco\",\"url\":\"https:\\\/\\\/diariodepe.com.br\\\/cri\\\/\",\"logo\":{\"@type\":\"ImageObject\",\"inLanguage\":\"pt-BR\",\"@id\":\"https:\\\/\\\/diariodepe.com.br\\\/cri\\\/#\\\/schema\\\/logo\\\/image\\\/\",\"url\":\"https:\\\/\\\/diariodepe.com.br\\\/cri\\\/wp-content\\\/uploads\\\/sites\\\/2\\\/2022\\\/12\\\/cropped-Logo.jpg\",\"contentUrl\":\"https:\\\/\\\/diariodepe.com.br\\\/cri\\\/wp-content\\\/uploads\\\/sites\\\/2\\\/2022\\\/12\\\/cropped-Logo.jpg\",\"width\":700,\"height\":59,\"caption\":\"CRI e Diario de Pernambuco\"},\"image\":{\"@id\":\"https:\\\/\\\/diariodepe.com.br\\\/cri\\\/#\\\/schema\\\/logo\\\/image\\\/\"}},{\"@type\":\"Person\",\"@id\":\"https:\\\/\\\/diariodepe.com.br\\\/cri\\\/#\\\/schema\\\/person\\\/121bb28d84f1a5b1205ef4ce9c2e0c6b\",\"name\":\"Ismael Lucas S. Pereira\",\"image\":{\"@type\":\"ImageObject\",\"inLanguage\":\"pt-BR\",\"@id\":\"https:\\\/\\\/secure.gravatar.com\\\/avatar\\\/887a0f3b5a7ceea963a48499fb883ffce6b5037362def025c52c2505b15d63e4?s=96&d=mm&r=g\",\"url\":\"https:\\\/\\\/secure.gravatar.com\\\/avatar\\\/887a0f3b5a7ceea963a48499fb883ffce6b5037362def025c52c2505b15d63e4?s=96&d=mm&r=g\",\"contentUrl\":\"https:\\\/\\\/secure.gravatar.com\\\/avatar\\\/887a0f3b5a7ceea963a48499fb883ffce6b5037362def025c52c2505b15d63e4?s=96&d=mm&r=g\",\"caption\":\"Ismael Lucas S. Pereira\"},\"url\":\"https:\\\/\\\/diariodepe.com.br\\\/cri\\\/author\\\/ismael-lucas\\\/\"}]}<\/script>\n<!-- \/ Yoast SEO plugin. -->","yoast_head_json":{"title":"Princ\u00edpio de Uma s\u00f3 China \u00e9 inabal\u00e1vel - CRI e Diario de Pernambuco","robots":{"index":"index","follow":"follow","max-snippet":"max-snippet:-1","max-image-preview":"max-image-preview:large","max-video-preview":"max-video-preview:-1"},"canonical":"https:\/\/diariodepe.com.br\/cri\/2024\/05\/30\/principio-de-uma-so-china-e-inabalavel\/","og_locale":"pt_BR","og_type":"article","og_title":"Princ\u00edpio de Uma s\u00f3 China \u00e9 inabal\u00e1vel - CRI e Diario de Pernambuco","og_description":"Lai Ching-te, chamado de \u201ctrabalhador pragm\u00e1tico pela independ\u00eancia de Taiwan\u201d, assumiu recentemente a lideran\u00e7a da ilha chinesa. O secret\u00e1rio de Estado norte-americano, Antony Blinken, endere\u00e7ou congratula\u00e7\u00f5es e Washington tamb\u00e9m enviou representantes para participar da cerim\u00f4nia de posse. Em seu discurso...","og_url":"https:\/\/diariodepe.com.br\/cri\/2024\/05\/30\/principio-de-uma-so-china-e-inabalavel\/","og_site_name":"CRI e Diario de Pernambuco","article_published_time":"2024-05-31T02:26:44+00:00","og_image":[{"url":"https:\/\/p1crires.cri.cn\/photoworkspace\/cri\/contentimg\/2024\/05\/22\/2024052214085220740.jpg","type":"","width":"","height":""}],"author":"Ismael Lucas S. Pereira","twitter_card":"summary_large_image","twitter_misc":{"Escrito por":"Ismael Lucas S. Pereira"},"schema":{"@context":"https:\/\/schema.org","@graph":[{"@type":"Article","@id":"https:\/\/diariodepe.com.br\/cri\/2024\/05\/30\/principio-de-uma-so-china-e-inabalavel\/#article","isPartOf":{"@id":"https:\/\/diariodepe.com.br\/cri\/2024\/05\/30\/principio-de-uma-so-china-e-inabalavel\/"},"author":{"name":"Ismael Lucas S. Pereira","@id":"https:\/\/diariodepe.com.br\/cri\/#\/schema\/person\/121bb28d84f1a5b1205ef4ce9c2e0c6b"},"headline":"Princ\u00edpio de Uma s\u00f3 China \u00e9 inabal\u00e1vel","datePublished":"2024-05-31T02:26:44+00:00","mainEntityOfPage":{"@id":"https:\/\/diariodepe.com.br\/cri\/2024\/05\/30\/principio-de-uma-so-china-e-inabalavel\/"},"wordCount":492,"commentCount":0,"publisher":{"@id":"https:\/\/diariodepe.com.br\/cri\/#organization"},"image":{"@id":"https:\/\/diariodepe.com.br\/cri\/2024\/05\/30\/principio-de-uma-so-china-e-inabalavel\/#primaryimage"},"thumbnailUrl":"https:\/\/p1crires.cri.cn\/photoworkspace\/cri\/contentimg\/2024\/05\/22\/2024052214085220740.jpg","articleSection":["China"],"inLanguage":"pt-BR","potentialAction":[{"@type":"CommentAction","name":"Comment","target":["https:\/\/diariodepe.com.br\/cri\/2024\/05\/30\/principio-de-uma-so-china-e-inabalavel\/#respond"]}]},{"@type":"WebPage","@id":"https:\/\/diariodepe.com.br\/cri\/2024\/05\/30\/principio-de-uma-so-china-e-inabalavel\/","url":"https:\/\/diariodepe.com.br\/cri\/2024\/05\/30\/principio-de-uma-so-china-e-inabalavel\/","name":"Princ\u00edpio de Uma s\u00f3 China \u00e9 inabal\u00e1vel - CRI e Diario de Pernambuco","isPartOf":{"@id":"https:\/\/diariodepe.com.br\/cri\/#website"},"primaryImageOfPage":{"@id":"https:\/\/diariodepe.com.br\/cri\/2024\/05\/30\/principio-de-uma-so-china-e-inabalavel\/#primaryimage"},"image":{"@id":"https:\/\/diariodepe.com.br\/cri\/2024\/05\/30\/principio-de-uma-so-china-e-inabalavel\/#primaryimage"},"thumbnailUrl":"https:\/\/p1crires.cri.cn\/photoworkspace\/cri\/contentimg\/2024\/05\/22\/2024052214085220740.jpg","datePublished":"2024-05-31T02:26:44+00:00","breadcrumb":{"@id":"https:\/\/diariodepe.com.br\/cri\/2024\/05\/30\/principio-de-uma-so-china-e-inabalavel\/#breadcrumb"},"inLanguage":"pt-BR","potentialAction":[{"@type":"ReadAction","target":["https:\/\/diariodepe.com.br\/cri\/2024\/05\/30\/principio-de-uma-so-china-e-inabalavel\/"]}]},{"@type":"ImageObject","inLanguage":"pt-BR","@id":"https:\/\/diariodepe.com.br\/cri\/2024\/05\/30\/principio-de-uma-so-china-e-inabalavel\/#primaryimage","url":"https:\/\/p1crires.cri.cn\/photoworkspace\/cri\/contentimg\/2024\/05\/22\/2024052214085220740.jpg","contentUrl":"https:\/\/p1crires.cri.cn\/photoworkspace\/cri\/contentimg\/2024\/05\/22\/2024052214085220740.jpg"},{"@type":"BreadcrumbList","@id":"https:\/\/diariodepe.com.br\/cri\/2024\/05\/30\/principio-de-uma-so-china-e-inabalavel\/#breadcrumb","itemListElement":[{"@type":"ListItem","position":1,"name":"In\u00edcio","item":"https:\/\/diariodepe.com.br\/cri\/"},{"@type":"ListItem","position":2,"name":"Princ\u00edpio de Uma s\u00f3 China \u00e9 inabal\u00e1vel"}]},{"@type":"WebSite","@id":"https:\/\/diariodepe.com.br\/cri\/#website","url":"https:\/\/diariodepe.com.br\/cri\/","name":"CRI e Diario de Pernambuco","description":"R\u00e1dio Internacional da China","publisher":{"@id":"https:\/\/diariodepe.com.br\/cri\/#organization"},"potentialAction":[{"@type":"SearchAction","target":{"@type":"EntryPoint","urlTemplate":"https:\/\/diariodepe.com.br\/cri\/?s={search_term_string}"},"query-input":{"@type":"PropertyValueSpecification","valueRequired":true,"valueName":"search_term_string"}}],"inLanguage":"pt-BR"},{"@type":"Organization","@id":"https:\/\/diariodepe.com.br\/cri\/#organization","name":"CRI e Diario de Pernambuco","url":"https:\/\/diariodepe.com.br\/cri\/","logo":{"@type":"ImageObject","inLanguage":"pt-BR","@id":"https:\/\/diariodepe.com.br\/cri\/#\/schema\/logo\/image\/","url":"https:\/\/diariodepe.com.br\/cri\/wp-content\/uploads\/sites\/2\/2022\/12\/cropped-Logo.jpg","contentUrl":"https:\/\/diariodepe.com.br\/cri\/wp-content\/uploads\/sites\/2\/2022\/12\/cropped-Logo.jpg","width":700,"height":59,"caption":"CRI e Diario de Pernambuco"},"image":{"@id":"https:\/\/diariodepe.com.br\/cri\/#\/schema\/logo\/image\/"}},{"@type":"Person","@id":"https:\/\/diariodepe.com.br\/cri\/#\/schema\/person\/121bb28d84f1a5b1205ef4ce9c2e0c6b","name":"Ismael Lucas S. Pereira","image":{"@type":"ImageObject","inLanguage":"pt-BR","@id":"https:\/\/secure.gravatar.com\/avatar\/887a0f3b5a7ceea963a48499fb883ffce6b5037362def025c52c2505b15d63e4?s=96&d=mm&r=g","url":"https:\/\/secure.gravatar.com\/avatar\/887a0f3b5a7ceea963a48499fb883ffce6b5037362def025c52c2505b15d63e4?s=96&d=mm&r=g","contentUrl":"https:\/\/secure.gravatar.com\/avatar\/887a0f3b5a7ceea963a48499fb883ffce6b5037362def025c52c2505b15d63e4?s=96&d=mm&r=g","caption":"Ismael Lucas S. Pereira"},"url":"https:\/\/diariodepe.com.br\/cri\/author\/ismael-lucas\/"}]}},"cc_featured_image_caption":{"caption_text":false,"source_text":false,"source_url":false},"amp_enabled":true,"_links":{"self":[{"href":"https:\/\/diariodepe.com.br\/cri\/wp-json\/wp\/v2\/posts\/5382","targetHints":{"allow":["GET"]}}],"collection":[{"href":"https:\/\/diariodepe.com.br\/cri\/wp-json\/wp\/v2\/posts"}],"about":[{"href":"https:\/\/diariodepe.com.br\/cri\/wp-json\/wp\/v2\/types\/post"}],"author":[{"embeddable":true,"href":"https:\/\/diariodepe.com.br\/cri\/wp-json\/wp\/v2\/users\/2"}],"replies":[{"embeddable":true,"href":"https:\/\/diariodepe.com.br\/cri\/wp-json\/wp\/v2\/comments?post=5382"}],"version-history":[{"count":1,"href":"https:\/\/diariodepe.com.br\/cri\/wp-json\/wp\/v2\/posts\/5382\/revisions"}],"predecessor-version":[{"id":5383,"href":"https:\/\/diariodepe.com.br\/cri\/wp-json\/wp\/v2\/posts\/5382\/revisions\/5383"}],"wp:attachment":[{"href":"https:\/\/diariodepe.com.br\/cri\/wp-json\/wp\/v2\/media?parent=5382"}],"wp:term":[{"taxonomy":"category","embeddable":true,"href":"https:\/\/diariodepe.com.br\/cri\/wp-json\/wp\/v2\/categories?post=5382"},{"taxonomy":"post_tag","embeddable":true,"href":"https:\/\/diariodepe.com.br\/cri\/wp-json\/wp\/v2\/tags?post=5382"}],"curies":[{"name":"wp","href":"https:\/\/api.w.org\/{rel}","templated":true}]}}