{"id":5378,"date":"2024-05-30T23:25:46","date_gmt":"2024-05-31T02:25:46","guid":{"rendered":"https:\/\/diariodepe.com.br\/cri\/?p=5378"},"modified":"2024-05-30T23:25:46","modified_gmt":"2024-05-31T02:25:46","slug":"bach-concede-reconhecimento-a-equipe-do-cmg-para-transmissao-da-olimpiada-de-paris","status":"publish","type":"post","link":"https:\/\/diariodepe.com.br\/cri\/2024\/05\/30\/bach-concede-reconhecimento-a-equipe-do-cmg-para-transmissao-da-olimpiada-de-paris\/","title":{"rendered":"Bach concede reconhecimento \u00e0 equipe do CMG para transmiss\u00e3o da Olimp\u00edada de Paris"},"content":{"rendered":"<p>O presidente do Comit\u00ea Ol\u00edmpico Internacional (COI), Thomas Bach, visitou neste domingo\u00a0(19) o Porto Internacional de M\u00eddia do Grupo de M\u00eddia da China (CMG, na sigla em ingl\u00eas), em Shanghai, em conjunto com o vice-diretor do Departamento de Comunica\u00e7\u00e3o do Comit\u00ea Central do Partido Comunista da China (PCCh) e presidente do CMG, Shen Haixiong.<\/p>\n<p>Os dois concederam o reconhecimento \u00e0 equipe de transmiss\u00e3o dos Jogos Ol\u00edmpicos de Paris do CMG, divulgaram o logotipo da cobertura das Olimp\u00edadas do CMG e lan\u00e7aram o novo programa \u201cEsportes Matinais\u201d.<\/p>\n<p>Shen Haixiong disse que, durante a visita do presidente Xi Jinping \u00e0 Fran\u00e7a, os l\u00edderes chin\u00eas e franc\u00eas trocaram tochas ol\u00edmpicas e chegaram a uma s\u00e9rie de consensos sobre as Olimp\u00edadas de Paris, especialmente sobre a iniciativa proposta pelos dois l\u00edderes para o cessar-fogo em n\u00edvel global durante as Olimp\u00edadas, que teve forte repercuss\u00e3o e confirmou o significado pr\u00e1tico do esp\u00edrito ol\u00edmpico de \u201cmais solidariedade\u201d.<\/p>\n<p>Como maior grupo de m\u00eddia abrangente do mundo na \u00a0atualidade, o CMG far\u00e1 o m\u00e1ximo para cumprir suas responsabilidades como principal transmissora e detentora de direitos de todos os meios de comunica\u00e7\u00e3o dos Jogos Ol\u00edmpicos de Paris, comprometeu-se o presidente da institui\u00e7\u00e3o.<\/p>\n<p>Bach destacou que estava muito feliz por se encontrar com velhos amigos do CMG e sentir a paix\u00e3o deles pelos Jogos Ol\u00edmpicos. A capacidade do CMG \u00a0em liderar a comunica\u00e7\u00e3o esportiva \u00a0mundialmente \u00a0contribui significativamente para a promo\u00e7\u00e3o do esp\u00edrito ol\u00edmpico, reconheceu o presidente do COI.<\/p>\n<p class=\"photo_img_20190808\"><img decoding=\"async\" src=\"https:\/\/p4crires.cri.cn\/photoworkspace\/cri\/contentimg\/2024\/05\/19\/2024051919522495872.jpg\" alt=\"\" width=\"1000\" \/><\/p>\n<p class=\"photo_img_20190808\"><img decoding=\"async\" src=\"https:\/\/p3crires.cri.cn\/photoworkspace\/cri\/contentimg\/2024\/05\/19\/2024051919525796127.jpg\" alt=\"\" width=\"1000\" \/><\/p>\n<p class=\"photo_img_20190808\"><img decoding=\"async\" src=\"https:\/\/p3crires.cri.cn\/photoworkspace\/cri\/contentimg\/2024\/05\/19\/2024051919531394166.jpg\" alt=\"\" width=\"1000\" \/><\/p>\n<p class=\"photo_img_20190808\"><img decoding=\"async\" src=\"https:\/\/p2crires.cri.cn\/photoworkspace\/cri\/contentimg\/2024\/05\/19\/2024051919534181972.jpg\" alt=\"\" width=\"1000\" \/><\/p>\n","protected":false},"excerpt":{"rendered":"<p>O presidente do Comit\u00ea Ol\u00edmpico Internacional (COI), Thomas Bach, visitou neste domingo\u00a0(19) o Porto Internacional de M\u00eddia do Grupo de M\u00eddia da China (CMG, na sigla em ingl\u00eas), em Shanghai, em conjunto com o vice-diretor do Departamento de Comunica\u00e7\u00e3o do&#8230;<\/p>\n","protected":false},"author":2,"featured_media":0,"comment_status":"open","ping_status":"open","sticky":false,"template":"","format":"standard","meta":{"footnotes":""},"categories":[3],"tags":[],"class_list":["post-5378","post","type-post","status-publish","format-standard","hentry","category-china"],"yoast_head":"<!-- This site is optimized with the Yoast SEO plugin v27.4 - https:\/\/yoast.com\/product\/yoast-seo-wordpress\/ -->\n<title>Bach concede reconhecimento \u00e0 equipe do CMG para transmiss\u00e3o da Olimp\u00edada de Paris - CRI e Diario de Pernambuco<\/title>\n<meta name=\"robots\" content=\"index, follow, max-snippet:-1, max-image-preview:large, max-video-preview:-1\" \/>\n<link rel=\"canonical\" href=\"https:\/\/diariodepe.com.br\/cri\/2024\/05\/30\/bach-concede-reconhecimento-a-equipe-do-cmg-para-transmissao-da-olimpiada-de-paris\/\" \/>\n<meta property=\"og:locale\" content=\"pt_BR\" \/>\n<meta property=\"og:type\" content=\"article\" \/>\n<meta property=\"og:title\" content=\"Bach concede reconhecimento \u00e0 equipe do CMG para transmiss\u00e3o da Olimp\u00edada de Paris - CRI e Diario de Pernambuco\" \/>\n<meta property=\"og:description\" content=\"O presidente do Comit\u00ea Ol\u00edmpico Internacional (COI), Thomas Bach, visitou neste domingo\u00a0(19) o Porto Internacional de M\u00eddia do Grupo de M\u00eddia da China (CMG, na sigla em ingl\u00eas), em Shanghai, em conjunto com o vice-diretor do Departamento de Comunica\u00e7\u00e3o do...\" \/>\n<meta property=\"og:url\" content=\"https:\/\/diariodepe.com.br\/cri\/2024\/05\/30\/bach-concede-reconhecimento-a-equipe-do-cmg-para-transmissao-da-olimpiada-de-paris\/\" \/>\n<meta property=\"og:site_name\" content=\"CRI e Diario de Pernambuco\" \/>\n<meta property=\"article:published_time\" content=\"2024-05-31T02:25:46+00:00\" \/>\n<meta property=\"og:image\" content=\"https:\/\/p4crires.cri.cn\/photoworkspace\/cri\/contentimg\/2024\/05\/19\/2024051919522495872.jpg\" \/>\n<meta name=\"author\" content=\"Ismael Lucas S. Pereira\" \/>\n<meta name=\"twitter:card\" content=\"summary_large_image\" \/>\n<meta name=\"twitter:label1\" content=\"Escrito por\" \/>\n\t<meta name=\"twitter:data1\" content=\"Ismael Lucas S. Pereira\" \/>\n<script type=\"application\/ld+json\" class=\"yoast-schema-graph\">{\"@context\":\"https:\\\/\\\/schema.org\",\"@graph\":[{\"@type\":\"Article\",\"@id\":\"https:\\\/\\\/diariodepe.com.br\\\/cri\\\/2024\\\/05\\\/30\\\/bach-concede-reconhecimento-a-equipe-do-cmg-para-transmissao-da-olimpiada-de-paris\\\/#article\",\"isPartOf\":{\"@id\":\"https:\\\/\\\/diariodepe.com.br\\\/cri\\\/2024\\\/05\\\/30\\\/bach-concede-reconhecimento-a-equipe-do-cmg-para-transmissao-da-olimpiada-de-paris\\\/\"},\"author\":{\"name\":\"Ismael Lucas S. Pereira\",\"@id\":\"https:\\\/\\\/diariodepe.com.br\\\/cri\\\/#\\\/schema\\\/person\\\/121bb28d84f1a5b1205ef4ce9c2e0c6b\"},\"headline\":\"Bach concede reconhecimento \u00e0 equipe do CMG para transmiss\u00e3o da Olimp\u00edada de Paris\",\"datePublished\":\"2024-05-31T02:25:46+00:00\",\"mainEntityOfPage\":{\"@id\":\"https:\\\/\\\/diariodepe.com.br\\\/cri\\\/2024\\\/05\\\/30\\\/bach-concede-reconhecimento-a-equipe-do-cmg-para-transmissao-da-olimpiada-de-paris\\\/\"},\"wordCount\":284,\"commentCount\":0,\"publisher\":{\"@id\":\"https:\\\/\\\/diariodepe.com.br\\\/cri\\\/#organization\"},\"image\":{\"@id\":\"https:\\\/\\\/diariodepe.com.br\\\/cri\\\/2024\\\/05\\\/30\\\/bach-concede-reconhecimento-a-equipe-do-cmg-para-transmissao-da-olimpiada-de-paris\\\/#primaryimage\"},\"thumbnailUrl\":\"https:\\\/\\\/p4crires.cri.cn\\\/photoworkspace\\\/cri\\\/contentimg\\\/2024\\\/05\\\/19\\\/2024051919522495872.jpg\",\"articleSection\":[\"China\"],\"inLanguage\":\"pt-BR\",\"potentialAction\":[{\"@type\":\"CommentAction\",\"name\":\"Comment\",\"target\":[\"https:\\\/\\\/diariodepe.com.br\\\/cri\\\/2024\\\/05\\\/30\\\/bach-concede-reconhecimento-a-equipe-do-cmg-para-transmissao-da-olimpiada-de-paris\\\/#respond\"]}]},{\"@type\":\"WebPage\",\"@id\":\"https:\\\/\\\/diariodepe.com.br\\\/cri\\\/2024\\\/05\\\/30\\\/bach-concede-reconhecimento-a-equipe-do-cmg-para-transmissao-da-olimpiada-de-paris\\\/\",\"url\":\"https:\\\/\\\/diariodepe.com.br\\\/cri\\\/2024\\\/05\\\/30\\\/bach-concede-reconhecimento-a-equipe-do-cmg-para-transmissao-da-olimpiada-de-paris\\\/\",\"name\":\"Bach concede reconhecimento \u00e0 equipe do CMG para transmiss\u00e3o da Olimp\u00edada de Paris - CRI e Diario de Pernambuco\",\"isPartOf\":{\"@id\":\"https:\\\/\\\/diariodepe.com.br\\\/cri\\\/#website\"},\"primaryImageOfPage\":{\"@id\":\"https:\\\/\\\/diariodepe.com.br\\\/cri\\\/2024\\\/05\\\/30\\\/bach-concede-reconhecimento-a-equipe-do-cmg-para-transmissao-da-olimpiada-de-paris\\\/#primaryimage\"},\"image\":{\"@id\":\"https:\\\/\\\/diariodepe.com.br\\\/cri\\\/2024\\\/05\\\/30\\\/bach-concede-reconhecimento-a-equipe-do-cmg-para-transmissao-da-olimpiada-de-paris\\\/#primaryimage\"},\"thumbnailUrl\":\"https:\\\/\\\/p4crires.cri.cn\\\/photoworkspace\\\/cri\\\/contentimg\\\/2024\\\/05\\\/19\\\/2024051919522495872.jpg\",\"datePublished\":\"2024-05-31T02:25:46+00:00\",\"breadcrumb\":{\"@id\":\"https:\\\/\\\/diariodepe.com.br\\\/cri\\\/2024\\\/05\\\/30\\\/bach-concede-reconhecimento-a-equipe-do-cmg-para-transmissao-da-olimpiada-de-paris\\\/#breadcrumb\"},\"inLanguage\":\"pt-BR\",\"potentialAction\":[{\"@type\":\"ReadAction\",\"target\":[\"https:\\\/\\\/diariodepe.com.br\\\/cri\\\/2024\\\/05\\\/30\\\/bach-concede-reconhecimento-a-equipe-do-cmg-para-transmissao-da-olimpiada-de-paris\\\/\"]}]},{\"@type\":\"ImageObject\",\"inLanguage\":\"pt-BR\",\"@id\":\"https:\\\/\\\/diariodepe.com.br\\\/cri\\\/2024\\\/05\\\/30\\\/bach-concede-reconhecimento-a-equipe-do-cmg-para-transmissao-da-olimpiada-de-paris\\\/#primaryimage\",\"url\":\"https:\\\/\\\/p4crires.cri.cn\\\/photoworkspace\\\/cri\\\/contentimg\\\/2024\\\/05\\\/19\\\/2024051919522495872.jpg\",\"contentUrl\":\"https:\\\/\\\/p4crires.cri.cn\\\/photoworkspace\\\/cri\\\/contentimg\\\/2024\\\/05\\\/19\\\/2024051919522495872.jpg\"},{\"@type\":\"BreadcrumbList\",\"@id\":\"https:\\\/\\\/diariodepe.com.br\\\/cri\\\/2024\\\/05\\\/30\\\/bach-concede-reconhecimento-a-equipe-do-cmg-para-transmissao-da-olimpiada-de-paris\\\/#breadcrumb\",\"itemListElement\":[{\"@type\":\"ListItem\",\"position\":1,\"name\":\"In\u00edcio\",\"item\":\"https:\\\/\\\/diariodepe.com.br\\\/cri\\\/\"},{\"@type\":\"ListItem\",\"position\":2,\"name\":\"Bach concede reconhecimento \u00e0 equipe do CMG para transmiss\u00e3o da Olimp\u00edada de Paris\"}]},{\"@type\":\"WebSite\",\"@id\":\"https:\\\/\\\/diariodepe.com.br\\\/cri\\\/#website\",\"url\":\"https:\\\/\\\/diariodepe.com.br\\\/cri\\\/\",\"name\":\"CRI e Diario de Pernambuco\",\"description\":\"R\u00e1dio Internacional da China\",\"publisher\":{\"@id\":\"https:\\\/\\\/diariodepe.com.br\\\/cri\\\/#organization\"},\"potentialAction\":[{\"@type\":\"SearchAction\",\"target\":{\"@type\":\"EntryPoint\",\"urlTemplate\":\"https:\\\/\\\/diariodepe.com.br\\\/cri\\\/?s={search_term_string}\"},\"query-input\":{\"@type\":\"PropertyValueSpecification\",\"valueRequired\":true,\"valueName\":\"search_term_string\"}}],\"inLanguage\":\"pt-BR\"},{\"@type\":\"Organization\",\"@id\":\"https:\\\/\\\/diariodepe.com.br\\\/cri\\\/#organization\",\"name\":\"CRI e Diario de Pernambuco\",\"url\":\"https:\\\/\\\/diariodepe.com.br\\\/cri\\\/\",\"logo\":{\"@type\":\"ImageObject\",\"inLanguage\":\"pt-BR\",\"@id\":\"https:\\\/\\\/diariodepe.com.br\\\/cri\\\/#\\\/schema\\\/logo\\\/image\\\/\",\"url\":\"https:\\\/\\\/diariodepe.com.br\\\/cri\\\/wp-content\\\/uploads\\\/sites\\\/2\\\/2022\\\/12\\\/cropped-Logo.jpg\",\"contentUrl\":\"https:\\\/\\\/diariodepe.com.br\\\/cri\\\/wp-content\\\/uploads\\\/sites\\\/2\\\/2022\\\/12\\\/cropped-Logo.jpg\",\"width\":700,\"height\":59,\"caption\":\"CRI e Diario de Pernambuco\"},\"image\":{\"@id\":\"https:\\\/\\\/diariodepe.com.br\\\/cri\\\/#\\\/schema\\\/logo\\\/image\\\/\"}},{\"@type\":\"Person\",\"@id\":\"https:\\\/\\\/diariodepe.com.br\\\/cri\\\/#\\\/schema\\\/person\\\/121bb28d84f1a5b1205ef4ce9c2e0c6b\",\"name\":\"Ismael Lucas S. Pereira\",\"image\":{\"@type\":\"ImageObject\",\"inLanguage\":\"pt-BR\",\"@id\":\"https:\\\/\\\/secure.gravatar.com\\\/avatar\\\/887a0f3b5a7ceea963a48499fb883ffce6b5037362def025c52c2505b15d63e4?s=96&d=mm&r=g\",\"url\":\"https:\\\/\\\/secure.gravatar.com\\\/avatar\\\/887a0f3b5a7ceea963a48499fb883ffce6b5037362def025c52c2505b15d63e4?s=96&d=mm&r=g\",\"contentUrl\":\"https:\\\/\\\/secure.gravatar.com\\\/avatar\\\/887a0f3b5a7ceea963a48499fb883ffce6b5037362def025c52c2505b15d63e4?s=96&d=mm&r=g\",\"caption\":\"Ismael Lucas S. Pereira\"},\"url\":\"https:\\\/\\\/diariodepe.com.br\\\/cri\\\/author\\\/ismael-lucas\\\/\"}]}<\/script>\n<!-- \/ Yoast SEO plugin. -->","yoast_head_json":{"title":"Bach concede reconhecimento \u00e0 equipe do CMG para transmiss\u00e3o da Olimp\u00edada de Paris - CRI e Diario de Pernambuco","robots":{"index":"index","follow":"follow","max-snippet":"max-snippet:-1","max-image-preview":"max-image-preview:large","max-video-preview":"max-video-preview:-1"},"canonical":"https:\/\/diariodepe.com.br\/cri\/2024\/05\/30\/bach-concede-reconhecimento-a-equipe-do-cmg-para-transmissao-da-olimpiada-de-paris\/","og_locale":"pt_BR","og_type":"article","og_title":"Bach concede reconhecimento \u00e0 equipe do CMG para transmiss\u00e3o da Olimp\u00edada de Paris - CRI e Diario de Pernambuco","og_description":"O presidente do Comit\u00ea Ol\u00edmpico Internacional (COI), Thomas Bach, visitou neste domingo\u00a0(19) o Porto Internacional de M\u00eddia do Grupo de M\u00eddia da China (CMG, na sigla em ingl\u00eas), em Shanghai, em conjunto com o vice-diretor do Departamento de Comunica\u00e7\u00e3o do...","og_url":"https:\/\/diariodepe.com.br\/cri\/2024\/05\/30\/bach-concede-reconhecimento-a-equipe-do-cmg-para-transmissao-da-olimpiada-de-paris\/","og_site_name":"CRI e Diario de Pernambuco","article_published_time":"2024-05-31T02:25:46+00:00","og_image":[{"url":"https:\/\/p4crires.cri.cn\/photoworkspace\/cri\/contentimg\/2024\/05\/19\/2024051919522495872.jpg","type":"","width":"","height":""}],"author":"Ismael Lucas S. Pereira","twitter_card":"summary_large_image","twitter_misc":{"Escrito por":"Ismael Lucas S. Pereira"},"schema":{"@context":"https:\/\/schema.org","@graph":[{"@type":"Article","@id":"https:\/\/diariodepe.com.br\/cri\/2024\/05\/30\/bach-concede-reconhecimento-a-equipe-do-cmg-para-transmissao-da-olimpiada-de-paris\/#article","isPartOf":{"@id":"https:\/\/diariodepe.com.br\/cri\/2024\/05\/30\/bach-concede-reconhecimento-a-equipe-do-cmg-para-transmissao-da-olimpiada-de-paris\/"},"author":{"name":"Ismael Lucas S. Pereira","@id":"https:\/\/diariodepe.com.br\/cri\/#\/schema\/person\/121bb28d84f1a5b1205ef4ce9c2e0c6b"},"headline":"Bach concede reconhecimento \u00e0 equipe do CMG para transmiss\u00e3o da Olimp\u00edada de Paris","datePublished":"2024-05-31T02:25:46+00:00","mainEntityOfPage":{"@id":"https:\/\/diariodepe.com.br\/cri\/2024\/05\/30\/bach-concede-reconhecimento-a-equipe-do-cmg-para-transmissao-da-olimpiada-de-paris\/"},"wordCount":284,"commentCount":0,"publisher":{"@id":"https:\/\/diariodepe.com.br\/cri\/#organization"},"image":{"@id":"https:\/\/diariodepe.com.br\/cri\/2024\/05\/30\/bach-concede-reconhecimento-a-equipe-do-cmg-para-transmissao-da-olimpiada-de-paris\/#primaryimage"},"thumbnailUrl":"https:\/\/p4crires.cri.cn\/photoworkspace\/cri\/contentimg\/2024\/05\/19\/2024051919522495872.jpg","articleSection":["China"],"inLanguage":"pt-BR","potentialAction":[{"@type":"CommentAction","name":"Comment","target":["https:\/\/diariodepe.com.br\/cri\/2024\/05\/30\/bach-concede-reconhecimento-a-equipe-do-cmg-para-transmissao-da-olimpiada-de-paris\/#respond"]}]},{"@type":"WebPage","@id":"https:\/\/diariodepe.com.br\/cri\/2024\/05\/30\/bach-concede-reconhecimento-a-equipe-do-cmg-para-transmissao-da-olimpiada-de-paris\/","url":"https:\/\/diariodepe.com.br\/cri\/2024\/05\/30\/bach-concede-reconhecimento-a-equipe-do-cmg-para-transmissao-da-olimpiada-de-paris\/","name":"Bach concede reconhecimento \u00e0 equipe do CMG para transmiss\u00e3o da Olimp\u00edada de Paris - CRI e Diario de Pernambuco","isPartOf":{"@id":"https:\/\/diariodepe.com.br\/cri\/#website"},"primaryImageOfPage":{"@id":"https:\/\/diariodepe.com.br\/cri\/2024\/05\/30\/bach-concede-reconhecimento-a-equipe-do-cmg-para-transmissao-da-olimpiada-de-paris\/#primaryimage"},"image":{"@id":"https:\/\/diariodepe.com.br\/cri\/2024\/05\/30\/bach-concede-reconhecimento-a-equipe-do-cmg-para-transmissao-da-olimpiada-de-paris\/#primaryimage"},"thumbnailUrl":"https:\/\/p4crires.cri.cn\/photoworkspace\/cri\/contentimg\/2024\/05\/19\/2024051919522495872.jpg","datePublished":"2024-05-31T02:25:46+00:00","breadcrumb":{"@id":"https:\/\/diariodepe.com.br\/cri\/2024\/05\/30\/bach-concede-reconhecimento-a-equipe-do-cmg-para-transmissao-da-olimpiada-de-paris\/#breadcrumb"},"inLanguage":"pt-BR","potentialAction":[{"@type":"ReadAction","target":["https:\/\/diariodepe.com.br\/cri\/2024\/05\/30\/bach-concede-reconhecimento-a-equipe-do-cmg-para-transmissao-da-olimpiada-de-paris\/"]}]},{"@type":"ImageObject","inLanguage":"pt-BR","@id":"https:\/\/diariodepe.com.br\/cri\/2024\/05\/30\/bach-concede-reconhecimento-a-equipe-do-cmg-para-transmissao-da-olimpiada-de-paris\/#primaryimage","url":"https:\/\/p4crires.cri.cn\/photoworkspace\/cri\/contentimg\/2024\/05\/19\/2024051919522495872.jpg","contentUrl":"https:\/\/p4crires.cri.cn\/photoworkspace\/cri\/contentimg\/2024\/05\/19\/2024051919522495872.jpg"},{"@type":"BreadcrumbList","@id":"https:\/\/diariodepe.com.br\/cri\/2024\/05\/30\/bach-concede-reconhecimento-a-equipe-do-cmg-para-transmissao-da-olimpiada-de-paris\/#breadcrumb","itemListElement":[{"@type":"ListItem","position":1,"name":"In\u00edcio","item":"https:\/\/diariodepe.com.br\/cri\/"},{"@type":"ListItem","position":2,"name":"Bach concede reconhecimento \u00e0 equipe do CMG para transmiss\u00e3o da Olimp\u00edada de Paris"}]},{"@type":"WebSite","@id":"https:\/\/diariodepe.com.br\/cri\/#website","url":"https:\/\/diariodepe.com.br\/cri\/","name":"CRI e Diario de Pernambuco","description":"R\u00e1dio Internacional da China","publisher":{"@id":"https:\/\/diariodepe.com.br\/cri\/#organization"},"potentialAction":[{"@type":"SearchAction","target":{"@type":"EntryPoint","urlTemplate":"https:\/\/diariodepe.com.br\/cri\/?s={search_term_string}"},"query-input":{"@type":"PropertyValueSpecification","valueRequired":true,"valueName":"search_term_string"}}],"inLanguage":"pt-BR"},{"@type":"Organization","@id":"https:\/\/diariodepe.com.br\/cri\/#organization","name":"CRI e Diario de Pernambuco","url":"https:\/\/diariodepe.com.br\/cri\/","logo":{"@type":"ImageObject","inLanguage":"pt-BR","@id":"https:\/\/diariodepe.com.br\/cri\/#\/schema\/logo\/image\/","url":"https:\/\/diariodepe.com.br\/cri\/wp-content\/uploads\/sites\/2\/2022\/12\/cropped-Logo.jpg","contentUrl":"https:\/\/diariodepe.com.br\/cri\/wp-content\/uploads\/sites\/2\/2022\/12\/cropped-Logo.jpg","width":700,"height":59,"caption":"CRI e Diario de Pernambuco"},"image":{"@id":"https:\/\/diariodepe.com.br\/cri\/#\/schema\/logo\/image\/"}},{"@type":"Person","@id":"https:\/\/diariodepe.com.br\/cri\/#\/schema\/person\/121bb28d84f1a5b1205ef4ce9c2e0c6b","name":"Ismael Lucas S. Pereira","image":{"@type":"ImageObject","inLanguage":"pt-BR","@id":"https:\/\/secure.gravatar.com\/avatar\/887a0f3b5a7ceea963a48499fb883ffce6b5037362def025c52c2505b15d63e4?s=96&d=mm&r=g","url":"https:\/\/secure.gravatar.com\/avatar\/887a0f3b5a7ceea963a48499fb883ffce6b5037362def025c52c2505b15d63e4?s=96&d=mm&r=g","contentUrl":"https:\/\/secure.gravatar.com\/avatar\/887a0f3b5a7ceea963a48499fb883ffce6b5037362def025c52c2505b15d63e4?s=96&d=mm&r=g","caption":"Ismael Lucas S. Pereira"},"url":"https:\/\/diariodepe.com.br\/cri\/author\/ismael-lucas\/"}]}},"cc_featured_image_caption":{"caption_text":false,"source_text":false,"source_url":false},"amp_enabled":true,"_links":{"self":[{"href":"https:\/\/diariodepe.com.br\/cri\/wp-json\/wp\/v2\/posts\/5378","targetHints":{"allow":["GET"]}}],"collection":[{"href":"https:\/\/diariodepe.com.br\/cri\/wp-json\/wp\/v2\/posts"}],"about":[{"href":"https:\/\/diariodepe.com.br\/cri\/wp-json\/wp\/v2\/types\/post"}],"author":[{"embeddable":true,"href":"https:\/\/diariodepe.com.br\/cri\/wp-json\/wp\/v2\/users\/2"}],"replies":[{"embeddable":true,"href":"https:\/\/diariodepe.com.br\/cri\/wp-json\/wp\/v2\/comments?post=5378"}],"version-history":[{"count":1,"href":"https:\/\/diariodepe.com.br\/cri\/wp-json\/wp\/v2\/posts\/5378\/revisions"}],"predecessor-version":[{"id":5379,"href":"https:\/\/diariodepe.com.br\/cri\/wp-json\/wp\/v2\/posts\/5378\/revisions\/5379"}],"wp:attachment":[{"href":"https:\/\/diariodepe.com.br\/cri\/wp-json\/wp\/v2\/media?parent=5378"}],"wp:term":[{"taxonomy":"category","embeddable":true,"href":"https:\/\/diariodepe.com.br\/cri\/wp-json\/wp\/v2\/categories?post=5378"},{"taxonomy":"post_tag","embeddable":true,"href":"https:\/\/diariodepe.com.br\/cri\/wp-json\/wp\/v2\/tags?post=5378"}],"curies":[{"name":"wp","href":"https:\/\/api.w.org\/{rel}","templated":true}]}}