{"id":5371,"date":"2024-05-30T23:23:54","date_gmt":"2024-05-31T02:23:54","guid":{"rendered":"https:\/\/diariodepe.com.br\/cri\/?p=5371"},"modified":"2024-05-30T23:23:54","modified_gmt":"2024-05-31T02:23:54","slug":"entrevista-exclusiva-com-o-ex-primeiro-ministro-frances-jean-pierre-raffarin","status":"publish","type":"post","link":"https:\/\/diariodepe.com.br\/cri\/2024\/05\/30\/entrevista-exclusiva-com-o-ex-primeiro-ministro-frances-jean-pierre-raffarin\/","title":{"rendered":"Entrevista exclusiva com o ex-primeiro-ministro franc\u00eas Jean-Pierre Raffarin"},"content":{"rendered":"<p>Por ocasi\u00e3o do 60\u00ba anivers\u00e1rio do estabelecimento das rela\u00e7\u00f5es diplom\u00e1ticas entre a China e a Fran\u00e7a, o Grupo de M\u00eddia da China (CMG, na sigla em ingl\u00eas) teve acessso a uma entrevista exclusiva com o ex-primeiro-ministro franc\u00eas,\u00a0Jean-Pierre Raffarin.<\/p>\n<p>Jornalista: Este ano marca o 60\u00ba anivers\u00e1rio do estabelecimento das rela\u00e7\u00f5es diplom\u00e1ticas entre a China e a Fran\u00e7a, e \u00e9 tamb\u00e9m o Ano da Cultura e do Turismo China-Fran\u00e7a. Sendo testemunha e promotor das rela\u00e7\u00f5es sino-francesas, como\u00a0que o senhor\u00a0v\u00ea o desenvolvimento futuro das rela\u00e7\u00f5es sino-francesas?<\/p>\n<p>Raffarin: Em primeiro lugar, penso que o 60\u00ba anivers\u00e1rio do estabelecimento das\u00a0rela\u00e7\u00f5es diplom\u00e1ticas entre a China e a Fran\u00e7a \u00e9 uma grande vit\u00f3ria para os l\u00edderes que conceberam esta rela\u00e7\u00e3o h\u00e1 60 anos. O general Charles de Gaulle e o presidente Mao Zedong avaliaram a situa\u00e7\u00e3o e sabiam que a China e a Fran\u00e7a desempenhavam um papel indispens\u00e1vel na manuten\u00e7\u00e3o do equil\u00edbrio mundial. Eles viram o desenvolvimento da China e perceberam a import\u00e2ncia da Europa e a necessidade de desenvolver rela\u00e7\u00f5es pac\u00edficas entre a China e a Fran\u00e7a, a China e a Europa. Portanto, temos grande respeito pela vis\u00e3o destes dois grandes homens. No que diz respeito \u00e0s perspectivas das rela\u00e7\u00f5es China-Fran\u00e7a, penso que a principal preocupa\u00e7\u00e3o \u00e9 a paz mundial. Se existe um pa\u00eds no mundo que realmente se preocupa com a paz, esse pa\u00eds deve ser a China. A China nunca iniciou uma guerra com outros pa\u00edses e s\u00f3 reagiu quando foi invadida. A China e o povo chin\u00eas demonstraram o seu amor pela paz. A Fran\u00e7a, que conseguiu a reconcilia\u00e7\u00e3o com a Alemanha, tamb\u00e9m ama a paz. Portanto, o desenvolvimento futuro das rela\u00e7\u00f5es China-Fran\u00e7a deve centrar-se na manuten\u00e7\u00e3o da paz e do equil\u00edbrio mundiais.<\/p>\n<p>Jornalista: Sabemos\u00a0que voc\u00ea leu o livro Xi Jinping: a\u00a0governan\u00e7a da China, fez longas anota\u00e7\u00f5es e as publicou em seu blog. Deve ter sido em 2015 que conheceu o presidente Xi Jinping no F\u00f3rum Boao para a \u00c1sia e at\u00e9 lhe pediu um aut\u00f3grafo. O que acha do valor do livro?<\/p>\n<p>Raffarin: Acho que \u00e9 muito importante que os l\u00edderes escrevam claramente a sua vis\u00e3o para o pa\u00eds. O presidente Xi Jinping declarou claramente a sua filosofia pol\u00edtica no seu livro, o que permite ao mundo exterior compreender as suas expectativas para o futuro do pa\u00eds e a dire\u00e7\u00e3o que pretende levar o pa\u00eds. A China desempenha\u00a0um papel chave\u00a0no mundo de hoje. Naturalmente, temos muitas expectativas em rela\u00e7\u00e3o \u00e0 China. Primeiro, esperamos pela paz, e a paz \u00e9 essencial. A China desempenha um papel importante no Conselho de Seguran\u00e7a das Na\u00e7\u00f5es Unidas e at\u00e9 no mundo. A China pode promover a paz mundial e o povo chin\u00eas nunca lan\u00e7ou uma guerra contra pa\u00edses estrangeiros. Portanto, a primeira expectativa \u00e9 que a China possa fortalecer a sua proposta de paz. A segunda expectativa \u00e9 relacionada com o desenvolvimento econ\u00f4mico. A China \u00e9 um dos motores do crescimento econ\u00f4mico mundial. \u00a0Prestamos muita aten\u00e7\u00e3o ao desenvolvimento econ\u00f4mico da China, especialmente \u00e0 sua reforma e abertura. Tamb\u00e9m temos grandes expectativas em rela\u00e7\u00e3o \u00e0 capacidade e sabedoria do povo chin\u00eas na \u00e1rea de inova\u00e7\u00e3o. A gera\u00e7\u00e3o jovem da China \u00e9 inteligente, trabalhadora e inova constantemente. O mundo precisa de inova\u00e7\u00e3o e a China \u00e9 um pa\u00eds muito inovador. Quando li no livro que a inova\u00e7\u00e3o \u00e9 a principal prioridade na China, fiquei profundamente surpreso.<\/p>\n<p>Jornalista: A China tem contribu\u00eddo com a sabedoria chinesa e apresentado as solu\u00e7\u00f5es chinesas para a governan\u00e7a\u00a0global. O presidente Xi Jinping tamb\u00e9m prop\u00f4s tr\u00eas iniciativas globais de desenvolvimento, de seguran\u00e7a e de civiliza\u00e7\u00e3o. O que voc\u00ea acha do significado pr\u00e1tico dessas tr\u00eas iniciativas?<\/p>\n<p>Raffarin: Acho muito importante propor iniciativas para a governan\u00e7a global. Hoje, estamos num certo impasse. A\u00a0governan\u00e7a\u00a0global est\u00e1 enfrentando obst\u00e1culos e, muitas vezes, desequil\u00edbrios. Acho que \u00e9 muito importante encontrar novas ideias. A China tem raz\u00e3o em se dedicar\u00a0a propor novas ideias e iniciativas. Para tal, precisamos aliviar a situa\u00e7\u00e3o mundial, precisamos de paz na Europa, precisamos de paz na \u00c1frica e precisamos que todos os pa\u00edses trabalhem em conjunto para aliviar as tens\u00f5es.<\/p>\n<p>Jornalista: Antes de me preparar para sua entrevista de hoje, tamb\u00e9m li um livro especificamente, que se chama Ce\u00a0que la\u00a0China nous\u00a0a appris, escrito por voc\u00ea e sua esposa. A capa deve ter sido tirada na Grande Muralha. Li uma frase no livro: \u201cNa Europa, pensar \u00e9 diferenciar; na China, pensar \u00e9 reunir\u201d. Ent\u00e3o, depois de ler o livro todo, pude sentir que o senhor tem uma compreens\u00e3o muito profunda sobre a filosofia chinesa de \u201cunir,\u00a0mas diferenciar\u201d. Como voc\u00ea acha que a China e a Fran\u00e7a deveriam fortalecer a comunica\u00e7\u00e3o e eliminar alguns mal-entendidos no futuro?<\/p>\n<p>Raffarin: Acredito que dois princ\u00edpios importantes devem ser seguidos\u00a0para lidar adequadamente o relacionamento entre as duas grandes civiliza\u00e7\u00f5es. A primeira \u00e9 o respeito. Voc\u00ea n\u00e3o pode julgar os outros com base na sua pr\u00f3pria posi\u00e7\u00e3o, mas deve perceber que existem diferen\u00e7as entre os diferentes pontos de vista. Penso que em termos de muitos conceitos ideol\u00f3gicos, como os conceitos de \u201cunidade\u201d e \u201ccria\u00e7\u00e3o\u201d, temos entendimentos diferentes. \u00c0s vezes, precisamos\u00a0considerar estes conceitos da perspectiva uns dos outros, a fim de promover a compreens\u00e3o m\u00fatua. Ao mesmo tempo, tamb\u00e9m precisamos trabalhar em conjunto em quest\u00f5es comuns. Somente trabalhando juntos em quest\u00f5es comuns poderemos continuar a fazer progressos. Portanto, acredito que devemos ser honestos uns com os outros, expressar as nossas opini\u00f5es e, o mais importante, esfor\u00e7ar-nos para encontrar os pontos comuns. Penso que esta \u00e9 exatamente a dire\u00e7\u00e3o das pol\u00edticas externas da Fran\u00e7a e da China hoje, que consiste em encontrar o nosso caminho comum e refor\u00e7ar a compreens\u00e3o m\u00fatua no caminho comum.<\/p>\n","protected":false},"excerpt":{"rendered":"<p>Por ocasi\u00e3o do 60\u00ba anivers\u00e1rio do estabelecimento das rela\u00e7\u00f5es diplom\u00e1ticas entre a China e a Fran\u00e7a, o Grupo de M\u00eddia da China (CMG, na sigla em ingl\u00eas) teve acessso a uma entrevista exclusiva com o ex-primeiro-ministro franc\u00eas,\u00a0Jean-Pierre Raffarin. Jornalista: Este&#8230;<\/p>\n","protected":false},"author":2,"featured_media":5372,"comment_status":"open","ping_status":"open","sticky":false,"template":"","format":"standard","meta":{"footnotes":""},"categories":[3,5],"tags":[],"class_list":["post-5371","post","type-post","status-publish","format-standard","has-post-thumbnail","hentry","category-china","category-destaques-capa"],"yoast_head":"<!-- This site is optimized with the Yoast SEO plugin v27.4 - https:\/\/yoast.com\/product\/yoast-seo-wordpress\/ -->\n<title>Entrevista exclusiva com o ex-primeiro-ministro franc\u00eas Jean-Pierre Raffarin - CRI e Diario de Pernambuco<\/title>\n<meta name=\"robots\" content=\"index, follow, max-snippet:-1, max-image-preview:large, max-video-preview:-1\" \/>\n<link rel=\"canonical\" href=\"https:\/\/diariodepe.com.br\/cri\/2024\/05\/30\/entrevista-exclusiva-com-o-ex-primeiro-ministro-frances-jean-pierre-raffarin\/\" \/>\n<meta property=\"og:locale\" content=\"pt_BR\" \/>\n<meta property=\"og:type\" content=\"article\" \/>\n<meta property=\"og:title\" content=\"Entrevista exclusiva com o ex-primeiro-ministro franc\u00eas Jean-Pierre Raffarin - CRI e Diario de Pernambuco\" \/>\n<meta property=\"og:description\" content=\"Por ocasi\u00e3o do 60\u00ba anivers\u00e1rio do estabelecimento das rela\u00e7\u00f5es diplom\u00e1ticas entre a China e a Fran\u00e7a, o Grupo de M\u00eddia da China (CMG, na sigla em ingl\u00eas) teve acessso a uma entrevista exclusiva com o ex-primeiro-ministro franc\u00eas,\u00a0Jean-Pierre Raffarin. Jornalista: Este...\" \/>\n<meta property=\"og:url\" content=\"https:\/\/diariodepe.com.br\/cri\/2024\/05\/30\/entrevista-exclusiva-com-o-ex-primeiro-ministro-frances-jean-pierre-raffarin\/\" \/>\n<meta property=\"og:site_name\" content=\"CRI e Diario de Pernambuco\" \/>\n<meta property=\"article:published_time\" content=\"2024-05-31T02:23:54+00:00\" \/>\n<meta property=\"og:image\" content=\"https:\/\/diariodepe.com.br\/cri\/wp-content\/uploads\/sites\/2\/2024\/05\/2024051819534940761.jpeg\" \/>\n\t<meta property=\"og:image:width\" content=\"1920\" \/>\n\t<meta property=\"og:image:height\" content=\"1080\" \/>\n\t<meta property=\"og:image:type\" content=\"image\/jpeg\" \/>\n<meta name=\"author\" content=\"Ismael Lucas S. Pereira\" \/>\n<meta name=\"twitter:card\" content=\"summary_large_image\" \/>\n<meta name=\"twitter:label1\" content=\"Escrito por\" \/>\n\t<meta name=\"twitter:data1\" content=\"Ismael Lucas S. Pereira\" \/>\n\t<meta name=\"twitter:label2\" content=\"Est. tempo de leitura\" \/>\n\t<meta name=\"twitter:data2\" content=\"6 minutos\" \/>\n<script type=\"application\/ld+json\" class=\"yoast-schema-graph\">{\"@context\":\"https:\\\/\\\/schema.org\",\"@graph\":[{\"@type\":\"Article\",\"@id\":\"https:\\\/\\\/diariodepe.com.br\\\/cri\\\/2024\\\/05\\\/30\\\/entrevista-exclusiva-com-o-ex-primeiro-ministro-frances-jean-pierre-raffarin\\\/#article\",\"isPartOf\":{\"@id\":\"https:\\\/\\\/diariodepe.com.br\\\/cri\\\/2024\\\/05\\\/30\\\/entrevista-exclusiva-com-o-ex-primeiro-ministro-frances-jean-pierre-raffarin\\\/\"},\"author\":{\"name\":\"Ismael Lucas S. Pereira\",\"@id\":\"https:\\\/\\\/diariodepe.com.br\\\/cri\\\/#\\\/schema\\\/person\\\/121bb28d84f1a5b1205ef4ce9c2e0c6b\"},\"headline\":\"Entrevista exclusiva com o ex-primeiro-ministro franc\u00eas Jean-Pierre Raffarin\",\"datePublished\":\"2024-05-31T02:23:54+00:00\",\"mainEntityOfPage\":{\"@id\":\"https:\\\/\\\/diariodepe.com.br\\\/cri\\\/2024\\\/05\\\/30\\\/entrevista-exclusiva-com-o-ex-primeiro-ministro-frances-jean-pierre-raffarin\\\/\"},\"wordCount\":1042,\"commentCount\":0,\"publisher\":{\"@id\":\"https:\\\/\\\/diariodepe.com.br\\\/cri\\\/#organization\"},\"image\":{\"@id\":\"https:\\\/\\\/diariodepe.com.br\\\/cri\\\/2024\\\/05\\\/30\\\/entrevista-exclusiva-com-o-ex-primeiro-ministro-frances-jean-pierre-raffarin\\\/#primaryimage\"},\"thumbnailUrl\":\"https:\\\/\\\/diariodepe.com.br\\\/cri\\\/wp-content\\\/uploads\\\/sites\\\/2\\\/2024\\\/05\\\/2024051819534940761.jpeg\",\"articleSection\":[\"China\",\"Destaques Capa\"],\"inLanguage\":\"pt-BR\",\"potentialAction\":[{\"@type\":\"CommentAction\",\"name\":\"Comment\",\"target\":[\"https:\\\/\\\/diariodepe.com.br\\\/cri\\\/2024\\\/05\\\/30\\\/entrevista-exclusiva-com-o-ex-primeiro-ministro-frances-jean-pierre-raffarin\\\/#respond\"]}]},{\"@type\":\"WebPage\",\"@id\":\"https:\\\/\\\/diariodepe.com.br\\\/cri\\\/2024\\\/05\\\/30\\\/entrevista-exclusiva-com-o-ex-primeiro-ministro-frances-jean-pierre-raffarin\\\/\",\"url\":\"https:\\\/\\\/diariodepe.com.br\\\/cri\\\/2024\\\/05\\\/30\\\/entrevista-exclusiva-com-o-ex-primeiro-ministro-frances-jean-pierre-raffarin\\\/\",\"name\":\"Entrevista exclusiva com o ex-primeiro-ministro franc\u00eas Jean-Pierre Raffarin - CRI e Diario de Pernambuco\",\"isPartOf\":{\"@id\":\"https:\\\/\\\/diariodepe.com.br\\\/cri\\\/#website\"},\"primaryImageOfPage\":{\"@id\":\"https:\\\/\\\/diariodepe.com.br\\\/cri\\\/2024\\\/05\\\/30\\\/entrevista-exclusiva-com-o-ex-primeiro-ministro-frances-jean-pierre-raffarin\\\/#primaryimage\"},\"image\":{\"@id\":\"https:\\\/\\\/diariodepe.com.br\\\/cri\\\/2024\\\/05\\\/30\\\/entrevista-exclusiva-com-o-ex-primeiro-ministro-frances-jean-pierre-raffarin\\\/#primaryimage\"},\"thumbnailUrl\":\"https:\\\/\\\/diariodepe.com.br\\\/cri\\\/wp-content\\\/uploads\\\/sites\\\/2\\\/2024\\\/05\\\/2024051819534940761.jpeg\",\"datePublished\":\"2024-05-31T02:23:54+00:00\",\"breadcrumb\":{\"@id\":\"https:\\\/\\\/diariodepe.com.br\\\/cri\\\/2024\\\/05\\\/30\\\/entrevista-exclusiva-com-o-ex-primeiro-ministro-frances-jean-pierre-raffarin\\\/#breadcrumb\"},\"inLanguage\":\"pt-BR\",\"potentialAction\":[{\"@type\":\"ReadAction\",\"target\":[\"https:\\\/\\\/diariodepe.com.br\\\/cri\\\/2024\\\/05\\\/30\\\/entrevista-exclusiva-com-o-ex-primeiro-ministro-frances-jean-pierre-raffarin\\\/\"]}]},{\"@type\":\"ImageObject\",\"inLanguage\":\"pt-BR\",\"@id\":\"https:\\\/\\\/diariodepe.com.br\\\/cri\\\/2024\\\/05\\\/30\\\/entrevista-exclusiva-com-o-ex-primeiro-ministro-frances-jean-pierre-raffarin\\\/#primaryimage\",\"url\":\"https:\\\/\\\/diariodepe.com.br\\\/cri\\\/wp-content\\\/uploads\\\/sites\\\/2\\\/2024\\\/05\\\/2024051819534940761.jpeg\",\"contentUrl\":\"https:\\\/\\\/diariodepe.com.br\\\/cri\\\/wp-content\\\/uploads\\\/sites\\\/2\\\/2024\\\/05\\\/2024051819534940761.jpeg\",\"width\":1920,\"height\":1080},{\"@type\":\"BreadcrumbList\",\"@id\":\"https:\\\/\\\/diariodepe.com.br\\\/cri\\\/2024\\\/05\\\/30\\\/entrevista-exclusiva-com-o-ex-primeiro-ministro-frances-jean-pierre-raffarin\\\/#breadcrumb\",\"itemListElement\":[{\"@type\":\"ListItem\",\"position\":1,\"name\":\"In\u00edcio\",\"item\":\"https:\\\/\\\/diariodepe.com.br\\\/cri\\\/\"},{\"@type\":\"ListItem\",\"position\":2,\"name\":\"Entrevista exclusiva com o ex-primeiro-ministro franc\u00eas Jean-Pierre Raffarin\"}]},{\"@type\":\"WebSite\",\"@id\":\"https:\\\/\\\/diariodepe.com.br\\\/cri\\\/#website\",\"url\":\"https:\\\/\\\/diariodepe.com.br\\\/cri\\\/\",\"name\":\"CRI e Diario de Pernambuco\",\"description\":\"R\u00e1dio Internacional da China\",\"publisher\":{\"@id\":\"https:\\\/\\\/diariodepe.com.br\\\/cri\\\/#organization\"},\"potentialAction\":[{\"@type\":\"SearchAction\",\"target\":{\"@type\":\"EntryPoint\",\"urlTemplate\":\"https:\\\/\\\/diariodepe.com.br\\\/cri\\\/?s={search_term_string}\"},\"query-input\":{\"@type\":\"PropertyValueSpecification\",\"valueRequired\":true,\"valueName\":\"search_term_string\"}}],\"inLanguage\":\"pt-BR\"},{\"@type\":\"Organization\",\"@id\":\"https:\\\/\\\/diariodepe.com.br\\\/cri\\\/#organization\",\"name\":\"CRI e Diario de Pernambuco\",\"url\":\"https:\\\/\\\/diariodepe.com.br\\\/cri\\\/\",\"logo\":{\"@type\":\"ImageObject\",\"inLanguage\":\"pt-BR\",\"@id\":\"https:\\\/\\\/diariodepe.com.br\\\/cri\\\/#\\\/schema\\\/logo\\\/image\\\/\",\"url\":\"https:\\\/\\\/diariodepe.com.br\\\/cri\\\/wp-content\\\/uploads\\\/sites\\\/2\\\/2022\\\/12\\\/cropped-Logo.jpg\",\"contentUrl\":\"https:\\\/\\\/diariodepe.com.br\\\/cri\\\/wp-content\\\/uploads\\\/sites\\\/2\\\/2022\\\/12\\\/cropped-Logo.jpg\",\"width\":700,\"height\":59,\"caption\":\"CRI e Diario de Pernambuco\"},\"image\":{\"@id\":\"https:\\\/\\\/diariodepe.com.br\\\/cri\\\/#\\\/schema\\\/logo\\\/image\\\/\"}},{\"@type\":\"Person\",\"@id\":\"https:\\\/\\\/diariodepe.com.br\\\/cri\\\/#\\\/schema\\\/person\\\/121bb28d84f1a5b1205ef4ce9c2e0c6b\",\"name\":\"Ismael Lucas S. Pereira\",\"image\":{\"@type\":\"ImageObject\",\"inLanguage\":\"pt-BR\",\"@id\":\"https:\\\/\\\/secure.gravatar.com\\\/avatar\\\/887a0f3b5a7ceea963a48499fb883ffce6b5037362def025c52c2505b15d63e4?s=96&d=mm&r=g\",\"url\":\"https:\\\/\\\/secure.gravatar.com\\\/avatar\\\/887a0f3b5a7ceea963a48499fb883ffce6b5037362def025c52c2505b15d63e4?s=96&d=mm&r=g\",\"contentUrl\":\"https:\\\/\\\/secure.gravatar.com\\\/avatar\\\/887a0f3b5a7ceea963a48499fb883ffce6b5037362def025c52c2505b15d63e4?s=96&d=mm&r=g\",\"caption\":\"Ismael Lucas S. Pereira\"},\"url\":\"https:\\\/\\\/diariodepe.com.br\\\/cri\\\/author\\\/ismael-lucas\\\/\"}]}<\/script>\n<!-- \/ Yoast SEO plugin. -->","yoast_head_json":{"title":"Entrevista exclusiva com o ex-primeiro-ministro franc\u00eas Jean-Pierre Raffarin - CRI e Diario de Pernambuco","robots":{"index":"index","follow":"follow","max-snippet":"max-snippet:-1","max-image-preview":"max-image-preview:large","max-video-preview":"max-video-preview:-1"},"canonical":"https:\/\/diariodepe.com.br\/cri\/2024\/05\/30\/entrevista-exclusiva-com-o-ex-primeiro-ministro-frances-jean-pierre-raffarin\/","og_locale":"pt_BR","og_type":"article","og_title":"Entrevista exclusiva com o ex-primeiro-ministro franc\u00eas Jean-Pierre Raffarin - CRI e Diario de Pernambuco","og_description":"Por ocasi\u00e3o do 60\u00ba anivers\u00e1rio do estabelecimento das rela\u00e7\u00f5es diplom\u00e1ticas entre a China e a Fran\u00e7a, o Grupo de M\u00eddia da China (CMG, na sigla em ingl\u00eas) teve acessso a uma entrevista exclusiva com o ex-primeiro-ministro franc\u00eas,\u00a0Jean-Pierre Raffarin. Jornalista: Este...","og_url":"https:\/\/diariodepe.com.br\/cri\/2024\/05\/30\/entrevista-exclusiva-com-o-ex-primeiro-ministro-frances-jean-pierre-raffarin\/","og_site_name":"CRI e Diario de Pernambuco","article_published_time":"2024-05-31T02:23:54+00:00","og_image":[{"width":1920,"height":1080,"url":"https:\/\/diariodepe.com.br\/cri\/wp-content\/uploads\/sites\/2\/2024\/05\/2024051819534940761.jpeg","type":"image\/jpeg"}],"author":"Ismael Lucas S. Pereira","twitter_card":"summary_large_image","twitter_misc":{"Escrito por":"Ismael Lucas S. Pereira","Est. tempo de leitura":"6 minutos"},"schema":{"@context":"https:\/\/schema.org","@graph":[{"@type":"Article","@id":"https:\/\/diariodepe.com.br\/cri\/2024\/05\/30\/entrevista-exclusiva-com-o-ex-primeiro-ministro-frances-jean-pierre-raffarin\/#article","isPartOf":{"@id":"https:\/\/diariodepe.com.br\/cri\/2024\/05\/30\/entrevista-exclusiva-com-o-ex-primeiro-ministro-frances-jean-pierre-raffarin\/"},"author":{"name":"Ismael Lucas S. Pereira","@id":"https:\/\/diariodepe.com.br\/cri\/#\/schema\/person\/121bb28d84f1a5b1205ef4ce9c2e0c6b"},"headline":"Entrevista exclusiva com o ex-primeiro-ministro franc\u00eas Jean-Pierre Raffarin","datePublished":"2024-05-31T02:23:54+00:00","mainEntityOfPage":{"@id":"https:\/\/diariodepe.com.br\/cri\/2024\/05\/30\/entrevista-exclusiva-com-o-ex-primeiro-ministro-frances-jean-pierre-raffarin\/"},"wordCount":1042,"commentCount":0,"publisher":{"@id":"https:\/\/diariodepe.com.br\/cri\/#organization"},"image":{"@id":"https:\/\/diariodepe.com.br\/cri\/2024\/05\/30\/entrevista-exclusiva-com-o-ex-primeiro-ministro-frances-jean-pierre-raffarin\/#primaryimage"},"thumbnailUrl":"https:\/\/diariodepe.com.br\/cri\/wp-content\/uploads\/sites\/2\/2024\/05\/2024051819534940761.jpeg","articleSection":["China","Destaques Capa"],"inLanguage":"pt-BR","potentialAction":[{"@type":"CommentAction","name":"Comment","target":["https:\/\/diariodepe.com.br\/cri\/2024\/05\/30\/entrevista-exclusiva-com-o-ex-primeiro-ministro-frances-jean-pierre-raffarin\/#respond"]}]},{"@type":"WebPage","@id":"https:\/\/diariodepe.com.br\/cri\/2024\/05\/30\/entrevista-exclusiva-com-o-ex-primeiro-ministro-frances-jean-pierre-raffarin\/","url":"https:\/\/diariodepe.com.br\/cri\/2024\/05\/30\/entrevista-exclusiva-com-o-ex-primeiro-ministro-frances-jean-pierre-raffarin\/","name":"Entrevista exclusiva com o ex-primeiro-ministro franc\u00eas Jean-Pierre Raffarin - CRI e Diario de Pernambuco","isPartOf":{"@id":"https:\/\/diariodepe.com.br\/cri\/#website"},"primaryImageOfPage":{"@id":"https:\/\/diariodepe.com.br\/cri\/2024\/05\/30\/entrevista-exclusiva-com-o-ex-primeiro-ministro-frances-jean-pierre-raffarin\/#primaryimage"},"image":{"@id":"https:\/\/diariodepe.com.br\/cri\/2024\/05\/30\/entrevista-exclusiva-com-o-ex-primeiro-ministro-frances-jean-pierre-raffarin\/#primaryimage"},"thumbnailUrl":"https:\/\/diariodepe.com.br\/cri\/wp-content\/uploads\/sites\/2\/2024\/05\/2024051819534940761.jpeg","datePublished":"2024-05-31T02:23:54+00:00","breadcrumb":{"@id":"https:\/\/diariodepe.com.br\/cri\/2024\/05\/30\/entrevista-exclusiva-com-o-ex-primeiro-ministro-frances-jean-pierre-raffarin\/#breadcrumb"},"inLanguage":"pt-BR","potentialAction":[{"@type":"ReadAction","target":["https:\/\/diariodepe.com.br\/cri\/2024\/05\/30\/entrevista-exclusiva-com-o-ex-primeiro-ministro-frances-jean-pierre-raffarin\/"]}]},{"@type":"ImageObject","inLanguage":"pt-BR","@id":"https:\/\/diariodepe.com.br\/cri\/2024\/05\/30\/entrevista-exclusiva-com-o-ex-primeiro-ministro-frances-jean-pierre-raffarin\/#primaryimage","url":"https:\/\/diariodepe.com.br\/cri\/wp-content\/uploads\/sites\/2\/2024\/05\/2024051819534940761.jpeg","contentUrl":"https:\/\/diariodepe.com.br\/cri\/wp-content\/uploads\/sites\/2\/2024\/05\/2024051819534940761.jpeg","width":1920,"height":1080},{"@type":"BreadcrumbList","@id":"https:\/\/diariodepe.com.br\/cri\/2024\/05\/30\/entrevista-exclusiva-com-o-ex-primeiro-ministro-frances-jean-pierre-raffarin\/#breadcrumb","itemListElement":[{"@type":"ListItem","position":1,"name":"In\u00edcio","item":"https:\/\/diariodepe.com.br\/cri\/"},{"@type":"ListItem","position":2,"name":"Entrevista exclusiva com o ex-primeiro-ministro franc\u00eas Jean-Pierre Raffarin"}]},{"@type":"WebSite","@id":"https:\/\/diariodepe.com.br\/cri\/#website","url":"https:\/\/diariodepe.com.br\/cri\/","name":"CRI e Diario de Pernambuco","description":"R\u00e1dio Internacional da China","publisher":{"@id":"https:\/\/diariodepe.com.br\/cri\/#organization"},"potentialAction":[{"@type":"SearchAction","target":{"@type":"EntryPoint","urlTemplate":"https:\/\/diariodepe.com.br\/cri\/?s={search_term_string}"},"query-input":{"@type":"PropertyValueSpecification","valueRequired":true,"valueName":"search_term_string"}}],"inLanguage":"pt-BR"},{"@type":"Organization","@id":"https:\/\/diariodepe.com.br\/cri\/#organization","name":"CRI e Diario de Pernambuco","url":"https:\/\/diariodepe.com.br\/cri\/","logo":{"@type":"ImageObject","inLanguage":"pt-BR","@id":"https:\/\/diariodepe.com.br\/cri\/#\/schema\/logo\/image\/","url":"https:\/\/diariodepe.com.br\/cri\/wp-content\/uploads\/sites\/2\/2022\/12\/cropped-Logo.jpg","contentUrl":"https:\/\/diariodepe.com.br\/cri\/wp-content\/uploads\/sites\/2\/2022\/12\/cropped-Logo.jpg","width":700,"height":59,"caption":"CRI e Diario de Pernambuco"},"image":{"@id":"https:\/\/diariodepe.com.br\/cri\/#\/schema\/logo\/image\/"}},{"@type":"Person","@id":"https:\/\/diariodepe.com.br\/cri\/#\/schema\/person\/121bb28d84f1a5b1205ef4ce9c2e0c6b","name":"Ismael Lucas S. Pereira","image":{"@type":"ImageObject","inLanguage":"pt-BR","@id":"https:\/\/secure.gravatar.com\/avatar\/887a0f3b5a7ceea963a48499fb883ffce6b5037362def025c52c2505b15d63e4?s=96&d=mm&r=g","url":"https:\/\/secure.gravatar.com\/avatar\/887a0f3b5a7ceea963a48499fb883ffce6b5037362def025c52c2505b15d63e4?s=96&d=mm&r=g","contentUrl":"https:\/\/secure.gravatar.com\/avatar\/887a0f3b5a7ceea963a48499fb883ffce6b5037362def025c52c2505b15d63e4?s=96&d=mm&r=g","caption":"Ismael Lucas S. Pereira"},"url":"https:\/\/diariodepe.com.br\/cri\/author\/ismael-lucas\/"}]}},"cc_featured_image_caption":{"caption_text":false,"source_text":false,"source_url":false},"amp_enabled":true,"_links":{"self":[{"href":"https:\/\/diariodepe.com.br\/cri\/wp-json\/wp\/v2\/posts\/5371","targetHints":{"allow":["GET"]}}],"collection":[{"href":"https:\/\/diariodepe.com.br\/cri\/wp-json\/wp\/v2\/posts"}],"about":[{"href":"https:\/\/diariodepe.com.br\/cri\/wp-json\/wp\/v2\/types\/post"}],"author":[{"embeddable":true,"href":"https:\/\/diariodepe.com.br\/cri\/wp-json\/wp\/v2\/users\/2"}],"replies":[{"embeddable":true,"href":"https:\/\/diariodepe.com.br\/cri\/wp-json\/wp\/v2\/comments?post=5371"}],"version-history":[{"count":1,"href":"https:\/\/diariodepe.com.br\/cri\/wp-json\/wp\/v2\/posts\/5371\/revisions"}],"predecessor-version":[{"id":5373,"href":"https:\/\/diariodepe.com.br\/cri\/wp-json\/wp\/v2\/posts\/5371\/revisions\/5373"}],"wp:featuredmedia":[{"embeddable":true,"href":"https:\/\/diariodepe.com.br\/cri\/wp-json\/wp\/v2\/media\/5372"}],"wp:attachment":[{"href":"https:\/\/diariodepe.com.br\/cri\/wp-json\/wp\/v2\/media?parent=5371"}],"wp:term":[{"taxonomy":"category","embeddable":true,"href":"https:\/\/diariodepe.com.br\/cri\/wp-json\/wp\/v2\/categories?post=5371"},{"taxonomy":"post_tag","embeddable":true,"href":"https:\/\/diariodepe.com.br\/cri\/wp-json\/wp\/v2\/tags?post=5371"}],"curies":[{"name":"wp","href":"https:\/\/api.w.org\/{rel}","templated":true}]}}