{"id":5363,"date":"2024-05-30T23:13:26","date_gmt":"2024-05-31T02:13:26","guid":{"rendered":"https:\/\/diariodepe.com.br\/cri\/?p=5363"},"modified":"2024-05-30T23:13:26","modified_gmt":"2024-05-31T02:13:26","slug":"lideres-da-china-e-da-russia-comparecem-a-cerimonia-de-abertura-do-ano-cultural-china-russia","status":"publish","type":"post","link":"https:\/\/diariodepe.com.br\/cri\/2024\/05\/30\/lideres-da-china-e-da-russia-comparecem-a-cerimonia-de-abertura-do-ano-cultural-china-russia\/","title":{"rendered":"L\u00edderes da China e da R\u00fassia comparecem \u00e0 cerim\u00f4nia de abertura do \u201cAno Cultural China-R\u00fassia\u201d"},"content":{"rendered":"<p class=\"photo_img_20190808\" data-spm-anchor-id=\"0.0.0.i2\"><img decoding=\"async\" src=\"https:\/\/p3crires.cri.cn\/photoworkspace\/cri\/contentimg\/2024\/05\/16\/2024051621125829408.jpg\" alt=\"\" width=\"500\" \/><\/p>\n<p>O presidente chin\u00eas, Xi Jinping, e o presidente russo, Vladimir Putin, compareceram na tarde desta quinta-feira (16) ao Centro Nacional das Artes C\u00eanicas, para a cerim\u00f4nia de abertura do \u201cAno Cultural China-R\u00fassia\u201d, que tamb\u00e9m contou com concerto especial em comemora\u00e7\u00e3o ao 75\u00ba anivers\u00e1rio do estabelecimento de rela\u00e7\u00f5es diplom\u00e1ticas entre os dois pa\u00edses.<\/p>\n<p>No discurso proferido na ocasi\u00e3o, Xi Jinping disse que este ano marca o 75\u00ba anivers\u00e1rio do estabelecimento das rela\u00e7\u00f5es diplom\u00e1ticas entre a China e a R\u00fassia. Os altos e baixos dessas din\u00e2micas\u00a0durante tr\u00eas quartos de um s\u00e9culo mostraram que a consolida\u00e7\u00e3o e o desenvolvimento da amizade de boa vizinhan\u00e7a entre a China e a R\u00fassia, a coordena\u00e7\u00e3o estrat\u00e9gica abrangente e a coopera\u00e7\u00e3o de benef\u00edcio\u00a0rec\u00edproco\u00a0correspondem aos interesses fundamentais de ambas, assim como\u00a0de seus\u00a0povos.\u00a0A realiza\u00e7\u00e3o do ano tem\u00e1tico um do outro se tornou uma tradi\u00e7\u00e3o de interc\u00e2mbio cultural e interpessoal sino-russo. \u201cEstou convicto de que o evento ir\u00e1 injetar um novo impulso na amizade tradicional herdada de gera\u00e7\u00e3o em gera\u00e7\u00e3o entre os dois pa\u00edses\u201d, salientou\u00a0Xi\u00a0Jinping.<\/p>\n<p><img decoding=\"async\" src=\"https:\/\/p2crires.cri.cn\/photoworkspace\/cri\/contentimg\/2024\/05\/16\/2024051621125728838.jpg\" alt=\"\" width=\"500\" \/><\/p>\n<p>Segundo o l\u00edder chin\u00eas, as m\u00fasicas folcl\u00f3ricas da China e da R\u00fassia s\u00e3o lindas flores no jardim das civiliza\u00e7\u00f5es mundiais. Este banquete musical ir\u00e1 se tornar certamente um cap\u00edtulo maravilhoso no interc\u00e2mbio cultural e na aprendizagem m\u00fatua entre as duas\u00a0na\u00e7\u00f5es.<\/p>\n<p>Nas palavras proferidas no evento, o presidente russo, Vladimir Putin, disse que os povos da R\u00fassia e da China s\u00e3o pr\u00f3ximos como irm\u00e3os. Este ano marca o 75\u00ba anivers\u00e1rio da funda\u00e7\u00e3o da Rep\u00fablica Popular da China. O povo russo est\u00e1 sinceramente feliz e admirado pelas grandes conquistas alcan\u00e7adas pelo povo chin\u00eas sob a lideran\u00e7a do Partido Comunista da China. Desde o estabelecimento das rela\u00e7\u00f5es diplom\u00e1ticas entre a R\u00fassia e a China h\u00e1 75 anos, as rela\u00e7\u00f5es bilaterais acumularam muitas\u00a0experi\u00eancias\u00a0valiosas,\u00a0e encontram-se atualmente no seu melhor per\u00edodo da hist\u00f3ria. Os la\u00e7os entre os dois pa\u00edses baseiam-se no respeito m\u00fatuo, na igualdade e na confian\u00e7a rec\u00edproca, o que promove o desenvolvimento\u00a0nacional, beneficia os dois povos e estabelece um modelo para as rela\u00e7\u00f5es internacionais.<\/p>\n<p>Os dois chefes de Estado desfrutaram conjuntamente das not\u00e1veis performances\u00a0de artistas da China e da R\u00fassia.<\/p>\n","protected":false},"excerpt":{"rendered":"<p>O presidente chin\u00eas, Xi Jinping, e o presidente russo, Vladimir Putin, compareceram na tarde desta quinta-feira (16) ao Centro Nacional das Artes C\u00eanicas, para a cerim\u00f4nia de abertura do \u201cAno Cultural China-R\u00fassia\u201d, que tamb\u00e9m contou com concerto especial em comemora\u00e7\u00e3o&#8230;<\/p>\n","protected":false},"author":2,"featured_media":0,"comment_status":"open","ping_status":"open","sticky":false,"template":"","format":"standard","meta":{"footnotes":""},"categories":[3],"tags":[],"class_list":["post-5363","post","type-post","status-publish","format-standard","hentry","category-china"],"yoast_head":"<!-- This site is optimized with the Yoast SEO plugin v27.4 - https:\/\/yoast.com\/product\/yoast-seo-wordpress\/ -->\n<title>L\u00edderes da China e da R\u00fassia comparecem \u00e0 cerim\u00f4nia de abertura do \u201cAno Cultural China-R\u00fassia\u201d - CRI e Diario de Pernambuco<\/title>\n<meta name=\"robots\" content=\"index, follow, max-snippet:-1, max-image-preview:large, max-video-preview:-1\" \/>\n<link rel=\"canonical\" href=\"https:\/\/diariodepe.com.br\/cri\/2024\/05\/30\/lideres-da-china-e-da-russia-comparecem-a-cerimonia-de-abertura-do-ano-cultural-china-russia\/\" \/>\n<meta property=\"og:locale\" content=\"pt_BR\" \/>\n<meta property=\"og:type\" content=\"article\" \/>\n<meta property=\"og:title\" content=\"L\u00edderes da China e da R\u00fassia comparecem \u00e0 cerim\u00f4nia de abertura do \u201cAno Cultural China-R\u00fassia\u201d - CRI e Diario de Pernambuco\" \/>\n<meta property=\"og:description\" content=\"O presidente chin\u00eas, Xi Jinping, e o presidente russo, Vladimir Putin, compareceram na tarde desta quinta-feira (16) ao Centro Nacional das Artes C\u00eanicas, para a cerim\u00f4nia de abertura do \u201cAno Cultural China-R\u00fassia\u201d, que tamb\u00e9m contou com concerto especial em comemora\u00e7\u00e3o...\" \/>\n<meta property=\"og:url\" content=\"https:\/\/diariodepe.com.br\/cri\/2024\/05\/30\/lideres-da-china-e-da-russia-comparecem-a-cerimonia-de-abertura-do-ano-cultural-china-russia\/\" \/>\n<meta property=\"og:site_name\" content=\"CRI e Diario de Pernambuco\" \/>\n<meta property=\"article:published_time\" content=\"2024-05-31T02:13:26+00:00\" \/>\n<meta property=\"og:image\" content=\"https:\/\/p3crires.cri.cn\/photoworkspace\/cri\/contentimg\/2024\/05\/16\/2024051621125829408.jpg\" \/>\n<meta name=\"author\" content=\"Ismael Lucas S. Pereira\" \/>\n<meta name=\"twitter:card\" content=\"summary_large_image\" \/>\n<meta name=\"twitter:label1\" content=\"Escrito por\" \/>\n\t<meta name=\"twitter:data1\" content=\"Ismael Lucas S. Pereira\" \/>\n<script type=\"application\/ld+json\" class=\"yoast-schema-graph\">{\"@context\":\"https:\\\/\\\/schema.org\",\"@graph\":[{\"@type\":\"Article\",\"@id\":\"https:\\\/\\\/diariodepe.com.br\\\/cri\\\/2024\\\/05\\\/30\\\/lideres-da-china-e-da-russia-comparecem-a-cerimonia-de-abertura-do-ano-cultural-china-russia\\\/#article\",\"isPartOf\":{\"@id\":\"https:\\\/\\\/diariodepe.com.br\\\/cri\\\/2024\\\/05\\\/30\\\/lideres-da-china-e-da-russia-comparecem-a-cerimonia-de-abertura-do-ano-cultural-china-russia\\\/\"},\"author\":{\"name\":\"Ismael Lucas S. Pereira\",\"@id\":\"https:\\\/\\\/diariodepe.com.br\\\/cri\\\/#\\\/schema\\\/person\\\/121bb28d84f1a5b1205ef4ce9c2e0c6b\"},\"headline\":\"L\u00edderes da China e da R\u00fassia comparecem \u00e0 cerim\u00f4nia de abertura do \u201cAno Cultural China-R\u00fassia\u201d\",\"datePublished\":\"2024-05-31T02:13:26+00:00\",\"mainEntityOfPage\":{\"@id\":\"https:\\\/\\\/diariodepe.com.br\\\/cri\\\/2024\\\/05\\\/30\\\/lideres-da-china-e-da-russia-comparecem-a-cerimonia-de-abertura-do-ano-cultural-china-russia\\\/\"},\"wordCount\":437,\"commentCount\":0,\"publisher\":{\"@id\":\"https:\\\/\\\/diariodepe.com.br\\\/cri\\\/#organization\"},\"image\":{\"@id\":\"https:\\\/\\\/diariodepe.com.br\\\/cri\\\/2024\\\/05\\\/30\\\/lideres-da-china-e-da-russia-comparecem-a-cerimonia-de-abertura-do-ano-cultural-china-russia\\\/#primaryimage\"},\"thumbnailUrl\":\"https:\\\/\\\/p3crires.cri.cn\\\/photoworkspace\\\/cri\\\/contentimg\\\/2024\\\/05\\\/16\\\/2024051621125829408.jpg\",\"articleSection\":[\"China\"],\"inLanguage\":\"pt-BR\",\"potentialAction\":[{\"@type\":\"CommentAction\",\"name\":\"Comment\",\"target\":[\"https:\\\/\\\/diariodepe.com.br\\\/cri\\\/2024\\\/05\\\/30\\\/lideres-da-china-e-da-russia-comparecem-a-cerimonia-de-abertura-do-ano-cultural-china-russia\\\/#respond\"]}]},{\"@type\":\"WebPage\",\"@id\":\"https:\\\/\\\/diariodepe.com.br\\\/cri\\\/2024\\\/05\\\/30\\\/lideres-da-china-e-da-russia-comparecem-a-cerimonia-de-abertura-do-ano-cultural-china-russia\\\/\",\"url\":\"https:\\\/\\\/diariodepe.com.br\\\/cri\\\/2024\\\/05\\\/30\\\/lideres-da-china-e-da-russia-comparecem-a-cerimonia-de-abertura-do-ano-cultural-china-russia\\\/\",\"name\":\"L\u00edderes da China e da R\u00fassia comparecem \u00e0 cerim\u00f4nia de abertura do \u201cAno Cultural China-R\u00fassia\u201d - CRI e Diario de Pernambuco\",\"isPartOf\":{\"@id\":\"https:\\\/\\\/diariodepe.com.br\\\/cri\\\/#website\"},\"primaryImageOfPage\":{\"@id\":\"https:\\\/\\\/diariodepe.com.br\\\/cri\\\/2024\\\/05\\\/30\\\/lideres-da-china-e-da-russia-comparecem-a-cerimonia-de-abertura-do-ano-cultural-china-russia\\\/#primaryimage\"},\"image\":{\"@id\":\"https:\\\/\\\/diariodepe.com.br\\\/cri\\\/2024\\\/05\\\/30\\\/lideres-da-china-e-da-russia-comparecem-a-cerimonia-de-abertura-do-ano-cultural-china-russia\\\/#primaryimage\"},\"thumbnailUrl\":\"https:\\\/\\\/p3crires.cri.cn\\\/photoworkspace\\\/cri\\\/contentimg\\\/2024\\\/05\\\/16\\\/2024051621125829408.jpg\",\"datePublished\":\"2024-05-31T02:13:26+00:00\",\"breadcrumb\":{\"@id\":\"https:\\\/\\\/diariodepe.com.br\\\/cri\\\/2024\\\/05\\\/30\\\/lideres-da-china-e-da-russia-comparecem-a-cerimonia-de-abertura-do-ano-cultural-china-russia\\\/#breadcrumb\"},\"inLanguage\":\"pt-BR\",\"potentialAction\":[{\"@type\":\"ReadAction\",\"target\":[\"https:\\\/\\\/diariodepe.com.br\\\/cri\\\/2024\\\/05\\\/30\\\/lideres-da-china-e-da-russia-comparecem-a-cerimonia-de-abertura-do-ano-cultural-china-russia\\\/\"]}]},{\"@type\":\"ImageObject\",\"inLanguage\":\"pt-BR\",\"@id\":\"https:\\\/\\\/diariodepe.com.br\\\/cri\\\/2024\\\/05\\\/30\\\/lideres-da-china-e-da-russia-comparecem-a-cerimonia-de-abertura-do-ano-cultural-china-russia\\\/#primaryimage\",\"url\":\"https:\\\/\\\/p3crires.cri.cn\\\/photoworkspace\\\/cri\\\/contentimg\\\/2024\\\/05\\\/16\\\/2024051621125829408.jpg\",\"contentUrl\":\"https:\\\/\\\/p3crires.cri.cn\\\/photoworkspace\\\/cri\\\/contentimg\\\/2024\\\/05\\\/16\\\/2024051621125829408.jpg\"},{\"@type\":\"BreadcrumbList\",\"@id\":\"https:\\\/\\\/diariodepe.com.br\\\/cri\\\/2024\\\/05\\\/30\\\/lideres-da-china-e-da-russia-comparecem-a-cerimonia-de-abertura-do-ano-cultural-china-russia\\\/#breadcrumb\",\"itemListElement\":[{\"@type\":\"ListItem\",\"position\":1,\"name\":\"In\u00edcio\",\"item\":\"https:\\\/\\\/diariodepe.com.br\\\/cri\\\/\"},{\"@type\":\"ListItem\",\"position\":2,\"name\":\"L\u00edderes da China e da R\u00fassia comparecem \u00e0 cerim\u00f4nia de abertura do \u201cAno Cultural China-R\u00fassia\u201d\"}]},{\"@type\":\"WebSite\",\"@id\":\"https:\\\/\\\/diariodepe.com.br\\\/cri\\\/#website\",\"url\":\"https:\\\/\\\/diariodepe.com.br\\\/cri\\\/\",\"name\":\"CRI e Diario de Pernambuco\",\"description\":\"R\u00e1dio Internacional da China\",\"publisher\":{\"@id\":\"https:\\\/\\\/diariodepe.com.br\\\/cri\\\/#organization\"},\"potentialAction\":[{\"@type\":\"SearchAction\",\"target\":{\"@type\":\"EntryPoint\",\"urlTemplate\":\"https:\\\/\\\/diariodepe.com.br\\\/cri\\\/?s={search_term_string}\"},\"query-input\":{\"@type\":\"PropertyValueSpecification\",\"valueRequired\":true,\"valueName\":\"search_term_string\"}}],\"inLanguage\":\"pt-BR\"},{\"@type\":\"Organization\",\"@id\":\"https:\\\/\\\/diariodepe.com.br\\\/cri\\\/#organization\",\"name\":\"CRI e Diario de Pernambuco\",\"url\":\"https:\\\/\\\/diariodepe.com.br\\\/cri\\\/\",\"logo\":{\"@type\":\"ImageObject\",\"inLanguage\":\"pt-BR\",\"@id\":\"https:\\\/\\\/diariodepe.com.br\\\/cri\\\/#\\\/schema\\\/logo\\\/image\\\/\",\"url\":\"https:\\\/\\\/diariodepe.com.br\\\/cri\\\/wp-content\\\/uploads\\\/sites\\\/2\\\/2022\\\/12\\\/cropped-Logo.jpg\",\"contentUrl\":\"https:\\\/\\\/diariodepe.com.br\\\/cri\\\/wp-content\\\/uploads\\\/sites\\\/2\\\/2022\\\/12\\\/cropped-Logo.jpg\",\"width\":700,\"height\":59,\"caption\":\"CRI e Diario de Pernambuco\"},\"image\":{\"@id\":\"https:\\\/\\\/diariodepe.com.br\\\/cri\\\/#\\\/schema\\\/logo\\\/image\\\/\"}},{\"@type\":\"Person\",\"@id\":\"https:\\\/\\\/diariodepe.com.br\\\/cri\\\/#\\\/schema\\\/person\\\/121bb28d84f1a5b1205ef4ce9c2e0c6b\",\"name\":\"Ismael Lucas S. Pereira\",\"image\":{\"@type\":\"ImageObject\",\"inLanguage\":\"pt-BR\",\"@id\":\"https:\\\/\\\/secure.gravatar.com\\\/avatar\\\/887a0f3b5a7ceea963a48499fb883ffce6b5037362def025c52c2505b15d63e4?s=96&d=mm&r=g\",\"url\":\"https:\\\/\\\/secure.gravatar.com\\\/avatar\\\/887a0f3b5a7ceea963a48499fb883ffce6b5037362def025c52c2505b15d63e4?s=96&d=mm&r=g\",\"contentUrl\":\"https:\\\/\\\/secure.gravatar.com\\\/avatar\\\/887a0f3b5a7ceea963a48499fb883ffce6b5037362def025c52c2505b15d63e4?s=96&d=mm&r=g\",\"caption\":\"Ismael Lucas S. Pereira\"},\"url\":\"https:\\\/\\\/diariodepe.com.br\\\/cri\\\/author\\\/ismael-lucas\\\/\"}]}<\/script>\n<!-- \/ Yoast SEO plugin. -->","yoast_head_json":{"title":"L\u00edderes da China e da R\u00fassia comparecem \u00e0 cerim\u00f4nia de abertura do \u201cAno Cultural China-R\u00fassia\u201d - CRI e Diario de Pernambuco","robots":{"index":"index","follow":"follow","max-snippet":"max-snippet:-1","max-image-preview":"max-image-preview:large","max-video-preview":"max-video-preview:-1"},"canonical":"https:\/\/diariodepe.com.br\/cri\/2024\/05\/30\/lideres-da-china-e-da-russia-comparecem-a-cerimonia-de-abertura-do-ano-cultural-china-russia\/","og_locale":"pt_BR","og_type":"article","og_title":"L\u00edderes da China e da R\u00fassia comparecem \u00e0 cerim\u00f4nia de abertura do \u201cAno Cultural China-R\u00fassia\u201d - CRI e Diario de Pernambuco","og_description":"O presidente chin\u00eas, Xi Jinping, e o presidente russo, Vladimir Putin, compareceram na tarde desta quinta-feira (16) ao Centro Nacional das Artes C\u00eanicas, para a cerim\u00f4nia de abertura do \u201cAno Cultural China-R\u00fassia\u201d, que tamb\u00e9m contou com concerto especial em comemora\u00e7\u00e3o...","og_url":"https:\/\/diariodepe.com.br\/cri\/2024\/05\/30\/lideres-da-china-e-da-russia-comparecem-a-cerimonia-de-abertura-do-ano-cultural-china-russia\/","og_site_name":"CRI e Diario de Pernambuco","article_published_time":"2024-05-31T02:13:26+00:00","og_image":[{"url":"https:\/\/p3crires.cri.cn\/photoworkspace\/cri\/contentimg\/2024\/05\/16\/2024051621125829408.jpg","type":"","width":"","height":""}],"author":"Ismael Lucas S. Pereira","twitter_card":"summary_large_image","twitter_misc":{"Escrito por":"Ismael Lucas S. Pereira"},"schema":{"@context":"https:\/\/schema.org","@graph":[{"@type":"Article","@id":"https:\/\/diariodepe.com.br\/cri\/2024\/05\/30\/lideres-da-china-e-da-russia-comparecem-a-cerimonia-de-abertura-do-ano-cultural-china-russia\/#article","isPartOf":{"@id":"https:\/\/diariodepe.com.br\/cri\/2024\/05\/30\/lideres-da-china-e-da-russia-comparecem-a-cerimonia-de-abertura-do-ano-cultural-china-russia\/"},"author":{"name":"Ismael Lucas S. Pereira","@id":"https:\/\/diariodepe.com.br\/cri\/#\/schema\/person\/121bb28d84f1a5b1205ef4ce9c2e0c6b"},"headline":"L\u00edderes da China e da R\u00fassia comparecem \u00e0 cerim\u00f4nia de abertura do \u201cAno Cultural China-R\u00fassia\u201d","datePublished":"2024-05-31T02:13:26+00:00","mainEntityOfPage":{"@id":"https:\/\/diariodepe.com.br\/cri\/2024\/05\/30\/lideres-da-china-e-da-russia-comparecem-a-cerimonia-de-abertura-do-ano-cultural-china-russia\/"},"wordCount":437,"commentCount":0,"publisher":{"@id":"https:\/\/diariodepe.com.br\/cri\/#organization"},"image":{"@id":"https:\/\/diariodepe.com.br\/cri\/2024\/05\/30\/lideres-da-china-e-da-russia-comparecem-a-cerimonia-de-abertura-do-ano-cultural-china-russia\/#primaryimage"},"thumbnailUrl":"https:\/\/p3crires.cri.cn\/photoworkspace\/cri\/contentimg\/2024\/05\/16\/2024051621125829408.jpg","articleSection":["China"],"inLanguage":"pt-BR","potentialAction":[{"@type":"CommentAction","name":"Comment","target":["https:\/\/diariodepe.com.br\/cri\/2024\/05\/30\/lideres-da-china-e-da-russia-comparecem-a-cerimonia-de-abertura-do-ano-cultural-china-russia\/#respond"]}]},{"@type":"WebPage","@id":"https:\/\/diariodepe.com.br\/cri\/2024\/05\/30\/lideres-da-china-e-da-russia-comparecem-a-cerimonia-de-abertura-do-ano-cultural-china-russia\/","url":"https:\/\/diariodepe.com.br\/cri\/2024\/05\/30\/lideres-da-china-e-da-russia-comparecem-a-cerimonia-de-abertura-do-ano-cultural-china-russia\/","name":"L\u00edderes da China e da R\u00fassia comparecem \u00e0 cerim\u00f4nia de abertura do \u201cAno Cultural China-R\u00fassia\u201d - CRI e Diario de Pernambuco","isPartOf":{"@id":"https:\/\/diariodepe.com.br\/cri\/#website"},"primaryImageOfPage":{"@id":"https:\/\/diariodepe.com.br\/cri\/2024\/05\/30\/lideres-da-china-e-da-russia-comparecem-a-cerimonia-de-abertura-do-ano-cultural-china-russia\/#primaryimage"},"image":{"@id":"https:\/\/diariodepe.com.br\/cri\/2024\/05\/30\/lideres-da-china-e-da-russia-comparecem-a-cerimonia-de-abertura-do-ano-cultural-china-russia\/#primaryimage"},"thumbnailUrl":"https:\/\/p3crires.cri.cn\/photoworkspace\/cri\/contentimg\/2024\/05\/16\/2024051621125829408.jpg","datePublished":"2024-05-31T02:13:26+00:00","breadcrumb":{"@id":"https:\/\/diariodepe.com.br\/cri\/2024\/05\/30\/lideres-da-china-e-da-russia-comparecem-a-cerimonia-de-abertura-do-ano-cultural-china-russia\/#breadcrumb"},"inLanguage":"pt-BR","potentialAction":[{"@type":"ReadAction","target":["https:\/\/diariodepe.com.br\/cri\/2024\/05\/30\/lideres-da-china-e-da-russia-comparecem-a-cerimonia-de-abertura-do-ano-cultural-china-russia\/"]}]},{"@type":"ImageObject","inLanguage":"pt-BR","@id":"https:\/\/diariodepe.com.br\/cri\/2024\/05\/30\/lideres-da-china-e-da-russia-comparecem-a-cerimonia-de-abertura-do-ano-cultural-china-russia\/#primaryimage","url":"https:\/\/p3crires.cri.cn\/photoworkspace\/cri\/contentimg\/2024\/05\/16\/2024051621125829408.jpg","contentUrl":"https:\/\/p3crires.cri.cn\/photoworkspace\/cri\/contentimg\/2024\/05\/16\/2024051621125829408.jpg"},{"@type":"BreadcrumbList","@id":"https:\/\/diariodepe.com.br\/cri\/2024\/05\/30\/lideres-da-china-e-da-russia-comparecem-a-cerimonia-de-abertura-do-ano-cultural-china-russia\/#breadcrumb","itemListElement":[{"@type":"ListItem","position":1,"name":"In\u00edcio","item":"https:\/\/diariodepe.com.br\/cri\/"},{"@type":"ListItem","position":2,"name":"L\u00edderes da China e da R\u00fassia comparecem \u00e0 cerim\u00f4nia de abertura do \u201cAno Cultural China-R\u00fassia\u201d"}]},{"@type":"WebSite","@id":"https:\/\/diariodepe.com.br\/cri\/#website","url":"https:\/\/diariodepe.com.br\/cri\/","name":"CRI e Diario de Pernambuco","description":"R\u00e1dio Internacional da China","publisher":{"@id":"https:\/\/diariodepe.com.br\/cri\/#organization"},"potentialAction":[{"@type":"SearchAction","target":{"@type":"EntryPoint","urlTemplate":"https:\/\/diariodepe.com.br\/cri\/?s={search_term_string}"},"query-input":{"@type":"PropertyValueSpecification","valueRequired":true,"valueName":"search_term_string"}}],"inLanguage":"pt-BR"},{"@type":"Organization","@id":"https:\/\/diariodepe.com.br\/cri\/#organization","name":"CRI e Diario de Pernambuco","url":"https:\/\/diariodepe.com.br\/cri\/","logo":{"@type":"ImageObject","inLanguage":"pt-BR","@id":"https:\/\/diariodepe.com.br\/cri\/#\/schema\/logo\/image\/","url":"https:\/\/diariodepe.com.br\/cri\/wp-content\/uploads\/sites\/2\/2022\/12\/cropped-Logo.jpg","contentUrl":"https:\/\/diariodepe.com.br\/cri\/wp-content\/uploads\/sites\/2\/2022\/12\/cropped-Logo.jpg","width":700,"height":59,"caption":"CRI e Diario de Pernambuco"},"image":{"@id":"https:\/\/diariodepe.com.br\/cri\/#\/schema\/logo\/image\/"}},{"@type":"Person","@id":"https:\/\/diariodepe.com.br\/cri\/#\/schema\/person\/121bb28d84f1a5b1205ef4ce9c2e0c6b","name":"Ismael Lucas S. Pereira","image":{"@type":"ImageObject","inLanguage":"pt-BR","@id":"https:\/\/secure.gravatar.com\/avatar\/887a0f3b5a7ceea963a48499fb883ffce6b5037362def025c52c2505b15d63e4?s=96&d=mm&r=g","url":"https:\/\/secure.gravatar.com\/avatar\/887a0f3b5a7ceea963a48499fb883ffce6b5037362def025c52c2505b15d63e4?s=96&d=mm&r=g","contentUrl":"https:\/\/secure.gravatar.com\/avatar\/887a0f3b5a7ceea963a48499fb883ffce6b5037362def025c52c2505b15d63e4?s=96&d=mm&r=g","caption":"Ismael Lucas S. Pereira"},"url":"https:\/\/diariodepe.com.br\/cri\/author\/ismael-lucas\/"}]}},"cc_featured_image_caption":{"caption_text":false,"source_text":false,"source_url":false},"amp_enabled":true,"_links":{"self":[{"href":"https:\/\/diariodepe.com.br\/cri\/wp-json\/wp\/v2\/posts\/5363","targetHints":{"allow":["GET"]}}],"collection":[{"href":"https:\/\/diariodepe.com.br\/cri\/wp-json\/wp\/v2\/posts"}],"about":[{"href":"https:\/\/diariodepe.com.br\/cri\/wp-json\/wp\/v2\/types\/post"}],"author":[{"embeddable":true,"href":"https:\/\/diariodepe.com.br\/cri\/wp-json\/wp\/v2\/users\/2"}],"replies":[{"embeddable":true,"href":"https:\/\/diariodepe.com.br\/cri\/wp-json\/wp\/v2\/comments?post=5363"}],"version-history":[{"count":1,"href":"https:\/\/diariodepe.com.br\/cri\/wp-json\/wp\/v2\/posts\/5363\/revisions"}],"predecessor-version":[{"id":5364,"href":"https:\/\/diariodepe.com.br\/cri\/wp-json\/wp\/v2\/posts\/5363\/revisions\/5364"}],"wp:attachment":[{"href":"https:\/\/diariodepe.com.br\/cri\/wp-json\/wp\/v2\/media?parent=5363"}],"wp:term":[{"taxonomy":"category","embeddable":true,"href":"https:\/\/diariodepe.com.br\/cri\/wp-json\/wp\/v2\/categories?post=5363"},{"taxonomy":"post_tag","embeddable":true,"href":"https:\/\/diariodepe.com.br\/cri\/wp-json\/wp\/v2\/tags?post=5363"}],"curies":[{"name":"wp","href":"https:\/\/api.w.org\/{rel}","templated":true}]}}