{"id":5361,"date":"2024-05-30T23:12:38","date_gmt":"2024-05-31T02:12:38","guid":{"rendered":"https:\/\/diariodepe.com.br\/cri\/?p=5361"},"modified":"2024-05-30T23:12:38","modified_gmt":"2024-05-31T02:12:38","slug":"tarifas-dos-eua-nao-vao-impedir-o-crescimento-da-economia-chinesa","status":"publish","type":"post","link":"https:\/\/diariodepe.com.br\/cri\/2024\/05\/30\/tarifas-dos-eua-nao-vao-impedir-o-crescimento-da-economia-chinesa\/","title":{"rendered":"Tarifas dos EUA n\u00e3o v\u00e3o impedir o crescimento da economia chinesa"},"content":{"rendered":"<p>Os Estados Unidos anunciaram no dia 14 um pacote que implica no aumento de tarifas sobre uma s\u00e9rie de produtos chineses. Entre os itens est\u00e3o ve\u00edculos el\u00e9tricos, baterias, pain\u00e9is fotovoltaicos, a\u00e7o e alum\u00ednio, semicondutores, guindastes e produtos m\u00e9dicos.<\/p>\n<p>O aumento tarif\u00e1rio dos EUA desta vez foi quase inacredit\u00e1vel. Por exemplo, a tarifa para os ve\u00edculos el\u00e9tricos importados da China subiu de 27,5% para 102,5%. Al\u00e9m disso, as tarifas para pain\u00e9is solares e baterias chinesas ampliaram de 25% para 50% e de 7,5% para 25%, respectivamente.<\/p>\n<p class=\"photo_img_20190808\"><img decoding=\"async\" src=\"https:\/\/p3crires.cri.cn\/photoworkspace\/cri\/contentimg\/2024\/05\/16\/2024051610582325441.jpg\" alt=\"\" width=\"1000\" \/><\/p>\n<p>O setor de novas energias da China foi o principal objetivo do golpe das novas medidas de Washington. Vale lembrar que, nos \u00faltimos dias, muitos altos funcion\u00e1rios norte-americanos criticaram o \u201cexcesso de capacidade\u201d da China neste aspecto. Entendemos agora que estavam produzindo pretextos para dobrar tarifas sobre produtos chineses concernentes.<\/p>\n<p>Esses n\u00fameros s\u00e3o assustadores, mas n\u00e3o causar\u00e3o grandes danos para a economia da China, porque os produtos chineses nesta lista, como ve\u00edculos el\u00e9tricos, baterias e chips de computadores, n\u00e3o s\u00e3o pesados nas exporta\u00e7\u00f5es chinesas para os EUA. As estat\u00edsticas mostram que a China exportou apenas 10 mil autom\u00f3veis el\u00e9tricos para os EUA em 2023, ocupando menos de 1% da exporta\u00e7\u00e3o total. No primeiro trimestre deste ano, o n\u00famero de ve\u00edculos el\u00e9tricos chineses que entraram no mercado norte-americano n\u00e3o atingiu 2.000. Al\u00e9m disso, os ve\u00edculos el\u00e9tricos, produtos m\u00e9dicos e semicondutores ocupam apenas 5,9% das exporta\u00e7\u00f5es chinesas para os EUA.<\/p>\n<p>At\u00e9 o jornal japon\u00eas Nihon Keizai Shimbun analisou que os setores concernentes da China n\u00e3o dependem muito do mercado estadunidense, por isso, \u00e9 dif\u00edcil que o aumento de tarifas cause influ\u00eancia maci\u00e7a para empresas chinesas envolvidas. A Bloomberg tamb\u00e9m indicou que as medidas do governo Biden s\u00e3o fortes apenas nos n\u00fameros e o efeito pode ser apenas simb\u00f3lico, ou seja, n\u00e3o v\u00e3o impedir o crescimento da economia chinesa.<\/p>\n<p>A conduta dos EUA tem principalmente duas raz\u00f5es. Primeira, a ind\u00fastria de novas energias da China \u00e9 mais competitiva. Washington tenta proteger suas pr\u00f3prias empresas envolvidas com medidas protecionistas. Segunda, no ano eleitoral norte-americano, \u00e9 uma tentativa de Biden de cativar os eleitores que avaliam mal suas pol\u00edticas econ\u00f4micas.<\/p>\n","protected":false},"excerpt":{"rendered":"<p>Os Estados Unidos anunciaram no dia 14 um pacote que implica no aumento de tarifas sobre uma s\u00e9rie de produtos chineses. Entre os itens est\u00e3o ve\u00edculos el\u00e9tricos, baterias, pain\u00e9is fotovoltaicos, a\u00e7o e alum\u00ednio, semicondutores, guindastes e produtos m\u00e9dicos. O aumento&#8230;<\/p>\n","protected":false},"author":2,"featured_media":0,"comment_status":"open","ping_status":"open","sticky":false,"template":"","format":"standard","meta":{"footnotes":""},"categories":[7],"tags":[],"class_list":["post-5361","post","type-post","status-publish","format-standard","hentry","category-visao"],"yoast_head":"<!-- This site is optimized with the Yoast SEO plugin v27.4 - https:\/\/yoast.com\/product\/yoast-seo-wordpress\/ -->\n<title>Tarifas dos EUA n\u00e3o v\u00e3o impedir o crescimento da economia chinesa - CRI e Diario de Pernambuco<\/title>\n<meta name=\"robots\" content=\"index, follow, max-snippet:-1, max-image-preview:large, max-video-preview:-1\" \/>\n<link rel=\"canonical\" href=\"https:\/\/diariodepe.com.br\/cri\/2024\/05\/30\/tarifas-dos-eua-nao-vao-impedir-o-crescimento-da-economia-chinesa\/\" \/>\n<meta property=\"og:locale\" content=\"pt_BR\" \/>\n<meta property=\"og:type\" content=\"article\" \/>\n<meta property=\"og:title\" content=\"Tarifas dos EUA n\u00e3o v\u00e3o impedir o crescimento da economia chinesa - CRI e Diario de Pernambuco\" \/>\n<meta property=\"og:description\" content=\"Os Estados Unidos anunciaram no dia 14 um pacote que implica no aumento de tarifas sobre uma s\u00e9rie de produtos chineses. Entre os itens est\u00e3o ve\u00edculos el\u00e9tricos, baterias, pain\u00e9is fotovoltaicos, a\u00e7o e alum\u00ednio, semicondutores, guindastes e produtos m\u00e9dicos. O aumento...\" \/>\n<meta property=\"og:url\" content=\"https:\/\/diariodepe.com.br\/cri\/2024\/05\/30\/tarifas-dos-eua-nao-vao-impedir-o-crescimento-da-economia-chinesa\/\" \/>\n<meta property=\"og:site_name\" content=\"CRI e Diario de Pernambuco\" \/>\n<meta property=\"article:published_time\" content=\"2024-05-31T02:12:38+00:00\" \/>\n<meta property=\"og:image\" content=\"https:\/\/p3crires.cri.cn\/photoworkspace\/cri\/contentimg\/2024\/05\/16\/2024051610582325441.jpg\" \/>\n<meta name=\"author\" content=\"Ismael Lucas S. Pereira\" \/>\n<meta name=\"twitter:card\" content=\"summary_large_image\" \/>\n<meta name=\"twitter:label1\" content=\"Escrito por\" \/>\n\t<meta name=\"twitter:data1\" content=\"Ismael Lucas S. Pereira\" \/>\n\t<meta name=\"twitter:label2\" content=\"Est. tempo de leitura\" \/>\n\t<meta name=\"twitter:data2\" content=\"3 minutos\" \/>\n<script type=\"application\/ld+json\" class=\"yoast-schema-graph\">{\"@context\":\"https:\\\/\\\/schema.org\",\"@graph\":[{\"@type\":\"Article\",\"@id\":\"https:\\\/\\\/diariodepe.com.br\\\/cri\\\/2024\\\/05\\\/30\\\/tarifas-dos-eua-nao-vao-impedir-o-crescimento-da-economia-chinesa\\\/#article\",\"isPartOf\":{\"@id\":\"https:\\\/\\\/diariodepe.com.br\\\/cri\\\/2024\\\/05\\\/30\\\/tarifas-dos-eua-nao-vao-impedir-o-crescimento-da-economia-chinesa\\\/\"},\"author\":{\"name\":\"Ismael Lucas S. Pereira\",\"@id\":\"https:\\\/\\\/diariodepe.com.br\\\/cri\\\/#\\\/schema\\\/person\\\/121bb28d84f1a5b1205ef4ce9c2e0c6b\"},\"headline\":\"Tarifas dos EUA n\u00e3o v\u00e3o impedir o crescimento da economia chinesa\",\"datePublished\":\"2024-05-31T02:12:38+00:00\",\"mainEntityOfPage\":{\"@id\":\"https:\\\/\\\/diariodepe.com.br\\\/cri\\\/2024\\\/05\\\/30\\\/tarifas-dos-eua-nao-vao-impedir-o-crescimento-da-economia-chinesa\\\/\"},\"wordCount\":401,\"commentCount\":0,\"publisher\":{\"@id\":\"https:\\\/\\\/diariodepe.com.br\\\/cri\\\/#organization\"},\"image\":{\"@id\":\"https:\\\/\\\/diariodepe.com.br\\\/cri\\\/2024\\\/05\\\/30\\\/tarifas-dos-eua-nao-vao-impedir-o-crescimento-da-economia-chinesa\\\/#primaryimage\"},\"thumbnailUrl\":\"https:\\\/\\\/p3crires.cri.cn\\\/photoworkspace\\\/cri\\\/contentimg\\\/2024\\\/05\\\/16\\\/2024051610582325441.jpg\",\"articleSection\":[\"Vis\u00e3o\"],\"inLanguage\":\"pt-BR\",\"potentialAction\":[{\"@type\":\"CommentAction\",\"name\":\"Comment\",\"target\":[\"https:\\\/\\\/diariodepe.com.br\\\/cri\\\/2024\\\/05\\\/30\\\/tarifas-dos-eua-nao-vao-impedir-o-crescimento-da-economia-chinesa\\\/#respond\"]}]},{\"@type\":\"WebPage\",\"@id\":\"https:\\\/\\\/diariodepe.com.br\\\/cri\\\/2024\\\/05\\\/30\\\/tarifas-dos-eua-nao-vao-impedir-o-crescimento-da-economia-chinesa\\\/\",\"url\":\"https:\\\/\\\/diariodepe.com.br\\\/cri\\\/2024\\\/05\\\/30\\\/tarifas-dos-eua-nao-vao-impedir-o-crescimento-da-economia-chinesa\\\/\",\"name\":\"Tarifas dos EUA n\u00e3o v\u00e3o impedir o crescimento da economia chinesa - CRI e Diario de Pernambuco\",\"isPartOf\":{\"@id\":\"https:\\\/\\\/diariodepe.com.br\\\/cri\\\/#website\"},\"primaryImageOfPage\":{\"@id\":\"https:\\\/\\\/diariodepe.com.br\\\/cri\\\/2024\\\/05\\\/30\\\/tarifas-dos-eua-nao-vao-impedir-o-crescimento-da-economia-chinesa\\\/#primaryimage\"},\"image\":{\"@id\":\"https:\\\/\\\/diariodepe.com.br\\\/cri\\\/2024\\\/05\\\/30\\\/tarifas-dos-eua-nao-vao-impedir-o-crescimento-da-economia-chinesa\\\/#primaryimage\"},\"thumbnailUrl\":\"https:\\\/\\\/p3crires.cri.cn\\\/photoworkspace\\\/cri\\\/contentimg\\\/2024\\\/05\\\/16\\\/2024051610582325441.jpg\",\"datePublished\":\"2024-05-31T02:12:38+00:00\",\"breadcrumb\":{\"@id\":\"https:\\\/\\\/diariodepe.com.br\\\/cri\\\/2024\\\/05\\\/30\\\/tarifas-dos-eua-nao-vao-impedir-o-crescimento-da-economia-chinesa\\\/#breadcrumb\"},\"inLanguage\":\"pt-BR\",\"potentialAction\":[{\"@type\":\"ReadAction\",\"target\":[\"https:\\\/\\\/diariodepe.com.br\\\/cri\\\/2024\\\/05\\\/30\\\/tarifas-dos-eua-nao-vao-impedir-o-crescimento-da-economia-chinesa\\\/\"]}]},{\"@type\":\"ImageObject\",\"inLanguage\":\"pt-BR\",\"@id\":\"https:\\\/\\\/diariodepe.com.br\\\/cri\\\/2024\\\/05\\\/30\\\/tarifas-dos-eua-nao-vao-impedir-o-crescimento-da-economia-chinesa\\\/#primaryimage\",\"url\":\"https:\\\/\\\/p3crires.cri.cn\\\/photoworkspace\\\/cri\\\/contentimg\\\/2024\\\/05\\\/16\\\/2024051610582325441.jpg\",\"contentUrl\":\"https:\\\/\\\/p3crires.cri.cn\\\/photoworkspace\\\/cri\\\/contentimg\\\/2024\\\/05\\\/16\\\/2024051610582325441.jpg\"},{\"@type\":\"BreadcrumbList\",\"@id\":\"https:\\\/\\\/diariodepe.com.br\\\/cri\\\/2024\\\/05\\\/30\\\/tarifas-dos-eua-nao-vao-impedir-o-crescimento-da-economia-chinesa\\\/#breadcrumb\",\"itemListElement\":[{\"@type\":\"ListItem\",\"position\":1,\"name\":\"In\u00edcio\",\"item\":\"https:\\\/\\\/diariodepe.com.br\\\/cri\\\/\"},{\"@type\":\"ListItem\",\"position\":2,\"name\":\"Tarifas dos EUA n\u00e3o v\u00e3o impedir o crescimento da economia chinesa\"}]},{\"@type\":\"WebSite\",\"@id\":\"https:\\\/\\\/diariodepe.com.br\\\/cri\\\/#website\",\"url\":\"https:\\\/\\\/diariodepe.com.br\\\/cri\\\/\",\"name\":\"CRI e Diario de Pernambuco\",\"description\":\"R\u00e1dio Internacional da China\",\"publisher\":{\"@id\":\"https:\\\/\\\/diariodepe.com.br\\\/cri\\\/#organization\"},\"potentialAction\":[{\"@type\":\"SearchAction\",\"target\":{\"@type\":\"EntryPoint\",\"urlTemplate\":\"https:\\\/\\\/diariodepe.com.br\\\/cri\\\/?s={search_term_string}\"},\"query-input\":{\"@type\":\"PropertyValueSpecification\",\"valueRequired\":true,\"valueName\":\"search_term_string\"}}],\"inLanguage\":\"pt-BR\"},{\"@type\":\"Organization\",\"@id\":\"https:\\\/\\\/diariodepe.com.br\\\/cri\\\/#organization\",\"name\":\"CRI e Diario de Pernambuco\",\"url\":\"https:\\\/\\\/diariodepe.com.br\\\/cri\\\/\",\"logo\":{\"@type\":\"ImageObject\",\"inLanguage\":\"pt-BR\",\"@id\":\"https:\\\/\\\/diariodepe.com.br\\\/cri\\\/#\\\/schema\\\/logo\\\/image\\\/\",\"url\":\"https:\\\/\\\/diariodepe.com.br\\\/cri\\\/wp-content\\\/uploads\\\/sites\\\/2\\\/2022\\\/12\\\/cropped-Logo.jpg\",\"contentUrl\":\"https:\\\/\\\/diariodepe.com.br\\\/cri\\\/wp-content\\\/uploads\\\/sites\\\/2\\\/2022\\\/12\\\/cropped-Logo.jpg\",\"width\":700,\"height\":59,\"caption\":\"CRI e Diario de Pernambuco\"},\"image\":{\"@id\":\"https:\\\/\\\/diariodepe.com.br\\\/cri\\\/#\\\/schema\\\/logo\\\/image\\\/\"}},{\"@type\":\"Person\",\"@id\":\"https:\\\/\\\/diariodepe.com.br\\\/cri\\\/#\\\/schema\\\/person\\\/121bb28d84f1a5b1205ef4ce9c2e0c6b\",\"name\":\"Ismael Lucas S. Pereira\",\"image\":{\"@type\":\"ImageObject\",\"inLanguage\":\"pt-BR\",\"@id\":\"https:\\\/\\\/secure.gravatar.com\\\/avatar\\\/887a0f3b5a7ceea963a48499fb883ffce6b5037362def025c52c2505b15d63e4?s=96&d=mm&r=g\",\"url\":\"https:\\\/\\\/secure.gravatar.com\\\/avatar\\\/887a0f3b5a7ceea963a48499fb883ffce6b5037362def025c52c2505b15d63e4?s=96&d=mm&r=g\",\"contentUrl\":\"https:\\\/\\\/secure.gravatar.com\\\/avatar\\\/887a0f3b5a7ceea963a48499fb883ffce6b5037362def025c52c2505b15d63e4?s=96&d=mm&r=g\",\"caption\":\"Ismael Lucas S. Pereira\"},\"url\":\"https:\\\/\\\/diariodepe.com.br\\\/cri\\\/author\\\/ismael-lucas\\\/\"}]}<\/script>\n<!-- \/ Yoast SEO plugin. -->","yoast_head_json":{"title":"Tarifas dos EUA n\u00e3o v\u00e3o impedir o crescimento da economia chinesa - CRI e Diario de Pernambuco","robots":{"index":"index","follow":"follow","max-snippet":"max-snippet:-1","max-image-preview":"max-image-preview:large","max-video-preview":"max-video-preview:-1"},"canonical":"https:\/\/diariodepe.com.br\/cri\/2024\/05\/30\/tarifas-dos-eua-nao-vao-impedir-o-crescimento-da-economia-chinesa\/","og_locale":"pt_BR","og_type":"article","og_title":"Tarifas dos EUA n\u00e3o v\u00e3o impedir o crescimento da economia chinesa - CRI e Diario de Pernambuco","og_description":"Os Estados Unidos anunciaram no dia 14 um pacote que implica no aumento de tarifas sobre uma s\u00e9rie de produtos chineses. Entre os itens est\u00e3o ve\u00edculos el\u00e9tricos, baterias, pain\u00e9is fotovoltaicos, a\u00e7o e alum\u00ednio, semicondutores, guindastes e produtos m\u00e9dicos. O aumento...","og_url":"https:\/\/diariodepe.com.br\/cri\/2024\/05\/30\/tarifas-dos-eua-nao-vao-impedir-o-crescimento-da-economia-chinesa\/","og_site_name":"CRI e Diario de Pernambuco","article_published_time":"2024-05-31T02:12:38+00:00","og_image":[{"url":"https:\/\/p3crires.cri.cn\/photoworkspace\/cri\/contentimg\/2024\/05\/16\/2024051610582325441.jpg","type":"","width":"","height":""}],"author":"Ismael Lucas S. Pereira","twitter_card":"summary_large_image","twitter_misc":{"Escrito por":"Ismael Lucas S. Pereira","Est. tempo de leitura":"3 minutos"},"schema":{"@context":"https:\/\/schema.org","@graph":[{"@type":"Article","@id":"https:\/\/diariodepe.com.br\/cri\/2024\/05\/30\/tarifas-dos-eua-nao-vao-impedir-o-crescimento-da-economia-chinesa\/#article","isPartOf":{"@id":"https:\/\/diariodepe.com.br\/cri\/2024\/05\/30\/tarifas-dos-eua-nao-vao-impedir-o-crescimento-da-economia-chinesa\/"},"author":{"name":"Ismael Lucas S. Pereira","@id":"https:\/\/diariodepe.com.br\/cri\/#\/schema\/person\/121bb28d84f1a5b1205ef4ce9c2e0c6b"},"headline":"Tarifas dos EUA n\u00e3o v\u00e3o impedir o crescimento da economia chinesa","datePublished":"2024-05-31T02:12:38+00:00","mainEntityOfPage":{"@id":"https:\/\/diariodepe.com.br\/cri\/2024\/05\/30\/tarifas-dos-eua-nao-vao-impedir-o-crescimento-da-economia-chinesa\/"},"wordCount":401,"commentCount":0,"publisher":{"@id":"https:\/\/diariodepe.com.br\/cri\/#organization"},"image":{"@id":"https:\/\/diariodepe.com.br\/cri\/2024\/05\/30\/tarifas-dos-eua-nao-vao-impedir-o-crescimento-da-economia-chinesa\/#primaryimage"},"thumbnailUrl":"https:\/\/p3crires.cri.cn\/photoworkspace\/cri\/contentimg\/2024\/05\/16\/2024051610582325441.jpg","articleSection":["Vis\u00e3o"],"inLanguage":"pt-BR","potentialAction":[{"@type":"CommentAction","name":"Comment","target":["https:\/\/diariodepe.com.br\/cri\/2024\/05\/30\/tarifas-dos-eua-nao-vao-impedir-o-crescimento-da-economia-chinesa\/#respond"]}]},{"@type":"WebPage","@id":"https:\/\/diariodepe.com.br\/cri\/2024\/05\/30\/tarifas-dos-eua-nao-vao-impedir-o-crescimento-da-economia-chinesa\/","url":"https:\/\/diariodepe.com.br\/cri\/2024\/05\/30\/tarifas-dos-eua-nao-vao-impedir-o-crescimento-da-economia-chinesa\/","name":"Tarifas dos EUA n\u00e3o v\u00e3o impedir o crescimento da economia chinesa - CRI e Diario de Pernambuco","isPartOf":{"@id":"https:\/\/diariodepe.com.br\/cri\/#website"},"primaryImageOfPage":{"@id":"https:\/\/diariodepe.com.br\/cri\/2024\/05\/30\/tarifas-dos-eua-nao-vao-impedir-o-crescimento-da-economia-chinesa\/#primaryimage"},"image":{"@id":"https:\/\/diariodepe.com.br\/cri\/2024\/05\/30\/tarifas-dos-eua-nao-vao-impedir-o-crescimento-da-economia-chinesa\/#primaryimage"},"thumbnailUrl":"https:\/\/p3crires.cri.cn\/photoworkspace\/cri\/contentimg\/2024\/05\/16\/2024051610582325441.jpg","datePublished":"2024-05-31T02:12:38+00:00","breadcrumb":{"@id":"https:\/\/diariodepe.com.br\/cri\/2024\/05\/30\/tarifas-dos-eua-nao-vao-impedir-o-crescimento-da-economia-chinesa\/#breadcrumb"},"inLanguage":"pt-BR","potentialAction":[{"@type":"ReadAction","target":["https:\/\/diariodepe.com.br\/cri\/2024\/05\/30\/tarifas-dos-eua-nao-vao-impedir-o-crescimento-da-economia-chinesa\/"]}]},{"@type":"ImageObject","inLanguage":"pt-BR","@id":"https:\/\/diariodepe.com.br\/cri\/2024\/05\/30\/tarifas-dos-eua-nao-vao-impedir-o-crescimento-da-economia-chinesa\/#primaryimage","url":"https:\/\/p3crires.cri.cn\/photoworkspace\/cri\/contentimg\/2024\/05\/16\/2024051610582325441.jpg","contentUrl":"https:\/\/p3crires.cri.cn\/photoworkspace\/cri\/contentimg\/2024\/05\/16\/2024051610582325441.jpg"},{"@type":"BreadcrumbList","@id":"https:\/\/diariodepe.com.br\/cri\/2024\/05\/30\/tarifas-dos-eua-nao-vao-impedir-o-crescimento-da-economia-chinesa\/#breadcrumb","itemListElement":[{"@type":"ListItem","position":1,"name":"In\u00edcio","item":"https:\/\/diariodepe.com.br\/cri\/"},{"@type":"ListItem","position":2,"name":"Tarifas dos EUA n\u00e3o v\u00e3o impedir o crescimento da economia chinesa"}]},{"@type":"WebSite","@id":"https:\/\/diariodepe.com.br\/cri\/#website","url":"https:\/\/diariodepe.com.br\/cri\/","name":"CRI e Diario de Pernambuco","description":"R\u00e1dio Internacional da China","publisher":{"@id":"https:\/\/diariodepe.com.br\/cri\/#organization"},"potentialAction":[{"@type":"SearchAction","target":{"@type":"EntryPoint","urlTemplate":"https:\/\/diariodepe.com.br\/cri\/?s={search_term_string}"},"query-input":{"@type":"PropertyValueSpecification","valueRequired":true,"valueName":"search_term_string"}}],"inLanguage":"pt-BR"},{"@type":"Organization","@id":"https:\/\/diariodepe.com.br\/cri\/#organization","name":"CRI e Diario de Pernambuco","url":"https:\/\/diariodepe.com.br\/cri\/","logo":{"@type":"ImageObject","inLanguage":"pt-BR","@id":"https:\/\/diariodepe.com.br\/cri\/#\/schema\/logo\/image\/","url":"https:\/\/diariodepe.com.br\/cri\/wp-content\/uploads\/sites\/2\/2022\/12\/cropped-Logo.jpg","contentUrl":"https:\/\/diariodepe.com.br\/cri\/wp-content\/uploads\/sites\/2\/2022\/12\/cropped-Logo.jpg","width":700,"height":59,"caption":"CRI e Diario de Pernambuco"},"image":{"@id":"https:\/\/diariodepe.com.br\/cri\/#\/schema\/logo\/image\/"}},{"@type":"Person","@id":"https:\/\/diariodepe.com.br\/cri\/#\/schema\/person\/121bb28d84f1a5b1205ef4ce9c2e0c6b","name":"Ismael Lucas S. Pereira","image":{"@type":"ImageObject","inLanguage":"pt-BR","@id":"https:\/\/secure.gravatar.com\/avatar\/887a0f3b5a7ceea963a48499fb883ffce6b5037362def025c52c2505b15d63e4?s=96&d=mm&r=g","url":"https:\/\/secure.gravatar.com\/avatar\/887a0f3b5a7ceea963a48499fb883ffce6b5037362def025c52c2505b15d63e4?s=96&d=mm&r=g","contentUrl":"https:\/\/secure.gravatar.com\/avatar\/887a0f3b5a7ceea963a48499fb883ffce6b5037362def025c52c2505b15d63e4?s=96&d=mm&r=g","caption":"Ismael Lucas S. Pereira"},"url":"https:\/\/diariodepe.com.br\/cri\/author\/ismael-lucas\/"}]}},"cc_featured_image_caption":{"caption_text":false,"source_text":false,"source_url":false},"amp_enabled":true,"_links":{"self":[{"href":"https:\/\/diariodepe.com.br\/cri\/wp-json\/wp\/v2\/posts\/5361","targetHints":{"allow":["GET"]}}],"collection":[{"href":"https:\/\/diariodepe.com.br\/cri\/wp-json\/wp\/v2\/posts"}],"about":[{"href":"https:\/\/diariodepe.com.br\/cri\/wp-json\/wp\/v2\/types\/post"}],"author":[{"embeddable":true,"href":"https:\/\/diariodepe.com.br\/cri\/wp-json\/wp\/v2\/users\/2"}],"replies":[{"embeddable":true,"href":"https:\/\/diariodepe.com.br\/cri\/wp-json\/wp\/v2\/comments?post=5361"}],"version-history":[{"count":1,"href":"https:\/\/diariodepe.com.br\/cri\/wp-json\/wp\/v2\/posts\/5361\/revisions"}],"predecessor-version":[{"id":5362,"href":"https:\/\/diariodepe.com.br\/cri\/wp-json\/wp\/v2\/posts\/5361\/revisions\/5362"}],"wp:attachment":[{"href":"https:\/\/diariodepe.com.br\/cri\/wp-json\/wp\/v2\/media?parent=5361"}],"wp:term":[{"taxonomy":"category","embeddable":true,"href":"https:\/\/diariodepe.com.br\/cri\/wp-json\/wp\/v2\/categories?post=5361"},{"taxonomy":"post_tag","embeddable":true,"href":"https:\/\/diariodepe.com.br\/cri\/wp-json\/wp\/v2\/tags?post=5361"}],"curies":[{"name":"wp","href":"https:\/\/api.w.org\/{rel}","templated":true}]}}