{"id":5341,"date":"2024-05-30T04:09:00","date_gmt":"2024-05-30T07:09:00","guid":{"rendered":"https:\/\/diariodepe.com.br\/cri\/?p=5341"},"modified":"2024-05-30T04:09:00","modified_gmt":"2024-05-30T07:09:00","slug":"fazer-das-relacoes-entre-a-china-e-os-paises-arabes-uma-referencia-na-salvaguarda-da-paz-e-estabilidade-mundial-diz-xi-jinping","status":"publish","type":"post","link":"https:\/\/diariodepe.com.br\/cri\/2024\/05\/30\/fazer-das-relacoes-entre-a-china-e-os-paises-arabes-uma-referencia-na-salvaguarda-da-paz-e-estabilidade-mundial-diz-xi-jinping\/","title":{"rendered":"Fazer das rela\u00e7\u00f5es entre a China e os pa\u00edses \u00e1rabes uma refer\u00eancia na salvaguarda da paz e estabilidade mundial, diz Xi Jinping"},"content":{"rendered":"<p>Na manh\u00e3 desta quinta-feira\u00a0(30), o presidente da China, Xi Jinping, participou da cerim\u00f4nia de abertura da 10\u00aa Confer\u00eancia Ministerial do F\u00f3rum de Coopera\u00e7\u00e3o China-Pa\u00edses \u00c1rabes em Beijing, e proferiu um discurso tem\u00e1tico.<\/p>\n<p>O l\u00edder chin\u00eas\u00a0disse que a China est\u00e1 disposta a trabalhar com os pa\u00edses \u00e1rabes para ajudar uns aos outros, e fazer das rela\u00e7\u00f5es bilaterais uma refer\u00eancia na manuten\u00e7\u00e3o da paz e da estabilidade mundial. Perante um mundo turbulento, o respeito m\u00fatuo \u00e9 a forma de coexist\u00eancia harmoniosa, e a imparcialidade e a justi\u00e7a s\u00e3o a base para a seguran\u00e7a duradoura. Estamos dispostos a trabalhar com os pa\u00edses \u00e1rabes para valorizar os princ\u00edpios da Carta da Organiza\u00e7\u00e3o das Na\u00e7\u00f5es Unidas, respeitar as escolhas aut\u00f4nomas dos povos de todos os pa\u00edses, respeitar as realidades formadas pela hist\u00f3ria e explorar solu\u00e7\u00f5es para quest\u00f5es cr\u00edticas que conduzam \u00e0 salvaguarda da equidade e justi\u00e7a, \u00e0 paz e \u00e0\u00a0estabilidade a longo prazo.<\/p>\n<p>&nbsp;<\/p>\n","protected":false},"excerpt":{"rendered":"<p>Na manh\u00e3 desta quinta-feira\u00a0(30), o presidente da China, Xi Jinping, participou da cerim\u00f4nia de abertura da 10\u00aa Confer\u00eancia Ministerial do F\u00f3rum de Coopera\u00e7\u00e3o China-Pa\u00edses \u00c1rabes em Beijing, e proferiu um discurso tem\u00e1tico. O l\u00edder chin\u00eas\u00a0disse que a China est\u00e1 disposta&#8230;<\/p>\n","protected":false},"author":2,"featured_media":0,"comment_status":"open","ping_status":"open","sticky":false,"template":"","format":"standard","meta":{"footnotes":""},"categories":[3],"tags":[],"class_list":["post-5341","post","type-post","status-publish","format-standard","hentry","category-china"],"yoast_head":"<!-- This site is optimized with the Yoast SEO plugin v27.4 - https:\/\/yoast.com\/product\/yoast-seo-wordpress\/ -->\n<title>Fazer das rela\u00e7\u00f5es entre a China e os pa\u00edses \u00e1rabes uma refer\u00eancia na salvaguarda da paz e estabilidade mundial, diz Xi Jinping - CRI e Diario de Pernambuco<\/title>\n<meta name=\"robots\" content=\"index, follow, max-snippet:-1, max-image-preview:large, max-video-preview:-1\" \/>\n<link rel=\"canonical\" href=\"https:\/\/diariodepe.com.br\/cri\/2024\/05\/30\/fazer-das-relacoes-entre-a-china-e-os-paises-arabes-uma-referencia-na-salvaguarda-da-paz-e-estabilidade-mundial-diz-xi-jinping\/\" \/>\n<meta property=\"og:locale\" content=\"pt_BR\" \/>\n<meta property=\"og:type\" content=\"article\" \/>\n<meta property=\"og:title\" content=\"Fazer das rela\u00e7\u00f5es entre a China e os pa\u00edses \u00e1rabes uma refer\u00eancia na salvaguarda da paz e estabilidade mundial, diz Xi Jinping - CRI e Diario de Pernambuco\" \/>\n<meta property=\"og:description\" content=\"Na manh\u00e3 desta quinta-feira\u00a0(30), o presidente da China, Xi Jinping, participou da cerim\u00f4nia de abertura da 10\u00aa Confer\u00eancia Ministerial do F\u00f3rum de Coopera\u00e7\u00e3o China-Pa\u00edses \u00c1rabes em Beijing, e proferiu um discurso tem\u00e1tico. O l\u00edder chin\u00eas\u00a0disse que a China est\u00e1 disposta...\" \/>\n<meta property=\"og:url\" content=\"https:\/\/diariodepe.com.br\/cri\/2024\/05\/30\/fazer-das-relacoes-entre-a-china-e-os-paises-arabes-uma-referencia-na-salvaguarda-da-paz-e-estabilidade-mundial-diz-xi-jinping\/\" \/>\n<meta property=\"og:site_name\" content=\"CRI e Diario de Pernambuco\" \/>\n<meta property=\"article:published_time\" content=\"2024-05-30T07:09:00+00:00\" \/>\n<meta name=\"author\" content=\"Ismael Lucas S. Pereira\" \/>\n<meta name=\"twitter:card\" content=\"summary_large_image\" \/>\n<meta name=\"twitter:label1\" content=\"Escrito por\" \/>\n\t<meta name=\"twitter:data1\" content=\"Ismael Lucas S. Pereira\" \/>\n\t<meta name=\"twitter:label2\" content=\"Est. tempo de leitura\" \/>\n\t<meta name=\"twitter:data2\" content=\"1 minuto\" \/>\n<script type=\"application\/ld+json\" class=\"yoast-schema-graph\">{\"@context\":\"https:\\\/\\\/schema.org\",\"@graph\":[{\"@type\":\"Article\",\"@id\":\"https:\\\/\\\/diariodepe.com.br\\\/cri\\\/2024\\\/05\\\/30\\\/fazer-das-relacoes-entre-a-china-e-os-paises-arabes-uma-referencia-na-salvaguarda-da-paz-e-estabilidade-mundial-diz-xi-jinping\\\/#article\",\"isPartOf\":{\"@id\":\"https:\\\/\\\/diariodepe.com.br\\\/cri\\\/2024\\\/05\\\/30\\\/fazer-das-relacoes-entre-a-china-e-os-paises-arabes-uma-referencia-na-salvaguarda-da-paz-e-estabilidade-mundial-diz-xi-jinping\\\/\"},\"author\":{\"name\":\"Ismael Lucas S. Pereira\",\"@id\":\"https:\\\/\\\/diariodepe.com.br\\\/cri\\\/#\\\/schema\\\/person\\\/121bb28d84f1a5b1205ef4ce9c2e0c6b\"},\"headline\":\"Fazer das rela\u00e7\u00f5es entre a China e os pa\u00edses \u00e1rabes uma refer\u00eancia na salvaguarda da paz e estabilidade mundial, diz Xi Jinping\",\"datePublished\":\"2024-05-30T07:09:00+00:00\",\"mainEntityOfPage\":{\"@id\":\"https:\\\/\\\/diariodepe.com.br\\\/cri\\\/2024\\\/05\\\/30\\\/fazer-das-relacoes-entre-a-china-e-os-paises-arabes-uma-referencia-na-salvaguarda-da-paz-e-estabilidade-mundial-diz-xi-jinping\\\/\"},\"wordCount\":199,\"commentCount\":0,\"publisher\":{\"@id\":\"https:\\\/\\\/diariodepe.com.br\\\/cri\\\/#organization\"},\"articleSection\":[\"China\"],\"inLanguage\":\"pt-BR\",\"potentialAction\":[{\"@type\":\"CommentAction\",\"name\":\"Comment\",\"target\":[\"https:\\\/\\\/diariodepe.com.br\\\/cri\\\/2024\\\/05\\\/30\\\/fazer-das-relacoes-entre-a-china-e-os-paises-arabes-uma-referencia-na-salvaguarda-da-paz-e-estabilidade-mundial-diz-xi-jinping\\\/#respond\"]}]},{\"@type\":\"WebPage\",\"@id\":\"https:\\\/\\\/diariodepe.com.br\\\/cri\\\/2024\\\/05\\\/30\\\/fazer-das-relacoes-entre-a-china-e-os-paises-arabes-uma-referencia-na-salvaguarda-da-paz-e-estabilidade-mundial-diz-xi-jinping\\\/\",\"url\":\"https:\\\/\\\/diariodepe.com.br\\\/cri\\\/2024\\\/05\\\/30\\\/fazer-das-relacoes-entre-a-china-e-os-paises-arabes-uma-referencia-na-salvaguarda-da-paz-e-estabilidade-mundial-diz-xi-jinping\\\/\",\"name\":\"Fazer das rela\u00e7\u00f5es entre a China e os pa\u00edses \u00e1rabes uma refer\u00eancia na salvaguarda da paz e estabilidade mundial, diz Xi Jinping - CRI e Diario de Pernambuco\",\"isPartOf\":{\"@id\":\"https:\\\/\\\/diariodepe.com.br\\\/cri\\\/#website\"},\"datePublished\":\"2024-05-30T07:09:00+00:00\",\"breadcrumb\":{\"@id\":\"https:\\\/\\\/diariodepe.com.br\\\/cri\\\/2024\\\/05\\\/30\\\/fazer-das-relacoes-entre-a-china-e-os-paises-arabes-uma-referencia-na-salvaguarda-da-paz-e-estabilidade-mundial-diz-xi-jinping\\\/#breadcrumb\"},\"inLanguage\":\"pt-BR\",\"potentialAction\":[{\"@type\":\"ReadAction\",\"target\":[\"https:\\\/\\\/diariodepe.com.br\\\/cri\\\/2024\\\/05\\\/30\\\/fazer-das-relacoes-entre-a-china-e-os-paises-arabes-uma-referencia-na-salvaguarda-da-paz-e-estabilidade-mundial-diz-xi-jinping\\\/\"]}]},{\"@type\":\"BreadcrumbList\",\"@id\":\"https:\\\/\\\/diariodepe.com.br\\\/cri\\\/2024\\\/05\\\/30\\\/fazer-das-relacoes-entre-a-china-e-os-paises-arabes-uma-referencia-na-salvaguarda-da-paz-e-estabilidade-mundial-diz-xi-jinping\\\/#breadcrumb\",\"itemListElement\":[{\"@type\":\"ListItem\",\"position\":1,\"name\":\"In\u00edcio\",\"item\":\"https:\\\/\\\/diariodepe.com.br\\\/cri\\\/\"},{\"@type\":\"ListItem\",\"position\":2,\"name\":\"Fazer das rela\u00e7\u00f5es entre a China e os pa\u00edses \u00e1rabes uma refer\u00eancia na salvaguarda da paz e estabilidade mundial, diz Xi Jinping\"}]},{\"@type\":\"WebSite\",\"@id\":\"https:\\\/\\\/diariodepe.com.br\\\/cri\\\/#website\",\"url\":\"https:\\\/\\\/diariodepe.com.br\\\/cri\\\/\",\"name\":\"CRI e Diario de Pernambuco\",\"description\":\"R\u00e1dio Internacional da China\",\"publisher\":{\"@id\":\"https:\\\/\\\/diariodepe.com.br\\\/cri\\\/#organization\"},\"potentialAction\":[{\"@type\":\"SearchAction\",\"target\":{\"@type\":\"EntryPoint\",\"urlTemplate\":\"https:\\\/\\\/diariodepe.com.br\\\/cri\\\/?s={search_term_string}\"},\"query-input\":{\"@type\":\"PropertyValueSpecification\",\"valueRequired\":true,\"valueName\":\"search_term_string\"}}],\"inLanguage\":\"pt-BR\"},{\"@type\":\"Organization\",\"@id\":\"https:\\\/\\\/diariodepe.com.br\\\/cri\\\/#organization\",\"name\":\"CRI e Diario de Pernambuco\",\"url\":\"https:\\\/\\\/diariodepe.com.br\\\/cri\\\/\",\"logo\":{\"@type\":\"ImageObject\",\"inLanguage\":\"pt-BR\",\"@id\":\"https:\\\/\\\/diariodepe.com.br\\\/cri\\\/#\\\/schema\\\/logo\\\/image\\\/\",\"url\":\"https:\\\/\\\/diariodepe.com.br\\\/cri\\\/wp-content\\\/uploads\\\/sites\\\/2\\\/2022\\\/12\\\/cropped-Logo.jpg\",\"contentUrl\":\"https:\\\/\\\/diariodepe.com.br\\\/cri\\\/wp-content\\\/uploads\\\/sites\\\/2\\\/2022\\\/12\\\/cropped-Logo.jpg\",\"width\":700,\"height\":59,\"caption\":\"CRI e Diario de Pernambuco\"},\"image\":{\"@id\":\"https:\\\/\\\/diariodepe.com.br\\\/cri\\\/#\\\/schema\\\/logo\\\/image\\\/\"}},{\"@type\":\"Person\",\"@id\":\"https:\\\/\\\/diariodepe.com.br\\\/cri\\\/#\\\/schema\\\/person\\\/121bb28d84f1a5b1205ef4ce9c2e0c6b\",\"name\":\"Ismael Lucas S. Pereira\",\"image\":{\"@type\":\"ImageObject\",\"inLanguage\":\"pt-BR\",\"@id\":\"https:\\\/\\\/secure.gravatar.com\\\/avatar\\\/887a0f3b5a7ceea963a48499fb883ffce6b5037362def025c52c2505b15d63e4?s=96&d=mm&r=g\",\"url\":\"https:\\\/\\\/secure.gravatar.com\\\/avatar\\\/887a0f3b5a7ceea963a48499fb883ffce6b5037362def025c52c2505b15d63e4?s=96&d=mm&r=g\",\"contentUrl\":\"https:\\\/\\\/secure.gravatar.com\\\/avatar\\\/887a0f3b5a7ceea963a48499fb883ffce6b5037362def025c52c2505b15d63e4?s=96&d=mm&r=g\",\"caption\":\"Ismael Lucas S. Pereira\"},\"url\":\"https:\\\/\\\/diariodepe.com.br\\\/cri\\\/author\\\/ismael-lucas\\\/\"}]}<\/script>\n<!-- \/ Yoast SEO plugin. -->","yoast_head_json":{"title":"Fazer das rela\u00e7\u00f5es entre a China e os pa\u00edses \u00e1rabes uma refer\u00eancia na salvaguarda da paz e estabilidade mundial, diz Xi Jinping - CRI e Diario de Pernambuco","robots":{"index":"index","follow":"follow","max-snippet":"max-snippet:-1","max-image-preview":"max-image-preview:large","max-video-preview":"max-video-preview:-1"},"canonical":"https:\/\/diariodepe.com.br\/cri\/2024\/05\/30\/fazer-das-relacoes-entre-a-china-e-os-paises-arabes-uma-referencia-na-salvaguarda-da-paz-e-estabilidade-mundial-diz-xi-jinping\/","og_locale":"pt_BR","og_type":"article","og_title":"Fazer das rela\u00e7\u00f5es entre a China e os pa\u00edses \u00e1rabes uma refer\u00eancia na salvaguarda da paz e estabilidade mundial, diz Xi Jinping - CRI e Diario de Pernambuco","og_description":"Na manh\u00e3 desta quinta-feira\u00a0(30), o presidente da China, Xi Jinping, participou da cerim\u00f4nia de abertura da 10\u00aa Confer\u00eancia Ministerial do F\u00f3rum de Coopera\u00e7\u00e3o China-Pa\u00edses \u00c1rabes em Beijing, e proferiu um discurso tem\u00e1tico. O l\u00edder chin\u00eas\u00a0disse que a China est\u00e1 disposta...","og_url":"https:\/\/diariodepe.com.br\/cri\/2024\/05\/30\/fazer-das-relacoes-entre-a-china-e-os-paises-arabes-uma-referencia-na-salvaguarda-da-paz-e-estabilidade-mundial-diz-xi-jinping\/","og_site_name":"CRI e Diario de Pernambuco","article_published_time":"2024-05-30T07:09:00+00:00","author":"Ismael Lucas S. Pereira","twitter_card":"summary_large_image","twitter_misc":{"Escrito por":"Ismael Lucas S. Pereira","Est. tempo de leitura":"1 minuto"},"schema":{"@context":"https:\/\/schema.org","@graph":[{"@type":"Article","@id":"https:\/\/diariodepe.com.br\/cri\/2024\/05\/30\/fazer-das-relacoes-entre-a-china-e-os-paises-arabes-uma-referencia-na-salvaguarda-da-paz-e-estabilidade-mundial-diz-xi-jinping\/#article","isPartOf":{"@id":"https:\/\/diariodepe.com.br\/cri\/2024\/05\/30\/fazer-das-relacoes-entre-a-china-e-os-paises-arabes-uma-referencia-na-salvaguarda-da-paz-e-estabilidade-mundial-diz-xi-jinping\/"},"author":{"name":"Ismael Lucas S. Pereira","@id":"https:\/\/diariodepe.com.br\/cri\/#\/schema\/person\/121bb28d84f1a5b1205ef4ce9c2e0c6b"},"headline":"Fazer das rela\u00e7\u00f5es entre a China e os pa\u00edses \u00e1rabes uma refer\u00eancia na salvaguarda da paz e estabilidade mundial, diz Xi Jinping","datePublished":"2024-05-30T07:09:00+00:00","mainEntityOfPage":{"@id":"https:\/\/diariodepe.com.br\/cri\/2024\/05\/30\/fazer-das-relacoes-entre-a-china-e-os-paises-arabes-uma-referencia-na-salvaguarda-da-paz-e-estabilidade-mundial-diz-xi-jinping\/"},"wordCount":199,"commentCount":0,"publisher":{"@id":"https:\/\/diariodepe.com.br\/cri\/#organization"},"articleSection":["China"],"inLanguage":"pt-BR","potentialAction":[{"@type":"CommentAction","name":"Comment","target":["https:\/\/diariodepe.com.br\/cri\/2024\/05\/30\/fazer-das-relacoes-entre-a-china-e-os-paises-arabes-uma-referencia-na-salvaguarda-da-paz-e-estabilidade-mundial-diz-xi-jinping\/#respond"]}]},{"@type":"WebPage","@id":"https:\/\/diariodepe.com.br\/cri\/2024\/05\/30\/fazer-das-relacoes-entre-a-china-e-os-paises-arabes-uma-referencia-na-salvaguarda-da-paz-e-estabilidade-mundial-diz-xi-jinping\/","url":"https:\/\/diariodepe.com.br\/cri\/2024\/05\/30\/fazer-das-relacoes-entre-a-china-e-os-paises-arabes-uma-referencia-na-salvaguarda-da-paz-e-estabilidade-mundial-diz-xi-jinping\/","name":"Fazer das rela\u00e7\u00f5es entre a China e os pa\u00edses \u00e1rabes uma refer\u00eancia na salvaguarda da paz e estabilidade mundial, diz Xi Jinping - CRI e Diario de Pernambuco","isPartOf":{"@id":"https:\/\/diariodepe.com.br\/cri\/#website"},"datePublished":"2024-05-30T07:09:00+00:00","breadcrumb":{"@id":"https:\/\/diariodepe.com.br\/cri\/2024\/05\/30\/fazer-das-relacoes-entre-a-china-e-os-paises-arabes-uma-referencia-na-salvaguarda-da-paz-e-estabilidade-mundial-diz-xi-jinping\/#breadcrumb"},"inLanguage":"pt-BR","potentialAction":[{"@type":"ReadAction","target":["https:\/\/diariodepe.com.br\/cri\/2024\/05\/30\/fazer-das-relacoes-entre-a-china-e-os-paises-arabes-uma-referencia-na-salvaguarda-da-paz-e-estabilidade-mundial-diz-xi-jinping\/"]}]},{"@type":"BreadcrumbList","@id":"https:\/\/diariodepe.com.br\/cri\/2024\/05\/30\/fazer-das-relacoes-entre-a-china-e-os-paises-arabes-uma-referencia-na-salvaguarda-da-paz-e-estabilidade-mundial-diz-xi-jinping\/#breadcrumb","itemListElement":[{"@type":"ListItem","position":1,"name":"In\u00edcio","item":"https:\/\/diariodepe.com.br\/cri\/"},{"@type":"ListItem","position":2,"name":"Fazer das rela\u00e7\u00f5es entre a China e os pa\u00edses \u00e1rabes uma refer\u00eancia na salvaguarda da paz e estabilidade mundial, diz Xi Jinping"}]},{"@type":"WebSite","@id":"https:\/\/diariodepe.com.br\/cri\/#website","url":"https:\/\/diariodepe.com.br\/cri\/","name":"CRI e Diario de Pernambuco","description":"R\u00e1dio Internacional da China","publisher":{"@id":"https:\/\/diariodepe.com.br\/cri\/#organization"},"potentialAction":[{"@type":"SearchAction","target":{"@type":"EntryPoint","urlTemplate":"https:\/\/diariodepe.com.br\/cri\/?s={search_term_string}"},"query-input":{"@type":"PropertyValueSpecification","valueRequired":true,"valueName":"search_term_string"}}],"inLanguage":"pt-BR"},{"@type":"Organization","@id":"https:\/\/diariodepe.com.br\/cri\/#organization","name":"CRI e Diario de Pernambuco","url":"https:\/\/diariodepe.com.br\/cri\/","logo":{"@type":"ImageObject","inLanguage":"pt-BR","@id":"https:\/\/diariodepe.com.br\/cri\/#\/schema\/logo\/image\/","url":"https:\/\/diariodepe.com.br\/cri\/wp-content\/uploads\/sites\/2\/2022\/12\/cropped-Logo.jpg","contentUrl":"https:\/\/diariodepe.com.br\/cri\/wp-content\/uploads\/sites\/2\/2022\/12\/cropped-Logo.jpg","width":700,"height":59,"caption":"CRI e Diario de Pernambuco"},"image":{"@id":"https:\/\/diariodepe.com.br\/cri\/#\/schema\/logo\/image\/"}},{"@type":"Person","@id":"https:\/\/diariodepe.com.br\/cri\/#\/schema\/person\/121bb28d84f1a5b1205ef4ce9c2e0c6b","name":"Ismael Lucas S. Pereira","image":{"@type":"ImageObject","inLanguage":"pt-BR","@id":"https:\/\/secure.gravatar.com\/avatar\/887a0f3b5a7ceea963a48499fb883ffce6b5037362def025c52c2505b15d63e4?s=96&d=mm&r=g","url":"https:\/\/secure.gravatar.com\/avatar\/887a0f3b5a7ceea963a48499fb883ffce6b5037362def025c52c2505b15d63e4?s=96&d=mm&r=g","contentUrl":"https:\/\/secure.gravatar.com\/avatar\/887a0f3b5a7ceea963a48499fb883ffce6b5037362def025c52c2505b15d63e4?s=96&d=mm&r=g","caption":"Ismael Lucas S. Pereira"},"url":"https:\/\/diariodepe.com.br\/cri\/author\/ismael-lucas\/"}]}},"cc_featured_image_caption":{"caption_text":false,"source_text":false,"source_url":false},"amp_enabled":true,"_links":{"self":[{"href":"https:\/\/diariodepe.com.br\/cri\/wp-json\/wp\/v2\/posts\/5341","targetHints":{"allow":["GET"]}}],"collection":[{"href":"https:\/\/diariodepe.com.br\/cri\/wp-json\/wp\/v2\/posts"}],"about":[{"href":"https:\/\/diariodepe.com.br\/cri\/wp-json\/wp\/v2\/types\/post"}],"author":[{"embeddable":true,"href":"https:\/\/diariodepe.com.br\/cri\/wp-json\/wp\/v2\/users\/2"}],"replies":[{"embeddable":true,"href":"https:\/\/diariodepe.com.br\/cri\/wp-json\/wp\/v2\/comments?post=5341"}],"version-history":[{"count":1,"href":"https:\/\/diariodepe.com.br\/cri\/wp-json\/wp\/v2\/posts\/5341\/revisions"}],"predecessor-version":[{"id":5342,"href":"https:\/\/diariodepe.com.br\/cri\/wp-json\/wp\/v2\/posts\/5341\/revisions\/5342"}],"wp:attachment":[{"href":"https:\/\/diariodepe.com.br\/cri\/wp-json\/wp\/v2\/media?parent=5341"}],"wp:term":[{"taxonomy":"category","embeddable":true,"href":"https:\/\/diariodepe.com.br\/cri\/wp-json\/wp\/v2\/categories?post=5341"},{"taxonomy":"post_tag","embeddable":true,"href":"https:\/\/diariodepe.com.br\/cri\/wp-json\/wp\/v2\/tags?post=5341"}],"curies":[{"name":"wp","href":"https:\/\/api.w.org\/{rel}","templated":true}]}}