{"id":5333,"date":"2024-05-29T00:03:45","date_gmt":"2024-05-29T03:03:45","guid":{"rendered":"https:\/\/diariodepe.com.br\/cri\/?p=5333"},"modified":"2024-05-29T00:03:45","modified_gmt":"2024-05-29T03:03:45","slug":"xi-jinping-e-presidente-da-guine-equatorial-discutem-relacoes-bilaterais","status":"publish","type":"post","link":"https:\/\/diariodepe.com.br\/cri\/2024\/05\/29\/xi-jinping-e-presidente-da-guine-equatorial-discutem-relacoes-bilaterais\/","title":{"rendered":"Xi Jinping e presidente da Guin\u00e9 Equatorial discutem rela\u00e7\u00f5es bilaterais"},"content":{"rendered":"<p>O presidente chin\u00eas, Xi Jinping, reuniu-se nesta ter\u00e7a-feira (28) com o presidente da Guin\u00e9 Equatorial, Teodoro Obiang Nguema Mbasogo, que est\u00e1 em uma visita de Estado \u00e0 China.<\/p>\n<p>Durante o encontro, os dois chefes de Estado anunciaram a eleva\u00e7\u00e3o das rela\u00e7\u00f5es bilaterais para uma parceria de coopera\u00e7\u00e3o estrat\u00e9gica integral.<\/p>\n<p>Xi Jinping assinalou que a China e a Guin\u00e9 Equatorial s\u00e3o amigos e parceiros sinceros e a confian\u00e7a pol\u00edtica m\u00fatua de alto n\u00edvel \u00e9 a caracter\u00edstica mais saliente nesta parceria.<\/p>\n<p>O presidente chin\u00eas apontou que a China apoia o desenvolvimento socioecon\u00f4mico da Guin\u00e9 Equatorial e concorda com os esfor\u00e7os do pa\u00eds africano na diversifica\u00e7\u00e3o econ\u00f4mica e na industrializa\u00e7\u00e3o.<\/p>\n<p>Xi Jinping frisou que a promo\u00e7\u00e3o de solidariedade e coopera\u00e7\u00e3o com a \u00c1frica \u00e9 uma base importante das pol\u00edticas externas da China. O pa\u00eds est\u00e1 disposto a se esfor\u00e7ar junto com a parte africana pelo sucesso da nova c\u00fapula do F\u00f3rum de Coopera\u00e7\u00e3o China-\u00c1frica, dando in\u00edcio a um novo cap\u00edtulo do estabelecimento de uma comunidade com futuro compartilhado entre as duas partes.<\/p>\n<p>Depois do encontro, os dois l\u00edderes presenciaram a assinatura de uma s\u00e9rie de documentos de coopera\u00e7\u00e3o bilateral em \u00e1reas como investimento, economia digital, desenvolvimento verde e implementa\u00e7\u00e3o da Iniciativa de Desenvolvimento Global.<\/p>\n<p>As duas partes tamb\u00e9m divulgaram uma declara\u00e7\u00e3o sobre o estabelecimento da parceria de coopera\u00e7\u00e3o estrat\u00e9gica integral.<\/p>\n","protected":false},"excerpt":{"rendered":"<p>O presidente chin\u00eas, Xi Jinping, reuniu-se nesta ter\u00e7a-feira (28) com o presidente da Guin\u00e9 Equatorial, Teodoro Obiang Nguema Mbasogo, que est\u00e1 em uma visita de Estado \u00e0 China. Durante o encontro, os dois chefes de Estado anunciaram a eleva\u00e7\u00e3o das&#8230;<\/p>\n","protected":false},"author":2,"featured_media":0,"comment_status":"open","ping_status":"open","sticky":false,"template":"","format":"standard","meta":{"footnotes":""},"categories":[3],"tags":[],"class_list":["post-5333","post","type-post","status-publish","format-standard","hentry","category-china"],"yoast_head":"<!-- This site is optimized with the Yoast SEO plugin v27.4 - https:\/\/yoast.com\/product\/yoast-seo-wordpress\/ -->\n<title>Xi Jinping e presidente da Guin\u00e9 Equatorial discutem rela\u00e7\u00f5es bilaterais - CRI e Diario de Pernambuco<\/title>\n<meta name=\"robots\" content=\"index, follow, max-snippet:-1, max-image-preview:large, max-video-preview:-1\" \/>\n<link rel=\"canonical\" href=\"https:\/\/diariodepe.com.br\/cri\/2024\/05\/29\/xi-jinping-e-presidente-da-guine-equatorial-discutem-relacoes-bilaterais\/\" \/>\n<meta property=\"og:locale\" content=\"pt_BR\" \/>\n<meta property=\"og:type\" content=\"article\" \/>\n<meta property=\"og:title\" content=\"Xi Jinping e presidente da Guin\u00e9 Equatorial discutem rela\u00e7\u00f5es bilaterais - CRI e Diario de Pernambuco\" \/>\n<meta property=\"og:description\" content=\"O presidente chin\u00eas, Xi Jinping, reuniu-se nesta ter\u00e7a-feira (28) com o presidente da Guin\u00e9 Equatorial, Teodoro Obiang Nguema Mbasogo, que est\u00e1 em uma visita de Estado \u00e0 China. Durante o encontro, os dois chefes de Estado anunciaram a eleva\u00e7\u00e3o das...\" \/>\n<meta property=\"og:url\" content=\"https:\/\/diariodepe.com.br\/cri\/2024\/05\/29\/xi-jinping-e-presidente-da-guine-equatorial-discutem-relacoes-bilaterais\/\" \/>\n<meta property=\"og:site_name\" content=\"CRI e Diario de Pernambuco\" \/>\n<meta property=\"article:published_time\" content=\"2024-05-29T03:03:45+00:00\" \/>\n<meta name=\"author\" content=\"Ismael Lucas S. Pereira\" \/>\n<meta name=\"twitter:card\" content=\"summary_large_image\" \/>\n<meta name=\"twitter:label1\" content=\"Escrito por\" \/>\n\t<meta name=\"twitter:data1\" content=\"Ismael Lucas S. Pereira\" \/>\n\t<meta name=\"twitter:label2\" content=\"Est. tempo de leitura\" \/>\n\t<meta name=\"twitter:data2\" content=\"2 minutos\" \/>\n<script type=\"application\/ld+json\" class=\"yoast-schema-graph\">{\"@context\":\"https:\\\/\\\/schema.org\",\"@graph\":[{\"@type\":\"Article\",\"@id\":\"https:\\\/\\\/diariodepe.com.br\\\/cri\\\/2024\\\/05\\\/29\\\/xi-jinping-e-presidente-da-guine-equatorial-discutem-relacoes-bilaterais\\\/#article\",\"isPartOf\":{\"@id\":\"https:\\\/\\\/diariodepe.com.br\\\/cri\\\/2024\\\/05\\\/29\\\/xi-jinping-e-presidente-da-guine-equatorial-discutem-relacoes-bilaterais\\\/\"},\"author\":{\"name\":\"Ismael Lucas S. Pereira\",\"@id\":\"https:\\\/\\\/diariodepe.com.br\\\/cri\\\/#\\\/schema\\\/person\\\/121bb28d84f1a5b1205ef4ce9c2e0c6b\"},\"headline\":\"Xi Jinping e presidente da Guin\u00e9 Equatorial discutem rela\u00e7\u00f5es bilaterais\",\"datePublished\":\"2024-05-29T03:03:45+00:00\",\"mainEntityOfPage\":{\"@id\":\"https:\\\/\\\/diariodepe.com.br\\\/cri\\\/2024\\\/05\\\/29\\\/xi-jinping-e-presidente-da-guine-equatorial-discutem-relacoes-bilaterais\\\/\"},\"wordCount\":262,\"commentCount\":0,\"publisher\":{\"@id\":\"https:\\\/\\\/diariodepe.com.br\\\/cri\\\/#organization\"},\"articleSection\":[\"China\"],\"inLanguage\":\"pt-BR\",\"potentialAction\":[{\"@type\":\"CommentAction\",\"name\":\"Comment\",\"target\":[\"https:\\\/\\\/diariodepe.com.br\\\/cri\\\/2024\\\/05\\\/29\\\/xi-jinping-e-presidente-da-guine-equatorial-discutem-relacoes-bilaterais\\\/#respond\"]}]},{\"@type\":\"WebPage\",\"@id\":\"https:\\\/\\\/diariodepe.com.br\\\/cri\\\/2024\\\/05\\\/29\\\/xi-jinping-e-presidente-da-guine-equatorial-discutem-relacoes-bilaterais\\\/\",\"url\":\"https:\\\/\\\/diariodepe.com.br\\\/cri\\\/2024\\\/05\\\/29\\\/xi-jinping-e-presidente-da-guine-equatorial-discutem-relacoes-bilaterais\\\/\",\"name\":\"Xi Jinping e presidente da Guin\u00e9 Equatorial discutem rela\u00e7\u00f5es bilaterais - CRI e Diario de Pernambuco\",\"isPartOf\":{\"@id\":\"https:\\\/\\\/diariodepe.com.br\\\/cri\\\/#website\"},\"datePublished\":\"2024-05-29T03:03:45+00:00\",\"breadcrumb\":{\"@id\":\"https:\\\/\\\/diariodepe.com.br\\\/cri\\\/2024\\\/05\\\/29\\\/xi-jinping-e-presidente-da-guine-equatorial-discutem-relacoes-bilaterais\\\/#breadcrumb\"},\"inLanguage\":\"pt-BR\",\"potentialAction\":[{\"@type\":\"ReadAction\",\"target\":[\"https:\\\/\\\/diariodepe.com.br\\\/cri\\\/2024\\\/05\\\/29\\\/xi-jinping-e-presidente-da-guine-equatorial-discutem-relacoes-bilaterais\\\/\"]}]},{\"@type\":\"BreadcrumbList\",\"@id\":\"https:\\\/\\\/diariodepe.com.br\\\/cri\\\/2024\\\/05\\\/29\\\/xi-jinping-e-presidente-da-guine-equatorial-discutem-relacoes-bilaterais\\\/#breadcrumb\",\"itemListElement\":[{\"@type\":\"ListItem\",\"position\":1,\"name\":\"In\u00edcio\",\"item\":\"https:\\\/\\\/diariodepe.com.br\\\/cri\\\/\"},{\"@type\":\"ListItem\",\"position\":2,\"name\":\"Xi Jinping e presidente da Guin\u00e9 Equatorial discutem rela\u00e7\u00f5es bilaterais\"}]},{\"@type\":\"WebSite\",\"@id\":\"https:\\\/\\\/diariodepe.com.br\\\/cri\\\/#website\",\"url\":\"https:\\\/\\\/diariodepe.com.br\\\/cri\\\/\",\"name\":\"CRI e Diario de Pernambuco\",\"description\":\"R\u00e1dio Internacional da China\",\"publisher\":{\"@id\":\"https:\\\/\\\/diariodepe.com.br\\\/cri\\\/#organization\"},\"potentialAction\":[{\"@type\":\"SearchAction\",\"target\":{\"@type\":\"EntryPoint\",\"urlTemplate\":\"https:\\\/\\\/diariodepe.com.br\\\/cri\\\/?s={search_term_string}\"},\"query-input\":{\"@type\":\"PropertyValueSpecification\",\"valueRequired\":true,\"valueName\":\"search_term_string\"}}],\"inLanguage\":\"pt-BR\"},{\"@type\":\"Organization\",\"@id\":\"https:\\\/\\\/diariodepe.com.br\\\/cri\\\/#organization\",\"name\":\"CRI e Diario de Pernambuco\",\"url\":\"https:\\\/\\\/diariodepe.com.br\\\/cri\\\/\",\"logo\":{\"@type\":\"ImageObject\",\"inLanguage\":\"pt-BR\",\"@id\":\"https:\\\/\\\/diariodepe.com.br\\\/cri\\\/#\\\/schema\\\/logo\\\/image\\\/\",\"url\":\"https:\\\/\\\/diariodepe.com.br\\\/cri\\\/wp-content\\\/uploads\\\/sites\\\/2\\\/2022\\\/12\\\/cropped-Logo.jpg\",\"contentUrl\":\"https:\\\/\\\/diariodepe.com.br\\\/cri\\\/wp-content\\\/uploads\\\/sites\\\/2\\\/2022\\\/12\\\/cropped-Logo.jpg\",\"width\":700,\"height\":59,\"caption\":\"CRI e Diario de Pernambuco\"},\"image\":{\"@id\":\"https:\\\/\\\/diariodepe.com.br\\\/cri\\\/#\\\/schema\\\/logo\\\/image\\\/\"}},{\"@type\":\"Person\",\"@id\":\"https:\\\/\\\/diariodepe.com.br\\\/cri\\\/#\\\/schema\\\/person\\\/121bb28d84f1a5b1205ef4ce9c2e0c6b\",\"name\":\"Ismael Lucas S. Pereira\",\"image\":{\"@type\":\"ImageObject\",\"inLanguage\":\"pt-BR\",\"@id\":\"https:\\\/\\\/secure.gravatar.com\\\/avatar\\\/887a0f3b5a7ceea963a48499fb883ffce6b5037362def025c52c2505b15d63e4?s=96&d=mm&r=g\",\"url\":\"https:\\\/\\\/secure.gravatar.com\\\/avatar\\\/887a0f3b5a7ceea963a48499fb883ffce6b5037362def025c52c2505b15d63e4?s=96&d=mm&r=g\",\"contentUrl\":\"https:\\\/\\\/secure.gravatar.com\\\/avatar\\\/887a0f3b5a7ceea963a48499fb883ffce6b5037362def025c52c2505b15d63e4?s=96&d=mm&r=g\",\"caption\":\"Ismael Lucas S. Pereira\"},\"url\":\"https:\\\/\\\/diariodepe.com.br\\\/cri\\\/author\\\/ismael-lucas\\\/\"}]}<\/script>\n<!-- \/ Yoast SEO plugin. -->","yoast_head_json":{"title":"Xi Jinping e presidente da Guin\u00e9 Equatorial discutem rela\u00e7\u00f5es bilaterais - CRI e Diario de Pernambuco","robots":{"index":"index","follow":"follow","max-snippet":"max-snippet:-1","max-image-preview":"max-image-preview:large","max-video-preview":"max-video-preview:-1"},"canonical":"https:\/\/diariodepe.com.br\/cri\/2024\/05\/29\/xi-jinping-e-presidente-da-guine-equatorial-discutem-relacoes-bilaterais\/","og_locale":"pt_BR","og_type":"article","og_title":"Xi Jinping e presidente da Guin\u00e9 Equatorial discutem rela\u00e7\u00f5es bilaterais - CRI e Diario de Pernambuco","og_description":"O presidente chin\u00eas, Xi Jinping, reuniu-se nesta ter\u00e7a-feira (28) com o presidente da Guin\u00e9 Equatorial, Teodoro Obiang Nguema Mbasogo, que est\u00e1 em uma visita de Estado \u00e0 China. Durante o encontro, os dois chefes de Estado anunciaram a eleva\u00e7\u00e3o das...","og_url":"https:\/\/diariodepe.com.br\/cri\/2024\/05\/29\/xi-jinping-e-presidente-da-guine-equatorial-discutem-relacoes-bilaterais\/","og_site_name":"CRI e Diario de Pernambuco","article_published_time":"2024-05-29T03:03:45+00:00","author":"Ismael Lucas S. Pereira","twitter_card":"summary_large_image","twitter_misc":{"Escrito por":"Ismael Lucas S. Pereira","Est. tempo de leitura":"2 minutos"},"schema":{"@context":"https:\/\/schema.org","@graph":[{"@type":"Article","@id":"https:\/\/diariodepe.com.br\/cri\/2024\/05\/29\/xi-jinping-e-presidente-da-guine-equatorial-discutem-relacoes-bilaterais\/#article","isPartOf":{"@id":"https:\/\/diariodepe.com.br\/cri\/2024\/05\/29\/xi-jinping-e-presidente-da-guine-equatorial-discutem-relacoes-bilaterais\/"},"author":{"name":"Ismael Lucas S. Pereira","@id":"https:\/\/diariodepe.com.br\/cri\/#\/schema\/person\/121bb28d84f1a5b1205ef4ce9c2e0c6b"},"headline":"Xi Jinping e presidente da Guin\u00e9 Equatorial discutem rela\u00e7\u00f5es bilaterais","datePublished":"2024-05-29T03:03:45+00:00","mainEntityOfPage":{"@id":"https:\/\/diariodepe.com.br\/cri\/2024\/05\/29\/xi-jinping-e-presidente-da-guine-equatorial-discutem-relacoes-bilaterais\/"},"wordCount":262,"commentCount":0,"publisher":{"@id":"https:\/\/diariodepe.com.br\/cri\/#organization"},"articleSection":["China"],"inLanguage":"pt-BR","potentialAction":[{"@type":"CommentAction","name":"Comment","target":["https:\/\/diariodepe.com.br\/cri\/2024\/05\/29\/xi-jinping-e-presidente-da-guine-equatorial-discutem-relacoes-bilaterais\/#respond"]}]},{"@type":"WebPage","@id":"https:\/\/diariodepe.com.br\/cri\/2024\/05\/29\/xi-jinping-e-presidente-da-guine-equatorial-discutem-relacoes-bilaterais\/","url":"https:\/\/diariodepe.com.br\/cri\/2024\/05\/29\/xi-jinping-e-presidente-da-guine-equatorial-discutem-relacoes-bilaterais\/","name":"Xi Jinping e presidente da Guin\u00e9 Equatorial discutem rela\u00e7\u00f5es bilaterais - CRI e Diario de Pernambuco","isPartOf":{"@id":"https:\/\/diariodepe.com.br\/cri\/#website"},"datePublished":"2024-05-29T03:03:45+00:00","breadcrumb":{"@id":"https:\/\/diariodepe.com.br\/cri\/2024\/05\/29\/xi-jinping-e-presidente-da-guine-equatorial-discutem-relacoes-bilaterais\/#breadcrumb"},"inLanguage":"pt-BR","potentialAction":[{"@type":"ReadAction","target":["https:\/\/diariodepe.com.br\/cri\/2024\/05\/29\/xi-jinping-e-presidente-da-guine-equatorial-discutem-relacoes-bilaterais\/"]}]},{"@type":"BreadcrumbList","@id":"https:\/\/diariodepe.com.br\/cri\/2024\/05\/29\/xi-jinping-e-presidente-da-guine-equatorial-discutem-relacoes-bilaterais\/#breadcrumb","itemListElement":[{"@type":"ListItem","position":1,"name":"In\u00edcio","item":"https:\/\/diariodepe.com.br\/cri\/"},{"@type":"ListItem","position":2,"name":"Xi Jinping e presidente da Guin\u00e9 Equatorial discutem rela\u00e7\u00f5es bilaterais"}]},{"@type":"WebSite","@id":"https:\/\/diariodepe.com.br\/cri\/#website","url":"https:\/\/diariodepe.com.br\/cri\/","name":"CRI e Diario de Pernambuco","description":"R\u00e1dio Internacional da China","publisher":{"@id":"https:\/\/diariodepe.com.br\/cri\/#organization"},"potentialAction":[{"@type":"SearchAction","target":{"@type":"EntryPoint","urlTemplate":"https:\/\/diariodepe.com.br\/cri\/?s={search_term_string}"},"query-input":{"@type":"PropertyValueSpecification","valueRequired":true,"valueName":"search_term_string"}}],"inLanguage":"pt-BR"},{"@type":"Organization","@id":"https:\/\/diariodepe.com.br\/cri\/#organization","name":"CRI e Diario de Pernambuco","url":"https:\/\/diariodepe.com.br\/cri\/","logo":{"@type":"ImageObject","inLanguage":"pt-BR","@id":"https:\/\/diariodepe.com.br\/cri\/#\/schema\/logo\/image\/","url":"https:\/\/diariodepe.com.br\/cri\/wp-content\/uploads\/sites\/2\/2022\/12\/cropped-Logo.jpg","contentUrl":"https:\/\/diariodepe.com.br\/cri\/wp-content\/uploads\/sites\/2\/2022\/12\/cropped-Logo.jpg","width":700,"height":59,"caption":"CRI e Diario de Pernambuco"},"image":{"@id":"https:\/\/diariodepe.com.br\/cri\/#\/schema\/logo\/image\/"}},{"@type":"Person","@id":"https:\/\/diariodepe.com.br\/cri\/#\/schema\/person\/121bb28d84f1a5b1205ef4ce9c2e0c6b","name":"Ismael Lucas S. Pereira","image":{"@type":"ImageObject","inLanguage":"pt-BR","@id":"https:\/\/secure.gravatar.com\/avatar\/887a0f3b5a7ceea963a48499fb883ffce6b5037362def025c52c2505b15d63e4?s=96&d=mm&r=g","url":"https:\/\/secure.gravatar.com\/avatar\/887a0f3b5a7ceea963a48499fb883ffce6b5037362def025c52c2505b15d63e4?s=96&d=mm&r=g","contentUrl":"https:\/\/secure.gravatar.com\/avatar\/887a0f3b5a7ceea963a48499fb883ffce6b5037362def025c52c2505b15d63e4?s=96&d=mm&r=g","caption":"Ismael Lucas S. Pereira"},"url":"https:\/\/diariodepe.com.br\/cri\/author\/ismael-lucas\/"}]}},"cc_featured_image_caption":{"caption_text":false,"source_text":false,"source_url":false},"amp_enabled":true,"_links":{"self":[{"href":"https:\/\/diariodepe.com.br\/cri\/wp-json\/wp\/v2\/posts\/5333","targetHints":{"allow":["GET"]}}],"collection":[{"href":"https:\/\/diariodepe.com.br\/cri\/wp-json\/wp\/v2\/posts"}],"about":[{"href":"https:\/\/diariodepe.com.br\/cri\/wp-json\/wp\/v2\/types\/post"}],"author":[{"embeddable":true,"href":"https:\/\/diariodepe.com.br\/cri\/wp-json\/wp\/v2\/users\/2"}],"replies":[{"embeddable":true,"href":"https:\/\/diariodepe.com.br\/cri\/wp-json\/wp\/v2\/comments?post=5333"}],"version-history":[{"count":1,"href":"https:\/\/diariodepe.com.br\/cri\/wp-json\/wp\/v2\/posts\/5333\/revisions"}],"predecessor-version":[{"id":5334,"href":"https:\/\/diariodepe.com.br\/cri\/wp-json\/wp\/v2\/posts\/5333\/revisions\/5334"}],"wp:attachment":[{"href":"https:\/\/diariodepe.com.br\/cri\/wp-json\/wp\/v2\/media?parent=5333"}],"wp:term":[{"taxonomy":"category","embeddable":true,"href":"https:\/\/diariodepe.com.br\/cri\/wp-json\/wp\/v2\/categories?post=5333"},{"taxonomy":"post_tag","embeddable":true,"href":"https:\/\/diariodepe.com.br\/cri\/wp-json\/wp\/v2\/tags?post=5333"}],"curies":[{"name":"wp","href":"https:\/\/api.w.org\/{rel}","templated":true}]}}