{"id":531,"date":"2023-02-04T04:48:33","date_gmt":"2023-02-04T07:48:33","guid":{"rendered":"https:\/\/diariodepe.com.br\/cri\/?p=531"},"modified":"2023-02-06T04:49:37","modified_gmt":"2023-02-06T07:49:37","slug":"anuncio-da-gala-do-festival-das-lanternas-do-cmg-e-divulgado-em-lugar-simbolico-do-canada","status":"publish","type":"post","link":"https:\/\/diariodepe.com.br\/cri\/2023\/02\/04\/anuncio-da-gala-do-festival-das-lanternas-do-cmg-e-divulgado-em-lugar-simbolico-do-canada\/","title":{"rendered":"<strong>An\u00fancio da Gala do Festival das Lanternas do CMG \u00e9 divulgado em lugar simb\u00f3lico do Canad\u00e1<\/strong>"},"content":{"rendered":"\n<p>Na sexta-feira (3), conforme o hor\u00e1rio do Canad\u00e1, o an\u00fancio da Gala do Festival das Lanternas da China do Grupo de M\u00eddia da China (CMG, na sigla em ingl\u00eas) foi foi projetado em uma\u00a0tela no\u00a0Canad\u00e1 Place, constru\u00e7\u00e3o simb\u00f3lica de Vancouver, cidade do pa\u00eds. O\u00a0an\u00fancio mostra\u00a0uma atmosfera festiva e atraiu\u00a0muitos turistas. Esta tamb\u00e9m \u00e9 primeira vez que esse tipo de an\u00fancio foi divulgado ao p\u00fablico em uma constru\u00e7\u00e3o representativa do Canad\u00e1.<\/p>\n","protected":false},"excerpt":{"rendered":"<p>Na sexta-feira (3), conforme o hor\u00e1rio do Canad\u00e1, o an\u00fancio da Gala do Festival das Lanternas da China do Grupo de M\u00eddia da China (CMG, na sigla em ingl\u00eas) foi foi projetado em uma\u00a0tela no\u00a0Canad\u00e1 Place, constru\u00e7\u00e3o simb\u00f3lica de Vancouver,&#8230;<\/p>\n","protected":false},"author":2,"featured_media":532,"comment_status":"open","ping_status":"open","sticky":false,"template":"","format":"standard","meta":{"footnotes":""},"categories":[8],"tags":[],"class_list":["post-531","post","type-post","status-publish","format-standard","has-post-thumbnail","hentry","category-internacional"],"yoast_head":"<!-- This site is optimized with the Yoast SEO plugin v27.4 - https:\/\/yoast.com\/product\/yoast-seo-wordpress\/ -->\n<title>An\u00fancio da Gala do Festival das Lanternas do CMG \u00e9 divulgado em lugar simb\u00f3lico do Canad\u00e1 - CRI e Diario de Pernambuco<\/title>\n<meta name=\"robots\" content=\"index, follow, max-snippet:-1, max-image-preview:large, max-video-preview:-1\" \/>\n<link rel=\"canonical\" href=\"https:\/\/diariodepe.com.br\/cri\/2023\/02\/04\/anuncio-da-gala-do-festival-das-lanternas-do-cmg-e-divulgado-em-lugar-simbolico-do-canada\/\" \/>\n<meta property=\"og:locale\" content=\"pt_BR\" \/>\n<meta property=\"og:type\" content=\"article\" \/>\n<meta property=\"og:title\" content=\"An\u00fancio da Gala do Festival das Lanternas do CMG \u00e9 divulgado em lugar simb\u00f3lico do Canad\u00e1 - CRI e Diario de Pernambuco\" \/>\n<meta property=\"og:description\" content=\"Na sexta-feira (3), conforme o hor\u00e1rio do Canad\u00e1, o an\u00fancio da Gala do Festival das Lanternas da China do Grupo de M\u00eddia da China (CMG, na sigla em ingl\u00eas) foi foi projetado em uma\u00a0tela no\u00a0Canad\u00e1 Place, constru\u00e7\u00e3o simb\u00f3lica de Vancouver,...\" \/>\n<meta property=\"og:url\" content=\"https:\/\/diariodepe.com.br\/cri\/2023\/02\/04\/anuncio-da-gala-do-festival-das-lanternas-do-cmg-e-divulgado-em-lugar-simbolico-do-canada\/\" \/>\n<meta property=\"og:site_name\" content=\"CRI e Diario de Pernambuco\" \/>\n<meta property=\"article:published_time\" content=\"2023-02-04T07:48:33+00:00\" \/>\n<meta property=\"article:modified_time\" content=\"2023-02-06T07:49:37+00:00\" \/>\n<meta property=\"og:image\" content=\"https:\/\/diariodepe.com.br\/cri\/wp-content\/uploads\/sites\/2\/2023\/02\/2023020419264728402.jpg\" \/>\n\t<meta property=\"og:image:width\" content=\"1361\" \/>\n\t<meta property=\"og:image:height\" content=\"1020\" \/>\n\t<meta property=\"og:image:type\" content=\"image\/jpeg\" \/>\n<meta name=\"author\" content=\"Ismael Lucas S. Pereira\" \/>\n<meta name=\"twitter:card\" content=\"summary_large_image\" \/>\n<meta name=\"twitter:label1\" content=\"Escrito por\" \/>\n\t<meta name=\"twitter:data1\" content=\"Ismael Lucas S. Pereira\" \/>\n\t<meta name=\"twitter:label2\" content=\"Est. tempo de leitura\" \/>\n\t<meta name=\"twitter:data2\" content=\"1 minuto\" \/>\n<script type=\"application\/ld+json\" class=\"yoast-schema-graph\">{\"@context\":\"https:\\\/\\\/schema.org\",\"@graph\":[{\"@type\":\"Article\",\"@id\":\"https:\\\/\\\/diariodepe.com.br\\\/cri\\\/2023\\\/02\\\/04\\\/anuncio-da-gala-do-festival-das-lanternas-do-cmg-e-divulgado-em-lugar-simbolico-do-canada\\\/#article\",\"isPartOf\":{\"@id\":\"https:\\\/\\\/diariodepe.com.br\\\/cri\\\/2023\\\/02\\\/04\\\/anuncio-da-gala-do-festival-das-lanternas-do-cmg-e-divulgado-em-lugar-simbolico-do-canada\\\/\"},\"author\":{\"name\":\"Ismael Lucas S. Pereira\",\"@id\":\"https:\\\/\\\/diariodepe.com.br\\\/cri\\\/#\\\/schema\\\/person\\\/121bb28d84f1a5b1205ef4ce9c2e0c6b\"},\"headline\":\"An\u00fancio da Gala do Festival das Lanternas do CMG \u00e9 divulgado em lugar simb\u00f3lico do Canad\u00e1\",\"datePublished\":\"2023-02-04T07:48:33+00:00\",\"dateModified\":\"2023-02-06T07:49:37+00:00\",\"mainEntityOfPage\":{\"@id\":\"https:\\\/\\\/diariodepe.com.br\\\/cri\\\/2023\\\/02\\\/04\\\/anuncio-da-gala-do-festival-das-lanternas-do-cmg-e-divulgado-em-lugar-simbolico-do-canada\\\/\"},\"wordCount\":102,\"commentCount\":0,\"publisher\":{\"@id\":\"https:\\\/\\\/diariodepe.com.br\\\/cri\\\/#organization\"},\"image\":{\"@id\":\"https:\\\/\\\/diariodepe.com.br\\\/cri\\\/2023\\\/02\\\/04\\\/anuncio-da-gala-do-festival-das-lanternas-do-cmg-e-divulgado-em-lugar-simbolico-do-canada\\\/#primaryimage\"},\"thumbnailUrl\":\"https:\\\/\\\/diariodepe.com.br\\\/cri\\\/wp-content\\\/uploads\\\/sites\\\/2\\\/2023\\\/02\\\/2023020419264728402.jpg\",\"articleSection\":[\"Internacional\"],\"inLanguage\":\"pt-BR\",\"potentialAction\":[{\"@type\":\"CommentAction\",\"name\":\"Comment\",\"target\":[\"https:\\\/\\\/diariodepe.com.br\\\/cri\\\/2023\\\/02\\\/04\\\/anuncio-da-gala-do-festival-das-lanternas-do-cmg-e-divulgado-em-lugar-simbolico-do-canada\\\/#respond\"]}]},{\"@type\":\"WebPage\",\"@id\":\"https:\\\/\\\/diariodepe.com.br\\\/cri\\\/2023\\\/02\\\/04\\\/anuncio-da-gala-do-festival-das-lanternas-do-cmg-e-divulgado-em-lugar-simbolico-do-canada\\\/\",\"url\":\"https:\\\/\\\/diariodepe.com.br\\\/cri\\\/2023\\\/02\\\/04\\\/anuncio-da-gala-do-festival-das-lanternas-do-cmg-e-divulgado-em-lugar-simbolico-do-canada\\\/\",\"name\":\"An\u00fancio da Gala do Festival das Lanternas do CMG \u00e9 divulgado em lugar simb\u00f3lico do Canad\u00e1 - CRI e Diario de Pernambuco\",\"isPartOf\":{\"@id\":\"https:\\\/\\\/diariodepe.com.br\\\/cri\\\/#website\"},\"primaryImageOfPage\":{\"@id\":\"https:\\\/\\\/diariodepe.com.br\\\/cri\\\/2023\\\/02\\\/04\\\/anuncio-da-gala-do-festival-das-lanternas-do-cmg-e-divulgado-em-lugar-simbolico-do-canada\\\/#primaryimage\"},\"image\":{\"@id\":\"https:\\\/\\\/diariodepe.com.br\\\/cri\\\/2023\\\/02\\\/04\\\/anuncio-da-gala-do-festival-das-lanternas-do-cmg-e-divulgado-em-lugar-simbolico-do-canada\\\/#primaryimage\"},\"thumbnailUrl\":\"https:\\\/\\\/diariodepe.com.br\\\/cri\\\/wp-content\\\/uploads\\\/sites\\\/2\\\/2023\\\/02\\\/2023020419264728402.jpg\",\"datePublished\":\"2023-02-04T07:48:33+00:00\",\"dateModified\":\"2023-02-06T07:49:37+00:00\",\"breadcrumb\":{\"@id\":\"https:\\\/\\\/diariodepe.com.br\\\/cri\\\/2023\\\/02\\\/04\\\/anuncio-da-gala-do-festival-das-lanternas-do-cmg-e-divulgado-em-lugar-simbolico-do-canada\\\/#breadcrumb\"},\"inLanguage\":\"pt-BR\",\"potentialAction\":[{\"@type\":\"ReadAction\",\"target\":[\"https:\\\/\\\/diariodepe.com.br\\\/cri\\\/2023\\\/02\\\/04\\\/anuncio-da-gala-do-festival-das-lanternas-do-cmg-e-divulgado-em-lugar-simbolico-do-canada\\\/\"]}]},{\"@type\":\"ImageObject\",\"inLanguage\":\"pt-BR\",\"@id\":\"https:\\\/\\\/diariodepe.com.br\\\/cri\\\/2023\\\/02\\\/04\\\/anuncio-da-gala-do-festival-das-lanternas-do-cmg-e-divulgado-em-lugar-simbolico-do-canada\\\/#primaryimage\",\"url\":\"https:\\\/\\\/diariodepe.com.br\\\/cri\\\/wp-content\\\/uploads\\\/sites\\\/2\\\/2023\\\/02\\\/2023020419264728402.jpg\",\"contentUrl\":\"https:\\\/\\\/diariodepe.com.br\\\/cri\\\/wp-content\\\/uploads\\\/sites\\\/2\\\/2023\\\/02\\\/2023020419264728402.jpg\",\"width\":1361,\"height\":1020},{\"@type\":\"BreadcrumbList\",\"@id\":\"https:\\\/\\\/diariodepe.com.br\\\/cri\\\/2023\\\/02\\\/04\\\/anuncio-da-gala-do-festival-das-lanternas-do-cmg-e-divulgado-em-lugar-simbolico-do-canada\\\/#breadcrumb\",\"itemListElement\":[{\"@type\":\"ListItem\",\"position\":1,\"name\":\"In\u00edcio\",\"item\":\"https:\\\/\\\/diariodepe.com.br\\\/cri\\\/\"},{\"@type\":\"ListItem\",\"position\":2,\"name\":\"An\u00fancio da Gala do Festival das Lanternas do CMG \u00e9 divulgado em lugar simb\u00f3lico do Canad\u00e1\"}]},{\"@type\":\"WebSite\",\"@id\":\"https:\\\/\\\/diariodepe.com.br\\\/cri\\\/#website\",\"url\":\"https:\\\/\\\/diariodepe.com.br\\\/cri\\\/\",\"name\":\"CRI e Diario de Pernambuco\",\"description\":\"R\u00e1dio Internacional da China\",\"publisher\":{\"@id\":\"https:\\\/\\\/diariodepe.com.br\\\/cri\\\/#organization\"},\"potentialAction\":[{\"@type\":\"SearchAction\",\"target\":{\"@type\":\"EntryPoint\",\"urlTemplate\":\"https:\\\/\\\/diariodepe.com.br\\\/cri\\\/?s={search_term_string}\"},\"query-input\":{\"@type\":\"PropertyValueSpecification\",\"valueRequired\":true,\"valueName\":\"search_term_string\"}}],\"inLanguage\":\"pt-BR\"},{\"@type\":\"Organization\",\"@id\":\"https:\\\/\\\/diariodepe.com.br\\\/cri\\\/#organization\",\"name\":\"CRI e Diario de Pernambuco\",\"url\":\"https:\\\/\\\/diariodepe.com.br\\\/cri\\\/\",\"logo\":{\"@type\":\"ImageObject\",\"inLanguage\":\"pt-BR\",\"@id\":\"https:\\\/\\\/diariodepe.com.br\\\/cri\\\/#\\\/schema\\\/logo\\\/image\\\/\",\"url\":\"https:\\\/\\\/diariodepe.com.br\\\/cri\\\/wp-content\\\/uploads\\\/sites\\\/2\\\/2022\\\/12\\\/cropped-Logo.jpg\",\"contentUrl\":\"https:\\\/\\\/diariodepe.com.br\\\/cri\\\/wp-content\\\/uploads\\\/sites\\\/2\\\/2022\\\/12\\\/cropped-Logo.jpg\",\"width\":700,\"height\":59,\"caption\":\"CRI e Diario de Pernambuco\"},\"image\":{\"@id\":\"https:\\\/\\\/diariodepe.com.br\\\/cri\\\/#\\\/schema\\\/logo\\\/image\\\/\"}},{\"@type\":\"Person\",\"@id\":\"https:\\\/\\\/diariodepe.com.br\\\/cri\\\/#\\\/schema\\\/person\\\/121bb28d84f1a5b1205ef4ce9c2e0c6b\",\"name\":\"Ismael Lucas S. Pereira\",\"image\":{\"@type\":\"ImageObject\",\"inLanguage\":\"pt-BR\",\"@id\":\"https:\\\/\\\/secure.gravatar.com\\\/avatar\\\/887a0f3b5a7ceea963a48499fb883ffce6b5037362def025c52c2505b15d63e4?s=96&d=mm&r=g\",\"url\":\"https:\\\/\\\/secure.gravatar.com\\\/avatar\\\/887a0f3b5a7ceea963a48499fb883ffce6b5037362def025c52c2505b15d63e4?s=96&d=mm&r=g\",\"contentUrl\":\"https:\\\/\\\/secure.gravatar.com\\\/avatar\\\/887a0f3b5a7ceea963a48499fb883ffce6b5037362def025c52c2505b15d63e4?s=96&d=mm&r=g\",\"caption\":\"Ismael Lucas S. Pereira\"},\"url\":\"https:\\\/\\\/diariodepe.com.br\\\/cri\\\/author\\\/ismael-lucas\\\/\"}]}<\/script>\n<!-- \/ Yoast SEO plugin. -->","yoast_head_json":{"title":"An\u00fancio da Gala do Festival das Lanternas do CMG \u00e9 divulgado em lugar simb\u00f3lico do Canad\u00e1 - CRI e Diario de Pernambuco","robots":{"index":"index","follow":"follow","max-snippet":"max-snippet:-1","max-image-preview":"max-image-preview:large","max-video-preview":"max-video-preview:-1"},"canonical":"https:\/\/diariodepe.com.br\/cri\/2023\/02\/04\/anuncio-da-gala-do-festival-das-lanternas-do-cmg-e-divulgado-em-lugar-simbolico-do-canada\/","og_locale":"pt_BR","og_type":"article","og_title":"An\u00fancio da Gala do Festival das Lanternas do CMG \u00e9 divulgado em lugar simb\u00f3lico do Canad\u00e1 - CRI e Diario de Pernambuco","og_description":"Na sexta-feira (3), conforme o hor\u00e1rio do Canad\u00e1, o an\u00fancio da Gala do Festival das Lanternas da China do Grupo de M\u00eddia da China (CMG, na sigla em ingl\u00eas) foi foi projetado em uma\u00a0tela no\u00a0Canad\u00e1 Place, constru\u00e7\u00e3o simb\u00f3lica de Vancouver,...","og_url":"https:\/\/diariodepe.com.br\/cri\/2023\/02\/04\/anuncio-da-gala-do-festival-das-lanternas-do-cmg-e-divulgado-em-lugar-simbolico-do-canada\/","og_site_name":"CRI e Diario de Pernambuco","article_published_time":"2023-02-04T07:48:33+00:00","article_modified_time":"2023-02-06T07:49:37+00:00","og_image":[{"width":1361,"height":1020,"url":"https:\/\/diariodepe.com.br\/cri\/wp-content\/uploads\/sites\/2\/2023\/02\/2023020419264728402.jpg","type":"image\/jpeg"}],"author":"Ismael Lucas S. Pereira","twitter_card":"summary_large_image","twitter_misc":{"Escrito por":"Ismael Lucas S. Pereira","Est. tempo de leitura":"1 minuto"},"schema":{"@context":"https:\/\/schema.org","@graph":[{"@type":"Article","@id":"https:\/\/diariodepe.com.br\/cri\/2023\/02\/04\/anuncio-da-gala-do-festival-das-lanternas-do-cmg-e-divulgado-em-lugar-simbolico-do-canada\/#article","isPartOf":{"@id":"https:\/\/diariodepe.com.br\/cri\/2023\/02\/04\/anuncio-da-gala-do-festival-das-lanternas-do-cmg-e-divulgado-em-lugar-simbolico-do-canada\/"},"author":{"name":"Ismael Lucas S. Pereira","@id":"https:\/\/diariodepe.com.br\/cri\/#\/schema\/person\/121bb28d84f1a5b1205ef4ce9c2e0c6b"},"headline":"An\u00fancio da Gala do Festival das Lanternas do CMG \u00e9 divulgado em lugar simb\u00f3lico do Canad\u00e1","datePublished":"2023-02-04T07:48:33+00:00","dateModified":"2023-02-06T07:49:37+00:00","mainEntityOfPage":{"@id":"https:\/\/diariodepe.com.br\/cri\/2023\/02\/04\/anuncio-da-gala-do-festival-das-lanternas-do-cmg-e-divulgado-em-lugar-simbolico-do-canada\/"},"wordCount":102,"commentCount":0,"publisher":{"@id":"https:\/\/diariodepe.com.br\/cri\/#organization"},"image":{"@id":"https:\/\/diariodepe.com.br\/cri\/2023\/02\/04\/anuncio-da-gala-do-festival-das-lanternas-do-cmg-e-divulgado-em-lugar-simbolico-do-canada\/#primaryimage"},"thumbnailUrl":"https:\/\/diariodepe.com.br\/cri\/wp-content\/uploads\/sites\/2\/2023\/02\/2023020419264728402.jpg","articleSection":["Internacional"],"inLanguage":"pt-BR","potentialAction":[{"@type":"CommentAction","name":"Comment","target":["https:\/\/diariodepe.com.br\/cri\/2023\/02\/04\/anuncio-da-gala-do-festival-das-lanternas-do-cmg-e-divulgado-em-lugar-simbolico-do-canada\/#respond"]}]},{"@type":"WebPage","@id":"https:\/\/diariodepe.com.br\/cri\/2023\/02\/04\/anuncio-da-gala-do-festival-das-lanternas-do-cmg-e-divulgado-em-lugar-simbolico-do-canada\/","url":"https:\/\/diariodepe.com.br\/cri\/2023\/02\/04\/anuncio-da-gala-do-festival-das-lanternas-do-cmg-e-divulgado-em-lugar-simbolico-do-canada\/","name":"An\u00fancio da Gala do Festival das Lanternas do CMG \u00e9 divulgado em lugar simb\u00f3lico do Canad\u00e1 - CRI e Diario de Pernambuco","isPartOf":{"@id":"https:\/\/diariodepe.com.br\/cri\/#website"},"primaryImageOfPage":{"@id":"https:\/\/diariodepe.com.br\/cri\/2023\/02\/04\/anuncio-da-gala-do-festival-das-lanternas-do-cmg-e-divulgado-em-lugar-simbolico-do-canada\/#primaryimage"},"image":{"@id":"https:\/\/diariodepe.com.br\/cri\/2023\/02\/04\/anuncio-da-gala-do-festival-das-lanternas-do-cmg-e-divulgado-em-lugar-simbolico-do-canada\/#primaryimage"},"thumbnailUrl":"https:\/\/diariodepe.com.br\/cri\/wp-content\/uploads\/sites\/2\/2023\/02\/2023020419264728402.jpg","datePublished":"2023-02-04T07:48:33+00:00","dateModified":"2023-02-06T07:49:37+00:00","breadcrumb":{"@id":"https:\/\/diariodepe.com.br\/cri\/2023\/02\/04\/anuncio-da-gala-do-festival-das-lanternas-do-cmg-e-divulgado-em-lugar-simbolico-do-canada\/#breadcrumb"},"inLanguage":"pt-BR","potentialAction":[{"@type":"ReadAction","target":["https:\/\/diariodepe.com.br\/cri\/2023\/02\/04\/anuncio-da-gala-do-festival-das-lanternas-do-cmg-e-divulgado-em-lugar-simbolico-do-canada\/"]}]},{"@type":"ImageObject","inLanguage":"pt-BR","@id":"https:\/\/diariodepe.com.br\/cri\/2023\/02\/04\/anuncio-da-gala-do-festival-das-lanternas-do-cmg-e-divulgado-em-lugar-simbolico-do-canada\/#primaryimage","url":"https:\/\/diariodepe.com.br\/cri\/wp-content\/uploads\/sites\/2\/2023\/02\/2023020419264728402.jpg","contentUrl":"https:\/\/diariodepe.com.br\/cri\/wp-content\/uploads\/sites\/2\/2023\/02\/2023020419264728402.jpg","width":1361,"height":1020},{"@type":"BreadcrumbList","@id":"https:\/\/diariodepe.com.br\/cri\/2023\/02\/04\/anuncio-da-gala-do-festival-das-lanternas-do-cmg-e-divulgado-em-lugar-simbolico-do-canada\/#breadcrumb","itemListElement":[{"@type":"ListItem","position":1,"name":"In\u00edcio","item":"https:\/\/diariodepe.com.br\/cri\/"},{"@type":"ListItem","position":2,"name":"An\u00fancio da Gala do Festival das Lanternas do CMG \u00e9 divulgado em lugar simb\u00f3lico do Canad\u00e1"}]},{"@type":"WebSite","@id":"https:\/\/diariodepe.com.br\/cri\/#website","url":"https:\/\/diariodepe.com.br\/cri\/","name":"CRI e Diario de Pernambuco","description":"R\u00e1dio Internacional da China","publisher":{"@id":"https:\/\/diariodepe.com.br\/cri\/#organization"},"potentialAction":[{"@type":"SearchAction","target":{"@type":"EntryPoint","urlTemplate":"https:\/\/diariodepe.com.br\/cri\/?s={search_term_string}"},"query-input":{"@type":"PropertyValueSpecification","valueRequired":true,"valueName":"search_term_string"}}],"inLanguage":"pt-BR"},{"@type":"Organization","@id":"https:\/\/diariodepe.com.br\/cri\/#organization","name":"CRI e Diario de Pernambuco","url":"https:\/\/diariodepe.com.br\/cri\/","logo":{"@type":"ImageObject","inLanguage":"pt-BR","@id":"https:\/\/diariodepe.com.br\/cri\/#\/schema\/logo\/image\/","url":"https:\/\/diariodepe.com.br\/cri\/wp-content\/uploads\/sites\/2\/2022\/12\/cropped-Logo.jpg","contentUrl":"https:\/\/diariodepe.com.br\/cri\/wp-content\/uploads\/sites\/2\/2022\/12\/cropped-Logo.jpg","width":700,"height":59,"caption":"CRI e Diario de Pernambuco"},"image":{"@id":"https:\/\/diariodepe.com.br\/cri\/#\/schema\/logo\/image\/"}},{"@type":"Person","@id":"https:\/\/diariodepe.com.br\/cri\/#\/schema\/person\/121bb28d84f1a5b1205ef4ce9c2e0c6b","name":"Ismael Lucas S. Pereira","image":{"@type":"ImageObject","inLanguage":"pt-BR","@id":"https:\/\/secure.gravatar.com\/avatar\/887a0f3b5a7ceea963a48499fb883ffce6b5037362def025c52c2505b15d63e4?s=96&d=mm&r=g","url":"https:\/\/secure.gravatar.com\/avatar\/887a0f3b5a7ceea963a48499fb883ffce6b5037362def025c52c2505b15d63e4?s=96&d=mm&r=g","contentUrl":"https:\/\/secure.gravatar.com\/avatar\/887a0f3b5a7ceea963a48499fb883ffce6b5037362def025c52c2505b15d63e4?s=96&d=mm&r=g","caption":"Ismael Lucas S. Pereira"},"url":"https:\/\/diariodepe.com.br\/cri\/author\/ismael-lucas\/"}]}},"cc_featured_image_caption":{"caption_text":"","source_text":"","source_url":""},"amp_enabled":true,"_links":{"self":[{"href":"https:\/\/diariodepe.com.br\/cri\/wp-json\/wp\/v2\/posts\/531","targetHints":{"allow":["GET"]}}],"collection":[{"href":"https:\/\/diariodepe.com.br\/cri\/wp-json\/wp\/v2\/posts"}],"about":[{"href":"https:\/\/diariodepe.com.br\/cri\/wp-json\/wp\/v2\/types\/post"}],"author":[{"embeddable":true,"href":"https:\/\/diariodepe.com.br\/cri\/wp-json\/wp\/v2\/users\/2"}],"replies":[{"embeddable":true,"href":"https:\/\/diariodepe.com.br\/cri\/wp-json\/wp\/v2\/comments?post=531"}],"version-history":[{"count":1,"href":"https:\/\/diariodepe.com.br\/cri\/wp-json\/wp\/v2\/posts\/531\/revisions"}],"predecessor-version":[{"id":533,"href":"https:\/\/diariodepe.com.br\/cri\/wp-json\/wp\/v2\/posts\/531\/revisions\/533"}],"wp:featuredmedia":[{"embeddable":true,"href":"https:\/\/diariodepe.com.br\/cri\/wp-json\/wp\/v2\/media\/532"}],"wp:attachment":[{"href":"https:\/\/diariodepe.com.br\/cri\/wp-json\/wp\/v2\/media?parent=531"}],"wp:term":[{"taxonomy":"category","embeddable":true,"href":"https:\/\/diariodepe.com.br\/cri\/wp-json\/wp\/v2\/categories?post=531"},{"taxonomy":"post_tag","embeddable":true,"href":"https:\/\/diariodepe.com.br\/cri\/wp-json\/wp\/v2\/tags?post=531"}],"curies":[{"name":"wp","href":"https:\/\/api.w.org\/{rel}","templated":true}]}}