{"id":5298,"date":"2024-05-13T03:47:18","date_gmt":"2024-05-13T06:47:18","guid":{"rendered":"https:\/\/diariodepe.com.br\/cri\/?p=5298"},"modified":"2024-05-13T03:47:18","modified_gmt":"2024-05-13T06:47:18","slug":"novo-primeiro-ministro-de-salomao-enfatiza-que-o-estabelecimento-de-relacoes-diplomaticas-com-a-china-e-decisao-mais-importante-desde-a-independencia-do-pais","status":"publish","type":"post","link":"https:\/\/diariodepe.com.br\/cri\/2024\/05\/13\/novo-primeiro-ministro-de-salomao-enfatiza-que-o-estabelecimento-de-relacoes-diplomaticas-com-a-china-e-decisao-mais-importante-desde-a-independencia-do-pais\/","title":{"rendered":"Novo primeiro-ministro de Salom\u00e3o enfatiza que o estabelecimento de rela\u00e7\u00f5es diplom\u00e1ticas com a China \u00e9 decis\u00e3o mais importante desde a independ\u00eancia do pa\u00eds"},"content":{"rendered":"<p data-spm-anchor-id=\"0.0.0.i1\">O primeiro-ministro das Ilhas Salom\u00e3o, Jeremiah Manele, concedeu uma entrevista exclusiva ao Grupo de M\u00eddia da China (CMG, na sigla em ingl\u00eas) ontem (10) na capital do pa\u00eds.<\/p>\n<p class=\"photo_img_20190808\"><img decoding=\"async\" src=\"https:\/\/p4crires.cri.cn\/photoworkspace\/cri\/contentimg\/2024\/05\/11\/2024051121151186817.jpeg\" alt=\"\" width=\"1000\" \/><\/p>\n<p>Manele afirmou que as Ilhas Salom\u00e3o est\u00e3o no lado certo da hist\u00f3ria ao estabelecer rela\u00e7\u00f5es diplom\u00e1ticas com a China em 2019, que se trata de uma das decis\u00f5es mais importante que o pa\u00eds tomou em seus 45 anos de independ\u00eancia. Ele disse que, desde o estabelecimento das rela\u00e7\u00f5es diplom\u00e1ticas, o relacionamento entre os dois pa\u00edses tem se desenvolvido rapidamente. Lembrando que ele foi para a China tr\u00eas vezes como ministro das Rela\u00e7\u00f5es Exteriores e teve a honra de conhecer o presidente do pa\u00eds asi\u00e1tico, Xi Jinping, e outros l\u00edderes. Ele expressou sua esperan\u00e7a de que o relacionamento entre as duas na\u00e7\u00f5es continue a crescer e se torne um modelo de coopera\u00e7\u00e3o Sul-Sul para o benef\u00edcio do povo de ambos os pa\u00edses.<\/p>\n<p class=\"photo_img_20190808\"><img decoding=\"async\" src=\"https:\/\/p2crires.cri.cn\/photoworkspace\/cri\/contentimg\/2024\/05\/11\/2024051121152073472.jpeg\" alt=\"\" width=\"1000\" \/><\/p>\n<p>As Ilhas Salom\u00e3o est\u00e3o localizadas no Oceano Pac\u00edfico Sul e situadas na extens\u00e3o sul da Rota da Seda e da Rota da Seda Mar\u00edtima do S\u00e9culo XXI. Em 2019, as Ilhas Salom\u00e3o e a China assinaram um memorando de entendimento para construir conjuntamente a Iniciativa Cintur\u00e3o e Rota. Manele disse acreditar que a assinatura do memorando de entendimento com a China ajudar\u00e1 a fortalecer a infraestrutura a fim de atender melhor ao seu povo. Espera-se que os dois pa\u00edses fortale\u00e7am ainda mais a coopera\u00e7\u00e3o sob a Iniciativa Cintur\u00e3o e Rota para benef\u00edcio m\u00fatuo.<\/p>\n","protected":false},"excerpt":{"rendered":"<p>O primeiro-ministro das Ilhas Salom\u00e3o, Jeremiah Manele, concedeu uma entrevista exclusiva ao Grupo de M\u00eddia da China (CMG, na sigla em ingl\u00eas) ontem (10) na capital do pa\u00eds. Manele afirmou que as Ilhas Salom\u00e3o est\u00e3o no lado certo da hist\u00f3ria&#8230;<\/p>\n","protected":false},"author":2,"featured_media":0,"comment_status":"open","ping_status":"open","sticky":false,"template":"","format":"standard","meta":{"footnotes":""},"categories":[3],"tags":[],"class_list":["post-5298","post","type-post","status-publish","format-standard","hentry","category-china"],"yoast_head":"<!-- This site is optimized with the Yoast SEO plugin v27.4 - https:\/\/yoast.com\/product\/yoast-seo-wordpress\/ -->\n<title>Novo primeiro-ministro de Salom\u00e3o enfatiza que o estabelecimento de rela\u00e7\u00f5es diplom\u00e1ticas com a China \u00e9 decis\u00e3o mais importante desde a independ\u00eancia do pa\u00eds - CRI e Diario de Pernambuco<\/title>\n<meta name=\"robots\" content=\"index, follow, max-snippet:-1, max-image-preview:large, max-video-preview:-1\" \/>\n<link rel=\"canonical\" href=\"https:\/\/diariodepe.com.br\/cri\/2024\/05\/13\/novo-primeiro-ministro-de-salomao-enfatiza-que-o-estabelecimento-de-relacoes-diplomaticas-com-a-china-e-decisao-mais-importante-desde-a-independencia-do-pais\/\" \/>\n<meta property=\"og:locale\" content=\"pt_BR\" \/>\n<meta property=\"og:type\" content=\"article\" \/>\n<meta property=\"og:title\" content=\"Novo primeiro-ministro de Salom\u00e3o enfatiza que o estabelecimento de rela\u00e7\u00f5es diplom\u00e1ticas com a China \u00e9 decis\u00e3o mais importante desde a independ\u00eancia do pa\u00eds - CRI e Diario de Pernambuco\" \/>\n<meta property=\"og:description\" content=\"O primeiro-ministro das Ilhas Salom\u00e3o, Jeremiah Manele, concedeu uma entrevista exclusiva ao Grupo de M\u00eddia da China (CMG, na sigla em ingl\u00eas) ontem (10) na capital do pa\u00eds. Manele afirmou que as Ilhas Salom\u00e3o est\u00e3o no lado certo da hist\u00f3ria...\" \/>\n<meta property=\"og:url\" content=\"https:\/\/diariodepe.com.br\/cri\/2024\/05\/13\/novo-primeiro-ministro-de-salomao-enfatiza-que-o-estabelecimento-de-relacoes-diplomaticas-com-a-china-e-decisao-mais-importante-desde-a-independencia-do-pais\/\" \/>\n<meta property=\"og:site_name\" content=\"CRI e Diario de Pernambuco\" \/>\n<meta property=\"article:published_time\" content=\"2024-05-13T06:47:18+00:00\" \/>\n<meta property=\"og:image\" content=\"https:\/\/p4crires.cri.cn\/photoworkspace\/cri\/contentimg\/2024\/05\/11\/2024051121151186817.jpeg\" \/>\n<meta name=\"author\" content=\"Ismael Lucas S. Pereira\" \/>\n<meta name=\"twitter:card\" content=\"summary_large_image\" \/>\n<meta name=\"twitter:label1\" content=\"Escrito por\" \/>\n\t<meta name=\"twitter:data1\" content=\"Ismael Lucas S. Pereira\" \/>\n\t<meta name=\"twitter:label2\" content=\"Est. tempo de leitura\" \/>\n\t<meta name=\"twitter:data2\" content=\"2 minutos\" \/>\n<script type=\"application\/ld+json\" class=\"yoast-schema-graph\">{\"@context\":\"https:\\\/\\\/schema.org\",\"@graph\":[{\"@type\":\"Article\",\"@id\":\"https:\\\/\\\/diariodepe.com.br\\\/cri\\\/2024\\\/05\\\/13\\\/novo-primeiro-ministro-de-salomao-enfatiza-que-o-estabelecimento-de-relacoes-diplomaticas-com-a-china-e-decisao-mais-importante-desde-a-independencia-do-pais\\\/#article\",\"isPartOf\":{\"@id\":\"https:\\\/\\\/diariodepe.com.br\\\/cri\\\/2024\\\/05\\\/13\\\/novo-primeiro-ministro-de-salomao-enfatiza-que-o-estabelecimento-de-relacoes-diplomaticas-com-a-china-e-decisao-mais-importante-desde-a-independencia-do-pais\\\/\"},\"author\":{\"name\":\"Ismael Lucas S. Pereira\",\"@id\":\"https:\\\/\\\/diariodepe.com.br\\\/cri\\\/#\\\/schema\\\/person\\\/121bb28d84f1a5b1205ef4ce9c2e0c6b\"},\"headline\":\"Novo primeiro-ministro de Salom\u00e3o enfatiza que o estabelecimento de rela\u00e7\u00f5es diplom\u00e1ticas com a China \u00e9 decis\u00e3o mais importante desde a independ\u00eancia do pa\u00eds\",\"datePublished\":\"2024-05-13T06:47:18+00:00\",\"mainEntityOfPage\":{\"@id\":\"https:\\\/\\\/diariodepe.com.br\\\/cri\\\/2024\\\/05\\\/13\\\/novo-primeiro-ministro-de-salomao-enfatiza-que-o-estabelecimento-de-relacoes-diplomaticas-com-a-china-e-decisao-mais-importante-desde-a-independencia-do-pais\\\/\"},\"wordCount\":305,\"commentCount\":0,\"publisher\":{\"@id\":\"https:\\\/\\\/diariodepe.com.br\\\/cri\\\/#organization\"},\"image\":{\"@id\":\"https:\\\/\\\/diariodepe.com.br\\\/cri\\\/2024\\\/05\\\/13\\\/novo-primeiro-ministro-de-salomao-enfatiza-que-o-estabelecimento-de-relacoes-diplomaticas-com-a-china-e-decisao-mais-importante-desde-a-independencia-do-pais\\\/#primaryimage\"},\"thumbnailUrl\":\"https:\\\/\\\/p4crires.cri.cn\\\/photoworkspace\\\/cri\\\/contentimg\\\/2024\\\/05\\\/11\\\/2024051121151186817.jpeg\",\"articleSection\":[\"China\"],\"inLanguage\":\"pt-BR\",\"potentialAction\":[{\"@type\":\"CommentAction\",\"name\":\"Comment\",\"target\":[\"https:\\\/\\\/diariodepe.com.br\\\/cri\\\/2024\\\/05\\\/13\\\/novo-primeiro-ministro-de-salomao-enfatiza-que-o-estabelecimento-de-relacoes-diplomaticas-com-a-china-e-decisao-mais-importante-desde-a-independencia-do-pais\\\/#respond\"]}]},{\"@type\":\"WebPage\",\"@id\":\"https:\\\/\\\/diariodepe.com.br\\\/cri\\\/2024\\\/05\\\/13\\\/novo-primeiro-ministro-de-salomao-enfatiza-que-o-estabelecimento-de-relacoes-diplomaticas-com-a-china-e-decisao-mais-importante-desde-a-independencia-do-pais\\\/\",\"url\":\"https:\\\/\\\/diariodepe.com.br\\\/cri\\\/2024\\\/05\\\/13\\\/novo-primeiro-ministro-de-salomao-enfatiza-que-o-estabelecimento-de-relacoes-diplomaticas-com-a-china-e-decisao-mais-importante-desde-a-independencia-do-pais\\\/\",\"name\":\"Novo primeiro-ministro de Salom\u00e3o enfatiza que o estabelecimento de rela\u00e7\u00f5es diplom\u00e1ticas com a China \u00e9 decis\u00e3o mais importante desde a independ\u00eancia do pa\u00eds - CRI e Diario de Pernambuco\",\"isPartOf\":{\"@id\":\"https:\\\/\\\/diariodepe.com.br\\\/cri\\\/#website\"},\"primaryImageOfPage\":{\"@id\":\"https:\\\/\\\/diariodepe.com.br\\\/cri\\\/2024\\\/05\\\/13\\\/novo-primeiro-ministro-de-salomao-enfatiza-que-o-estabelecimento-de-relacoes-diplomaticas-com-a-china-e-decisao-mais-importante-desde-a-independencia-do-pais\\\/#primaryimage\"},\"image\":{\"@id\":\"https:\\\/\\\/diariodepe.com.br\\\/cri\\\/2024\\\/05\\\/13\\\/novo-primeiro-ministro-de-salomao-enfatiza-que-o-estabelecimento-de-relacoes-diplomaticas-com-a-china-e-decisao-mais-importante-desde-a-independencia-do-pais\\\/#primaryimage\"},\"thumbnailUrl\":\"https:\\\/\\\/p4crires.cri.cn\\\/photoworkspace\\\/cri\\\/contentimg\\\/2024\\\/05\\\/11\\\/2024051121151186817.jpeg\",\"datePublished\":\"2024-05-13T06:47:18+00:00\",\"breadcrumb\":{\"@id\":\"https:\\\/\\\/diariodepe.com.br\\\/cri\\\/2024\\\/05\\\/13\\\/novo-primeiro-ministro-de-salomao-enfatiza-que-o-estabelecimento-de-relacoes-diplomaticas-com-a-china-e-decisao-mais-importante-desde-a-independencia-do-pais\\\/#breadcrumb\"},\"inLanguage\":\"pt-BR\",\"potentialAction\":[{\"@type\":\"ReadAction\",\"target\":[\"https:\\\/\\\/diariodepe.com.br\\\/cri\\\/2024\\\/05\\\/13\\\/novo-primeiro-ministro-de-salomao-enfatiza-que-o-estabelecimento-de-relacoes-diplomaticas-com-a-china-e-decisao-mais-importante-desde-a-independencia-do-pais\\\/\"]}]},{\"@type\":\"ImageObject\",\"inLanguage\":\"pt-BR\",\"@id\":\"https:\\\/\\\/diariodepe.com.br\\\/cri\\\/2024\\\/05\\\/13\\\/novo-primeiro-ministro-de-salomao-enfatiza-que-o-estabelecimento-de-relacoes-diplomaticas-com-a-china-e-decisao-mais-importante-desde-a-independencia-do-pais\\\/#primaryimage\",\"url\":\"https:\\\/\\\/p4crires.cri.cn\\\/photoworkspace\\\/cri\\\/contentimg\\\/2024\\\/05\\\/11\\\/2024051121151186817.jpeg\",\"contentUrl\":\"https:\\\/\\\/p4crires.cri.cn\\\/photoworkspace\\\/cri\\\/contentimg\\\/2024\\\/05\\\/11\\\/2024051121151186817.jpeg\"},{\"@type\":\"BreadcrumbList\",\"@id\":\"https:\\\/\\\/diariodepe.com.br\\\/cri\\\/2024\\\/05\\\/13\\\/novo-primeiro-ministro-de-salomao-enfatiza-que-o-estabelecimento-de-relacoes-diplomaticas-com-a-china-e-decisao-mais-importante-desde-a-independencia-do-pais\\\/#breadcrumb\",\"itemListElement\":[{\"@type\":\"ListItem\",\"position\":1,\"name\":\"In\u00edcio\",\"item\":\"https:\\\/\\\/diariodepe.com.br\\\/cri\\\/\"},{\"@type\":\"ListItem\",\"position\":2,\"name\":\"Novo primeiro-ministro de Salom\u00e3o enfatiza que o estabelecimento de rela\u00e7\u00f5es diplom\u00e1ticas com a China \u00e9 decis\u00e3o mais importante desde a independ\u00eancia do pa\u00eds\"}]},{\"@type\":\"WebSite\",\"@id\":\"https:\\\/\\\/diariodepe.com.br\\\/cri\\\/#website\",\"url\":\"https:\\\/\\\/diariodepe.com.br\\\/cri\\\/\",\"name\":\"CRI e Diario de Pernambuco\",\"description\":\"R\u00e1dio Internacional da China\",\"publisher\":{\"@id\":\"https:\\\/\\\/diariodepe.com.br\\\/cri\\\/#organization\"},\"potentialAction\":[{\"@type\":\"SearchAction\",\"target\":{\"@type\":\"EntryPoint\",\"urlTemplate\":\"https:\\\/\\\/diariodepe.com.br\\\/cri\\\/?s={search_term_string}\"},\"query-input\":{\"@type\":\"PropertyValueSpecification\",\"valueRequired\":true,\"valueName\":\"search_term_string\"}}],\"inLanguage\":\"pt-BR\"},{\"@type\":\"Organization\",\"@id\":\"https:\\\/\\\/diariodepe.com.br\\\/cri\\\/#organization\",\"name\":\"CRI e Diario de Pernambuco\",\"url\":\"https:\\\/\\\/diariodepe.com.br\\\/cri\\\/\",\"logo\":{\"@type\":\"ImageObject\",\"inLanguage\":\"pt-BR\",\"@id\":\"https:\\\/\\\/diariodepe.com.br\\\/cri\\\/#\\\/schema\\\/logo\\\/image\\\/\",\"url\":\"https:\\\/\\\/diariodepe.com.br\\\/cri\\\/wp-content\\\/uploads\\\/sites\\\/2\\\/2022\\\/12\\\/cropped-Logo.jpg\",\"contentUrl\":\"https:\\\/\\\/diariodepe.com.br\\\/cri\\\/wp-content\\\/uploads\\\/sites\\\/2\\\/2022\\\/12\\\/cropped-Logo.jpg\",\"width\":700,\"height\":59,\"caption\":\"CRI e Diario de Pernambuco\"},\"image\":{\"@id\":\"https:\\\/\\\/diariodepe.com.br\\\/cri\\\/#\\\/schema\\\/logo\\\/image\\\/\"}},{\"@type\":\"Person\",\"@id\":\"https:\\\/\\\/diariodepe.com.br\\\/cri\\\/#\\\/schema\\\/person\\\/121bb28d84f1a5b1205ef4ce9c2e0c6b\",\"name\":\"Ismael Lucas S. Pereira\",\"image\":{\"@type\":\"ImageObject\",\"inLanguage\":\"pt-BR\",\"@id\":\"https:\\\/\\\/secure.gravatar.com\\\/avatar\\\/887a0f3b5a7ceea963a48499fb883ffce6b5037362def025c52c2505b15d63e4?s=96&d=mm&r=g\",\"url\":\"https:\\\/\\\/secure.gravatar.com\\\/avatar\\\/887a0f3b5a7ceea963a48499fb883ffce6b5037362def025c52c2505b15d63e4?s=96&d=mm&r=g\",\"contentUrl\":\"https:\\\/\\\/secure.gravatar.com\\\/avatar\\\/887a0f3b5a7ceea963a48499fb883ffce6b5037362def025c52c2505b15d63e4?s=96&d=mm&r=g\",\"caption\":\"Ismael Lucas S. Pereira\"},\"url\":\"https:\\\/\\\/diariodepe.com.br\\\/cri\\\/author\\\/ismael-lucas\\\/\"}]}<\/script>\n<!-- \/ Yoast SEO plugin. -->","yoast_head_json":{"title":"Novo primeiro-ministro de Salom\u00e3o enfatiza que o estabelecimento de rela\u00e7\u00f5es diplom\u00e1ticas com a China \u00e9 decis\u00e3o mais importante desde a independ\u00eancia do pa\u00eds - CRI e Diario de Pernambuco","robots":{"index":"index","follow":"follow","max-snippet":"max-snippet:-1","max-image-preview":"max-image-preview:large","max-video-preview":"max-video-preview:-1"},"canonical":"https:\/\/diariodepe.com.br\/cri\/2024\/05\/13\/novo-primeiro-ministro-de-salomao-enfatiza-que-o-estabelecimento-de-relacoes-diplomaticas-com-a-china-e-decisao-mais-importante-desde-a-independencia-do-pais\/","og_locale":"pt_BR","og_type":"article","og_title":"Novo primeiro-ministro de Salom\u00e3o enfatiza que o estabelecimento de rela\u00e7\u00f5es diplom\u00e1ticas com a China \u00e9 decis\u00e3o mais importante desde a independ\u00eancia do pa\u00eds - CRI e Diario de Pernambuco","og_description":"O primeiro-ministro das Ilhas Salom\u00e3o, Jeremiah Manele, concedeu uma entrevista exclusiva ao Grupo de M\u00eddia da China (CMG, na sigla em ingl\u00eas) ontem (10) na capital do pa\u00eds. Manele afirmou que as Ilhas Salom\u00e3o est\u00e3o no lado certo da hist\u00f3ria...","og_url":"https:\/\/diariodepe.com.br\/cri\/2024\/05\/13\/novo-primeiro-ministro-de-salomao-enfatiza-que-o-estabelecimento-de-relacoes-diplomaticas-com-a-china-e-decisao-mais-importante-desde-a-independencia-do-pais\/","og_site_name":"CRI e Diario de Pernambuco","article_published_time":"2024-05-13T06:47:18+00:00","og_image":[{"url":"https:\/\/p4crires.cri.cn\/photoworkspace\/cri\/contentimg\/2024\/05\/11\/2024051121151186817.jpeg","type":"","width":"","height":""}],"author":"Ismael Lucas S. Pereira","twitter_card":"summary_large_image","twitter_misc":{"Escrito por":"Ismael Lucas S. Pereira","Est. tempo de leitura":"2 minutos"},"schema":{"@context":"https:\/\/schema.org","@graph":[{"@type":"Article","@id":"https:\/\/diariodepe.com.br\/cri\/2024\/05\/13\/novo-primeiro-ministro-de-salomao-enfatiza-que-o-estabelecimento-de-relacoes-diplomaticas-com-a-china-e-decisao-mais-importante-desde-a-independencia-do-pais\/#article","isPartOf":{"@id":"https:\/\/diariodepe.com.br\/cri\/2024\/05\/13\/novo-primeiro-ministro-de-salomao-enfatiza-que-o-estabelecimento-de-relacoes-diplomaticas-com-a-china-e-decisao-mais-importante-desde-a-independencia-do-pais\/"},"author":{"name":"Ismael Lucas S. Pereira","@id":"https:\/\/diariodepe.com.br\/cri\/#\/schema\/person\/121bb28d84f1a5b1205ef4ce9c2e0c6b"},"headline":"Novo primeiro-ministro de Salom\u00e3o enfatiza que o estabelecimento de rela\u00e7\u00f5es diplom\u00e1ticas com a China \u00e9 decis\u00e3o mais importante desde a independ\u00eancia do pa\u00eds","datePublished":"2024-05-13T06:47:18+00:00","mainEntityOfPage":{"@id":"https:\/\/diariodepe.com.br\/cri\/2024\/05\/13\/novo-primeiro-ministro-de-salomao-enfatiza-que-o-estabelecimento-de-relacoes-diplomaticas-com-a-china-e-decisao-mais-importante-desde-a-independencia-do-pais\/"},"wordCount":305,"commentCount":0,"publisher":{"@id":"https:\/\/diariodepe.com.br\/cri\/#organization"},"image":{"@id":"https:\/\/diariodepe.com.br\/cri\/2024\/05\/13\/novo-primeiro-ministro-de-salomao-enfatiza-que-o-estabelecimento-de-relacoes-diplomaticas-com-a-china-e-decisao-mais-importante-desde-a-independencia-do-pais\/#primaryimage"},"thumbnailUrl":"https:\/\/p4crires.cri.cn\/photoworkspace\/cri\/contentimg\/2024\/05\/11\/2024051121151186817.jpeg","articleSection":["China"],"inLanguage":"pt-BR","potentialAction":[{"@type":"CommentAction","name":"Comment","target":["https:\/\/diariodepe.com.br\/cri\/2024\/05\/13\/novo-primeiro-ministro-de-salomao-enfatiza-que-o-estabelecimento-de-relacoes-diplomaticas-com-a-china-e-decisao-mais-importante-desde-a-independencia-do-pais\/#respond"]}]},{"@type":"WebPage","@id":"https:\/\/diariodepe.com.br\/cri\/2024\/05\/13\/novo-primeiro-ministro-de-salomao-enfatiza-que-o-estabelecimento-de-relacoes-diplomaticas-com-a-china-e-decisao-mais-importante-desde-a-independencia-do-pais\/","url":"https:\/\/diariodepe.com.br\/cri\/2024\/05\/13\/novo-primeiro-ministro-de-salomao-enfatiza-que-o-estabelecimento-de-relacoes-diplomaticas-com-a-china-e-decisao-mais-importante-desde-a-independencia-do-pais\/","name":"Novo primeiro-ministro de Salom\u00e3o enfatiza que o estabelecimento de rela\u00e7\u00f5es diplom\u00e1ticas com a China \u00e9 decis\u00e3o mais importante desde a independ\u00eancia do pa\u00eds - CRI e Diario de Pernambuco","isPartOf":{"@id":"https:\/\/diariodepe.com.br\/cri\/#website"},"primaryImageOfPage":{"@id":"https:\/\/diariodepe.com.br\/cri\/2024\/05\/13\/novo-primeiro-ministro-de-salomao-enfatiza-que-o-estabelecimento-de-relacoes-diplomaticas-com-a-china-e-decisao-mais-importante-desde-a-independencia-do-pais\/#primaryimage"},"image":{"@id":"https:\/\/diariodepe.com.br\/cri\/2024\/05\/13\/novo-primeiro-ministro-de-salomao-enfatiza-que-o-estabelecimento-de-relacoes-diplomaticas-com-a-china-e-decisao-mais-importante-desde-a-independencia-do-pais\/#primaryimage"},"thumbnailUrl":"https:\/\/p4crires.cri.cn\/photoworkspace\/cri\/contentimg\/2024\/05\/11\/2024051121151186817.jpeg","datePublished":"2024-05-13T06:47:18+00:00","breadcrumb":{"@id":"https:\/\/diariodepe.com.br\/cri\/2024\/05\/13\/novo-primeiro-ministro-de-salomao-enfatiza-que-o-estabelecimento-de-relacoes-diplomaticas-com-a-china-e-decisao-mais-importante-desde-a-independencia-do-pais\/#breadcrumb"},"inLanguage":"pt-BR","potentialAction":[{"@type":"ReadAction","target":["https:\/\/diariodepe.com.br\/cri\/2024\/05\/13\/novo-primeiro-ministro-de-salomao-enfatiza-que-o-estabelecimento-de-relacoes-diplomaticas-com-a-china-e-decisao-mais-importante-desde-a-independencia-do-pais\/"]}]},{"@type":"ImageObject","inLanguage":"pt-BR","@id":"https:\/\/diariodepe.com.br\/cri\/2024\/05\/13\/novo-primeiro-ministro-de-salomao-enfatiza-que-o-estabelecimento-de-relacoes-diplomaticas-com-a-china-e-decisao-mais-importante-desde-a-independencia-do-pais\/#primaryimage","url":"https:\/\/p4crires.cri.cn\/photoworkspace\/cri\/contentimg\/2024\/05\/11\/2024051121151186817.jpeg","contentUrl":"https:\/\/p4crires.cri.cn\/photoworkspace\/cri\/contentimg\/2024\/05\/11\/2024051121151186817.jpeg"},{"@type":"BreadcrumbList","@id":"https:\/\/diariodepe.com.br\/cri\/2024\/05\/13\/novo-primeiro-ministro-de-salomao-enfatiza-que-o-estabelecimento-de-relacoes-diplomaticas-com-a-china-e-decisao-mais-importante-desde-a-independencia-do-pais\/#breadcrumb","itemListElement":[{"@type":"ListItem","position":1,"name":"In\u00edcio","item":"https:\/\/diariodepe.com.br\/cri\/"},{"@type":"ListItem","position":2,"name":"Novo primeiro-ministro de Salom\u00e3o enfatiza que o estabelecimento de rela\u00e7\u00f5es diplom\u00e1ticas com a China \u00e9 decis\u00e3o mais importante desde a independ\u00eancia do pa\u00eds"}]},{"@type":"WebSite","@id":"https:\/\/diariodepe.com.br\/cri\/#website","url":"https:\/\/diariodepe.com.br\/cri\/","name":"CRI e Diario de Pernambuco","description":"R\u00e1dio Internacional da China","publisher":{"@id":"https:\/\/diariodepe.com.br\/cri\/#organization"},"potentialAction":[{"@type":"SearchAction","target":{"@type":"EntryPoint","urlTemplate":"https:\/\/diariodepe.com.br\/cri\/?s={search_term_string}"},"query-input":{"@type":"PropertyValueSpecification","valueRequired":true,"valueName":"search_term_string"}}],"inLanguage":"pt-BR"},{"@type":"Organization","@id":"https:\/\/diariodepe.com.br\/cri\/#organization","name":"CRI e Diario de Pernambuco","url":"https:\/\/diariodepe.com.br\/cri\/","logo":{"@type":"ImageObject","inLanguage":"pt-BR","@id":"https:\/\/diariodepe.com.br\/cri\/#\/schema\/logo\/image\/","url":"https:\/\/diariodepe.com.br\/cri\/wp-content\/uploads\/sites\/2\/2022\/12\/cropped-Logo.jpg","contentUrl":"https:\/\/diariodepe.com.br\/cri\/wp-content\/uploads\/sites\/2\/2022\/12\/cropped-Logo.jpg","width":700,"height":59,"caption":"CRI e Diario de Pernambuco"},"image":{"@id":"https:\/\/diariodepe.com.br\/cri\/#\/schema\/logo\/image\/"}},{"@type":"Person","@id":"https:\/\/diariodepe.com.br\/cri\/#\/schema\/person\/121bb28d84f1a5b1205ef4ce9c2e0c6b","name":"Ismael Lucas S. Pereira","image":{"@type":"ImageObject","inLanguage":"pt-BR","@id":"https:\/\/secure.gravatar.com\/avatar\/887a0f3b5a7ceea963a48499fb883ffce6b5037362def025c52c2505b15d63e4?s=96&d=mm&r=g","url":"https:\/\/secure.gravatar.com\/avatar\/887a0f3b5a7ceea963a48499fb883ffce6b5037362def025c52c2505b15d63e4?s=96&d=mm&r=g","contentUrl":"https:\/\/secure.gravatar.com\/avatar\/887a0f3b5a7ceea963a48499fb883ffce6b5037362def025c52c2505b15d63e4?s=96&d=mm&r=g","caption":"Ismael Lucas S. Pereira"},"url":"https:\/\/diariodepe.com.br\/cri\/author\/ismael-lucas\/"}]}},"cc_featured_image_caption":{"caption_text":false,"source_text":false,"source_url":false},"amp_enabled":true,"_links":{"self":[{"href":"https:\/\/diariodepe.com.br\/cri\/wp-json\/wp\/v2\/posts\/5298","targetHints":{"allow":["GET"]}}],"collection":[{"href":"https:\/\/diariodepe.com.br\/cri\/wp-json\/wp\/v2\/posts"}],"about":[{"href":"https:\/\/diariodepe.com.br\/cri\/wp-json\/wp\/v2\/types\/post"}],"author":[{"embeddable":true,"href":"https:\/\/diariodepe.com.br\/cri\/wp-json\/wp\/v2\/users\/2"}],"replies":[{"embeddable":true,"href":"https:\/\/diariodepe.com.br\/cri\/wp-json\/wp\/v2\/comments?post=5298"}],"version-history":[{"count":1,"href":"https:\/\/diariodepe.com.br\/cri\/wp-json\/wp\/v2\/posts\/5298\/revisions"}],"predecessor-version":[{"id":5299,"href":"https:\/\/diariodepe.com.br\/cri\/wp-json\/wp\/v2\/posts\/5298\/revisions\/5299"}],"wp:attachment":[{"href":"https:\/\/diariodepe.com.br\/cri\/wp-json\/wp\/v2\/media?parent=5298"}],"wp:term":[{"taxonomy":"category","embeddable":true,"href":"https:\/\/diariodepe.com.br\/cri\/wp-json\/wp\/v2\/categories?post=5298"},{"taxonomy":"post_tag","embeddable":true,"href":"https:\/\/diariodepe.com.br\/cri\/wp-json\/wp\/v2\/tags?post=5298"}],"curies":[{"name":"wp","href":"https:\/\/api.w.org\/{rel}","templated":true}]}}