{"id":5285,"date":"2024-05-09T18:37:56","date_gmt":"2024-05-09T21:37:56","guid":{"rendered":"https:\/\/diariodepe.com.br\/cri\/?p=5285"},"modified":"2024-05-09T18:37:56","modified_gmt":"2024-05-09T21:37:56","slug":"xi-jinping-reune-se-com-primeiro-ministro-hungaro","status":"publish","type":"post","link":"https:\/\/diariodepe.com.br\/cri\/2024\/05\/09\/xi-jinping-reune-se-com-primeiro-ministro-hungaro\/","title":{"rendered":"Xi Jinping re\u00fane-se com primeiro-ministro h\u00fangaro"},"content":{"rendered":"<p>Na tarde do dia 9, o presidente chin\u00eas, Xi Jinping, teve uma reuni\u00e3o com o primeiro-ministro da Hungria, Viktor Orb\u00e1n, em Budapeste.<\/p>\n<p>Os dois l\u00edderes anunciaram em conjunto que o relacionamento China-Hungria seria elevado para uma \u201cparceria estrat\u00e9gica abrangente a qualquer tempo na nova era\u201d.<\/p>\n<p>Xi Jinping disse que atualmente o relacionamento China-Hungria vive a melhor fase de sua hist\u00f3ria. A parceria estrat\u00e9gica abrangente entre os dois pa\u00edses mant\u00e9m seu desenvolvimento de alto n\u00edvel, com confian\u00e7a pol\u00edtica m\u00fatua aprofundada e resultados frut\u00edferos de coopera\u00e7\u00e3o, que estabeleceu um modelo das rela\u00e7\u00f5es internacionais de novo tipo.<\/p>\n<p>Os dois pa\u00edses celebram os 75 anos das rela\u00e7\u00f5es diplom\u00e1ticas neste ano e acolhem importantes oportunidades para o desenvolvimento das rela\u00e7\u00f5es bilaterais. A China e a Hungria devem continuar sendo bons amigos de confian\u00e7a e parceiros de ganho rec\u00edproco. Aproveitando a eleva\u00e7\u00e3o do relacionamento para uma \u201cparceria estrat\u00e9gica abrangente a qualquer tempo na nova era\u201d, os dois pa\u00edses devem injetar nova for\u00e7a motriz \u00e0 coopera\u00e7\u00e3o, e criar um futuro mais promissor para dois povos.<\/p>\n<p>O presidente chin\u00eas reiterou seu reconhecimento \u00e0 pol\u00edtica amig\u00e1vel da Hungria com a China e seu firme apoio nas quest\u00f5es relacionadas a Taiwan, Hong Kong e direitos humanos. A China apoia firmemente a Hungria a escolher seu caminho de desenvolvimento, correspondente \u00e0 situa\u00e7\u00e3o do pa\u00eds.<\/p>\n<p>O l\u00edder chin\u00eas disse que a moderniza\u00e7\u00e3o chinesa trar\u00e1 mais oportunidades para todos os pa\u00edses, incluindo a Hungria. Por isso, a China celebra que a Hungria se torne uma companheira no caminho da moderniza\u00e7\u00e3o chinesa, e est\u00e1 disposta a refor\u00e7ar a interconex\u00e3o de suas estrat\u00e9gias de desenvolvimento.<\/p>\n<p>Por sua vez, o primeiro-ministro Viktor Orb\u00e1n expressou suas boas-vindas ao presidente chin\u00eas e lembrou a visita do l\u00edder chin\u00eas \u00e0 Hungria 15 anos atr\u00e1s, acrescentando que ambos os pa\u00edses e o relacionamento bilateral tiveram progressos consider\u00e1veis desde ent\u00e3o. Orb\u00e1n afirmou que o sucesso das rela\u00e7\u00f5es Hungria-China provou que o relacionamento entre um pa\u00eds de maior e de menor porte pode se desenvolver com respeito, benef\u00edcio rec\u00edproco e coopera\u00e7\u00e3o.<\/p>\n<p>Depois da reuni\u00e3o, os dois l\u00edderes testemunharam a troca de protocolos de coopera\u00e7\u00e3o e se reuniram com a imprensa.<\/p>\n","protected":false},"excerpt":{"rendered":"<p>Na tarde do dia 9, o presidente chin\u00eas, Xi Jinping, teve uma reuni\u00e3o com o primeiro-ministro da Hungria, Viktor Orb\u00e1n, em Budapeste. Os dois l\u00edderes anunciaram em conjunto que o relacionamento China-Hungria seria elevado para uma \u201cparceria estrat\u00e9gica abrangente a&#8230;<\/p>\n","protected":false},"author":2,"featured_media":0,"comment_status":"open","ping_status":"open","sticky":false,"template":"","format":"standard","meta":{"footnotes":""},"categories":[8],"tags":[],"class_list":["post-5285","post","type-post","status-publish","format-standard","hentry","category-internacional"],"yoast_head":"<!-- This site is optimized with the Yoast SEO plugin v27.4 - https:\/\/yoast.com\/product\/yoast-seo-wordpress\/ -->\n<title>Xi Jinping re\u00fane-se com primeiro-ministro h\u00fangaro - CRI e Diario de Pernambuco<\/title>\n<meta name=\"robots\" content=\"index, follow, max-snippet:-1, max-image-preview:large, max-video-preview:-1\" \/>\n<link rel=\"canonical\" href=\"https:\/\/diariodepe.com.br\/cri\/2024\/05\/09\/xi-jinping-reune-se-com-primeiro-ministro-hungaro\/\" \/>\n<meta property=\"og:locale\" content=\"pt_BR\" \/>\n<meta property=\"og:type\" content=\"article\" \/>\n<meta property=\"og:title\" content=\"Xi Jinping re\u00fane-se com primeiro-ministro h\u00fangaro - CRI e Diario de Pernambuco\" \/>\n<meta property=\"og:description\" content=\"Na tarde do dia 9, o presidente chin\u00eas, Xi Jinping, teve uma reuni\u00e3o com o primeiro-ministro da Hungria, Viktor Orb\u00e1n, em Budapeste. Os dois l\u00edderes anunciaram em conjunto que o relacionamento China-Hungria seria elevado para uma \u201cparceria estrat\u00e9gica abrangente a...\" \/>\n<meta property=\"og:url\" content=\"https:\/\/diariodepe.com.br\/cri\/2024\/05\/09\/xi-jinping-reune-se-com-primeiro-ministro-hungaro\/\" \/>\n<meta property=\"og:site_name\" content=\"CRI e Diario de Pernambuco\" \/>\n<meta property=\"article:published_time\" content=\"2024-05-09T21:37:56+00:00\" \/>\n<meta name=\"author\" content=\"Ismael Lucas S. Pereira\" \/>\n<meta name=\"twitter:card\" content=\"summary_large_image\" \/>\n<meta name=\"twitter:label1\" content=\"Escrito por\" \/>\n\t<meta name=\"twitter:data1\" content=\"Ismael Lucas S. Pereira\" \/>\n\t<meta name=\"twitter:label2\" content=\"Est. tempo de leitura\" \/>\n\t<meta name=\"twitter:data2\" content=\"2 minutos\" \/>\n<script type=\"application\/ld+json\" class=\"yoast-schema-graph\">{\"@context\":\"https:\\\/\\\/schema.org\",\"@graph\":[{\"@type\":\"Article\",\"@id\":\"https:\\\/\\\/diariodepe.com.br\\\/cri\\\/2024\\\/05\\\/09\\\/xi-jinping-reune-se-com-primeiro-ministro-hungaro\\\/#article\",\"isPartOf\":{\"@id\":\"https:\\\/\\\/diariodepe.com.br\\\/cri\\\/2024\\\/05\\\/09\\\/xi-jinping-reune-se-com-primeiro-ministro-hungaro\\\/\"},\"author\":{\"name\":\"Ismael Lucas S. Pereira\",\"@id\":\"https:\\\/\\\/diariodepe.com.br\\\/cri\\\/#\\\/schema\\\/person\\\/121bb28d84f1a5b1205ef4ce9c2e0c6b\"},\"headline\":\"Xi Jinping re\u00fane-se com primeiro-ministro h\u00fangaro\",\"datePublished\":\"2024-05-09T21:37:56+00:00\",\"mainEntityOfPage\":{\"@id\":\"https:\\\/\\\/diariodepe.com.br\\\/cri\\\/2024\\\/05\\\/09\\\/xi-jinping-reune-se-com-primeiro-ministro-hungaro\\\/\"},\"wordCount\":407,\"commentCount\":0,\"publisher\":{\"@id\":\"https:\\\/\\\/diariodepe.com.br\\\/cri\\\/#organization\"},\"articleSection\":[\"Internacional\"],\"inLanguage\":\"pt-BR\",\"potentialAction\":[{\"@type\":\"CommentAction\",\"name\":\"Comment\",\"target\":[\"https:\\\/\\\/diariodepe.com.br\\\/cri\\\/2024\\\/05\\\/09\\\/xi-jinping-reune-se-com-primeiro-ministro-hungaro\\\/#respond\"]}]},{\"@type\":\"WebPage\",\"@id\":\"https:\\\/\\\/diariodepe.com.br\\\/cri\\\/2024\\\/05\\\/09\\\/xi-jinping-reune-se-com-primeiro-ministro-hungaro\\\/\",\"url\":\"https:\\\/\\\/diariodepe.com.br\\\/cri\\\/2024\\\/05\\\/09\\\/xi-jinping-reune-se-com-primeiro-ministro-hungaro\\\/\",\"name\":\"Xi Jinping re\u00fane-se com primeiro-ministro h\u00fangaro - CRI e Diario de Pernambuco\",\"isPartOf\":{\"@id\":\"https:\\\/\\\/diariodepe.com.br\\\/cri\\\/#website\"},\"datePublished\":\"2024-05-09T21:37:56+00:00\",\"breadcrumb\":{\"@id\":\"https:\\\/\\\/diariodepe.com.br\\\/cri\\\/2024\\\/05\\\/09\\\/xi-jinping-reune-se-com-primeiro-ministro-hungaro\\\/#breadcrumb\"},\"inLanguage\":\"pt-BR\",\"potentialAction\":[{\"@type\":\"ReadAction\",\"target\":[\"https:\\\/\\\/diariodepe.com.br\\\/cri\\\/2024\\\/05\\\/09\\\/xi-jinping-reune-se-com-primeiro-ministro-hungaro\\\/\"]}]},{\"@type\":\"BreadcrumbList\",\"@id\":\"https:\\\/\\\/diariodepe.com.br\\\/cri\\\/2024\\\/05\\\/09\\\/xi-jinping-reune-se-com-primeiro-ministro-hungaro\\\/#breadcrumb\",\"itemListElement\":[{\"@type\":\"ListItem\",\"position\":1,\"name\":\"In\u00edcio\",\"item\":\"https:\\\/\\\/diariodepe.com.br\\\/cri\\\/\"},{\"@type\":\"ListItem\",\"position\":2,\"name\":\"Xi Jinping re\u00fane-se com primeiro-ministro h\u00fangaro\"}]},{\"@type\":\"WebSite\",\"@id\":\"https:\\\/\\\/diariodepe.com.br\\\/cri\\\/#website\",\"url\":\"https:\\\/\\\/diariodepe.com.br\\\/cri\\\/\",\"name\":\"CRI e Diario de Pernambuco\",\"description\":\"R\u00e1dio Internacional da China\",\"publisher\":{\"@id\":\"https:\\\/\\\/diariodepe.com.br\\\/cri\\\/#organization\"},\"potentialAction\":[{\"@type\":\"SearchAction\",\"target\":{\"@type\":\"EntryPoint\",\"urlTemplate\":\"https:\\\/\\\/diariodepe.com.br\\\/cri\\\/?s={search_term_string}\"},\"query-input\":{\"@type\":\"PropertyValueSpecification\",\"valueRequired\":true,\"valueName\":\"search_term_string\"}}],\"inLanguage\":\"pt-BR\"},{\"@type\":\"Organization\",\"@id\":\"https:\\\/\\\/diariodepe.com.br\\\/cri\\\/#organization\",\"name\":\"CRI e Diario de Pernambuco\",\"url\":\"https:\\\/\\\/diariodepe.com.br\\\/cri\\\/\",\"logo\":{\"@type\":\"ImageObject\",\"inLanguage\":\"pt-BR\",\"@id\":\"https:\\\/\\\/diariodepe.com.br\\\/cri\\\/#\\\/schema\\\/logo\\\/image\\\/\",\"url\":\"https:\\\/\\\/diariodepe.com.br\\\/cri\\\/wp-content\\\/uploads\\\/sites\\\/2\\\/2022\\\/12\\\/cropped-Logo.jpg\",\"contentUrl\":\"https:\\\/\\\/diariodepe.com.br\\\/cri\\\/wp-content\\\/uploads\\\/sites\\\/2\\\/2022\\\/12\\\/cropped-Logo.jpg\",\"width\":700,\"height\":59,\"caption\":\"CRI e Diario de Pernambuco\"},\"image\":{\"@id\":\"https:\\\/\\\/diariodepe.com.br\\\/cri\\\/#\\\/schema\\\/logo\\\/image\\\/\"}},{\"@type\":\"Person\",\"@id\":\"https:\\\/\\\/diariodepe.com.br\\\/cri\\\/#\\\/schema\\\/person\\\/121bb28d84f1a5b1205ef4ce9c2e0c6b\",\"name\":\"Ismael Lucas S. Pereira\",\"image\":{\"@type\":\"ImageObject\",\"inLanguage\":\"pt-BR\",\"@id\":\"https:\\\/\\\/secure.gravatar.com\\\/avatar\\\/887a0f3b5a7ceea963a48499fb883ffce6b5037362def025c52c2505b15d63e4?s=96&d=mm&r=g\",\"url\":\"https:\\\/\\\/secure.gravatar.com\\\/avatar\\\/887a0f3b5a7ceea963a48499fb883ffce6b5037362def025c52c2505b15d63e4?s=96&d=mm&r=g\",\"contentUrl\":\"https:\\\/\\\/secure.gravatar.com\\\/avatar\\\/887a0f3b5a7ceea963a48499fb883ffce6b5037362def025c52c2505b15d63e4?s=96&d=mm&r=g\",\"caption\":\"Ismael Lucas S. Pereira\"},\"url\":\"https:\\\/\\\/diariodepe.com.br\\\/cri\\\/author\\\/ismael-lucas\\\/\"}]}<\/script>\n<!-- \/ Yoast SEO plugin. -->","yoast_head_json":{"title":"Xi Jinping re\u00fane-se com primeiro-ministro h\u00fangaro - CRI e Diario de Pernambuco","robots":{"index":"index","follow":"follow","max-snippet":"max-snippet:-1","max-image-preview":"max-image-preview:large","max-video-preview":"max-video-preview:-1"},"canonical":"https:\/\/diariodepe.com.br\/cri\/2024\/05\/09\/xi-jinping-reune-se-com-primeiro-ministro-hungaro\/","og_locale":"pt_BR","og_type":"article","og_title":"Xi Jinping re\u00fane-se com primeiro-ministro h\u00fangaro - CRI e Diario de Pernambuco","og_description":"Na tarde do dia 9, o presidente chin\u00eas, Xi Jinping, teve uma reuni\u00e3o com o primeiro-ministro da Hungria, Viktor Orb\u00e1n, em Budapeste. Os dois l\u00edderes anunciaram em conjunto que o relacionamento China-Hungria seria elevado para uma \u201cparceria estrat\u00e9gica abrangente a...","og_url":"https:\/\/diariodepe.com.br\/cri\/2024\/05\/09\/xi-jinping-reune-se-com-primeiro-ministro-hungaro\/","og_site_name":"CRI e Diario de Pernambuco","article_published_time":"2024-05-09T21:37:56+00:00","author":"Ismael Lucas S. Pereira","twitter_card":"summary_large_image","twitter_misc":{"Escrito por":"Ismael Lucas S. Pereira","Est. tempo de leitura":"2 minutos"},"schema":{"@context":"https:\/\/schema.org","@graph":[{"@type":"Article","@id":"https:\/\/diariodepe.com.br\/cri\/2024\/05\/09\/xi-jinping-reune-se-com-primeiro-ministro-hungaro\/#article","isPartOf":{"@id":"https:\/\/diariodepe.com.br\/cri\/2024\/05\/09\/xi-jinping-reune-se-com-primeiro-ministro-hungaro\/"},"author":{"name":"Ismael Lucas S. Pereira","@id":"https:\/\/diariodepe.com.br\/cri\/#\/schema\/person\/121bb28d84f1a5b1205ef4ce9c2e0c6b"},"headline":"Xi Jinping re\u00fane-se com primeiro-ministro h\u00fangaro","datePublished":"2024-05-09T21:37:56+00:00","mainEntityOfPage":{"@id":"https:\/\/diariodepe.com.br\/cri\/2024\/05\/09\/xi-jinping-reune-se-com-primeiro-ministro-hungaro\/"},"wordCount":407,"commentCount":0,"publisher":{"@id":"https:\/\/diariodepe.com.br\/cri\/#organization"},"articleSection":["Internacional"],"inLanguage":"pt-BR","potentialAction":[{"@type":"CommentAction","name":"Comment","target":["https:\/\/diariodepe.com.br\/cri\/2024\/05\/09\/xi-jinping-reune-se-com-primeiro-ministro-hungaro\/#respond"]}]},{"@type":"WebPage","@id":"https:\/\/diariodepe.com.br\/cri\/2024\/05\/09\/xi-jinping-reune-se-com-primeiro-ministro-hungaro\/","url":"https:\/\/diariodepe.com.br\/cri\/2024\/05\/09\/xi-jinping-reune-se-com-primeiro-ministro-hungaro\/","name":"Xi Jinping re\u00fane-se com primeiro-ministro h\u00fangaro - CRI e Diario de Pernambuco","isPartOf":{"@id":"https:\/\/diariodepe.com.br\/cri\/#website"},"datePublished":"2024-05-09T21:37:56+00:00","breadcrumb":{"@id":"https:\/\/diariodepe.com.br\/cri\/2024\/05\/09\/xi-jinping-reune-se-com-primeiro-ministro-hungaro\/#breadcrumb"},"inLanguage":"pt-BR","potentialAction":[{"@type":"ReadAction","target":["https:\/\/diariodepe.com.br\/cri\/2024\/05\/09\/xi-jinping-reune-se-com-primeiro-ministro-hungaro\/"]}]},{"@type":"BreadcrumbList","@id":"https:\/\/diariodepe.com.br\/cri\/2024\/05\/09\/xi-jinping-reune-se-com-primeiro-ministro-hungaro\/#breadcrumb","itemListElement":[{"@type":"ListItem","position":1,"name":"In\u00edcio","item":"https:\/\/diariodepe.com.br\/cri\/"},{"@type":"ListItem","position":2,"name":"Xi Jinping re\u00fane-se com primeiro-ministro h\u00fangaro"}]},{"@type":"WebSite","@id":"https:\/\/diariodepe.com.br\/cri\/#website","url":"https:\/\/diariodepe.com.br\/cri\/","name":"CRI e Diario de Pernambuco","description":"R\u00e1dio Internacional da China","publisher":{"@id":"https:\/\/diariodepe.com.br\/cri\/#organization"},"potentialAction":[{"@type":"SearchAction","target":{"@type":"EntryPoint","urlTemplate":"https:\/\/diariodepe.com.br\/cri\/?s={search_term_string}"},"query-input":{"@type":"PropertyValueSpecification","valueRequired":true,"valueName":"search_term_string"}}],"inLanguage":"pt-BR"},{"@type":"Organization","@id":"https:\/\/diariodepe.com.br\/cri\/#organization","name":"CRI e Diario de Pernambuco","url":"https:\/\/diariodepe.com.br\/cri\/","logo":{"@type":"ImageObject","inLanguage":"pt-BR","@id":"https:\/\/diariodepe.com.br\/cri\/#\/schema\/logo\/image\/","url":"https:\/\/diariodepe.com.br\/cri\/wp-content\/uploads\/sites\/2\/2022\/12\/cropped-Logo.jpg","contentUrl":"https:\/\/diariodepe.com.br\/cri\/wp-content\/uploads\/sites\/2\/2022\/12\/cropped-Logo.jpg","width":700,"height":59,"caption":"CRI e Diario de Pernambuco"},"image":{"@id":"https:\/\/diariodepe.com.br\/cri\/#\/schema\/logo\/image\/"}},{"@type":"Person","@id":"https:\/\/diariodepe.com.br\/cri\/#\/schema\/person\/121bb28d84f1a5b1205ef4ce9c2e0c6b","name":"Ismael Lucas S. Pereira","image":{"@type":"ImageObject","inLanguage":"pt-BR","@id":"https:\/\/secure.gravatar.com\/avatar\/887a0f3b5a7ceea963a48499fb883ffce6b5037362def025c52c2505b15d63e4?s=96&d=mm&r=g","url":"https:\/\/secure.gravatar.com\/avatar\/887a0f3b5a7ceea963a48499fb883ffce6b5037362def025c52c2505b15d63e4?s=96&d=mm&r=g","contentUrl":"https:\/\/secure.gravatar.com\/avatar\/887a0f3b5a7ceea963a48499fb883ffce6b5037362def025c52c2505b15d63e4?s=96&d=mm&r=g","caption":"Ismael Lucas S. Pereira"},"url":"https:\/\/diariodepe.com.br\/cri\/author\/ismael-lucas\/"}]}},"cc_featured_image_caption":{"caption_text":false,"source_text":false,"source_url":false},"amp_enabled":true,"_links":{"self":[{"href":"https:\/\/diariodepe.com.br\/cri\/wp-json\/wp\/v2\/posts\/5285","targetHints":{"allow":["GET"]}}],"collection":[{"href":"https:\/\/diariodepe.com.br\/cri\/wp-json\/wp\/v2\/posts"}],"about":[{"href":"https:\/\/diariodepe.com.br\/cri\/wp-json\/wp\/v2\/types\/post"}],"author":[{"embeddable":true,"href":"https:\/\/diariodepe.com.br\/cri\/wp-json\/wp\/v2\/users\/2"}],"replies":[{"embeddable":true,"href":"https:\/\/diariodepe.com.br\/cri\/wp-json\/wp\/v2\/comments?post=5285"}],"version-history":[{"count":1,"href":"https:\/\/diariodepe.com.br\/cri\/wp-json\/wp\/v2\/posts\/5285\/revisions"}],"predecessor-version":[{"id":5286,"href":"https:\/\/diariodepe.com.br\/cri\/wp-json\/wp\/v2\/posts\/5285\/revisions\/5286"}],"wp:attachment":[{"href":"https:\/\/diariodepe.com.br\/cri\/wp-json\/wp\/v2\/media?parent=5285"}],"wp:term":[{"taxonomy":"category","embeddable":true,"href":"https:\/\/diariodepe.com.br\/cri\/wp-json\/wp\/v2\/categories?post=5285"},{"taxonomy":"post_tag","embeddable":true,"href":"https:\/\/diariodepe.com.br\/cri\/wp-json\/wp\/v2\/tags?post=5285"}],"curies":[{"name":"wp","href":"https:\/\/api.w.org\/{rel}","templated":true}]}}