{"id":5279,"date":"2024-05-09T18:35:55","date_gmt":"2024-05-09T21:35:55","guid":{"rendered":"https:\/\/diariodepe.com.br\/cri\/?p=5279"},"modified":"2024-05-09T18:42:36","modified_gmt":"2024-05-09T21:42:36","slug":"presidente-xi-jinping-se-reune-com-presidente-hungaro-tamas-sulyok","status":"publish","type":"post","link":"https:\/\/diariodepe.com.br\/cri\/2024\/05\/09\/presidente-xi-jinping-se-reune-com-presidente-hungaro-tamas-sulyok\/","title":{"rendered":"Presidente Xi Jinping se re\u00fane com presidente h\u00fangaro Tam\u00e1s Sulyok"},"content":{"rendered":"<p>Na manh\u00e3 desta quinta-feira (9), hor\u00e1rio local, o presidente chin\u00eas, Xi Jinping, se reuniu com seu hom\u00f3logo da Hungria, Tam\u00e1s Sulyok, no Pal\u00e1cio S\u00e1ndor, em Budapeste.<\/p>\n<p>O presidente Xi expressou sua satisfa\u00e7\u00e3o em visitar o belo pa\u00eds da Hungria e em conhecer o presidente Sulyok. Ele agradeceu a seu hom\u00f3logo pelo convite gentil e pelos preparativos atenciosos. Descrevendo o presidente Sulyok como um estadista experiente e um especialista legal na Hungria, o l\u00edder chin\u00eas elogiou-o por sua dedica\u00e7\u00e3o de longa data ao crescimento da amizade entre os dois pa\u00edses e por sua contribui\u00e7\u00e3o positiva ao desenvolvimento dos la\u00e7os bilaterais. Xi Jinping expressou sua disposi\u00e7\u00e3o em promover uma boa rela\u00e7\u00e3o de trabalho e amizade com o presidente Sulyok, aumentar o interc\u00e2mbio e a comunica\u00e7\u00e3o sobre assuntos de interesse m\u00fatuo e promover conjuntamente o desenvolvimento de alto n\u00edvel das rela\u00e7\u00f5es China-Hungria.<\/p>\n<p>A Hungria \u00e9 um dos primeiros pa\u00edses a reconhecer a Rep\u00fablica Popular da China. Desde o estabelecimento de seus la\u00e7os diplom\u00e1ticos, a China e a Hungria sempre se respeitaram, trataram-se como iguais e buscaram benef\u00edcios m\u00fatuos. O relacionamento bilateral resistiu a prova\u00e7\u00f5es no cen\u00e1rio internacional em constante mudan\u00e7a e continuou a se aprofundar, passando de uma amizade para uma parceria amig\u00e1vel e cooperativa e, em seguida, para uma parceria estrat\u00e9gica abrangente. O relacionamento China-Hungria est\u00e1 agora em seu melhor momento hist\u00f3rico. A amizade tradicional criou ra\u00edzes profundas no cora\u00e7\u00e3o das pessoas, e a coopera\u00e7\u00e3o em v\u00e1rios campos produziu resultados frut\u00edferos. Este ano marca o 75\u00ba anivers\u00e1rio das rela\u00e7\u00f5es diplom\u00e1ticas entre a China e a Hungria. O presidente Xi expressou sua disposi\u00e7\u00e3o de trabalhar com o presidente Sulyok para levar adiante a tradicional amizade, aprofundar a confian\u00e7a pol\u00edtica m\u00fatua, fortalecer a coopera\u00e7\u00e3o mutuamente ben\u00e9fica e elevar o relacionamento China-Hungria a n\u00edveis mais altos.<\/p>\n<p>O l\u00edder chin\u00eas reiterou que, nos \u00faltimos 75 anos, o relacionamento China-Hungria tem se desenvolvido de maneira est\u00e1vel. Ambos os lados devem fazer um bom balan\u00e7o das experi\u00eancias valiosas para orientar o desenvolvimento das rela\u00e7\u00f5es bilaterais no futuro. Xi Jinping destacou o tratamento igualit\u00e1rio, a confian\u00e7a e a solidariedade rec\u00edprocas, a coopera\u00e7\u00e3o e o ganho m\u00fatuo, assim como a defesa da equidade e da justi\u00e7a, como pontos essenciais.<\/p>\n<p>O presidente chin\u00eas disse que a revitaliza\u00e7\u00e3o da na\u00e7\u00e3o chinesa, por meio de sua moderniza\u00e7\u00e3o, trar\u00e1 oportunidades in\u00e9ditas para o mundo inteiro. A parte chinesa aplaude a iniciativa dos amigos h\u00fangaros de pegar carona no trem expresso do desenvolvimento chin\u00eas, e est\u00e1 disposta a aprofundar a confian\u00e7a pol\u00edtica m\u00fatua com a Hungria, de forma a promover uma melhor interconex\u00e3o entre as estrat\u00e9gias dos dois pa\u00edses.<\/p>\n<p>Por sua vez, o presidente h\u00fangaro agradeceu a Xi Jinping pela proposta da Iniciativa Cintur\u00e3o e Rota, que tem beneficiado a Hungria, especialmente em infraestrutura. Al\u00e9m disso, a parte h\u00fangara avalia positivamente as iniciativas apresentadas pelo l\u00edder chin\u00eas de desenvolvimento global, seguran\u00e7a global e civiliza\u00e7\u00e3o global. O presidente Sulyok reafirmou que o refor\u00e7o da coopera\u00e7\u00e3o com a China \u00e9 uma pol\u00edtica estabelecida, reiterando seu prop\u00f3sito de estreitar os la\u00e7os bilaterais e refor\u00e7ar a interrela\u00e7\u00e3o de suas estrat\u00e9gias. O presidente h\u00fangaro manifestou sua disposi\u00e7\u00e3o de promover importantes projetos, tais como a ferrovia Hungria-S\u00e9rvia, para beneficiar o povo.<\/p>\n","protected":false},"excerpt":{"rendered":"<p>Na manh\u00e3 desta quinta-feira (9), hor\u00e1rio local, o presidente chin\u00eas, Xi Jinping, se reuniu com seu hom\u00f3logo da Hungria, Tam\u00e1s Sulyok, no Pal\u00e1cio S\u00e1ndor, em Budapeste. O presidente Xi expressou sua satisfa\u00e7\u00e3o em visitar o belo pa\u00eds da Hungria e&#8230;<\/p>\n","protected":false},"author":2,"featured_media":5293,"comment_status":"open","ping_status":"open","sticky":false,"template":"","format":"standard","meta":{"footnotes":""},"categories":[5,8],"tags":[],"class_list":["post-5279","post","type-post","status-publish","format-standard","has-post-thumbnail","hentry","category-destaques-capa","category-internacional"],"yoast_head":"<!-- This site is optimized with the Yoast SEO plugin v27.4 - https:\/\/yoast.com\/product\/yoast-seo-wordpress\/ -->\n<title>Presidente Xi Jinping se re\u00fane com presidente h\u00fangaro Tam\u00e1s Sulyok - CRI e Diario de Pernambuco<\/title>\n<meta name=\"robots\" content=\"index, follow, max-snippet:-1, max-image-preview:large, max-video-preview:-1\" \/>\n<link rel=\"canonical\" href=\"https:\/\/diariodepe.com.br\/cri\/2024\/05\/09\/presidente-xi-jinping-se-reune-com-presidente-hungaro-tamas-sulyok\/\" \/>\n<meta property=\"og:locale\" content=\"pt_BR\" \/>\n<meta property=\"og:type\" content=\"article\" \/>\n<meta property=\"og:title\" content=\"Presidente Xi Jinping se re\u00fane com presidente h\u00fangaro Tam\u00e1s Sulyok - CRI e Diario de Pernambuco\" \/>\n<meta property=\"og:description\" content=\"Na manh\u00e3 desta quinta-feira (9), hor\u00e1rio local, o presidente chin\u00eas, Xi Jinping, se reuniu com seu hom\u00f3logo da Hungria, Tam\u00e1s Sulyok, no Pal\u00e1cio S\u00e1ndor, em Budapeste. O presidente Xi expressou sua satisfa\u00e7\u00e3o em visitar o belo pa\u00eds da Hungria e...\" \/>\n<meta property=\"og:url\" content=\"https:\/\/diariodepe.com.br\/cri\/2024\/05\/09\/presidente-xi-jinping-se-reune-com-presidente-hungaro-tamas-sulyok\/\" \/>\n<meta property=\"og:site_name\" content=\"CRI e Diario de Pernambuco\" \/>\n<meta property=\"article:published_time\" content=\"2024-05-09T21:35:55+00:00\" \/>\n<meta property=\"article:modified_time\" content=\"2024-05-09T21:42:36+00:00\" \/>\n<meta property=\"og:image\" content=\"https:\/\/diariodepe.com.br\/cri\/wp-content\/uploads\/sites\/2\/2024\/05\/2024050919443399908\u526f\u672c.jpg\" \/>\n\t<meta property=\"og:image:width\" content=\"834\" \/>\n\t<meta property=\"og:image:height\" content=\"613\" \/>\n\t<meta property=\"og:image:type\" content=\"image\/jpeg\" \/>\n<meta name=\"author\" content=\"Ismael Lucas S. Pereira\" \/>\n<meta name=\"twitter:card\" content=\"summary_large_image\" \/>\n<meta name=\"twitter:label1\" content=\"Escrito por\" \/>\n\t<meta name=\"twitter:data1\" content=\"Ismael Lucas S. Pereira\" \/>\n\t<meta name=\"twitter:label2\" content=\"Est. tempo de leitura\" \/>\n\t<meta name=\"twitter:data2\" content=\"3 minutos\" \/>\n<script type=\"application\/ld+json\" class=\"yoast-schema-graph\">{\"@context\":\"https:\\\/\\\/schema.org\",\"@graph\":[{\"@type\":\"Article\",\"@id\":\"https:\\\/\\\/diariodepe.com.br\\\/cri\\\/2024\\\/05\\\/09\\\/presidente-xi-jinping-se-reune-com-presidente-hungaro-tamas-sulyok\\\/#article\",\"isPartOf\":{\"@id\":\"https:\\\/\\\/diariodepe.com.br\\\/cri\\\/2024\\\/05\\\/09\\\/presidente-xi-jinping-se-reune-com-presidente-hungaro-tamas-sulyok\\\/\"},\"author\":{\"name\":\"Ismael Lucas S. Pereira\",\"@id\":\"https:\\\/\\\/diariodepe.com.br\\\/cri\\\/#\\\/schema\\\/person\\\/121bb28d84f1a5b1205ef4ce9c2e0c6b\"},\"headline\":\"Presidente Xi Jinping se re\u00fane com presidente h\u00fangaro Tam\u00e1s Sulyok\",\"datePublished\":\"2024-05-09T21:35:55+00:00\",\"dateModified\":\"2024-05-09T21:42:36+00:00\",\"mainEntityOfPage\":{\"@id\":\"https:\\\/\\\/diariodepe.com.br\\\/cri\\\/2024\\\/05\\\/09\\\/presidente-xi-jinping-se-reune-com-presidente-hungaro-tamas-sulyok\\\/\"},\"wordCount\":621,\"commentCount\":0,\"publisher\":{\"@id\":\"https:\\\/\\\/diariodepe.com.br\\\/cri\\\/#organization\"},\"image\":{\"@id\":\"https:\\\/\\\/diariodepe.com.br\\\/cri\\\/2024\\\/05\\\/09\\\/presidente-xi-jinping-se-reune-com-presidente-hungaro-tamas-sulyok\\\/#primaryimage\"},\"thumbnailUrl\":\"https:\\\/\\\/diariodepe.com.br\\\/cri\\\/wp-content\\\/uploads\\\/sites\\\/2\\\/2024\\\/05\\\/2024050919443399908\u526f\u672c.jpg\",\"articleSection\":[\"Destaques Capa\",\"Internacional\"],\"inLanguage\":\"pt-BR\",\"potentialAction\":[{\"@type\":\"CommentAction\",\"name\":\"Comment\",\"target\":[\"https:\\\/\\\/diariodepe.com.br\\\/cri\\\/2024\\\/05\\\/09\\\/presidente-xi-jinping-se-reune-com-presidente-hungaro-tamas-sulyok\\\/#respond\"]}]},{\"@type\":\"WebPage\",\"@id\":\"https:\\\/\\\/diariodepe.com.br\\\/cri\\\/2024\\\/05\\\/09\\\/presidente-xi-jinping-se-reune-com-presidente-hungaro-tamas-sulyok\\\/\",\"url\":\"https:\\\/\\\/diariodepe.com.br\\\/cri\\\/2024\\\/05\\\/09\\\/presidente-xi-jinping-se-reune-com-presidente-hungaro-tamas-sulyok\\\/\",\"name\":\"Presidente Xi Jinping se re\u00fane com presidente h\u00fangaro Tam\u00e1s Sulyok - CRI e Diario de Pernambuco\",\"isPartOf\":{\"@id\":\"https:\\\/\\\/diariodepe.com.br\\\/cri\\\/#website\"},\"primaryImageOfPage\":{\"@id\":\"https:\\\/\\\/diariodepe.com.br\\\/cri\\\/2024\\\/05\\\/09\\\/presidente-xi-jinping-se-reune-com-presidente-hungaro-tamas-sulyok\\\/#primaryimage\"},\"image\":{\"@id\":\"https:\\\/\\\/diariodepe.com.br\\\/cri\\\/2024\\\/05\\\/09\\\/presidente-xi-jinping-se-reune-com-presidente-hungaro-tamas-sulyok\\\/#primaryimage\"},\"thumbnailUrl\":\"https:\\\/\\\/diariodepe.com.br\\\/cri\\\/wp-content\\\/uploads\\\/sites\\\/2\\\/2024\\\/05\\\/2024050919443399908\u526f\u672c.jpg\",\"datePublished\":\"2024-05-09T21:35:55+00:00\",\"dateModified\":\"2024-05-09T21:42:36+00:00\",\"breadcrumb\":{\"@id\":\"https:\\\/\\\/diariodepe.com.br\\\/cri\\\/2024\\\/05\\\/09\\\/presidente-xi-jinping-se-reune-com-presidente-hungaro-tamas-sulyok\\\/#breadcrumb\"},\"inLanguage\":\"pt-BR\",\"potentialAction\":[{\"@type\":\"ReadAction\",\"target\":[\"https:\\\/\\\/diariodepe.com.br\\\/cri\\\/2024\\\/05\\\/09\\\/presidente-xi-jinping-se-reune-com-presidente-hungaro-tamas-sulyok\\\/\"]}]},{\"@type\":\"ImageObject\",\"inLanguage\":\"pt-BR\",\"@id\":\"https:\\\/\\\/diariodepe.com.br\\\/cri\\\/2024\\\/05\\\/09\\\/presidente-xi-jinping-se-reune-com-presidente-hungaro-tamas-sulyok\\\/#primaryimage\",\"url\":\"https:\\\/\\\/diariodepe.com.br\\\/cri\\\/wp-content\\\/uploads\\\/sites\\\/2\\\/2024\\\/05\\\/2024050919443399908\u526f\u672c.jpg\",\"contentUrl\":\"https:\\\/\\\/diariodepe.com.br\\\/cri\\\/wp-content\\\/uploads\\\/sites\\\/2\\\/2024\\\/05\\\/2024050919443399908\u526f\u672c.jpg\",\"width\":834,\"height\":613},{\"@type\":\"BreadcrumbList\",\"@id\":\"https:\\\/\\\/diariodepe.com.br\\\/cri\\\/2024\\\/05\\\/09\\\/presidente-xi-jinping-se-reune-com-presidente-hungaro-tamas-sulyok\\\/#breadcrumb\",\"itemListElement\":[{\"@type\":\"ListItem\",\"position\":1,\"name\":\"In\u00edcio\",\"item\":\"https:\\\/\\\/diariodepe.com.br\\\/cri\\\/\"},{\"@type\":\"ListItem\",\"position\":2,\"name\":\"Presidente Xi Jinping se re\u00fane com presidente h\u00fangaro Tam\u00e1s Sulyok\"}]},{\"@type\":\"WebSite\",\"@id\":\"https:\\\/\\\/diariodepe.com.br\\\/cri\\\/#website\",\"url\":\"https:\\\/\\\/diariodepe.com.br\\\/cri\\\/\",\"name\":\"CRI e Diario de Pernambuco\",\"description\":\"R\u00e1dio Internacional da China\",\"publisher\":{\"@id\":\"https:\\\/\\\/diariodepe.com.br\\\/cri\\\/#organization\"},\"potentialAction\":[{\"@type\":\"SearchAction\",\"target\":{\"@type\":\"EntryPoint\",\"urlTemplate\":\"https:\\\/\\\/diariodepe.com.br\\\/cri\\\/?s={search_term_string}\"},\"query-input\":{\"@type\":\"PropertyValueSpecification\",\"valueRequired\":true,\"valueName\":\"search_term_string\"}}],\"inLanguage\":\"pt-BR\"},{\"@type\":\"Organization\",\"@id\":\"https:\\\/\\\/diariodepe.com.br\\\/cri\\\/#organization\",\"name\":\"CRI e Diario de Pernambuco\",\"url\":\"https:\\\/\\\/diariodepe.com.br\\\/cri\\\/\",\"logo\":{\"@type\":\"ImageObject\",\"inLanguage\":\"pt-BR\",\"@id\":\"https:\\\/\\\/diariodepe.com.br\\\/cri\\\/#\\\/schema\\\/logo\\\/image\\\/\",\"url\":\"https:\\\/\\\/diariodepe.com.br\\\/cri\\\/wp-content\\\/uploads\\\/sites\\\/2\\\/2022\\\/12\\\/cropped-Logo.jpg\",\"contentUrl\":\"https:\\\/\\\/diariodepe.com.br\\\/cri\\\/wp-content\\\/uploads\\\/sites\\\/2\\\/2022\\\/12\\\/cropped-Logo.jpg\",\"width\":700,\"height\":59,\"caption\":\"CRI e Diario de Pernambuco\"},\"image\":{\"@id\":\"https:\\\/\\\/diariodepe.com.br\\\/cri\\\/#\\\/schema\\\/logo\\\/image\\\/\"}},{\"@type\":\"Person\",\"@id\":\"https:\\\/\\\/diariodepe.com.br\\\/cri\\\/#\\\/schema\\\/person\\\/121bb28d84f1a5b1205ef4ce9c2e0c6b\",\"name\":\"Ismael Lucas S. Pereira\",\"image\":{\"@type\":\"ImageObject\",\"inLanguage\":\"pt-BR\",\"@id\":\"https:\\\/\\\/secure.gravatar.com\\\/avatar\\\/887a0f3b5a7ceea963a48499fb883ffce6b5037362def025c52c2505b15d63e4?s=96&d=mm&r=g\",\"url\":\"https:\\\/\\\/secure.gravatar.com\\\/avatar\\\/887a0f3b5a7ceea963a48499fb883ffce6b5037362def025c52c2505b15d63e4?s=96&d=mm&r=g\",\"contentUrl\":\"https:\\\/\\\/secure.gravatar.com\\\/avatar\\\/887a0f3b5a7ceea963a48499fb883ffce6b5037362def025c52c2505b15d63e4?s=96&d=mm&r=g\",\"caption\":\"Ismael Lucas S. Pereira\"},\"url\":\"https:\\\/\\\/diariodepe.com.br\\\/cri\\\/author\\\/ismael-lucas\\\/\"}]}<\/script>\n<!-- \/ Yoast SEO plugin. -->","yoast_head_json":{"title":"Presidente Xi Jinping se re\u00fane com presidente h\u00fangaro Tam\u00e1s Sulyok - CRI e Diario de Pernambuco","robots":{"index":"index","follow":"follow","max-snippet":"max-snippet:-1","max-image-preview":"max-image-preview:large","max-video-preview":"max-video-preview:-1"},"canonical":"https:\/\/diariodepe.com.br\/cri\/2024\/05\/09\/presidente-xi-jinping-se-reune-com-presidente-hungaro-tamas-sulyok\/","og_locale":"pt_BR","og_type":"article","og_title":"Presidente Xi Jinping se re\u00fane com presidente h\u00fangaro Tam\u00e1s Sulyok - CRI e Diario de Pernambuco","og_description":"Na manh\u00e3 desta quinta-feira (9), hor\u00e1rio local, o presidente chin\u00eas, Xi Jinping, se reuniu com seu hom\u00f3logo da Hungria, Tam\u00e1s Sulyok, no Pal\u00e1cio S\u00e1ndor, em Budapeste. O presidente Xi expressou sua satisfa\u00e7\u00e3o em visitar o belo pa\u00eds da Hungria e...","og_url":"https:\/\/diariodepe.com.br\/cri\/2024\/05\/09\/presidente-xi-jinping-se-reune-com-presidente-hungaro-tamas-sulyok\/","og_site_name":"CRI e Diario de Pernambuco","article_published_time":"2024-05-09T21:35:55+00:00","article_modified_time":"2024-05-09T21:42:36+00:00","og_image":[{"width":834,"height":613,"url":"https:\/\/diariodepe.com.br\/cri\/wp-content\/uploads\/sites\/2\/2024\/05\/2024050919443399908\u526f\u672c.jpg","type":"image\/jpeg"}],"author":"Ismael Lucas S. Pereira","twitter_card":"summary_large_image","twitter_misc":{"Escrito por":"Ismael Lucas S. Pereira","Est. tempo de leitura":"3 minutos"},"schema":{"@context":"https:\/\/schema.org","@graph":[{"@type":"Article","@id":"https:\/\/diariodepe.com.br\/cri\/2024\/05\/09\/presidente-xi-jinping-se-reune-com-presidente-hungaro-tamas-sulyok\/#article","isPartOf":{"@id":"https:\/\/diariodepe.com.br\/cri\/2024\/05\/09\/presidente-xi-jinping-se-reune-com-presidente-hungaro-tamas-sulyok\/"},"author":{"name":"Ismael Lucas S. Pereira","@id":"https:\/\/diariodepe.com.br\/cri\/#\/schema\/person\/121bb28d84f1a5b1205ef4ce9c2e0c6b"},"headline":"Presidente Xi Jinping se re\u00fane com presidente h\u00fangaro Tam\u00e1s Sulyok","datePublished":"2024-05-09T21:35:55+00:00","dateModified":"2024-05-09T21:42:36+00:00","mainEntityOfPage":{"@id":"https:\/\/diariodepe.com.br\/cri\/2024\/05\/09\/presidente-xi-jinping-se-reune-com-presidente-hungaro-tamas-sulyok\/"},"wordCount":621,"commentCount":0,"publisher":{"@id":"https:\/\/diariodepe.com.br\/cri\/#organization"},"image":{"@id":"https:\/\/diariodepe.com.br\/cri\/2024\/05\/09\/presidente-xi-jinping-se-reune-com-presidente-hungaro-tamas-sulyok\/#primaryimage"},"thumbnailUrl":"https:\/\/diariodepe.com.br\/cri\/wp-content\/uploads\/sites\/2\/2024\/05\/2024050919443399908\u526f\u672c.jpg","articleSection":["Destaques Capa","Internacional"],"inLanguage":"pt-BR","potentialAction":[{"@type":"CommentAction","name":"Comment","target":["https:\/\/diariodepe.com.br\/cri\/2024\/05\/09\/presidente-xi-jinping-se-reune-com-presidente-hungaro-tamas-sulyok\/#respond"]}]},{"@type":"WebPage","@id":"https:\/\/diariodepe.com.br\/cri\/2024\/05\/09\/presidente-xi-jinping-se-reune-com-presidente-hungaro-tamas-sulyok\/","url":"https:\/\/diariodepe.com.br\/cri\/2024\/05\/09\/presidente-xi-jinping-se-reune-com-presidente-hungaro-tamas-sulyok\/","name":"Presidente Xi Jinping se re\u00fane com presidente h\u00fangaro Tam\u00e1s Sulyok - CRI e Diario de Pernambuco","isPartOf":{"@id":"https:\/\/diariodepe.com.br\/cri\/#website"},"primaryImageOfPage":{"@id":"https:\/\/diariodepe.com.br\/cri\/2024\/05\/09\/presidente-xi-jinping-se-reune-com-presidente-hungaro-tamas-sulyok\/#primaryimage"},"image":{"@id":"https:\/\/diariodepe.com.br\/cri\/2024\/05\/09\/presidente-xi-jinping-se-reune-com-presidente-hungaro-tamas-sulyok\/#primaryimage"},"thumbnailUrl":"https:\/\/diariodepe.com.br\/cri\/wp-content\/uploads\/sites\/2\/2024\/05\/2024050919443399908\u526f\u672c.jpg","datePublished":"2024-05-09T21:35:55+00:00","dateModified":"2024-05-09T21:42:36+00:00","breadcrumb":{"@id":"https:\/\/diariodepe.com.br\/cri\/2024\/05\/09\/presidente-xi-jinping-se-reune-com-presidente-hungaro-tamas-sulyok\/#breadcrumb"},"inLanguage":"pt-BR","potentialAction":[{"@type":"ReadAction","target":["https:\/\/diariodepe.com.br\/cri\/2024\/05\/09\/presidente-xi-jinping-se-reune-com-presidente-hungaro-tamas-sulyok\/"]}]},{"@type":"ImageObject","inLanguage":"pt-BR","@id":"https:\/\/diariodepe.com.br\/cri\/2024\/05\/09\/presidente-xi-jinping-se-reune-com-presidente-hungaro-tamas-sulyok\/#primaryimage","url":"https:\/\/diariodepe.com.br\/cri\/wp-content\/uploads\/sites\/2\/2024\/05\/2024050919443399908\u526f\u672c.jpg","contentUrl":"https:\/\/diariodepe.com.br\/cri\/wp-content\/uploads\/sites\/2\/2024\/05\/2024050919443399908\u526f\u672c.jpg","width":834,"height":613},{"@type":"BreadcrumbList","@id":"https:\/\/diariodepe.com.br\/cri\/2024\/05\/09\/presidente-xi-jinping-se-reune-com-presidente-hungaro-tamas-sulyok\/#breadcrumb","itemListElement":[{"@type":"ListItem","position":1,"name":"In\u00edcio","item":"https:\/\/diariodepe.com.br\/cri\/"},{"@type":"ListItem","position":2,"name":"Presidente Xi Jinping se re\u00fane com presidente h\u00fangaro Tam\u00e1s Sulyok"}]},{"@type":"WebSite","@id":"https:\/\/diariodepe.com.br\/cri\/#website","url":"https:\/\/diariodepe.com.br\/cri\/","name":"CRI e Diario de Pernambuco","description":"R\u00e1dio Internacional da China","publisher":{"@id":"https:\/\/diariodepe.com.br\/cri\/#organization"},"potentialAction":[{"@type":"SearchAction","target":{"@type":"EntryPoint","urlTemplate":"https:\/\/diariodepe.com.br\/cri\/?s={search_term_string}"},"query-input":{"@type":"PropertyValueSpecification","valueRequired":true,"valueName":"search_term_string"}}],"inLanguage":"pt-BR"},{"@type":"Organization","@id":"https:\/\/diariodepe.com.br\/cri\/#organization","name":"CRI e Diario de Pernambuco","url":"https:\/\/diariodepe.com.br\/cri\/","logo":{"@type":"ImageObject","inLanguage":"pt-BR","@id":"https:\/\/diariodepe.com.br\/cri\/#\/schema\/logo\/image\/","url":"https:\/\/diariodepe.com.br\/cri\/wp-content\/uploads\/sites\/2\/2022\/12\/cropped-Logo.jpg","contentUrl":"https:\/\/diariodepe.com.br\/cri\/wp-content\/uploads\/sites\/2\/2022\/12\/cropped-Logo.jpg","width":700,"height":59,"caption":"CRI e Diario de Pernambuco"},"image":{"@id":"https:\/\/diariodepe.com.br\/cri\/#\/schema\/logo\/image\/"}},{"@type":"Person","@id":"https:\/\/diariodepe.com.br\/cri\/#\/schema\/person\/121bb28d84f1a5b1205ef4ce9c2e0c6b","name":"Ismael Lucas S. Pereira","image":{"@type":"ImageObject","inLanguage":"pt-BR","@id":"https:\/\/secure.gravatar.com\/avatar\/887a0f3b5a7ceea963a48499fb883ffce6b5037362def025c52c2505b15d63e4?s=96&d=mm&r=g","url":"https:\/\/secure.gravatar.com\/avatar\/887a0f3b5a7ceea963a48499fb883ffce6b5037362def025c52c2505b15d63e4?s=96&d=mm&r=g","contentUrl":"https:\/\/secure.gravatar.com\/avatar\/887a0f3b5a7ceea963a48499fb883ffce6b5037362def025c52c2505b15d63e4?s=96&d=mm&r=g","caption":"Ismael Lucas S. Pereira"},"url":"https:\/\/diariodepe.com.br\/cri\/author\/ismael-lucas\/"}]}},"cc_featured_image_caption":{"caption_text":false,"source_text":false,"source_url":false},"amp_enabled":true,"_links":{"self":[{"href":"https:\/\/diariodepe.com.br\/cri\/wp-json\/wp\/v2\/posts\/5279","targetHints":{"allow":["GET"]}}],"collection":[{"href":"https:\/\/diariodepe.com.br\/cri\/wp-json\/wp\/v2\/posts"}],"about":[{"href":"https:\/\/diariodepe.com.br\/cri\/wp-json\/wp\/v2\/types\/post"}],"author":[{"embeddable":true,"href":"https:\/\/diariodepe.com.br\/cri\/wp-json\/wp\/v2\/users\/2"}],"replies":[{"embeddable":true,"href":"https:\/\/diariodepe.com.br\/cri\/wp-json\/wp\/v2\/comments?post=5279"}],"version-history":[{"count":2,"href":"https:\/\/diariodepe.com.br\/cri\/wp-json\/wp\/v2\/posts\/5279\/revisions"}],"predecessor-version":[{"id":5291,"href":"https:\/\/diariodepe.com.br\/cri\/wp-json\/wp\/v2\/posts\/5279\/revisions\/5291"}],"wp:featuredmedia":[{"embeddable":true,"href":"https:\/\/diariodepe.com.br\/cri\/wp-json\/wp\/v2\/media\/5293"}],"wp:attachment":[{"href":"https:\/\/diariodepe.com.br\/cri\/wp-json\/wp\/v2\/media?parent=5279"}],"wp:term":[{"taxonomy":"category","embeddable":true,"href":"https:\/\/diariodepe.com.br\/cri\/wp-json\/wp\/v2\/categories?post=5279"},{"taxonomy":"post_tag","embeddable":true,"href":"https:\/\/diariodepe.com.br\/cri\/wp-json\/wp\/v2\/tags?post=5279"}],"curies":[{"name":"wp","href":"https:\/\/api.w.org\/{rel}","templated":true}]}}