{"id":5277,"date":"2024-05-09T18:35:10","date_gmt":"2024-05-09T21:35:10","guid":{"rendered":"https:\/\/diariodepe.com.br\/cri\/?p=5277"},"modified":"2024-05-09T18:35:10","modified_gmt":"2024-05-09T21:35:10","slug":"amizade-china-servia-esta-mais-consolidada","status":"publish","type":"post","link":"https:\/\/diariodepe.com.br\/cri\/2024\/05\/09\/amizade-china-servia-esta-mais-consolidada\/","title":{"rendered":"Amizade China-S\u00e9rvia est\u00e1 mais consolidada"},"content":{"rendered":"<p>A forte amizade entre a China e a S\u00e9rvia passou pela prova do tempo. As doa\u00e7\u00f5es da S\u00e9rvia para a China ap\u00f3s o grande terremoto ocorrido em 2008, os materiais oferecidos pela China para a S\u00e9rvia durante a pandemia de Covid-19, a usina sider\u00fargica de Smederevo e a ferrovia Hungria-S\u00e9rvia s\u00e3o testemunhas desta amizade.<\/p>\n<p>Oito anos atr\u00e1s, durante a visita de Estado de Xi Jinping \u00e0 S\u00e9rvia, os dois pa\u00edses decidiram estabelecer uma parceria estrat\u00e9gica integral. No \u00faltimo dia 7, em mais uma visita do presidente chin\u00eas \u00e0 S\u00e9rvia, as duas partes declararam que v\u00e3o aprofundar e refor\u00e7ar esta parceria e estabelecer uma comunidade de futuro compartilhado China-S\u00e9rvia.<\/p>\n<p>A S\u00e9rvia se tornou o primeiro pa\u00eds europeu que decidiu aderir \u00e0 comunidade de futuro compartilhado com a China, o que demonstra que o relacionamento entre as duas na\u00e7\u00f5es \u00e9 estrat\u00e9gico, especial e de alto n\u00edvel.<\/p>\n<p class=\"photo_img_20190808\"><img decoding=\"async\" src=\"https:\/\/p5crires.cri.cn\/photoworkspace\/cri\/contentimg\/2024\/05\/09\/2024050916524069108.jpg\" alt=\"\" width=\"1000\" \/><\/p>\n<p>Atualmente, a China est\u00e1 acelerando a constru\u00e7\u00e3o de sua moderniza\u00e7\u00e3o, e a S\u00e9rvia tamb\u00e9m promove com todos os esfor\u00e7os seu projeto de desenvolvimento at\u00e9 2027. Por isso, \u00e9 muito oportuno que os dois pa\u00edses fortale\u00e7am suas rela\u00e7\u00f5es para procurar o desenvolvimento comum, realizar coopera\u00e7\u00f5es de ganho m\u00fatuo e ajudar um ao outro a alcan\u00e7ar mais \u00eaxitos.<\/p>\n<p>Para construir a comunidade de futuro compartilhado China-S\u00e9rvia, o presidente chin\u00eas, Xi Jinping, enfatizou que as rela\u00e7\u00f5es bilaterais devem ser mais estrat\u00e9gicas, pragm\u00e1ticas e inovadoras.<\/p>\n<p>A confian\u00e7a e o respeito m\u00fatuos s\u00e3o a base para os interc\u00e2mbios no futuro entre os dois lados. A parte chinesa respeita sempre a soberania e a integridade territorial da S\u00e9rvia e oferece apoio para o desenvolvimento socioecon\u00f4mico do pa\u00eds. Enquanto isso, a S\u00e9rvia persiste na posi\u00e7\u00e3o correta na quest\u00e3o de Taiwan e em outros t\u00f3picos de interesses fundamentais da China.<\/p>\n<p>As coopera\u00e7\u00f5es pragm\u00e1ticas s\u00e3o a chave para refinar ainda mais a amizade sino-s\u00e9rvia. Nos \u00faltimos dez anos, os dois pa\u00edses alcan\u00e7aram muitos resultados na constru\u00e7\u00e3o de infraestruturas. Desta vez, as duas partes prometeram ampliar suas coopera\u00e7\u00f5es para novas \u00e1reas, como a intelig\u00eancia artificial.<\/p>\n<p>Al\u00e9m disso, com a isen\u00e7\u00e3o de vistos, os interc\u00e2mbios pessoais entre os dois pa\u00edses se tornaram mais frequentes nos \u00faltimos anos.<\/p>\n<p>Xi Jinping anunciou seis medidas concretas para impulsionar a constru\u00e7\u00e3o da comunidade de futuro compartilhando China-S\u00e9rvia. Entre as a\u00e7\u00f5es, est\u00e3o o acordo de livre com\u00e9rcio bilateral que entrar\u00e1 em vigor no dia 1\u00ba de julho deste ano, a vinda de 50 cientistas e 300 estudantes s\u00e9rvios para pesquisa e estudo na China nos pr\u00f3ximos tr\u00eas anos, bem como a abertura da linha a\u00e9rea direta entre Belgrado e Guangzhou.<\/p>\n","protected":false},"excerpt":{"rendered":"<p>A forte amizade entre a China e a S\u00e9rvia passou pela prova do tempo. As doa\u00e7\u00f5es da S\u00e9rvia para a China ap\u00f3s o grande terremoto ocorrido em 2008, os materiais oferecidos pela China para a S\u00e9rvia durante a pandemia de&#8230;<\/p>\n","protected":false},"author":2,"featured_media":0,"comment_status":"open","ping_status":"open","sticky":false,"template":"","format":"standard","meta":{"footnotes":""},"categories":[7],"tags":[],"class_list":["post-5277","post","type-post","status-publish","format-standard","hentry","category-visao"],"yoast_head":"<!-- This site is optimized with the Yoast SEO plugin v27.4 - https:\/\/yoast.com\/product\/yoast-seo-wordpress\/ -->\n<title>Amizade China-S\u00e9rvia est\u00e1 mais consolidada - CRI e Diario de Pernambuco<\/title>\n<meta name=\"robots\" content=\"index, follow, max-snippet:-1, max-image-preview:large, max-video-preview:-1\" \/>\n<link rel=\"canonical\" href=\"https:\/\/diariodepe.com.br\/cri\/2024\/05\/09\/amizade-china-servia-esta-mais-consolidada\/\" \/>\n<meta property=\"og:locale\" content=\"pt_BR\" \/>\n<meta property=\"og:type\" content=\"article\" \/>\n<meta property=\"og:title\" content=\"Amizade China-S\u00e9rvia est\u00e1 mais consolidada - CRI e Diario de Pernambuco\" \/>\n<meta property=\"og:description\" content=\"A forte amizade entre a China e a S\u00e9rvia passou pela prova do tempo. As doa\u00e7\u00f5es da S\u00e9rvia para a China ap\u00f3s o grande terremoto ocorrido em 2008, os materiais oferecidos pela China para a S\u00e9rvia durante a pandemia de...\" \/>\n<meta property=\"og:url\" content=\"https:\/\/diariodepe.com.br\/cri\/2024\/05\/09\/amizade-china-servia-esta-mais-consolidada\/\" \/>\n<meta property=\"og:site_name\" content=\"CRI e Diario de Pernambuco\" \/>\n<meta property=\"article:published_time\" content=\"2024-05-09T21:35:10+00:00\" \/>\n<meta property=\"og:image\" content=\"https:\/\/p5crires.cri.cn\/photoworkspace\/cri\/contentimg\/2024\/05\/09\/2024050916524069108.jpg\" \/>\n<meta name=\"author\" content=\"Ismael Lucas S. Pereira\" \/>\n<meta name=\"twitter:card\" content=\"summary_large_image\" \/>\n<meta name=\"twitter:label1\" content=\"Escrito por\" \/>\n\t<meta name=\"twitter:data1\" content=\"Ismael Lucas S. Pereira\" \/>\n\t<meta name=\"twitter:label2\" content=\"Est. tempo de leitura\" \/>\n\t<meta name=\"twitter:data2\" content=\"3 minutos\" \/>\n<script type=\"application\/ld+json\" class=\"yoast-schema-graph\">{\"@context\":\"https:\\\/\\\/schema.org\",\"@graph\":[{\"@type\":\"Article\",\"@id\":\"https:\\\/\\\/diariodepe.com.br\\\/cri\\\/2024\\\/05\\\/09\\\/amizade-china-servia-esta-mais-consolidada\\\/#article\",\"isPartOf\":{\"@id\":\"https:\\\/\\\/diariodepe.com.br\\\/cri\\\/2024\\\/05\\\/09\\\/amizade-china-servia-esta-mais-consolidada\\\/\"},\"author\":{\"name\":\"Ismael Lucas S. Pereira\",\"@id\":\"https:\\\/\\\/diariodepe.com.br\\\/cri\\\/#\\\/schema\\\/person\\\/121bb28d84f1a5b1205ef4ce9c2e0c6b\"},\"headline\":\"Amizade China-S\u00e9rvia est\u00e1 mais consolidada\",\"datePublished\":\"2024-05-09T21:35:10+00:00\",\"mainEntityOfPage\":{\"@id\":\"https:\\\/\\\/diariodepe.com.br\\\/cri\\\/2024\\\/05\\\/09\\\/amizade-china-servia-esta-mais-consolidada\\\/\"},\"wordCount\":484,\"commentCount\":0,\"publisher\":{\"@id\":\"https:\\\/\\\/diariodepe.com.br\\\/cri\\\/#organization\"},\"image\":{\"@id\":\"https:\\\/\\\/diariodepe.com.br\\\/cri\\\/2024\\\/05\\\/09\\\/amizade-china-servia-esta-mais-consolidada\\\/#primaryimage\"},\"thumbnailUrl\":\"https:\\\/\\\/p5crires.cri.cn\\\/photoworkspace\\\/cri\\\/contentimg\\\/2024\\\/05\\\/09\\\/2024050916524069108.jpg\",\"articleSection\":[\"Vis\u00e3o\"],\"inLanguage\":\"pt-BR\",\"potentialAction\":[{\"@type\":\"CommentAction\",\"name\":\"Comment\",\"target\":[\"https:\\\/\\\/diariodepe.com.br\\\/cri\\\/2024\\\/05\\\/09\\\/amizade-china-servia-esta-mais-consolidada\\\/#respond\"]}]},{\"@type\":\"WebPage\",\"@id\":\"https:\\\/\\\/diariodepe.com.br\\\/cri\\\/2024\\\/05\\\/09\\\/amizade-china-servia-esta-mais-consolidada\\\/\",\"url\":\"https:\\\/\\\/diariodepe.com.br\\\/cri\\\/2024\\\/05\\\/09\\\/amizade-china-servia-esta-mais-consolidada\\\/\",\"name\":\"Amizade China-S\u00e9rvia est\u00e1 mais consolidada - CRI e Diario de Pernambuco\",\"isPartOf\":{\"@id\":\"https:\\\/\\\/diariodepe.com.br\\\/cri\\\/#website\"},\"primaryImageOfPage\":{\"@id\":\"https:\\\/\\\/diariodepe.com.br\\\/cri\\\/2024\\\/05\\\/09\\\/amizade-china-servia-esta-mais-consolidada\\\/#primaryimage\"},\"image\":{\"@id\":\"https:\\\/\\\/diariodepe.com.br\\\/cri\\\/2024\\\/05\\\/09\\\/amizade-china-servia-esta-mais-consolidada\\\/#primaryimage\"},\"thumbnailUrl\":\"https:\\\/\\\/p5crires.cri.cn\\\/photoworkspace\\\/cri\\\/contentimg\\\/2024\\\/05\\\/09\\\/2024050916524069108.jpg\",\"datePublished\":\"2024-05-09T21:35:10+00:00\",\"breadcrumb\":{\"@id\":\"https:\\\/\\\/diariodepe.com.br\\\/cri\\\/2024\\\/05\\\/09\\\/amizade-china-servia-esta-mais-consolidada\\\/#breadcrumb\"},\"inLanguage\":\"pt-BR\",\"potentialAction\":[{\"@type\":\"ReadAction\",\"target\":[\"https:\\\/\\\/diariodepe.com.br\\\/cri\\\/2024\\\/05\\\/09\\\/amizade-china-servia-esta-mais-consolidada\\\/\"]}]},{\"@type\":\"ImageObject\",\"inLanguage\":\"pt-BR\",\"@id\":\"https:\\\/\\\/diariodepe.com.br\\\/cri\\\/2024\\\/05\\\/09\\\/amizade-china-servia-esta-mais-consolidada\\\/#primaryimage\",\"url\":\"https:\\\/\\\/p5crires.cri.cn\\\/photoworkspace\\\/cri\\\/contentimg\\\/2024\\\/05\\\/09\\\/2024050916524069108.jpg\",\"contentUrl\":\"https:\\\/\\\/p5crires.cri.cn\\\/photoworkspace\\\/cri\\\/contentimg\\\/2024\\\/05\\\/09\\\/2024050916524069108.jpg\"},{\"@type\":\"BreadcrumbList\",\"@id\":\"https:\\\/\\\/diariodepe.com.br\\\/cri\\\/2024\\\/05\\\/09\\\/amizade-china-servia-esta-mais-consolidada\\\/#breadcrumb\",\"itemListElement\":[{\"@type\":\"ListItem\",\"position\":1,\"name\":\"In\u00edcio\",\"item\":\"https:\\\/\\\/diariodepe.com.br\\\/cri\\\/\"},{\"@type\":\"ListItem\",\"position\":2,\"name\":\"Amizade China-S\u00e9rvia est\u00e1 mais consolidada\"}]},{\"@type\":\"WebSite\",\"@id\":\"https:\\\/\\\/diariodepe.com.br\\\/cri\\\/#website\",\"url\":\"https:\\\/\\\/diariodepe.com.br\\\/cri\\\/\",\"name\":\"CRI e Diario de Pernambuco\",\"description\":\"R\u00e1dio Internacional da China\",\"publisher\":{\"@id\":\"https:\\\/\\\/diariodepe.com.br\\\/cri\\\/#organization\"},\"potentialAction\":[{\"@type\":\"SearchAction\",\"target\":{\"@type\":\"EntryPoint\",\"urlTemplate\":\"https:\\\/\\\/diariodepe.com.br\\\/cri\\\/?s={search_term_string}\"},\"query-input\":{\"@type\":\"PropertyValueSpecification\",\"valueRequired\":true,\"valueName\":\"search_term_string\"}}],\"inLanguage\":\"pt-BR\"},{\"@type\":\"Organization\",\"@id\":\"https:\\\/\\\/diariodepe.com.br\\\/cri\\\/#organization\",\"name\":\"CRI e Diario de Pernambuco\",\"url\":\"https:\\\/\\\/diariodepe.com.br\\\/cri\\\/\",\"logo\":{\"@type\":\"ImageObject\",\"inLanguage\":\"pt-BR\",\"@id\":\"https:\\\/\\\/diariodepe.com.br\\\/cri\\\/#\\\/schema\\\/logo\\\/image\\\/\",\"url\":\"https:\\\/\\\/diariodepe.com.br\\\/cri\\\/wp-content\\\/uploads\\\/sites\\\/2\\\/2022\\\/12\\\/cropped-Logo.jpg\",\"contentUrl\":\"https:\\\/\\\/diariodepe.com.br\\\/cri\\\/wp-content\\\/uploads\\\/sites\\\/2\\\/2022\\\/12\\\/cropped-Logo.jpg\",\"width\":700,\"height\":59,\"caption\":\"CRI e Diario de Pernambuco\"},\"image\":{\"@id\":\"https:\\\/\\\/diariodepe.com.br\\\/cri\\\/#\\\/schema\\\/logo\\\/image\\\/\"}},{\"@type\":\"Person\",\"@id\":\"https:\\\/\\\/diariodepe.com.br\\\/cri\\\/#\\\/schema\\\/person\\\/121bb28d84f1a5b1205ef4ce9c2e0c6b\",\"name\":\"Ismael Lucas S. Pereira\",\"image\":{\"@type\":\"ImageObject\",\"inLanguage\":\"pt-BR\",\"@id\":\"https:\\\/\\\/secure.gravatar.com\\\/avatar\\\/887a0f3b5a7ceea963a48499fb883ffce6b5037362def025c52c2505b15d63e4?s=96&d=mm&r=g\",\"url\":\"https:\\\/\\\/secure.gravatar.com\\\/avatar\\\/887a0f3b5a7ceea963a48499fb883ffce6b5037362def025c52c2505b15d63e4?s=96&d=mm&r=g\",\"contentUrl\":\"https:\\\/\\\/secure.gravatar.com\\\/avatar\\\/887a0f3b5a7ceea963a48499fb883ffce6b5037362def025c52c2505b15d63e4?s=96&d=mm&r=g\",\"caption\":\"Ismael Lucas S. Pereira\"},\"url\":\"https:\\\/\\\/diariodepe.com.br\\\/cri\\\/author\\\/ismael-lucas\\\/\"}]}<\/script>\n<!-- \/ Yoast SEO plugin. -->","yoast_head_json":{"title":"Amizade China-S\u00e9rvia est\u00e1 mais consolidada - CRI e Diario de Pernambuco","robots":{"index":"index","follow":"follow","max-snippet":"max-snippet:-1","max-image-preview":"max-image-preview:large","max-video-preview":"max-video-preview:-1"},"canonical":"https:\/\/diariodepe.com.br\/cri\/2024\/05\/09\/amizade-china-servia-esta-mais-consolidada\/","og_locale":"pt_BR","og_type":"article","og_title":"Amizade China-S\u00e9rvia est\u00e1 mais consolidada - CRI e Diario de Pernambuco","og_description":"A forte amizade entre a China e a S\u00e9rvia passou pela prova do tempo. As doa\u00e7\u00f5es da S\u00e9rvia para a China ap\u00f3s o grande terremoto ocorrido em 2008, os materiais oferecidos pela China para a S\u00e9rvia durante a pandemia de...","og_url":"https:\/\/diariodepe.com.br\/cri\/2024\/05\/09\/amizade-china-servia-esta-mais-consolidada\/","og_site_name":"CRI e Diario de Pernambuco","article_published_time":"2024-05-09T21:35:10+00:00","og_image":[{"url":"https:\/\/p5crires.cri.cn\/photoworkspace\/cri\/contentimg\/2024\/05\/09\/2024050916524069108.jpg","type":"","width":"","height":""}],"author":"Ismael Lucas S. Pereira","twitter_card":"summary_large_image","twitter_misc":{"Escrito por":"Ismael Lucas S. Pereira","Est. tempo de leitura":"3 minutos"},"schema":{"@context":"https:\/\/schema.org","@graph":[{"@type":"Article","@id":"https:\/\/diariodepe.com.br\/cri\/2024\/05\/09\/amizade-china-servia-esta-mais-consolidada\/#article","isPartOf":{"@id":"https:\/\/diariodepe.com.br\/cri\/2024\/05\/09\/amizade-china-servia-esta-mais-consolidada\/"},"author":{"name":"Ismael Lucas S. Pereira","@id":"https:\/\/diariodepe.com.br\/cri\/#\/schema\/person\/121bb28d84f1a5b1205ef4ce9c2e0c6b"},"headline":"Amizade China-S\u00e9rvia est\u00e1 mais consolidada","datePublished":"2024-05-09T21:35:10+00:00","mainEntityOfPage":{"@id":"https:\/\/diariodepe.com.br\/cri\/2024\/05\/09\/amizade-china-servia-esta-mais-consolidada\/"},"wordCount":484,"commentCount":0,"publisher":{"@id":"https:\/\/diariodepe.com.br\/cri\/#organization"},"image":{"@id":"https:\/\/diariodepe.com.br\/cri\/2024\/05\/09\/amizade-china-servia-esta-mais-consolidada\/#primaryimage"},"thumbnailUrl":"https:\/\/p5crires.cri.cn\/photoworkspace\/cri\/contentimg\/2024\/05\/09\/2024050916524069108.jpg","articleSection":["Vis\u00e3o"],"inLanguage":"pt-BR","potentialAction":[{"@type":"CommentAction","name":"Comment","target":["https:\/\/diariodepe.com.br\/cri\/2024\/05\/09\/amizade-china-servia-esta-mais-consolidada\/#respond"]}]},{"@type":"WebPage","@id":"https:\/\/diariodepe.com.br\/cri\/2024\/05\/09\/amizade-china-servia-esta-mais-consolidada\/","url":"https:\/\/diariodepe.com.br\/cri\/2024\/05\/09\/amizade-china-servia-esta-mais-consolidada\/","name":"Amizade China-S\u00e9rvia est\u00e1 mais consolidada - CRI e Diario de Pernambuco","isPartOf":{"@id":"https:\/\/diariodepe.com.br\/cri\/#website"},"primaryImageOfPage":{"@id":"https:\/\/diariodepe.com.br\/cri\/2024\/05\/09\/amizade-china-servia-esta-mais-consolidada\/#primaryimage"},"image":{"@id":"https:\/\/diariodepe.com.br\/cri\/2024\/05\/09\/amizade-china-servia-esta-mais-consolidada\/#primaryimage"},"thumbnailUrl":"https:\/\/p5crires.cri.cn\/photoworkspace\/cri\/contentimg\/2024\/05\/09\/2024050916524069108.jpg","datePublished":"2024-05-09T21:35:10+00:00","breadcrumb":{"@id":"https:\/\/diariodepe.com.br\/cri\/2024\/05\/09\/amizade-china-servia-esta-mais-consolidada\/#breadcrumb"},"inLanguage":"pt-BR","potentialAction":[{"@type":"ReadAction","target":["https:\/\/diariodepe.com.br\/cri\/2024\/05\/09\/amizade-china-servia-esta-mais-consolidada\/"]}]},{"@type":"ImageObject","inLanguage":"pt-BR","@id":"https:\/\/diariodepe.com.br\/cri\/2024\/05\/09\/amizade-china-servia-esta-mais-consolidada\/#primaryimage","url":"https:\/\/p5crires.cri.cn\/photoworkspace\/cri\/contentimg\/2024\/05\/09\/2024050916524069108.jpg","contentUrl":"https:\/\/p5crires.cri.cn\/photoworkspace\/cri\/contentimg\/2024\/05\/09\/2024050916524069108.jpg"},{"@type":"BreadcrumbList","@id":"https:\/\/diariodepe.com.br\/cri\/2024\/05\/09\/amizade-china-servia-esta-mais-consolidada\/#breadcrumb","itemListElement":[{"@type":"ListItem","position":1,"name":"In\u00edcio","item":"https:\/\/diariodepe.com.br\/cri\/"},{"@type":"ListItem","position":2,"name":"Amizade China-S\u00e9rvia est\u00e1 mais consolidada"}]},{"@type":"WebSite","@id":"https:\/\/diariodepe.com.br\/cri\/#website","url":"https:\/\/diariodepe.com.br\/cri\/","name":"CRI e Diario de Pernambuco","description":"R\u00e1dio Internacional da China","publisher":{"@id":"https:\/\/diariodepe.com.br\/cri\/#organization"},"potentialAction":[{"@type":"SearchAction","target":{"@type":"EntryPoint","urlTemplate":"https:\/\/diariodepe.com.br\/cri\/?s={search_term_string}"},"query-input":{"@type":"PropertyValueSpecification","valueRequired":true,"valueName":"search_term_string"}}],"inLanguage":"pt-BR"},{"@type":"Organization","@id":"https:\/\/diariodepe.com.br\/cri\/#organization","name":"CRI e Diario de Pernambuco","url":"https:\/\/diariodepe.com.br\/cri\/","logo":{"@type":"ImageObject","inLanguage":"pt-BR","@id":"https:\/\/diariodepe.com.br\/cri\/#\/schema\/logo\/image\/","url":"https:\/\/diariodepe.com.br\/cri\/wp-content\/uploads\/sites\/2\/2022\/12\/cropped-Logo.jpg","contentUrl":"https:\/\/diariodepe.com.br\/cri\/wp-content\/uploads\/sites\/2\/2022\/12\/cropped-Logo.jpg","width":700,"height":59,"caption":"CRI e Diario de Pernambuco"},"image":{"@id":"https:\/\/diariodepe.com.br\/cri\/#\/schema\/logo\/image\/"}},{"@type":"Person","@id":"https:\/\/diariodepe.com.br\/cri\/#\/schema\/person\/121bb28d84f1a5b1205ef4ce9c2e0c6b","name":"Ismael Lucas S. Pereira","image":{"@type":"ImageObject","inLanguage":"pt-BR","@id":"https:\/\/secure.gravatar.com\/avatar\/887a0f3b5a7ceea963a48499fb883ffce6b5037362def025c52c2505b15d63e4?s=96&d=mm&r=g","url":"https:\/\/secure.gravatar.com\/avatar\/887a0f3b5a7ceea963a48499fb883ffce6b5037362def025c52c2505b15d63e4?s=96&d=mm&r=g","contentUrl":"https:\/\/secure.gravatar.com\/avatar\/887a0f3b5a7ceea963a48499fb883ffce6b5037362def025c52c2505b15d63e4?s=96&d=mm&r=g","caption":"Ismael Lucas S. Pereira"},"url":"https:\/\/diariodepe.com.br\/cri\/author\/ismael-lucas\/"}]}},"cc_featured_image_caption":{"caption_text":false,"source_text":false,"source_url":false},"amp_enabled":true,"_links":{"self":[{"href":"https:\/\/diariodepe.com.br\/cri\/wp-json\/wp\/v2\/posts\/5277","targetHints":{"allow":["GET"]}}],"collection":[{"href":"https:\/\/diariodepe.com.br\/cri\/wp-json\/wp\/v2\/posts"}],"about":[{"href":"https:\/\/diariodepe.com.br\/cri\/wp-json\/wp\/v2\/types\/post"}],"author":[{"embeddable":true,"href":"https:\/\/diariodepe.com.br\/cri\/wp-json\/wp\/v2\/users\/2"}],"replies":[{"embeddable":true,"href":"https:\/\/diariodepe.com.br\/cri\/wp-json\/wp\/v2\/comments?post=5277"}],"version-history":[{"count":1,"href":"https:\/\/diariodepe.com.br\/cri\/wp-json\/wp\/v2\/posts\/5277\/revisions"}],"predecessor-version":[{"id":5278,"href":"https:\/\/diariodepe.com.br\/cri\/wp-json\/wp\/v2\/posts\/5277\/revisions\/5278"}],"wp:attachment":[{"href":"https:\/\/diariodepe.com.br\/cri\/wp-json\/wp\/v2\/media?parent=5277"}],"wp:term":[{"taxonomy":"category","embeddable":true,"href":"https:\/\/diariodepe.com.br\/cri\/wp-json\/wp\/v2\/categories?post=5277"},{"taxonomy":"post_tag","embeddable":true,"href":"https:\/\/diariodepe.com.br\/cri\/wp-json\/wp\/v2\/tags?post=5277"}],"curies":[{"name":"wp","href":"https:\/\/api.w.org\/{rel}","templated":true}]}}