{"id":5273,"date":"2024-05-08T23:13:47","date_gmt":"2024-05-09T02:13:47","guid":{"rendered":"https:\/\/diariodepe.com.br\/cri\/?p=5273"},"modified":"2024-05-08T23:13:47","modified_gmt":"2024-05-09T02:13:47","slug":"declaracao-conjunta-china-franca-visa-defender-justica-no-oriente-medio","status":"publish","type":"post","link":"https:\/\/diariodepe.com.br\/cri\/2024\/05\/08\/declaracao-conjunta-china-franca-visa-defender-justica-no-oriente-medio\/","title":{"rendered":"Declara\u00e7\u00e3o conjunta China-Fran\u00e7a visa defender justi\u00e7a no Oriente M\u00e9dio"},"content":{"rendered":"<p>Durante a visita de Estado \u00e0 Fran\u00e7a do presidente da China, Xi Jinping, os dois pa\u00edses divulgaram no dia 6 a Declara\u00e7\u00e3o Conjunta sobre a Situa\u00e7\u00e3o no Oriente M\u00e9dio, mostrando uma posi\u00e7\u00e3o un\u00e2nime sobre o conflito Palestina-Israel, a quest\u00e3o nuclear do Ir\u00e3 e a crise no Mar Vermelho.<\/p>\n<p>O comunicado reflete a consci\u00eancia da humanidade e a vontade da comunidade internacional de defender a equidade e a justi\u00e7a. A China e a Fran\u00e7a tomaram tamb\u00e9m suas responsabilidades como grandes na\u00e7\u00f5es e membros permanentes do Conselho de Seguran\u00e7a das Na\u00e7\u00f5es Unidas.<\/p>\n<p>O presidente chin\u00eas, Xi Jinping, reafirmou em v\u00e1rias ocasi\u00f5es que o cessar-fogo \u00e9 a prioridade atual, o aux\u00edlio humanit\u00e1rio \u00e9 de suma import\u00e2ncia e a solu\u00e7\u00e3o de dois Estado \u00e9 a sa\u00edda fundamental para a crise do Oriente M\u00e9dio. Portanto, a declara\u00e7\u00e3o conjunta condena todas as condutas anti-humanit\u00e1rias, se op\u00f5e aos ataques a Rafah, pede cessar-fogo duradouro e enfatiza a aplica\u00e7\u00e3o das resolu\u00e7\u00f5es concernentes da ONU e da solu\u00e7\u00e3o de dois Estados.<\/p>\n<p>Vale lembrar que o novo conflito entre a Palestina e Israel j\u00e1 dura mais de 200 dias e causou cerca de 35 mil mortos e 78 mil feridos. O comunicado sino-franc\u00eas aumentar\u00e1 a confian\u00e7a da sociedade internacional, impedir\u00e1 a deteriora\u00e7\u00e3o da situa\u00e7\u00e3o e promover\u00e1 o processo de paz.<\/p>\n<p class=\"photo_img_20190808\"><img decoding=\"async\" src=\"https:\/\/p4crires.cri.cn\/photoworkspace\/cri\/contentimg\/2024\/05\/08\/2024050811535978509.jpg\" alt=\"\" width=\"1000\" \/><\/p>\n<p>A declara\u00e7\u00e3o conjunta sublinhou tamb\u00e9m a resolu\u00e7\u00e3o pol\u00edtica e diplom\u00e1tica da quest\u00e3o nuclear do Ir\u00e3 e a import\u00e2ncia da liberdade de navega\u00e7\u00e3o no Mar do Sul e no Golfo de \u00c1den.<\/p>\n<p>Al\u00e9m disso, os dois chefes de Estado pediram uma tr\u00e9gua durante os Jogos Ol\u00edmpicos de Paris que ser\u00e3o realizados no ver\u00e3o deste ano. Esta decis\u00e3o \u00e9 em respeito ao esp\u00edrito ol\u00edmpico e uma oportunidade para di\u00e1logos e negocia\u00e7\u00f5es de paz.<\/p>\n<p>Na ocasi\u00e3o do 60\u00ba anivers\u00e1rio do estabelecimento das rela\u00e7\u00f5es diplom\u00e1ticas entre a China e a Fran\u00e7a, os dois pa\u00edses mostraram sabedoria e coragem para apaziguar as turbul\u00eancias do mundo e procurar a dire\u00e7\u00e3o do progresso da humanidade.<\/p>\n","protected":false},"excerpt":{"rendered":"<p>Durante a visita de Estado \u00e0 Fran\u00e7a do presidente da China, Xi Jinping, os dois pa\u00edses divulgaram no dia 6 a Declara\u00e7\u00e3o Conjunta sobre a Situa\u00e7\u00e3o no Oriente M\u00e9dio, mostrando uma posi\u00e7\u00e3o un\u00e2nime sobre o conflito Palestina-Israel, a quest\u00e3o nuclear&#8230;<\/p>\n","protected":false},"author":2,"featured_media":0,"comment_status":"open","ping_status":"open","sticky":false,"template":"","format":"standard","meta":{"footnotes":""},"categories":[7],"tags":[],"class_list":["post-5273","post","type-post","status-publish","format-standard","hentry","category-visao"],"yoast_head":"<!-- This site is optimized with the Yoast SEO plugin v27.4 - https:\/\/yoast.com\/product\/yoast-seo-wordpress\/ -->\n<title>Declara\u00e7\u00e3o conjunta China-Fran\u00e7a visa defender justi\u00e7a no Oriente M\u00e9dio - CRI e Diario de Pernambuco<\/title>\n<meta name=\"robots\" content=\"index, follow, max-snippet:-1, max-image-preview:large, max-video-preview:-1\" \/>\n<link rel=\"canonical\" href=\"https:\/\/diariodepe.com.br\/cri\/2024\/05\/08\/declaracao-conjunta-china-franca-visa-defender-justica-no-oriente-medio\/\" \/>\n<meta property=\"og:locale\" content=\"pt_BR\" \/>\n<meta property=\"og:type\" content=\"article\" \/>\n<meta property=\"og:title\" content=\"Declara\u00e7\u00e3o conjunta China-Fran\u00e7a visa defender justi\u00e7a no Oriente M\u00e9dio - CRI e Diario de Pernambuco\" \/>\n<meta property=\"og:description\" content=\"Durante a visita de Estado \u00e0 Fran\u00e7a do presidente da China, Xi Jinping, os dois pa\u00edses divulgaram no dia 6 a Declara\u00e7\u00e3o Conjunta sobre a Situa\u00e7\u00e3o no Oriente M\u00e9dio, mostrando uma posi\u00e7\u00e3o un\u00e2nime sobre o conflito Palestina-Israel, a quest\u00e3o nuclear...\" \/>\n<meta property=\"og:url\" content=\"https:\/\/diariodepe.com.br\/cri\/2024\/05\/08\/declaracao-conjunta-china-franca-visa-defender-justica-no-oriente-medio\/\" \/>\n<meta property=\"og:site_name\" content=\"CRI e Diario de Pernambuco\" \/>\n<meta property=\"article:published_time\" content=\"2024-05-09T02:13:47+00:00\" \/>\n<meta property=\"og:image\" content=\"https:\/\/p4crires.cri.cn\/photoworkspace\/cri\/contentimg\/2024\/05\/08\/2024050811535978509.jpg\" \/>\n<meta name=\"author\" content=\"Ismael Lucas S. Pereira\" \/>\n<meta name=\"twitter:card\" content=\"summary_large_image\" \/>\n<meta name=\"twitter:label1\" content=\"Escrito por\" \/>\n\t<meta name=\"twitter:data1\" content=\"Ismael Lucas S. Pereira\" \/>\n<script type=\"application\/ld+json\" class=\"yoast-schema-graph\">{\"@context\":\"https:\\\/\\\/schema.org\",\"@graph\":[{\"@type\":\"Article\",\"@id\":\"https:\\\/\\\/diariodepe.com.br\\\/cri\\\/2024\\\/05\\\/08\\\/declaracao-conjunta-china-franca-visa-defender-justica-no-oriente-medio\\\/#article\",\"isPartOf\":{\"@id\":\"https:\\\/\\\/diariodepe.com.br\\\/cri\\\/2024\\\/05\\\/08\\\/declaracao-conjunta-china-franca-visa-defender-justica-no-oriente-medio\\\/\"},\"author\":{\"name\":\"Ismael Lucas S. Pereira\",\"@id\":\"https:\\\/\\\/diariodepe.com.br\\\/cri\\\/#\\\/schema\\\/person\\\/121bb28d84f1a5b1205ef4ce9c2e0c6b\"},\"headline\":\"Declara\u00e7\u00e3o conjunta China-Fran\u00e7a visa defender justi\u00e7a no Oriente M\u00e9dio\",\"datePublished\":\"2024-05-09T02:13:47+00:00\",\"mainEntityOfPage\":{\"@id\":\"https:\\\/\\\/diariodepe.com.br\\\/cri\\\/2024\\\/05\\\/08\\\/declaracao-conjunta-china-franca-visa-defender-justica-no-oriente-medio\\\/\"},\"wordCount\":381,\"commentCount\":0,\"publisher\":{\"@id\":\"https:\\\/\\\/diariodepe.com.br\\\/cri\\\/#organization\"},\"image\":{\"@id\":\"https:\\\/\\\/diariodepe.com.br\\\/cri\\\/2024\\\/05\\\/08\\\/declaracao-conjunta-china-franca-visa-defender-justica-no-oriente-medio\\\/#primaryimage\"},\"thumbnailUrl\":\"https:\\\/\\\/p4crires.cri.cn\\\/photoworkspace\\\/cri\\\/contentimg\\\/2024\\\/05\\\/08\\\/2024050811535978509.jpg\",\"articleSection\":[\"Vis\u00e3o\"],\"inLanguage\":\"pt-BR\",\"potentialAction\":[{\"@type\":\"CommentAction\",\"name\":\"Comment\",\"target\":[\"https:\\\/\\\/diariodepe.com.br\\\/cri\\\/2024\\\/05\\\/08\\\/declaracao-conjunta-china-franca-visa-defender-justica-no-oriente-medio\\\/#respond\"]}]},{\"@type\":\"WebPage\",\"@id\":\"https:\\\/\\\/diariodepe.com.br\\\/cri\\\/2024\\\/05\\\/08\\\/declaracao-conjunta-china-franca-visa-defender-justica-no-oriente-medio\\\/\",\"url\":\"https:\\\/\\\/diariodepe.com.br\\\/cri\\\/2024\\\/05\\\/08\\\/declaracao-conjunta-china-franca-visa-defender-justica-no-oriente-medio\\\/\",\"name\":\"Declara\u00e7\u00e3o conjunta China-Fran\u00e7a visa defender justi\u00e7a no Oriente M\u00e9dio - CRI e Diario de Pernambuco\",\"isPartOf\":{\"@id\":\"https:\\\/\\\/diariodepe.com.br\\\/cri\\\/#website\"},\"primaryImageOfPage\":{\"@id\":\"https:\\\/\\\/diariodepe.com.br\\\/cri\\\/2024\\\/05\\\/08\\\/declaracao-conjunta-china-franca-visa-defender-justica-no-oriente-medio\\\/#primaryimage\"},\"image\":{\"@id\":\"https:\\\/\\\/diariodepe.com.br\\\/cri\\\/2024\\\/05\\\/08\\\/declaracao-conjunta-china-franca-visa-defender-justica-no-oriente-medio\\\/#primaryimage\"},\"thumbnailUrl\":\"https:\\\/\\\/p4crires.cri.cn\\\/photoworkspace\\\/cri\\\/contentimg\\\/2024\\\/05\\\/08\\\/2024050811535978509.jpg\",\"datePublished\":\"2024-05-09T02:13:47+00:00\",\"breadcrumb\":{\"@id\":\"https:\\\/\\\/diariodepe.com.br\\\/cri\\\/2024\\\/05\\\/08\\\/declaracao-conjunta-china-franca-visa-defender-justica-no-oriente-medio\\\/#breadcrumb\"},\"inLanguage\":\"pt-BR\",\"potentialAction\":[{\"@type\":\"ReadAction\",\"target\":[\"https:\\\/\\\/diariodepe.com.br\\\/cri\\\/2024\\\/05\\\/08\\\/declaracao-conjunta-china-franca-visa-defender-justica-no-oriente-medio\\\/\"]}]},{\"@type\":\"ImageObject\",\"inLanguage\":\"pt-BR\",\"@id\":\"https:\\\/\\\/diariodepe.com.br\\\/cri\\\/2024\\\/05\\\/08\\\/declaracao-conjunta-china-franca-visa-defender-justica-no-oriente-medio\\\/#primaryimage\",\"url\":\"https:\\\/\\\/p4crires.cri.cn\\\/photoworkspace\\\/cri\\\/contentimg\\\/2024\\\/05\\\/08\\\/2024050811535978509.jpg\",\"contentUrl\":\"https:\\\/\\\/p4crires.cri.cn\\\/photoworkspace\\\/cri\\\/contentimg\\\/2024\\\/05\\\/08\\\/2024050811535978509.jpg\"},{\"@type\":\"BreadcrumbList\",\"@id\":\"https:\\\/\\\/diariodepe.com.br\\\/cri\\\/2024\\\/05\\\/08\\\/declaracao-conjunta-china-franca-visa-defender-justica-no-oriente-medio\\\/#breadcrumb\",\"itemListElement\":[{\"@type\":\"ListItem\",\"position\":1,\"name\":\"In\u00edcio\",\"item\":\"https:\\\/\\\/diariodepe.com.br\\\/cri\\\/\"},{\"@type\":\"ListItem\",\"position\":2,\"name\":\"Declara\u00e7\u00e3o conjunta China-Fran\u00e7a visa defender justi\u00e7a no Oriente M\u00e9dio\"}]},{\"@type\":\"WebSite\",\"@id\":\"https:\\\/\\\/diariodepe.com.br\\\/cri\\\/#website\",\"url\":\"https:\\\/\\\/diariodepe.com.br\\\/cri\\\/\",\"name\":\"CRI e Diario de Pernambuco\",\"description\":\"R\u00e1dio Internacional da China\",\"publisher\":{\"@id\":\"https:\\\/\\\/diariodepe.com.br\\\/cri\\\/#organization\"},\"potentialAction\":[{\"@type\":\"SearchAction\",\"target\":{\"@type\":\"EntryPoint\",\"urlTemplate\":\"https:\\\/\\\/diariodepe.com.br\\\/cri\\\/?s={search_term_string}\"},\"query-input\":{\"@type\":\"PropertyValueSpecification\",\"valueRequired\":true,\"valueName\":\"search_term_string\"}}],\"inLanguage\":\"pt-BR\"},{\"@type\":\"Organization\",\"@id\":\"https:\\\/\\\/diariodepe.com.br\\\/cri\\\/#organization\",\"name\":\"CRI e Diario de Pernambuco\",\"url\":\"https:\\\/\\\/diariodepe.com.br\\\/cri\\\/\",\"logo\":{\"@type\":\"ImageObject\",\"inLanguage\":\"pt-BR\",\"@id\":\"https:\\\/\\\/diariodepe.com.br\\\/cri\\\/#\\\/schema\\\/logo\\\/image\\\/\",\"url\":\"https:\\\/\\\/diariodepe.com.br\\\/cri\\\/wp-content\\\/uploads\\\/sites\\\/2\\\/2022\\\/12\\\/cropped-Logo.jpg\",\"contentUrl\":\"https:\\\/\\\/diariodepe.com.br\\\/cri\\\/wp-content\\\/uploads\\\/sites\\\/2\\\/2022\\\/12\\\/cropped-Logo.jpg\",\"width\":700,\"height\":59,\"caption\":\"CRI e Diario de Pernambuco\"},\"image\":{\"@id\":\"https:\\\/\\\/diariodepe.com.br\\\/cri\\\/#\\\/schema\\\/logo\\\/image\\\/\"}},{\"@type\":\"Person\",\"@id\":\"https:\\\/\\\/diariodepe.com.br\\\/cri\\\/#\\\/schema\\\/person\\\/121bb28d84f1a5b1205ef4ce9c2e0c6b\",\"name\":\"Ismael Lucas S. Pereira\",\"image\":{\"@type\":\"ImageObject\",\"inLanguage\":\"pt-BR\",\"@id\":\"https:\\\/\\\/secure.gravatar.com\\\/avatar\\\/887a0f3b5a7ceea963a48499fb883ffce6b5037362def025c52c2505b15d63e4?s=96&d=mm&r=g\",\"url\":\"https:\\\/\\\/secure.gravatar.com\\\/avatar\\\/887a0f3b5a7ceea963a48499fb883ffce6b5037362def025c52c2505b15d63e4?s=96&d=mm&r=g\",\"contentUrl\":\"https:\\\/\\\/secure.gravatar.com\\\/avatar\\\/887a0f3b5a7ceea963a48499fb883ffce6b5037362def025c52c2505b15d63e4?s=96&d=mm&r=g\",\"caption\":\"Ismael Lucas S. Pereira\"},\"url\":\"https:\\\/\\\/diariodepe.com.br\\\/cri\\\/author\\\/ismael-lucas\\\/\"}]}<\/script>\n<!-- \/ Yoast SEO plugin. -->","yoast_head_json":{"title":"Declara\u00e7\u00e3o conjunta China-Fran\u00e7a visa defender justi\u00e7a no Oriente M\u00e9dio - CRI e Diario de Pernambuco","robots":{"index":"index","follow":"follow","max-snippet":"max-snippet:-1","max-image-preview":"max-image-preview:large","max-video-preview":"max-video-preview:-1"},"canonical":"https:\/\/diariodepe.com.br\/cri\/2024\/05\/08\/declaracao-conjunta-china-franca-visa-defender-justica-no-oriente-medio\/","og_locale":"pt_BR","og_type":"article","og_title":"Declara\u00e7\u00e3o conjunta China-Fran\u00e7a visa defender justi\u00e7a no Oriente M\u00e9dio - CRI e Diario de Pernambuco","og_description":"Durante a visita de Estado \u00e0 Fran\u00e7a do presidente da China, Xi Jinping, os dois pa\u00edses divulgaram no dia 6 a Declara\u00e7\u00e3o Conjunta sobre a Situa\u00e7\u00e3o no Oriente M\u00e9dio, mostrando uma posi\u00e7\u00e3o un\u00e2nime sobre o conflito Palestina-Israel, a quest\u00e3o nuclear...","og_url":"https:\/\/diariodepe.com.br\/cri\/2024\/05\/08\/declaracao-conjunta-china-franca-visa-defender-justica-no-oriente-medio\/","og_site_name":"CRI e Diario de Pernambuco","article_published_time":"2024-05-09T02:13:47+00:00","og_image":[{"url":"https:\/\/p4crires.cri.cn\/photoworkspace\/cri\/contentimg\/2024\/05\/08\/2024050811535978509.jpg","type":"","width":"","height":""}],"author":"Ismael Lucas S. Pereira","twitter_card":"summary_large_image","twitter_misc":{"Escrito por":"Ismael Lucas S. Pereira"},"schema":{"@context":"https:\/\/schema.org","@graph":[{"@type":"Article","@id":"https:\/\/diariodepe.com.br\/cri\/2024\/05\/08\/declaracao-conjunta-china-franca-visa-defender-justica-no-oriente-medio\/#article","isPartOf":{"@id":"https:\/\/diariodepe.com.br\/cri\/2024\/05\/08\/declaracao-conjunta-china-franca-visa-defender-justica-no-oriente-medio\/"},"author":{"name":"Ismael Lucas S. Pereira","@id":"https:\/\/diariodepe.com.br\/cri\/#\/schema\/person\/121bb28d84f1a5b1205ef4ce9c2e0c6b"},"headline":"Declara\u00e7\u00e3o conjunta China-Fran\u00e7a visa defender justi\u00e7a no Oriente M\u00e9dio","datePublished":"2024-05-09T02:13:47+00:00","mainEntityOfPage":{"@id":"https:\/\/diariodepe.com.br\/cri\/2024\/05\/08\/declaracao-conjunta-china-franca-visa-defender-justica-no-oriente-medio\/"},"wordCount":381,"commentCount":0,"publisher":{"@id":"https:\/\/diariodepe.com.br\/cri\/#organization"},"image":{"@id":"https:\/\/diariodepe.com.br\/cri\/2024\/05\/08\/declaracao-conjunta-china-franca-visa-defender-justica-no-oriente-medio\/#primaryimage"},"thumbnailUrl":"https:\/\/p4crires.cri.cn\/photoworkspace\/cri\/contentimg\/2024\/05\/08\/2024050811535978509.jpg","articleSection":["Vis\u00e3o"],"inLanguage":"pt-BR","potentialAction":[{"@type":"CommentAction","name":"Comment","target":["https:\/\/diariodepe.com.br\/cri\/2024\/05\/08\/declaracao-conjunta-china-franca-visa-defender-justica-no-oriente-medio\/#respond"]}]},{"@type":"WebPage","@id":"https:\/\/diariodepe.com.br\/cri\/2024\/05\/08\/declaracao-conjunta-china-franca-visa-defender-justica-no-oriente-medio\/","url":"https:\/\/diariodepe.com.br\/cri\/2024\/05\/08\/declaracao-conjunta-china-franca-visa-defender-justica-no-oriente-medio\/","name":"Declara\u00e7\u00e3o conjunta China-Fran\u00e7a visa defender justi\u00e7a no Oriente M\u00e9dio - CRI e Diario de Pernambuco","isPartOf":{"@id":"https:\/\/diariodepe.com.br\/cri\/#website"},"primaryImageOfPage":{"@id":"https:\/\/diariodepe.com.br\/cri\/2024\/05\/08\/declaracao-conjunta-china-franca-visa-defender-justica-no-oriente-medio\/#primaryimage"},"image":{"@id":"https:\/\/diariodepe.com.br\/cri\/2024\/05\/08\/declaracao-conjunta-china-franca-visa-defender-justica-no-oriente-medio\/#primaryimage"},"thumbnailUrl":"https:\/\/p4crires.cri.cn\/photoworkspace\/cri\/contentimg\/2024\/05\/08\/2024050811535978509.jpg","datePublished":"2024-05-09T02:13:47+00:00","breadcrumb":{"@id":"https:\/\/diariodepe.com.br\/cri\/2024\/05\/08\/declaracao-conjunta-china-franca-visa-defender-justica-no-oriente-medio\/#breadcrumb"},"inLanguage":"pt-BR","potentialAction":[{"@type":"ReadAction","target":["https:\/\/diariodepe.com.br\/cri\/2024\/05\/08\/declaracao-conjunta-china-franca-visa-defender-justica-no-oriente-medio\/"]}]},{"@type":"ImageObject","inLanguage":"pt-BR","@id":"https:\/\/diariodepe.com.br\/cri\/2024\/05\/08\/declaracao-conjunta-china-franca-visa-defender-justica-no-oriente-medio\/#primaryimage","url":"https:\/\/p4crires.cri.cn\/photoworkspace\/cri\/contentimg\/2024\/05\/08\/2024050811535978509.jpg","contentUrl":"https:\/\/p4crires.cri.cn\/photoworkspace\/cri\/contentimg\/2024\/05\/08\/2024050811535978509.jpg"},{"@type":"BreadcrumbList","@id":"https:\/\/diariodepe.com.br\/cri\/2024\/05\/08\/declaracao-conjunta-china-franca-visa-defender-justica-no-oriente-medio\/#breadcrumb","itemListElement":[{"@type":"ListItem","position":1,"name":"In\u00edcio","item":"https:\/\/diariodepe.com.br\/cri\/"},{"@type":"ListItem","position":2,"name":"Declara\u00e7\u00e3o conjunta China-Fran\u00e7a visa defender justi\u00e7a no Oriente M\u00e9dio"}]},{"@type":"WebSite","@id":"https:\/\/diariodepe.com.br\/cri\/#website","url":"https:\/\/diariodepe.com.br\/cri\/","name":"CRI e Diario de Pernambuco","description":"R\u00e1dio Internacional da China","publisher":{"@id":"https:\/\/diariodepe.com.br\/cri\/#organization"},"potentialAction":[{"@type":"SearchAction","target":{"@type":"EntryPoint","urlTemplate":"https:\/\/diariodepe.com.br\/cri\/?s={search_term_string}"},"query-input":{"@type":"PropertyValueSpecification","valueRequired":true,"valueName":"search_term_string"}}],"inLanguage":"pt-BR"},{"@type":"Organization","@id":"https:\/\/diariodepe.com.br\/cri\/#organization","name":"CRI e Diario de Pernambuco","url":"https:\/\/diariodepe.com.br\/cri\/","logo":{"@type":"ImageObject","inLanguage":"pt-BR","@id":"https:\/\/diariodepe.com.br\/cri\/#\/schema\/logo\/image\/","url":"https:\/\/diariodepe.com.br\/cri\/wp-content\/uploads\/sites\/2\/2022\/12\/cropped-Logo.jpg","contentUrl":"https:\/\/diariodepe.com.br\/cri\/wp-content\/uploads\/sites\/2\/2022\/12\/cropped-Logo.jpg","width":700,"height":59,"caption":"CRI e Diario de Pernambuco"},"image":{"@id":"https:\/\/diariodepe.com.br\/cri\/#\/schema\/logo\/image\/"}},{"@type":"Person","@id":"https:\/\/diariodepe.com.br\/cri\/#\/schema\/person\/121bb28d84f1a5b1205ef4ce9c2e0c6b","name":"Ismael Lucas S. Pereira","image":{"@type":"ImageObject","inLanguage":"pt-BR","@id":"https:\/\/secure.gravatar.com\/avatar\/887a0f3b5a7ceea963a48499fb883ffce6b5037362def025c52c2505b15d63e4?s=96&d=mm&r=g","url":"https:\/\/secure.gravatar.com\/avatar\/887a0f3b5a7ceea963a48499fb883ffce6b5037362def025c52c2505b15d63e4?s=96&d=mm&r=g","contentUrl":"https:\/\/secure.gravatar.com\/avatar\/887a0f3b5a7ceea963a48499fb883ffce6b5037362def025c52c2505b15d63e4?s=96&d=mm&r=g","caption":"Ismael Lucas S. Pereira"},"url":"https:\/\/diariodepe.com.br\/cri\/author\/ismael-lucas\/"}]}},"cc_featured_image_caption":{"caption_text":false,"source_text":false,"source_url":false},"amp_enabled":true,"_links":{"self":[{"href":"https:\/\/diariodepe.com.br\/cri\/wp-json\/wp\/v2\/posts\/5273","targetHints":{"allow":["GET"]}}],"collection":[{"href":"https:\/\/diariodepe.com.br\/cri\/wp-json\/wp\/v2\/posts"}],"about":[{"href":"https:\/\/diariodepe.com.br\/cri\/wp-json\/wp\/v2\/types\/post"}],"author":[{"embeddable":true,"href":"https:\/\/diariodepe.com.br\/cri\/wp-json\/wp\/v2\/users\/2"}],"replies":[{"embeddable":true,"href":"https:\/\/diariodepe.com.br\/cri\/wp-json\/wp\/v2\/comments?post=5273"}],"version-history":[{"count":1,"href":"https:\/\/diariodepe.com.br\/cri\/wp-json\/wp\/v2\/posts\/5273\/revisions"}],"predecessor-version":[{"id":5274,"href":"https:\/\/diariodepe.com.br\/cri\/wp-json\/wp\/v2\/posts\/5273\/revisions\/5274"}],"wp:attachment":[{"href":"https:\/\/diariodepe.com.br\/cri\/wp-json\/wp\/v2\/media?parent=5273"}],"wp:term":[{"taxonomy":"category","embeddable":true,"href":"https:\/\/diariodepe.com.br\/cri\/wp-json\/wp\/v2\/categories?post=5273"},{"taxonomy":"post_tag","embeddable":true,"href":"https:\/\/diariodepe.com.br\/cri\/wp-json\/wp\/v2\/tags?post=5273"}],"curies":[{"name":"wp","href":"https:\/\/api.w.org\/{rel}","templated":true}]}}