{"id":5271,"date":"2024-05-08T23:12:57","date_gmt":"2024-05-09T02:12:57","guid":{"rendered":"https:\/\/diariodepe.com.br\/cri\/?p=5271"},"modified":"2024-05-08T23:12:57","modified_gmt":"2024-05-09T02:12:57","slug":"xi-jinping-anuncia-apoio-chines-para-construcao-da-comunidade-de-futuro-compartilhado-china-servia-na-nova-era","status":"publish","type":"post","link":"https:\/\/diariodepe.com.br\/cri\/2024\/05\/08\/xi-jinping-anuncia-apoio-chines-para-construcao-da-comunidade-de-futuro-compartilhado-china-servia-na-nova-era\/","title":{"rendered":"Xi Jinping anuncia apoio chin\u00eas para constru\u00e7\u00e3o da comunidade de futuro compartilhado China-S\u00e9rvia na nova era"},"content":{"rendered":"<p>Ao comparecer, ao lado do presidente da S\u00e9rvia,\u00a0Aleksandar\u00a0Vu\u010di\u0107,\u00a0\u00e0\u00a0entrevista conjunta, o\u00a0presidente\u00a0chin\u00eas,\u00a0Xi Jinping, anunciou as seis medidas da primeira etapa do apoio chin\u00eas na\u00a0constru\u00e7\u00e3o da\u00a0comunidade\u00a0de futuro compartilhado\u00a0China-S\u00e9rvia na nova era.<\/p>\n<p>Primeiro, com o esfor\u00e7o conjunto das duas partes, o Acordo de Livre Com\u00e9rcio China-S\u00e9rvia\u00a0entrar\u00e1\u00a0oficialmente em vigor em 1\u00ba\u00a0de julho deste ano.\u00a0Segundo, a China apoiar\u00e1 a S\u00e9rvia na organiza\u00e7\u00e3o da Expo Mundial Profissional de 2027 e enviar\u00e1 delega\u00e7\u00f5es para participar\u00a0do evento,\u00a0incentivando\u00a0as empresas chinesas a\u00a0se integrarem\u00a0aos\u00a0projetos\u00a0concernentes.\u00a0Terceiro, a China est\u00e1 disposta a expandir as importa\u00e7\u00f5es de produtos agr\u00edcolas de alta qualidade\u00a0da S\u00e9rvia.\u00a0Quarto,\u00a0o pa\u00eds asi\u00e1tico\u00a0apoiar\u00e1\u00a0a recep\u00e7\u00e3o por interc\u00e2mbio cient\u00edfico de\u00a050 jovens cientistas s\u00e9rvios\u00a0nos\u00a0pr\u00f3ximos\u00a0tr\u00eas anos.\u00a0Quinto, a China convidar\u00e1 300 adolescentes s\u00e9rvios para estudar\u00a0no pa\u00eds\u00a0nos\u00a0tri\u00eanio que se segue.\u00a0Sexto, a China sa\u00fada a abertura de um voo direto de Belgrado para\u00a0Shanghai\u00a0pelo lado s\u00e9rvio,\u00a0e incentiva as empresas\u00a0a\u00e9reas\u00a0dos dois pa\u00edses a abrirem\u00a0a linha direta\u00a0de Belgrado para Guangzhou.<\/p>\n<p>&nbsp;<\/p>\n","protected":false},"excerpt":{"rendered":"<p>Ao comparecer, ao lado do presidente da S\u00e9rvia,\u00a0Aleksandar\u00a0Vu\u010di\u0107,\u00a0\u00e0\u00a0entrevista conjunta, o\u00a0presidente\u00a0chin\u00eas,\u00a0Xi Jinping, anunciou as seis medidas da primeira etapa do apoio chin\u00eas na\u00a0constru\u00e7\u00e3o da\u00a0comunidade\u00a0de futuro compartilhado\u00a0China-S\u00e9rvia na nova era. Primeiro, com o esfor\u00e7o conjunto das duas partes, o Acordo de Livre&#8230;<\/p>\n","protected":false},"author":2,"featured_media":0,"comment_status":"open","ping_status":"open","sticky":false,"template":"","format":"standard","meta":{"footnotes":""},"categories":[8],"tags":[],"class_list":["post-5271","post","type-post","status-publish","format-standard","hentry","category-internacional"],"yoast_head":"<!-- This site is optimized with the Yoast SEO plugin v27.4 - https:\/\/yoast.com\/product\/yoast-seo-wordpress\/ -->\n<title>Xi Jinping anuncia apoio chin\u00eas para constru\u00e7\u00e3o da comunidade de futuro compartilhado China-S\u00e9rvia na nova era - CRI e Diario de Pernambuco<\/title>\n<meta name=\"robots\" content=\"index, follow, max-snippet:-1, max-image-preview:large, max-video-preview:-1\" \/>\n<link rel=\"canonical\" href=\"https:\/\/diariodepe.com.br\/cri\/2024\/05\/08\/xi-jinping-anuncia-apoio-chines-para-construcao-da-comunidade-de-futuro-compartilhado-china-servia-na-nova-era\/\" \/>\n<meta property=\"og:locale\" content=\"pt_BR\" \/>\n<meta property=\"og:type\" content=\"article\" \/>\n<meta property=\"og:title\" content=\"Xi Jinping anuncia apoio chin\u00eas para constru\u00e7\u00e3o da comunidade de futuro compartilhado China-S\u00e9rvia na nova era - CRI e Diario de Pernambuco\" \/>\n<meta property=\"og:description\" content=\"Ao comparecer, ao lado do presidente da S\u00e9rvia,\u00a0Aleksandar\u00a0Vu\u010di\u0107,\u00a0\u00e0\u00a0entrevista conjunta, o\u00a0presidente\u00a0chin\u00eas,\u00a0Xi Jinping, anunciou as seis medidas da primeira etapa do apoio chin\u00eas na\u00a0constru\u00e7\u00e3o da\u00a0comunidade\u00a0de futuro compartilhado\u00a0China-S\u00e9rvia na nova era. Primeiro, com o esfor\u00e7o conjunto das duas partes, o Acordo de Livre...\" \/>\n<meta property=\"og:url\" content=\"https:\/\/diariodepe.com.br\/cri\/2024\/05\/08\/xi-jinping-anuncia-apoio-chines-para-construcao-da-comunidade-de-futuro-compartilhado-china-servia-na-nova-era\/\" \/>\n<meta property=\"og:site_name\" content=\"CRI e Diario de Pernambuco\" \/>\n<meta property=\"article:published_time\" content=\"2024-05-09T02:12:57+00:00\" \/>\n<meta name=\"author\" content=\"Ismael Lucas S. Pereira\" \/>\n<meta name=\"twitter:card\" content=\"summary_large_image\" \/>\n<meta name=\"twitter:label1\" content=\"Escrito por\" \/>\n\t<meta name=\"twitter:data1\" content=\"Ismael Lucas S. Pereira\" \/>\n\t<meta name=\"twitter:label2\" content=\"Est. tempo de leitura\" \/>\n\t<meta name=\"twitter:data2\" content=\"1 minuto\" \/>\n<script type=\"application\/ld+json\" class=\"yoast-schema-graph\">{\"@context\":\"https:\\\/\\\/schema.org\",\"@graph\":[{\"@type\":\"Article\",\"@id\":\"https:\\\/\\\/diariodepe.com.br\\\/cri\\\/2024\\\/05\\\/08\\\/xi-jinping-anuncia-apoio-chines-para-construcao-da-comunidade-de-futuro-compartilhado-china-servia-na-nova-era\\\/#article\",\"isPartOf\":{\"@id\":\"https:\\\/\\\/diariodepe.com.br\\\/cri\\\/2024\\\/05\\\/08\\\/xi-jinping-anuncia-apoio-chines-para-construcao-da-comunidade-de-futuro-compartilhado-china-servia-na-nova-era\\\/\"},\"author\":{\"name\":\"Ismael Lucas S. Pereira\",\"@id\":\"https:\\\/\\\/diariodepe.com.br\\\/cri\\\/#\\\/schema\\\/person\\\/121bb28d84f1a5b1205ef4ce9c2e0c6b\"},\"headline\":\"Xi Jinping anuncia apoio chin\u00eas para constru\u00e7\u00e3o da comunidade de futuro compartilhado China-S\u00e9rvia na nova era\",\"datePublished\":\"2024-05-09T02:12:57+00:00\",\"mainEntityOfPage\":{\"@id\":\"https:\\\/\\\/diariodepe.com.br\\\/cri\\\/2024\\\/05\\\/08\\\/xi-jinping-anuncia-apoio-chines-para-construcao-da-comunidade-de-futuro-compartilhado-china-servia-na-nova-era\\\/\"},\"wordCount\":225,\"commentCount\":0,\"publisher\":{\"@id\":\"https:\\\/\\\/diariodepe.com.br\\\/cri\\\/#organization\"},\"articleSection\":[\"Internacional\"],\"inLanguage\":\"pt-BR\",\"potentialAction\":[{\"@type\":\"CommentAction\",\"name\":\"Comment\",\"target\":[\"https:\\\/\\\/diariodepe.com.br\\\/cri\\\/2024\\\/05\\\/08\\\/xi-jinping-anuncia-apoio-chines-para-construcao-da-comunidade-de-futuro-compartilhado-china-servia-na-nova-era\\\/#respond\"]}]},{\"@type\":\"WebPage\",\"@id\":\"https:\\\/\\\/diariodepe.com.br\\\/cri\\\/2024\\\/05\\\/08\\\/xi-jinping-anuncia-apoio-chines-para-construcao-da-comunidade-de-futuro-compartilhado-china-servia-na-nova-era\\\/\",\"url\":\"https:\\\/\\\/diariodepe.com.br\\\/cri\\\/2024\\\/05\\\/08\\\/xi-jinping-anuncia-apoio-chines-para-construcao-da-comunidade-de-futuro-compartilhado-china-servia-na-nova-era\\\/\",\"name\":\"Xi Jinping anuncia apoio chin\u00eas para constru\u00e7\u00e3o da comunidade de futuro compartilhado China-S\u00e9rvia na nova era - CRI e Diario de Pernambuco\",\"isPartOf\":{\"@id\":\"https:\\\/\\\/diariodepe.com.br\\\/cri\\\/#website\"},\"datePublished\":\"2024-05-09T02:12:57+00:00\",\"breadcrumb\":{\"@id\":\"https:\\\/\\\/diariodepe.com.br\\\/cri\\\/2024\\\/05\\\/08\\\/xi-jinping-anuncia-apoio-chines-para-construcao-da-comunidade-de-futuro-compartilhado-china-servia-na-nova-era\\\/#breadcrumb\"},\"inLanguage\":\"pt-BR\",\"potentialAction\":[{\"@type\":\"ReadAction\",\"target\":[\"https:\\\/\\\/diariodepe.com.br\\\/cri\\\/2024\\\/05\\\/08\\\/xi-jinping-anuncia-apoio-chines-para-construcao-da-comunidade-de-futuro-compartilhado-china-servia-na-nova-era\\\/\"]}]},{\"@type\":\"BreadcrumbList\",\"@id\":\"https:\\\/\\\/diariodepe.com.br\\\/cri\\\/2024\\\/05\\\/08\\\/xi-jinping-anuncia-apoio-chines-para-construcao-da-comunidade-de-futuro-compartilhado-china-servia-na-nova-era\\\/#breadcrumb\",\"itemListElement\":[{\"@type\":\"ListItem\",\"position\":1,\"name\":\"In\u00edcio\",\"item\":\"https:\\\/\\\/diariodepe.com.br\\\/cri\\\/\"},{\"@type\":\"ListItem\",\"position\":2,\"name\":\"Xi Jinping anuncia apoio chin\u00eas para constru\u00e7\u00e3o da comunidade de futuro compartilhado China-S\u00e9rvia na nova era\"}]},{\"@type\":\"WebSite\",\"@id\":\"https:\\\/\\\/diariodepe.com.br\\\/cri\\\/#website\",\"url\":\"https:\\\/\\\/diariodepe.com.br\\\/cri\\\/\",\"name\":\"CRI e Diario de Pernambuco\",\"description\":\"R\u00e1dio Internacional da China\",\"publisher\":{\"@id\":\"https:\\\/\\\/diariodepe.com.br\\\/cri\\\/#organization\"},\"potentialAction\":[{\"@type\":\"SearchAction\",\"target\":{\"@type\":\"EntryPoint\",\"urlTemplate\":\"https:\\\/\\\/diariodepe.com.br\\\/cri\\\/?s={search_term_string}\"},\"query-input\":{\"@type\":\"PropertyValueSpecification\",\"valueRequired\":true,\"valueName\":\"search_term_string\"}}],\"inLanguage\":\"pt-BR\"},{\"@type\":\"Organization\",\"@id\":\"https:\\\/\\\/diariodepe.com.br\\\/cri\\\/#organization\",\"name\":\"CRI e Diario de Pernambuco\",\"url\":\"https:\\\/\\\/diariodepe.com.br\\\/cri\\\/\",\"logo\":{\"@type\":\"ImageObject\",\"inLanguage\":\"pt-BR\",\"@id\":\"https:\\\/\\\/diariodepe.com.br\\\/cri\\\/#\\\/schema\\\/logo\\\/image\\\/\",\"url\":\"https:\\\/\\\/diariodepe.com.br\\\/cri\\\/wp-content\\\/uploads\\\/sites\\\/2\\\/2022\\\/12\\\/cropped-Logo.jpg\",\"contentUrl\":\"https:\\\/\\\/diariodepe.com.br\\\/cri\\\/wp-content\\\/uploads\\\/sites\\\/2\\\/2022\\\/12\\\/cropped-Logo.jpg\",\"width\":700,\"height\":59,\"caption\":\"CRI e Diario de Pernambuco\"},\"image\":{\"@id\":\"https:\\\/\\\/diariodepe.com.br\\\/cri\\\/#\\\/schema\\\/logo\\\/image\\\/\"}},{\"@type\":\"Person\",\"@id\":\"https:\\\/\\\/diariodepe.com.br\\\/cri\\\/#\\\/schema\\\/person\\\/121bb28d84f1a5b1205ef4ce9c2e0c6b\",\"name\":\"Ismael Lucas S. Pereira\",\"image\":{\"@type\":\"ImageObject\",\"inLanguage\":\"pt-BR\",\"@id\":\"https:\\\/\\\/secure.gravatar.com\\\/avatar\\\/887a0f3b5a7ceea963a48499fb883ffce6b5037362def025c52c2505b15d63e4?s=96&d=mm&r=g\",\"url\":\"https:\\\/\\\/secure.gravatar.com\\\/avatar\\\/887a0f3b5a7ceea963a48499fb883ffce6b5037362def025c52c2505b15d63e4?s=96&d=mm&r=g\",\"contentUrl\":\"https:\\\/\\\/secure.gravatar.com\\\/avatar\\\/887a0f3b5a7ceea963a48499fb883ffce6b5037362def025c52c2505b15d63e4?s=96&d=mm&r=g\",\"caption\":\"Ismael Lucas S. Pereira\"},\"url\":\"https:\\\/\\\/diariodepe.com.br\\\/cri\\\/author\\\/ismael-lucas\\\/\"}]}<\/script>\n<!-- \/ Yoast SEO plugin. -->","yoast_head_json":{"title":"Xi Jinping anuncia apoio chin\u00eas para constru\u00e7\u00e3o da comunidade de futuro compartilhado China-S\u00e9rvia na nova era - CRI e Diario de Pernambuco","robots":{"index":"index","follow":"follow","max-snippet":"max-snippet:-1","max-image-preview":"max-image-preview:large","max-video-preview":"max-video-preview:-1"},"canonical":"https:\/\/diariodepe.com.br\/cri\/2024\/05\/08\/xi-jinping-anuncia-apoio-chines-para-construcao-da-comunidade-de-futuro-compartilhado-china-servia-na-nova-era\/","og_locale":"pt_BR","og_type":"article","og_title":"Xi Jinping anuncia apoio chin\u00eas para constru\u00e7\u00e3o da comunidade de futuro compartilhado China-S\u00e9rvia na nova era - CRI e Diario de Pernambuco","og_description":"Ao comparecer, ao lado do presidente da S\u00e9rvia,\u00a0Aleksandar\u00a0Vu\u010di\u0107,\u00a0\u00e0\u00a0entrevista conjunta, o\u00a0presidente\u00a0chin\u00eas,\u00a0Xi Jinping, anunciou as seis medidas da primeira etapa do apoio chin\u00eas na\u00a0constru\u00e7\u00e3o da\u00a0comunidade\u00a0de futuro compartilhado\u00a0China-S\u00e9rvia na nova era. Primeiro, com o esfor\u00e7o conjunto das duas partes, o Acordo de Livre...","og_url":"https:\/\/diariodepe.com.br\/cri\/2024\/05\/08\/xi-jinping-anuncia-apoio-chines-para-construcao-da-comunidade-de-futuro-compartilhado-china-servia-na-nova-era\/","og_site_name":"CRI e Diario de Pernambuco","article_published_time":"2024-05-09T02:12:57+00:00","author":"Ismael Lucas S. Pereira","twitter_card":"summary_large_image","twitter_misc":{"Escrito por":"Ismael Lucas S. Pereira","Est. tempo de leitura":"1 minuto"},"schema":{"@context":"https:\/\/schema.org","@graph":[{"@type":"Article","@id":"https:\/\/diariodepe.com.br\/cri\/2024\/05\/08\/xi-jinping-anuncia-apoio-chines-para-construcao-da-comunidade-de-futuro-compartilhado-china-servia-na-nova-era\/#article","isPartOf":{"@id":"https:\/\/diariodepe.com.br\/cri\/2024\/05\/08\/xi-jinping-anuncia-apoio-chines-para-construcao-da-comunidade-de-futuro-compartilhado-china-servia-na-nova-era\/"},"author":{"name":"Ismael Lucas S. Pereira","@id":"https:\/\/diariodepe.com.br\/cri\/#\/schema\/person\/121bb28d84f1a5b1205ef4ce9c2e0c6b"},"headline":"Xi Jinping anuncia apoio chin\u00eas para constru\u00e7\u00e3o da comunidade de futuro compartilhado China-S\u00e9rvia na nova era","datePublished":"2024-05-09T02:12:57+00:00","mainEntityOfPage":{"@id":"https:\/\/diariodepe.com.br\/cri\/2024\/05\/08\/xi-jinping-anuncia-apoio-chines-para-construcao-da-comunidade-de-futuro-compartilhado-china-servia-na-nova-era\/"},"wordCount":225,"commentCount":0,"publisher":{"@id":"https:\/\/diariodepe.com.br\/cri\/#organization"},"articleSection":["Internacional"],"inLanguage":"pt-BR","potentialAction":[{"@type":"CommentAction","name":"Comment","target":["https:\/\/diariodepe.com.br\/cri\/2024\/05\/08\/xi-jinping-anuncia-apoio-chines-para-construcao-da-comunidade-de-futuro-compartilhado-china-servia-na-nova-era\/#respond"]}]},{"@type":"WebPage","@id":"https:\/\/diariodepe.com.br\/cri\/2024\/05\/08\/xi-jinping-anuncia-apoio-chines-para-construcao-da-comunidade-de-futuro-compartilhado-china-servia-na-nova-era\/","url":"https:\/\/diariodepe.com.br\/cri\/2024\/05\/08\/xi-jinping-anuncia-apoio-chines-para-construcao-da-comunidade-de-futuro-compartilhado-china-servia-na-nova-era\/","name":"Xi Jinping anuncia apoio chin\u00eas para constru\u00e7\u00e3o da comunidade de futuro compartilhado China-S\u00e9rvia na nova era - CRI e Diario de Pernambuco","isPartOf":{"@id":"https:\/\/diariodepe.com.br\/cri\/#website"},"datePublished":"2024-05-09T02:12:57+00:00","breadcrumb":{"@id":"https:\/\/diariodepe.com.br\/cri\/2024\/05\/08\/xi-jinping-anuncia-apoio-chines-para-construcao-da-comunidade-de-futuro-compartilhado-china-servia-na-nova-era\/#breadcrumb"},"inLanguage":"pt-BR","potentialAction":[{"@type":"ReadAction","target":["https:\/\/diariodepe.com.br\/cri\/2024\/05\/08\/xi-jinping-anuncia-apoio-chines-para-construcao-da-comunidade-de-futuro-compartilhado-china-servia-na-nova-era\/"]}]},{"@type":"BreadcrumbList","@id":"https:\/\/diariodepe.com.br\/cri\/2024\/05\/08\/xi-jinping-anuncia-apoio-chines-para-construcao-da-comunidade-de-futuro-compartilhado-china-servia-na-nova-era\/#breadcrumb","itemListElement":[{"@type":"ListItem","position":1,"name":"In\u00edcio","item":"https:\/\/diariodepe.com.br\/cri\/"},{"@type":"ListItem","position":2,"name":"Xi Jinping anuncia apoio chin\u00eas para constru\u00e7\u00e3o da comunidade de futuro compartilhado China-S\u00e9rvia na nova era"}]},{"@type":"WebSite","@id":"https:\/\/diariodepe.com.br\/cri\/#website","url":"https:\/\/diariodepe.com.br\/cri\/","name":"CRI e Diario de Pernambuco","description":"R\u00e1dio Internacional da China","publisher":{"@id":"https:\/\/diariodepe.com.br\/cri\/#organization"},"potentialAction":[{"@type":"SearchAction","target":{"@type":"EntryPoint","urlTemplate":"https:\/\/diariodepe.com.br\/cri\/?s={search_term_string}"},"query-input":{"@type":"PropertyValueSpecification","valueRequired":true,"valueName":"search_term_string"}}],"inLanguage":"pt-BR"},{"@type":"Organization","@id":"https:\/\/diariodepe.com.br\/cri\/#organization","name":"CRI e Diario de Pernambuco","url":"https:\/\/diariodepe.com.br\/cri\/","logo":{"@type":"ImageObject","inLanguage":"pt-BR","@id":"https:\/\/diariodepe.com.br\/cri\/#\/schema\/logo\/image\/","url":"https:\/\/diariodepe.com.br\/cri\/wp-content\/uploads\/sites\/2\/2022\/12\/cropped-Logo.jpg","contentUrl":"https:\/\/diariodepe.com.br\/cri\/wp-content\/uploads\/sites\/2\/2022\/12\/cropped-Logo.jpg","width":700,"height":59,"caption":"CRI e Diario de Pernambuco"},"image":{"@id":"https:\/\/diariodepe.com.br\/cri\/#\/schema\/logo\/image\/"}},{"@type":"Person","@id":"https:\/\/diariodepe.com.br\/cri\/#\/schema\/person\/121bb28d84f1a5b1205ef4ce9c2e0c6b","name":"Ismael Lucas S. Pereira","image":{"@type":"ImageObject","inLanguage":"pt-BR","@id":"https:\/\/secure.gravatar.com\/avatar\/887a0f3b5a7ceea963a48499fb883ffce6b5037362def025c52c2505b15d63e4?s=96&d=mm&r=g","url":"https:\/\/secure.gravatar.com\/avatar\/887a0f3b5a7ceea963a48499fb883ffce6b5037362def025c52c2505b15d63e4?s=96&d=mm&r=g","contentUrl":"https:\/\/secure.gravatar.com\/avatar\/887a0f3b5a7ceea963a48499fb883ffce6b5037362def025c52c2505b15d63e4?s=96&d=mm&r=g","caption":"Ismael Lucas S. Pereira"},"url":"https:\/\/diariodepe.com.br\/cri\/author\/ismael-lucas\/"}]}},"cc_featured_image_caption":{"caption_text":false,"source_text":false,"source_url":false},"amp_enabled":true,"_links":{"self":[{"href":"https:\/\/diariodepe.com.br\/cri\/wp-json\/wp\/v2\/posts\/5271","targetHints":{"allow":["GET"]}}],"collection":[{"href":"https:\/\/diariodepe.com.br\/cri\/wp-json\/wp\/v2\/posts"}],"about":[{"href":"https:\/\/diariodepe.com.br\/cri\/wp-json\/wp\/v2\/types\/post"}],"author":[{"embeddable":true,"href":"https:\/\/diariodepe.com.br\/cri\/wp-json\/wp\/v2\/users\/2"}],"replies":[{"embeddable":true,"href":"https:\/\/diariodepe.com.br\/cri\/wp-json\/wp\/v2\/comments?post=5271"}],"version-history":[{"count":1,"href":"https:\/\/diariodepe.com.br\/cri\/wp-json\/wp\/v2\/posts\/5271\/revisions"}],"predecessor-version":[{"id":5272,"href":"https:\/\/diariodepe.com.br\/cri\/wp-json\/wp\/v2\/posts\/5271\/revisions\/5272"}],"wp:attachment":[{"href":"https:\/\/diariodepe.com.br\/cri\/wp-json\/wp\/v2\/media?parent=5271"}],"wp:term":[{"taxonomy":"category","embeddable":true,"href":"https:\/\/diariodepe.com.br\/cri\/wp-json\/wp\/v2\/categories?post=5271"},{"taxonomy":"post_tag","embeddable":true,"href":"https:\/\/diariodepe.com.br\/cri\/wp-json\/wp\/v2\/tags?post=5271"}],"curies":[{"name":"wp","href":"https:\/\/api.w.org\/{rel}","templated":true}]}}