{"id":5265,"date":"2024-05-08T23:09:32","date_gmt":"2024-05-09T02:09:32","guid":{"rendered":"https:\/\/diariodepe.com.br\/cri\/?p=5265"},"modified":"2024-05-08T23:09:32","modified_gmt":"2024-05-09T02:09:32","slug":"versao-internacional-de-classicos-citados-por-xi-jinping-e-transmitida-na-hungria-2","status":"publish","type":"post","link":"https:\/\/diariodepe.com.br\/cri\/2024\/05\/08\/versao-internacional-de-classicos-citados-por-xi-jinping-e-transmitida-na-hungria-2\/","title":{"rendered":"Vers\u00e3o internacional de Cl\u00e1ssicos Citados por Xi Jinping \u00e9 transmitida na Hungria"},"content":{"rendered":"<p class=\"photo_img_20190808\"><img decoding=\"async\" src=\"https:\/\/p1crires.cri.cn\/photoworkspace\/cri\/contentimg\/2024\/05\/09\/2024050906465226475.png\" alt=\"\" width=\"1000\" \/><\/p>\n<p>Por ocasi\u00e3o da visita de Estado do presidente chin\u00eas Xi Jinping \u00e0 Hungria, a cerim\u00f4nia de lan\u00e7amento da vers\u00e3o internacional do programa Cl\u00e1ssicos Citados por Xi Jinping, produzido pelo Grupo de M\u00eddia da China (CMG, na sigla em ingl\u00eas), foi realizada no dia 8 de maio, hor\u00e1rio local, em Budapeste, capital da Hungria.<\/p>\n<p>O ex-presidente h\u00fangaro, Pal Schmitt, e o ex-primeiro-ministro, Peter Megyessy, parabenizaram a transmiss\u00e3o do programa. Esse programa come\u00e7a hoje a transmiss\u00e3o nos principais ve\u00edculos de imprensa do pa\u00eds europeu, incluindo a Televis\u00e3o Nacional.<\/p>\n<p class=\"photo_img_20190808\"><img decoding=\"async\" src=\"https:\/\/p2crires.cri.cn\/photoworkspace\/cri\/contentimg\/2024\/05\/09\/2024050906470649107.png\" alt=\"\" width=\"1000\" \/><\/p>\n<p>O vice-diretor do Departamento de Comunica\u00e7\u00e3o do Comit\u00ea Central do Partido Comunista da China e presidente do CMG, Shen Haixiong, disse no seu discurso que a m\u00eddia desempenha um papel insubstitu\u00edvel na promo\u00e7\u00e3o de interc\u00e2mbios e compreens\u00f5es m\u00fatuos entre diferentes pa\u00edses. O CMG quer promover os interc\u00e2mbios e aprendizagem das civiliza\u00e7\u00f5es junto com os amigos h\u00fangaros, com o fim de dar mais contribui\u00e7\u00f5es para a constru\u00e7\u00e3o da comunidade de futuro compartilhado para a humanidade.<\/p>\n","protected":false},"excerpt":{"rendered":"<p>Por ocasi\u00e3o da visita de Estado do presidente chin\u00eas Xi Jinping \u00e0 Hungria, a cerim\u00f4nia de lan\u00e7amento da vers\u00e3o internacional do programa Cl\u00e1ssicos Citados por Xi Jinping, produzido pelo Grupo de M\u00eddia da China (CMG, na sigla em ingl\u00eas), foi&#8230;<\/p>\n","protected":false},"author":2,"featured_media":0,"comment_status":"open","ping_status":"open","sticky":false,"template":"","format":"standard","meta":{"footnotes":""},"categories":[8],"tags":[],"class_list":["post-5265","post","type-post","status-publish","format-standard","hentry","category-internacional"],"yoast_head":"<!-- This site is optimized with the Yoast SEO plugin v27.4 - https:\/\/yoast.com\/product\/yoast-seo-wordpress\/ -->\n<title>Vers\u00e3o internacional de Cl\u00e1ssicos Citados por Xi Jinping \u00e9 transmitida na Hungria - CRI e Diario de Pernambuco<\/title>\n<meta name=\"robots\" content=\"index, follow, max-snippet:-1, max-image-preview:large, max-video-preview:-1\" \/>\n<link rel=\"canonical\" href=\"https:\/\/diariodepe.com.br\/cri\/2024\/05\/08\/versao-internacional-de-classicos-citados-por-xi-jinping-e-transmitida-na-hungria-2\/\" \/>\n<meta property=\"og:locale\" content=\"pt_BR\" \/>\n<meta property=\"og:type\" content=\"article\" \/>\n<meta property=\"og:title\" content=\"Vers\u00e3o internacional de Cl\u00e1ssicos Citados por Xi Jinping \u00e9 transmitida na Hungria - CRI e Diario de Pernambuco\" \/>\n<meta property=\"og:description\" content=\"Por ocasi\u00e3o da visita de Estado do presidente chin\u00eas Xi Jinping \u00e0 Hungria, a cerim\u00f4nia de lan\u00e7amento da vers\u00e3o internacional do programa Cl\u00e1ssicos Citados por Xi Jinping, produzido pelo Grupo de M\u00eddia da China (CMG, na sigla em ingl\u00eas), foi...\" \/>\n<meta property=\"og:url\" content=\"https:\/\/diariodepe.com.br\/cri\/2024\/05\/08\/versao-internacional-de-classicos-citados-por-xi-jinping-e-transmitida-na-hungria-2\/\" \/>\n<meta property=\"og:site_name\" content=\"CRI e Diario de Pernambuco\" \/>\n<meta property=\"article:published_time\" content=\"2024-05-09T02:09:32+00:00\" \/>\n<meta property=\"og:image\" content=\"https:\/\/p1crires.cri.cn\/photoworkspace\/cri\/contentimg\/2024\/05\/09\/2024050906465226475.png\" \/>\n<meta name=\"author\" content=\"Ismael Lucas S. Pereira\" \/>\n<meta name=\"twitter:card\" content=\"summary_large_image\" \/>\n<meta name=\"twitter:label1\" content=\"Escrito por\" \/>\n\t<meta name=\"twitter:data1\" content=\"Ismael Lucas S. Pereira\" \/>\n\t<meta name=\"twitter:label2\" content=\"Est. tempo de leitura\" \/>\n\t<meta name=\"twitter:data2\" content=\"2 minutos\" \/>\n<script type=\"application\/ld+json\" class=\"yoast-schema-graph\">{\"@context\":\"https:\\\/\\\/schema.org\",\"@graph\":[{\"@type\":\"Article\",\"@id\":\"https:\\\/\\\/diariodepe.com.br\\\/cri\\\/2024\\\/05\\\/08\\\/versao-internacional-de-classicos-citados-por-xi-jinping-e-transmitida-na-hungria-2\\\/#article\",\"isPartOf\":{\"@id\":\"https:\\\/\\\/diariodepe.com.br\\\/cri\\\/2024\\\/05\\\/08\\\/versao-internacional-de-classicos-citados-por-xi-jinping-e-transmitida-na-hungria-2\\\/\"},\"author\":{\"name\":\"Ismael Lucas S. Pereira\",\"@id\":\"https:\\\/\\\/diariodepe.com.br\\\/cri\\\/#\\\/schema\\\/person\\\/121bb28d84f1a5b1205ef4ce9c2e0c6b\"},\"headline\":\"Vers\u00e3o internacional de Cl\u00e1ssicos Citados por Xi Jinping \u00e9 transmitida na Hungria\",\"datePublished\":\"2024-05-09T02:09:32+00:00\",\"mainEntityOfPage\":{\"@id\":\"https:\\\/\\\/diariodepe.com.br\\\/cri\\\/2024\\\/05\\\/08\\\/versao-internacional-de-classicos-citados-por-xi-jinping-e-transmitida-na-hungria-2\\\/\"},\"wordCount\":200,\"commentCount\":0,\"publisher\":{\"@id\":\"https:\\\/\\\/diariodepe.com.br\\\/cri\\\/#organization\"},\"image\":{\"@id\":\"https:\\\/\\\/diariodepe.com.br\\\/cri\\\/2024\\\/05\\\/08\\\/versao-internacional-de-classicos-citados-por-xi-jinping-e-transmitida-na-hungria-2\\\/#primaryimage\"},\"thumbnailUrl\":\"https:\\\/\\\/p1crires.cri.cn\\\/photoworkspace\\\/cri\\\/contentimg\\\/2024\\\/05\\\/09\\\/2024050906465226475.png\",\"articleSection\":[\"Internacional\"],\"inLanguage\":\"pt-BR\",\"potentialAction\":[{\"@type\":\"CommentAction\",\"name\":\"Comment\",\"target\":[\"https:\\\/\\\/diariodepe.com.br\\\/cri\\\/2024\\\/05\\\/08\\\/versao-internacional-de-classicos-citados-por-xi-jinping-e-transmitida-na-hungria-2\\\/#respond\"]}]},{\"@type\":\"WebPage\",\"@id\":\"https:\\\/\\\/diariodepe.com.br\\\/cri\\\/2024\\\/05\\\/08\\\/versao-internacional-de-classicos-citados-por-xi-jinping-e-transmitida-na-hungria-2\\\/\",\"url\":\"https:\\\/\\\/diariodepe.com.br\\\/cri\\\/2024\\\/05\\\/08\\\/versao-internacional-de-classicos-citados-por-xi-jinping-e-transmitida-na-hungria-2\\\/\",\"name\":\"Vers\u00e3o internacional de Cl\u00e1ssicos Citados por Xi Jinping \u00e9 transmitida na Hungria - CRI e Diario de Pernambuco\",\"isPartOf\":{\"@id\":\"https:\\\/\\\/diariodepe.com.br\\\/cri\\\/#website\"},\"primaryImageOfPage\":{\"@id\":\"https:\\\/\\\/diariodepe.com.br\\\/cri\\\/2024\\\/05\\\/08\\\/versao-internacional-de-classicos-citados-por-xi-jinping-e-transmitida-na-hungria-2\\\/#primaryimage\"},\"image\":{\"@id\":\"https:\\\/\\\/diariodepe.com.br\\\/cri\\\/2024\\\/05\\\/08\\\/versao-internacional-de-classicos-citados-por-xi-jinping-e-transmitida-na-hungria-2\\\/#primaryimage\"},\"thumbnailUrl\":\"https:\\\/\\\/p1crires.cri.cn\\\/photoworkspace\\\/cri\\\/contentimg\\\/2024\\\/05\\\/09\\\/2024050906465226475.png\",\"datePublished\":\"2024-05-09T02:09:32+00:00\",\"breadcrumb\":{\"@id\":\"https:\\\/\\\/diariodepe.com.br\\\/cri\\\/2024\\\/05\\\/08\\\/versao-internacional-de-classicos-citados-por-xi-jinping-e-transmitida-na-hungria-2\\\/#breadcrumb\"},\"inLanguage\":\"pt-BR\",\"potentialAction\":[{\"@type\":\"ReadAction\",\"target\":[\"https:\\\/\\\/diariodepe.com.br\\\/cri\\\/2024\\\/05\\\/08\\\/versao-internacional-de-classicos-citados-por-xi-jinping-e-transmitida-na-hungria-2\\\/\"]}]},{\"@type\":\"ImageObject\",\"inLanguage\":\"pt-BR\",\"@id\":\"https:\\\/\\\/diariodepe.com.br\\\/cri\\\/2024\\\/05\\\/08\\\/versao-internacional-de-classicos-citados-por-xi-jinping-e-transmitida-na-hungria-2\\\/#primaryimage\",\"url\":\"https:\\\/\\\/p1crires.cri.cn\\\/photoworkspace\\\/cri\\\/contentimg\\\/2024\\\/05\\\/09\\\/2024050906465226475.png\",\"contentUrl\":\"https:\\\/\\\/p1crires.cri.cn\\\/photoworkspace\\\/cri\\\/contentimg\\\/2024\\\/05\\\/09\\\/2024050906465226475.png\"},{\"@type\":\"BreadcrumbList\",\"@id\":\"https:\\\/\\\/diariodepe.com.br\\\/cri\\\/2024\\\/05\\\/08\\\/versao-internacional-de-classicos-citados-por-xi-jinping-e-transmitida-na-hungria-2\\\/#breadcrumb\",\"itemListElement\":[{\"@type\":\"ListItem\",\"position\":1,\"name\":\"In\u00edcio\",\"item\":\"https:\\\/\\\/diariodepe.com.br\\\/cri\\\/\"},{\"@type\":\"ListItem\",\"position\":2,\"name\":\"Vers\u00e3o internacional de Cl\u00e1ssicos Citados por Xi Jinping \u00e9 transmitida na Hungria\"}]},{\"@type\":\"WebSite\",\"@id\":\"https:\\\/\\\/diariodepe.com.br\\\/cri\\\/#website\",\"url\":\"https:\\\/\\\/diariodepe.com.br\\\/cri\\\/\",\"name\":\"CRI e Diario de Pernambuco\",\"description\":\"R\u00e1dio Internacional da China\",\"publisher\":{\"@id\":\"https:\\\/\\\/diariodepe.com.br\\\/cri\\\/#organization\"},\"potentialAction\":[{\"@type\":\"SearchAction\",\"target\":{\"@type\":\"EntryPoint\",\"urlTemplate\":\"https:\\\/\\\/diariodepe.com.br\\\/cri\\\/?s={search_term_string}\"},\"query-input\":{\"@type\":\"PropertyValueSpecification\",\"valueRequired\":true,\"valueName\":\"search_term_string\"}}],\"inLanguage\":\"pt-BR\"},{\"@type\":\"Organization\",\"@id\":\"https:\\\/\\\/diariodepe.com.br\\\/cri\\\/#organization\",\"name\":\"CRI e Diario de Pernambuco\",\"url\":\"https:\\\/\\\/diariodepe.com.br\\\/cri\\\/\",\"logo\":{\"@type\":\"ImageObject\",\"inLanguage\":\"pt-BR\",\"@id\":\"https:\\\/\\\/diariodepe.com.br\\\/cri\\\/#\\\/schema\\\/logo\\\/image\\\/\",\"url\":\"https:\\\/\\\/diariodepe.com.br\\\/cri\\\/wp-content\\\/uploads\\\/sites\\\/2\\\/2022\\\/12\\\/cropped-Logo.jpg\",\"contentUrl\":\"https:\\\/\\\/diariodepe.com.br\\\/cri\\\/wp-content\\\/uploads\\\/sites\\\/2\\\/2022\\\/12\\\/cropped-Logo.jpg\",\"width\":700,\"height\":59,\"caption\":\"CRI e Diario de Pernambuco\"},\"image\":{\"@id\":\"https:\\\/\\\/diariodepe.com.br\\\/cri\\\/#\\\/schema\\\/logo\\\/image\\\/\"}},{\"@type\":\"Person\",\"@id\":\"https:\\\/\\\/diariodepe.com.br\\\/cri\\\/#\\\/schema\\\/person\\\/121bb28d84f1a5b1205ef4ce9c2e0c6b\",\"name\":\"Ismael Lucas S. Pereira\",\"image\":{\"@type\":\"ImageObject\",\"inLanguage\":\"pt-BR\",\"@id\":\"https:\\\/\\\/secure.gravatar.com\\\/avatar\\\/887a0f3b5a7ceea963a48499fb883ffce6b5037362def025c52c2505b15d63e4?s=96&d=mm&r=g\",\"url\":\"https:\\\/\\\/secure.gravatar.com\\\/avatar\\\/887a0f3b5a7ceea963a48499fb883ffce6b5037362def025c52c2505b15d63e4?s=96&d=mm&r=g\",\"contentUrl\":\"https:\\\/\\\/secure.gravatar.com\\\/avatar\\\/887a0f3b5a7ceea963a48499fb883ffce6b5037362def025c52c2505b15d63e4?s=96&d=mm&r=g\",\"caption\":\"Ismael Lucas S. Pereira\"},\"url\":\"https:\\\/\\\/diariodepe.com.br\\\/cri\\\/author\\\/ismael-lucas\\\/\"}]}<\/script>\n<!-- \/ Yoast SEO plugin. -->","yoast_head_json":{"title":"Vers\u00e3o internacional de Cl\u00e1ssicos Citados por Xi Jinping \u00e9 transmitida na Hungria - CRI e Diario de Pernambuco","robots":{"index":"index","follow":"follow","max-snippet":"max-snippet:-1","max-image-preview":"max-image-preview:large","max-video-preview":"max-video-preview:-1"},"canonical":"https:\/\/diariodepe.com.br\/cri\/2024\/05\/08\/versao-internacional-de-classicos-citados-por-xi-jinping-e-transmitida-na-hungria-2\/","og_locale":"pt_BR","og_type":"article","og_title":"Vers\u00e3o internacional de Cl\u00e1ssicos Citados por Xi Jinping \u00e9 transmitida na Hungria - CRI e Diario de Pernambuco","og_description":"Por ocasi\u00e3o da visita de Estado do presidente chin\u00eas Xi Jinping \u00e0 Hungria, a cerim\u00f4nia de lan\u00e7amento da vers\u00e3o internacional do programa Cl\u00e1ssicos Citados por Xi Jinping, produzido pelo Grupo de M\u00eddia da China (CMG, na sigla em ingl\u00eas), foi...","og_url":"https:\/\/diariodepe.com.br\/cri\/2024\/05\/08\/versao-internacional-de-classicos-citados-por-xi-jinping-e-transmitida-na-hungria-2\/","og_site_name":"CRI e Diario de Pernambuco","article_published_time":"2024-05-09T02:09:32+00:00","og_image":[{"url":"https:\/\/p1crires.cri.cn\/photoworkspace\/cri\/contentimg\/2024\/05\/09\/2024050906465226475.png","type":"","width":"","height":""}],"author":"Ismael Lucas S. Pereira","twitter_card":"summary_large_image","twitter_misc":{"Escrito por":"Ismael Lucas S. Pereira","Est. tempo de leitura":"2 minutos"},"schema":{"@context":"https:\/\/schema.org","@graph":[{"@type":"Article","@id":"https:\/\/diariodepe.com.br\/cri\/2024\/05\/08\/versao-internacional-de-classicos-citados-por-xi-jinping-e-transmitida-na-hungria-2\/#article","isPartOf":{"@id":"https:\/\/diariodepe.com.br\/cri\/2024\/05\/08\/versao-internacional-de-classicos-citados-por-xi-jinping-e-transmitida-na-hungria-2\/"},"author":{"name":"Ismael Lucas S. Pereira","@id":"https:\/\/diariodepe.com.br\/cri\/#\/schema\/person\/121bb28d84f1a5b1205ef4ce9c2e0c6b"},"headline":"Vers\u00e3o internacional de Cl\u00e1ssicos Citados por Xi Jinping \u00e9 transmitida na Hungria","datePublished":"2024-05-09T02:09:32+00:00","mainEntityOfPage":{"@id":"https:\/\/diariodepe.com.br\/cri\/2024\/05\/08\/versao-internacional-de-classicos-citados-por-xi-jinping-e-transmitida-na-hungria-2\/"},"wordCount":200,"commentCount":0,"publisher":{"@id":"https:\/\/diariodepe.com.br\/cri\/#organization"},"image":{"@id":"https:\/\/diariodepe.com.br\/cri\/2024\/05\/08\/versao-internacional-de-classicos-citados-por-xi-jinping-e-transmitida-na-hungria-2\/#primaryimage"},"thumbnailUrl":"https:\/\/p1crires.cri.cn\/photoworkspace\/cri\/contentimg\/2024\/05\/09\/2024050906465226475.png","articleSection":["Internacional"],"inLanguage":"pt-BR","potentialAction":[{"@type":"CommentAction","name":"Comment","target":["https:\/\/diariodepe.com.br\/cri\/2024\/05\/08\/versao-internacional-de-classicos-citados-por-xi-jinping-e-transmitida-na-hungria-2\/#respond"]}]},{"@type":"WebPage","@id":"https:\/\/diariodepe.com.br\/cri\/2024\/05\/08\/versao-internacional-de-classicos-citados-por-xi-jinping-e-transmitida-na-hungria-2\/","url":"https:\/\/diariodepe.com.br\/cri\/2024\/05\/08\/versao-internacional-de-classicos-citados-por-xi-jinping-e-transmitida-na-hungria-2\/","name":"Vers\u00e3o internacional de Cl\u00e1ssicos Citados por Xi Jinping \u00e9 transmitida na Hungria - CRI e Diario de Pernambuco","isPartOf":{"@id":"https:\/\/diariodepe.com.br\/cri\/#website"},"primaryImageOfPage":{"@id":"https:\/\/diariodepe.com.br\/cri\/2024\/05\/08\/versao-internacional-de-classicos-citados-por-xi-jinping-e-transmitida-na-hungria-2\/#primaryimage"},"image":{"@id":"https:\/\/diariodepe.com.br\/cri\/2024\/05\/08\/versao-internacional-de-classicos-citados-por-xi-jinping-e-transmitida-na-hungria-2\/#primaryimage"},"thumbnailUrl":"https:\/\/p1crires.cri.cn\/photoworkspace\/cri\/contentimg\/2024\/05\/09\/2024050906465226475.png","datePublished":"2024-05-09T02:09:32+00:00","breadcrumb":{"@id":"https:\/\/diariodepe.com.br\/cri\/2024\/05\/08\/versao-internacional-de-classicos-citados-por-xi-jinping-e-transmitida-na-hungria-2\/#breadcrumb"},"inLanguage":"pt-BR","potentialAction":[{"@type":"ReadAction","target":["https:\/\/diariodepe.com.br\/cri\/2024\/05\/08\/versao-internacional-de-classicos-citados-por-xi-jinping-e-transmitida-na-hungria-2\/"]}]},{"@type":"ImageObject","inLanguage":"pt-BR","@id":"https:\/\/diariodepe.com.br\/cri\/2024\/05\/08\/versao-internacional-de-classicos-citados-por-xi-jinping-e-transmitida-na-hungria-2\/#primaryimage","url":"https:\/\/p1crires.cri.cn\/photoworkspace\/cri\/contentimg\/2024\/05\/09\/2024050906465226475.png","contentUrl":"https:\/\/p1crires.cri.cn\/photoworkspace\/cri\/contentimg\/2024\/05\/09\/2024050906465226475.png"},{"@type":"BreadcrumbList","@id":"https:\/\/diariodepe.com.br\/cri\/2024\/05\/08\/versao-internacional-de-classicos-citados-por-xi-jinping-e-transmitida-na-hungria-2\/#breadcrumb","itemListElement":[{"@type":"ListItem","position":1,"name":"In\u00edcio","item":"https:\/\/diariodepe.com.br\/cri\/"},{"@type":"ListItem","position":2,"name":"Vers\u00e3o internacional de Cl\u00e1ssicos Citados por Xi Jinping \u00e9 transmitida na Hungria"}]},{"@type":"WebSite","@id":"https:\/\/diariodepe.com.br\/cri\/#website","url":"https:\/\/diariodepe.com.br\/cri\/","name":"CRI e Diario de Pernambuco","description":"R\u00e1dio Internacional da China","publisher":{"@id":"https:\/\/diariodepe.com.br\/cri\/#organization"},"potentialAction":[{"@type":"SearchAction","target":{"@type":"EntryPoint","urlTemplate":"https:\/\/diariodepe.com.br\/cri\/?s={search_term_string}"},"query-input":{"@type":"PropertyValueSpecification","valueRequired":true,"valueName":"search_term_string"}}],"inLanguage":"pt-BR"},{"@type":"Organization","@id":"https:\/\/diariodepe.com.br\/cri\/#organization","name":"CRI e Diario de Pernambuco","url":"https:\/\/diariodepe.com.br\/cri\/","logo":{"@type":"ImageObject","inLanguage":"pt-BR","@id":"https:\/\/diariodepe.com.br\/cri\/#\/schema\/logo\/image\/","url":"https:\/\/diariodepe.com.br\/cri\/wp-content\/uploads\/sites\/2\/2022\/12\/cropped-Logo.jpg","contentUrl":"https:\/\/diariodepe.com.br\/cri\/wp-content\/uploads\/sites\/2\/2022\/12\/cropped-Logo.jpg","width":700,"height":59,"caption":"CRI e Diario de Pernambuco"},"image":{"@id":"https:\/\/diariodepe.com.br\/cri\/#\/schema\/logo\/image\/"}},{"@type":"Person","@id":"https:\/\/diariodepe.com.br\/cri\/#\/schema\/person\/121bb28d84f1a5b1205ef4ce9c2e0c6b","name":"Ismael Lucas S. Pereira","image":{"@type":"ImageObject","inLanguage":"pt-BR","@id":"https:\/\/secure.gravatar.com\/avatar\/887a0f3b5a7ceea963a48499fb883ffce6b5037362def025c52c2505b15d63e4?s=96&d=mm&r=g","url":"https:\/\/secure.gravatar.com\/avatar\/887a0f3b5a7ceea963a48499fb883ffce6b5037362def025c52c2505b15d63e4?s=96&d=mm&r=g","contentUrl":"https:\/\/secure.gravatar.com\/avatar\/887a0f3b5a7ceea963a48499fb883ffce6b5037362def025c52c2505b15d63e4?s=96&d=mm&r=g","caption":"Ismael Lucas S. Pereira"},"url":"https:\/\/diariodepe.com.br\/cri\/author\/ismael-lucas\/"}]}},"cc_featured_image_caption":{"caption_text":false,"source_text":false,"source_url":false},"amp_enabled":true,"_links":{"self":[{"href":"https:\/\/diariodepe.com.br\/cri\/wp-json\/wp\/v2\/posts\/5265","targetHints":{"allow":["GET"]}}],"collection":[{"href":"https:\/\/diariodepe.com.br\/cri\/wp-json\/wp\/v2\/posts"}],"about":[{"href":"https:\/\/diariodepe.com.br\/cri\/wp-json\/wp\/v2\/types\/post"}],"author":[{"embeddable":true,"href":"https:\/\/diariodepe.com.br\/cri\/wp-json\/wp\/v2\/users\/2"}],"replies":[{"embeddable":true,"href":"https:\/\/diariodepe.com.br\/cri\/wp-json\/wp\/v2\/comments?post=5265"}],"version-history":[{"count":1,"href":"https:\/\/diariodepe.com.br\/cri\/wp-json\/wp\/v2\/posts\/5265\/revisions"}],"predecessor-version":[{"id":5267,"href":"https:\/\/diariodepe.com.br\/cri\/wp-json\/wp\/v2\/posts\/5265\/revisions\/5267"}],"wp:attachment":[{"href":"https:\/\/diariodepe.com.br\/cri\/wp-json\/wp\/v2\/media?parent=5265"}],"wp:term":[{"taxonomy":"category","embeddable":true,"href":"https:\/\/diariodepe.com.br\/cri\/wp-json\/wp\/v2\/categories?post=5265"},{"taxonomy":"post_tag","embeddable":true,"href":"https:\/\/diariodepe.com.br\/cri\/wp-json\/wp\/v2\/tags?post=5265"}],"curies":[{"name":"wp","href":"https:\/\/api.w.org\/{rel}","templated":true}]}}