{"id":5254,"date":"2024-05-07T19:36:49","date_gmt":"2024-05-07T22:36:49","guid":{"rendered":"https:\/\/diariodepe.com.br\/cri\/?p=5254"},"modified":"2024-05-07T19:36:49","modified_gmt":"2024-05-07T22:36:49","slug":"cooperacao-sino-francesa-para-os-proximos-60-anos","status":"publish","type":"post","link":"https:\/\/diariodepe.com.br\/cri\/2024\/05\/07\/cooperacao-sino-francesa-para-os-proximos-60-anos\/","title":{"rendered":"Coopera\u00e7\u00e3o sino-francesa para os pr\u00f3ximos 60 anos"},"content":{"rendered":"<p class=\"photo_img_20190808\"><img decoding=\"async\" src=\"https:\/\/p2crires.cri.cn\/photoworkspace\/cri\/contentimg\/2024\/05\/08\/2024050800413366028.jpg\" alt=\"\" width=\"1000\" \/><\/p>\n<p>No dia 6 de maio, o presidente chin\u00eas, Xi Jinping, reuniu-se com o presidente franc\u00eas, Emmanuel Macron, em Paris. Os dois pa\u00edses alcan\u00e7aram uma s\u00e9rie de resultados frut\u00edferos, ato que transmitiu o sinal claro de aprofundamento da coopera\u00e7\u00e3o sino-francesa. Macron afirmou que, no momento em que o mundo tem pela frente grandes desafios, a Fran\u00e7a e a Uni\u00e3o Europeia o precisam refor\u00e7ar a coopera\u00e7\u00e3o com a China mais do que nunca.<\/p>\n<p>No artigo publicado no jornal franc\u00eas Le Figaro, o presidente Xi Jinping disse que quer trabalhar para que o relacionamento sino-franc\u00eas possa herdar o legado do passado e levar adiante. O presidente Macron tamb\u00e9m concordou que as rela\u00e7\u00f5es bilaterais est\u00e3o em um momento cr\u00edtico de integrar a hist\u00f3ria e avan\u00e7ar a partir delas. .<\/p>\n<p>Como podemos entender essa observa\u00e7\u00e3o dos dois l\u00edderes? Por um lado, a China e a Fran\u00e7a devem fazer um balan\u00e7o da experi\u00eancia bem-sucedida dos \u00faltimos 60 anos das rela\u00e7\u00f5es diplom\u00e1ticas, ao mesmo tempo de injetar nova for\u00e7a motriz para o desenvolvimento do relacionamento bilateral. Por outro lado, no mundo atual de agita\u00e7\u00e3o, o desenvolvimento das rela\u00e7\u00f5es sino-francesas representa uma extrema import\u00e2ncia para a coopera\u00e7\u00e3o entre a China e a Uni\u00e3o Europeia e a defesa da paz e da estabilidade mundial.<\/p>\n<p>Como planejamos a coopera\u00e7\u00e3o sino-francesa para os pr\u00f3ximos 60 anos?<\/p>\n<p>Sobre a pol\u00edtica, a China e a Fran\u00e7a nunca tiveram disputa geopol\u00edtica nem confronto de interesses fundamentais. Os dois chefes de Estado reiteraram o respeito m\u00fatuo dos interesses fundamentais de um a outro e comunicar e coordenar posi\u00e7\u00f5es pol\u00edticas, que transmitiu o sinal positivo de aprofundamento cont\u00ednuo da confian\u00e7a pol\u00edtica m\u00fatua.<\/p>\n<p>Em rela\u00e7\u00e3o \u00e0 coopera\u00e7\u00e3o econ\u00f4mica e comercial, a China \u00e9 o maior parceiro comercial da Fran\u00e7a fora da Uni\u00e3o Europeia e a Fran\u00e7a \u00e9 o principal parceiro comercial da China na Uni\u00e3o Europeia. Atualmente mais de dois mil empresas francesas investiram na China.<\/p>\n<p>Em Paris, o presidente Xi Jinping se comprometeu a ampliar a abertura e importar mais produtos franceses de alta qualidade, al\u00e9m de expressar a vontade de que a Fran\u00e7a possa exportar mais produtos de alta tecnologia e alto valor agregado. O presidente Macron respondeu que a Fran\u00e7a n\u00e3o aplicar\u00e1 pol\u00edticas discriminat\u00f3rias contra a China e aplaude o investimento chin\u00eas na Fran\u00e7a especialmente de alta tecnologia. No contexto do protecionismo comercial no mundo, as atitudes da China e da Fran\u00e7a s\u00e3o mais valiosas pela sua posi\u00e7\u00e3o aberta e construtiva e promover\u00e3o a coopera\u00e7\u00e3o China-UE e a constru\u00e7\u00e3o da economia mundial aberta.<\/p>\n<p>No mundo atual de mudan\u00e7as e caos, a China e a Fran\u00e7a, dois pa\u00edses membros permanentes do Conselho de Seguran\u00e7a das Na\u00e7\u00f5es Unidas, devem assumir maiores responsabilidades. Os dois lados concordaram em refor\u00e7ar a comunica\u00e7\u00e3o e a coopera\u00e7\u00e3o no enfrentamento das mudan\u00e7as clim\u00e1ticas, na prote\u00e7\u00e3o da biodiversidade e na intelig\u00eancia artificial. A China apoia a Fran\u00e7a em sediar a Confer\u00eancia do Oceano da ONU de 2025 e expressou a disposi\u00e7\u00e3o chinesa, junto com a Fran\u00e7a, de implementar o verdadeiro multilateralismo e promover a multipolariza\u00e7\u00e3o mundial equitativa e ordenada, assim como a globaliza\u00e7\u00e3o econ\u00f4mica de benef\u00edcio universal.<\/p>\n<p data-spm-anchor-id=\"0.0.0.i1\">A China e a Fran\u00e7a est\u00e3o injetando certeza no mundo com a estabilidade de suas rela\u00e7\u00f5es bilaterais, refletindo o papel que um grande pa\u00eds deve desempenhar.<\/p>\n","protected":false},"excerpt":{"rendered":"<p>No dia 6 de maio, o presidente chin\u00eas, Xi Jinping, reuniu-se com o presidente franc\u00eas, Emmanuel Macron, em Paris. Os dois pa\u00edses alcan\u00e7aram uma s\u00e9rie de resultados frut\u00edferos, ato que transmitiu o sinal claro de aprofundamento da coopera\u00e7\u00e3o sino-francesa. Macron&#8230;<\/p>\n","protected":false},"author":2,"featured_media":0,"comment_status":"open","ping_status":"open","sticky":false,"template":"","format":"standard","meta":{"footnotes":""},"categories":[7],"tags":[],"class_list":["post-5254","post","type-post","status-publish","format-standard","hentry","category-visao"],"yoast_head":"<!-- This site is optimized with the Yoast SEO plugin v27.4 - https:\/\/yoast.com\/product\/yoast-seo-wordpress\/ -->\n<title>Coopera\u00e7\u00e3o sino-francesa para os pr\u00f3ximos 60 anos - CRI e Diario de Pernambuco<\/title>\n<meta name=\"robots\" content=\"index, follow, max-snippet:-1, max-image-preview:large, max-video-preview:-1\" \/>\n<link rel=\"canonical\" href=\"https:\/\/diariodepe.com.br\/cri\/2024\/05\/07\/cooperacao-sino-francesa-para-os-proximos-60-anos\/\" \/>\n<meta property=\"og:locale\" content=\"pt_BR\" \/>\n<meta property=\"og:type\" content=\"article\" \/>\n<meta property=\"og:title\" content=\"Coopera\u00e7\u00e3o sino-francesa para os pr\u00f3ximos 60 anos - CRI e Diario de Pernambuco\" \/>\n<meta property=\"og:description\" content=\"No dia 6 de maio, o presidente chin\u00eas, Xi Jinping, reuniu-se com o presidente franc\u00eas, Emmanuel Macron, em Paris. Os dois pa\u00edses alcan\u00e7aram uma s\u00e9rie de resultados frut\u00edferos, ato que transmitiu o sinal claro de aprofundamento da coopera\u00e7\u00e3o sino-francesa. Macron...\" \/>\n<meta property=\"og:url\" content=\"https:\/\/diariodepe.com.br\/cri\/2024\/05\/07\/cooperacao-sino-francesa-para-os-proximos-60-anos\/\" \/>\n<meta property=\"og:site_name\" content=\"CRI e Diario de Pernambuco\" \/>\n<meta property=\"article:published_time\" content=\"2024-05-07T22:36:49+00:00\" \/>\n<meta property=\"og:image\" content=\"https:\/\/p2crires.cri.cn\/photoworkspace\/cri\/contentimg\/2024\/05\/08\/2024050800413366028.jpg\" \/>\n<meta name=\"author\" content=\"Ismael Lucas S. Pereira\" \/>\n<meta name=\"twitter:card\" content=\"summary_large_image\" \/>\n<meta name=\"twitter:label1\" content=\"Escrito por\" \/>\n\t<meta name=\"twitter:data1\" content=\"Ismael Lucas S. Pereira\" \/>\n\t<meta name=\"twitter:label2\" content=\"Est. tempo de leitura\" \/>\n\t<meta name=\"twitter:data2\" content=\"4 minutos\" \/>\n<script type=\"application\/ld+json\" class=\"yoast-schema-graph\">{\"@context\":\"https:\\\/\\\/schema.org\",\"@graph\":[{\"@type\":\"Article\",\"@id\":\"https:\\\/\\\/diariodepe.com.br\\\/cri\\\/2024\\\/05\\\/07\\\/cooperacao-sino-francesa-para-os-proximos-60-anos\\\/#article\",\"isPartOf\":{\"@id\":\"https:\\\/\\\/diariodepe.com.br\\\/cri\\\/2024\\\/05\\\/07\\\/cooperacao-sino-francesa-para-os-proximos-60-anos\\\/\"},\"author\":{\"name\":\"Ismael Lucas S. Pereira\",\"@id\":\"https:\\\/\\\/diariodepe.com.br\\\/cri\\\/#\\\/schema\\\/person\\\/121bb28d84f1a5b1205ef4ce9c2e0c6b\"},\"headline\":\"Coopera\u00e7\u00e3o sino-francesa para os pr\u00f3ximos 60 anos\",\"datePublished\":\"2024-05-07T22:36:49+00:00\",\"mainEntityOfPage\":{\"@id\":\"https:\\\/\\\/diariodepe.com.br\\\/cri\\\/2024\\\/05\\\/07\\\/cooperacao-sino-francesa-para-os-proximos-60-anos\\\/\"},\"wordCount\":620,\"commentCount\":0,\"publisher\":{\"@id\":\"https:\\\/\\\/diariodepe.com.br\\\/cri\\\/#organization\"},\"image\":{\"@id\":\"https:\\\/\\\/diariodepe.com.br\\\/cri\\\/2024\\\/05\\\/07\\\/cooperacao-sino-francesa-para-os-proximos-60-anos\\\/#primaryimage\"},\"thumbnailUrl\":\"https:\\\/\\\/p2crires.cri.cn\\\/photoworkspace\\\/cri\\\/contentimg\\\/2024\\\/05\\\/08\\\/2024050800413366028.jpg\",\"articleSection\":[\"Vis\u00e3o\"],\"inLanguage\":\"pt-BR\",\"potentialAction\":[{\"@type\":\"CommentAction\",\"name\":\"Comment\",\"target\":[\"https:\\\/\\\/diariodepe.com.br\\\/cri\\\/2024\\\/05\\\/07\\\/cooperacao-sino-francesa-para-os-proximos-60-anos\\\/#respond\"]}]},{\"@type\":\"WebPage\",\"@id\":\"https:\\\/\\\/diariodepe.com.br\\\/cri\\\/2024\\\/05\\\/07\\\/cooperacao-sino-francesa-para-os-proximos-60-anos\\\/\",\"url\":\"https:\\\/\\\/diariodepe.com.br\\\/cri\\\/2024\\\/05\\\/07\\\/cooperacao-sino-francesa-para-os-proximos-60-anos\\\/\",\"name\":\"Coopera\u00e7\u00e3o sino-francesa para os pr\u00f3ximos 60 anos - CRI e Diario de Pernambuco\",\"isPartOf\":{\"@id\":\"https:\\\/\\\/diariodepe.com.br\\\/cri\\\/#website\"},\"primaryImageOfPage\":{\"@id\":\"https:\\\/\\\/diariodepe.com.br\\\/cri\\\/2024\\\/05\\\/07\\\/cooperacao-sino-francesa-para-os-proximos-60-anos\\\/#primaryimage\"},\"image\":{\"@id\":\"https:\\\/\\\/diariodepe.com.br\\\/cri\\\/2024\\\/05\\\/07\\\/cooperacao-sino-francesa-para-os-proximos-60-anos\\\/#primaryimage\"},\"thumbnailUrl\":\"https:\\\/\\\/p2crires.cri.cn\\\/photoworkspace\\\/cri\\\/contentimg\\\/2024\\\/05\\\/08\\\/2024050800413366028.jpg\",\"datePublished\":\"2024-05-07T22:36:49+00:00\",\"breadcrumb\":{\"@id\":\"https:\\\/\\\/diariodepe.com.br\\\/cri\\\/2024\\\/05\\\/07\\\/cooperacao-sino-francesa-para-os-proximos-60-anos\\\/#breadcrumb\"},\"inLanguage\":\"pt-BR\",\"potentialAction\":[{\"@type\":\"ReadAction\",\"target\":[\"https:\\\/\\\/diariodepe.com.br\\\/cri\\\/2024\\\/05\\\/07\\\/cooperacao-sino-francesa-para-os-proximos-60-anos\\\/\"]}]},{\"@type\":\"ImageObject\",\"inLanguage\":\"pt-BR\",\"@id\":\"https:\\\/\\\/diariodepe.com.br\\\/cri\\\/2024\\\/05\\\/07\\\/cooperacao-sino-francesa-para-os-proximos-60-anos\\\/#primaryimage\",\"url\":\"https:\\\/\\\/p2crires.cri.cn\\\/photoworkspace\\\/cri\\\/contentimg\\\/2024\\\/05\\\/08\\\/2024050800413366028.jpg\",\"contentUrl\":\"https:\\\/\\\/p2crires.cri.cn\\\/photoworkspace\\\/cri\\\/contentimg\\\/2024\\\/05\\\/08\\\/2024050800413366028.jpg\"},{\"@type\":\"BreadcrumbList\",\"@id\":\"https:\\\/\\\/diariodepe.com.br\\\/cri\\\/2024\\\/05\\\/07\\\/cooperacao-sino-francesa-para-os-proximos-60-anos\\\/#breadcrumb\",\"itemListElement\":[{\"@type\":\"ListItem\",\"position\":1,\"name\":\"In\u00edcio\",\"item\":\"https:\\\/\\\/diariodepe.com.br\\\/cri\\\/\"},{\"@type\":\"ListItem\",\"position\":2,\"name\":\"Coopera\u00e7\u00e3o sino-francesa para os pr\u00f3ximos 60 anos\"}]},{\"@type\":\"WebSite\",\"@id\":\"https:\\\/\\\/diariodepe.com.br\\\/cri\\\/#website\",\"url\":\"https:\\\/\\\/diariodepe.com.br\\\/cri\\\/\",\"name\":\"CRI e Diario de Pernambuco\",\"description\":\"R\u00e1dio Internacional da China\",\"publisher\":{\"@id\":\"https:\\\/\\\/diariodepe.com.br\\\/cri\\\/#organization\"},\"potentialAction\":[{\"@type\":\"SearchAction\",\"target\":{\"@type\":\"EntryPoint\",\"urlTemplate\":\"https:\\\/\\\/diariodepe.com.br\\\/cri\\\/?s={search_term_string}\"},\"query-input\":{\"@type\":\"PropertyValueSpecification\",\"valueRequired\":true,\"valueName\":\"search_term_string\"}}],\"inLanguage\":\"pt-BR\"},{\"@type\":\"Organization\",\"@id\":\"https:\\\/\\\/diariodepe.com.br\\\/cri\\\/#organization\",\"name\":\"CRI e Diario de Pernambuco\",\"url\":\"https:\\\/\\\/diariodepe.com.br\\\/cri\\\/\",\"logo\":{\"@type\":\"ImageObject\",\"inLanguage\":\"pt-BR\",\"@id\":\"https:\\\/\\\/diariodepe.com.br\\\/cri\\\/#\\\/schema\\\/logo\\\/image\\\/\",\"url\":\"https:\\\/\\\/diariodepe.com.br\\\/cri\\\/wp-content\\\/uploads\\\/sites\\\/2\\\/2022\\\/12\\\/cropped-Logo.jpg\",\"contentUrl\":\"https:\\\/\\\/diariodepe.com.br\\\/cri\\\/wp-content\\\/uploads\\\/sites\\\/2\\\/2022\\\/12\\\/cropped-Logo.jpg\",\"width\":700,\"height\":59,\"caption\":\"CRI e Diario de Pernambuco\"},\"image\":{\"@id\":\"https:\\\/\\\/diariodepe.com.br\\\/cri\\\/#\\\/schema\\\/logo\\\/image\\\/\"}},{\"@type\":\"Person\",\"@id\":\"https:\\\/\\\/diariodepe.com.br\\\/cri\\\/#\\\/schema\\\/person\\\/121bb28d84f1a5b1205ef4ce9c2e0c6b\",\"name\":\"Ismael Lucas S. Pereira\",\"image\":{\"@type\":\"ImageObject\",\"inLanguage\":\"pt-BR\",\"@id\":\"https:\\\/\\\/secure.gravatar.com\\\/avatar\\\/887a0f3b5a7ceea963a48499fb883ffce6b5037362def025c52c2505b15d63e4?s=96&d=mm&r=g\",\"url\":\"https:\\\/\\\/secure.gravatar.com\\\/avatar\\\/887a0f3b5a7ceea963a48499fb883ffce6b5037362def025c52c2505b15d63e4?s=96&d=mm&r=g\",\"contentUrl\":\"https:\\\/\\\/secure.gravatar.com\\\/avatar\\\/887a0f3b5a7ceea963a48499fb883ffce6b5037362def025c52c2505b15d63e4?s=96&d=mm&r=g\",\"caption\":\"Ismael Lucas S. Pereira\"},\"url\":\"https:\\\/\\\/diariodepe.com.br\\\/cri\\\/author\\\/ismael-lucas\\\/\"}]}<\/script>\n<!-- \/ Yoast SEO plugin. -->","yoast_head_json":{"title":"Coopera\u00e7\u00e3o sino-francesa para os pr\u00f3ximos 60 anos - CRI e Diario de Pernambuco","robots":{"index":"index","follow":"follow","max-snippet":"max-snippet:-1","max-image-preview":"max-image-preview:large","max-video-preview":"max-video-preview:-1"},"canonical":"https:\/\/diariodepe.com.br\/cri\/2024\/05\/07\/cooperacao-sino-francesa-para-os-proximos-60-anos\/","og_locale":"pt_BR","og_type":"article","og_title":"Coopera\u00e7\u00e3o sino-francesa para os pr\u00f3ximos 60 anos - CRI e Diario de Pernambuco","og_description":"No dia 6 de maio, o presidente chin\u00eas, Xi Jinping, reuniu-se com o presidente franc\u00eas, Emmanuel Macron, em Paris. Os dois pa\u00edses alcan\u00e7aram uma s\u00e9rie de resultados frut\u00edferos, ato que transmitiu o sinal claro de aprofundamento da coopera\u00e7\u00e3o sino-francesa. Macron...","og_url":"https:\/\/diariodepe.com.br\/cri\/2024\/05\/07\/cooperacao-sino-francesa-para-os-proximos-60-anos\/","og_site_name":"CRI e Diario de Pernambuco","article_published_time":"2024-05-07T22:36:49+00:00","og_image":[{"url":"https:\/\/p2crires.cri.cn\/photoworkspace\/cri\/contentimg\/2024\/05\/08\/2024050800413366028.jpg","type":"","width":"","height":""}],"author":"Ismael Lucas S. Pereira","twitter_card":"summary_large_image","twitter_misc":{"Escrito por":"Ismael Lucas S. Pereira","Est. tempo de leitura":"4 minutos"},"schema":{"@context":"https:\/\/schema.org","@graph":[{"@type":"Article","@id":"https:\/\/diariodepe.com.br\/cri\/2024\/05\/07\/cooperacao-sino-francesa-para-os-proximos-60-anos\/#article","isPartOf":{"@id":"https:\/\/diariodepe.com.br\/cri\/2024\/05\/07\/cooperacao-sino-francesa-para-os-proximos-60-anos\/"},"author":{"name":"Ismael Lucas S. Pereira","@id":"https:\/\/diariodepe.com.br\/cri\/#\/schema\/person\/121bb28d84f1a5b1205ef4ce9c2e0c6b"},"headline":"Coopera\u00e7\u00e3o sino-francesa para os pr\u00f3ximos 60 anos","datePublished":"2024-05-07T22:36:49+00:00","mainEntityOfPage":{"@id":"https:\/\/diariodepe.com.br\/cri\/2024\/05\/07\/cooperacao-sino-francesa-para-os-proximos-60-anos\/"},"wordCount":620,"commentCount":0,"publisher":{"@id":"https:\/\/diariodepe.com.br\/cri\/#organization"},"image":{"@id":"https:\/\/diariodepe.com.br\/cri\/2024\/05\/07\/cooperacao-sino-francesa-para-os-proximos-60-anos\/#primaryimage"},"thumbnailUrl":"https:\/\/p2crires.cri.cn\/photoworkspace\/cri\/contentimg\/2024\/05\/08\/2024050800413366028.jpg","articleSection":["Vis\u00e3o"],"inLanguage":"pt-BR","potentialAction":[{"@type":"CommentAction","name":"Comment","target":["https:\/\/diariodepe.com.br\/cri\/2024\/05\/07\/cooperacao-sino-francesa-para-os-proximos-60-anos\/#respond"]}]},{"@type":"WebPage","@id":"https:\/\/diariodepe.com.br\/cri\/2024\/05\/07\/cooperacao-sino-francesa-para-os-proximos-60-anos\/","url":"https:\/\/diariodepe.com.br\/cri\/2024\/05\/07\/cooperacao-sino-francesa-para-os-proximos-60-anos\/","name":"Coopera\u00e7\u00e3o sino-francesa para os pr\u00f3ximos 60 anos - CRI e Diario de Pernambuco","isPartOf":{"@id":"https:\/\/diariodepe.com.br\/cri\/#website"},"primaryImageOfPage":{"@id":"https:\/\/diariodepe.com.br\/cri\/2024\/05\/07\/cooperacao-sino-francesa-para-os-proximos-60-anos\/#primaryimage"},"image":{"@id":"https:\/\/diariodepe.com.br\/cri\/2024\/05\/07\/cooperacao-sino-francesa-para-os-proximos-60-anos\/#primaryimage"},"thumbnailUrl":"https:\/\/p2crires.cri.cn\/photoworkspace\/cri\/contentimg\/2024\/05\/08\/2024050800413366028.jpg","datePublished":"2024-05-07T22:36:49+00:00","breadcrumb":{"@id":"https:\/\/diariodepe.com.br\/cri\/2024\/05\/07\/cooperacao-sino-francesa-para-os-proximos-60-anos\/#breadcrumb"},"inLanguage":"pt-BR","potentialAction":[{"@type":"ReadAction","target":["https:\/\/diariodepe.com.br\/cri\/2024\/05\/07\/cooperacao-sino-francesa-para-os-proximos-60-anos\/"]}]},{"@type":"ImageObject","inLanguage":"pt-BR","@id":"https:\/\/diariodepe.com.br\/cri\/2024\/05\/07\/cooperacao-sino-francesa-para-os-proximos-60-anos\/#primaryimage","url":"https:\/\/p2crires.cri.cn\/photoworkspace\/cri\/contentimg\/2024\/05\/08\/2024050800413366028.jpg","contentUrl":"https:\/\/p2crires.cri.cn\/photoworkspace\/cri\/contentimg\/2024\/05\/08\/2024050800413366028.jpg"},{"@type":"BreadcrumbList","@id":"https:\/\/diariodepe.com.br\/cri\/2024\/05\/07\/cooperacao-sino-francesa-para-os-proximos-60-anos\/#breadcrumb","itemListElement":[{"@type":"ListItem","position":1,"name":"In\u00edcio","item":"https:\/\/diariodepe.com.br\/cri\/"},{"@type":"ListItem","position":2,"name":"Coopera\u00e7\u00e3o sino-francesa para os pr\u00f3ximos 60 anos"}]},{"@type":"WebSite","@id":"https:\/\/diariodepe.com.br\/cri\/#website","url":"https:\/\/diariodepe.com.br\/cri\/","name":"CRI e Diario de Pernambuco","description":"R\u00e1dio Internacional da China","publisher":{"@id":"https:\/\/diariodepe.com.br\/cri\/#organization"},"potentialAction":[{"@type":"SearchAction","target":{"@type":"EntryPoint","urlTemplate":"https:\/\/diariodepe.com.br\/cri\/?s={search_term_string}"},"query-input":{"@type":"PropertyValueSpecification","valueRequired":true,"valueName":"search_term_string"}}],"inLanguage":"pt-BR"},{"@type":"Organization","@id":"https:\/\/diariodepe.com.br\/cri\/#organization","name":"CRI e Diario de Pernambuco","url":"https:\/\/diariodepe.com.br\/cri\/","logo":{"@type":"ImageObject","inLanguage":"pt-BR","@id":"https:\/\/diariodepe.com.br\/cri\/#\/schema\/logo\/image\/","url":"https:\/\/diariodepe.com.br\/cri\/wp-content\/uploads\/sites\/2\/2022\/12\/cropped-Logo.jpg","contentUrl":"https:\/\/diariodepe.com.br\/cri\/wp-content\/uploads\/sites\/2\/2022\/12\/cropped-Logo.jpg","width":700,"height":59,"caption":"CRI e Diario de Pernambuco"},"image":{"@id":"https:\/\/diariodepe.com.br\/cri\/#\/schema\/logo\/image\/"}},{"@type":"Person","@id":"https:\/\/diariodepe.com.br\/cri\/#\/schema\/person\/121bb28d84f1a5b1205ef4ce9c2e0c6b","name":"Ismael Lucas S. Pereira","image":{"@type":"ImageObject","inLanguage":"pt-BR","@id":"https:\/\/secure.gravatar.com\/avatar\/887a0f3b5a7ceea963a48499fb883ffce6b5037362def025c52c2505b15d63e4?s=96&d=mm&r=g","url":"https:\/\/secure.gravatar.com\/avatar\/887a0f3b5a7ceea963a48499fb883ffce6b5037362def025c52c2505b15d63e4?s=96&d=mm&r=g","contentUrl":"https:\/\/secure.gravatar.com\/avatar\/887a0f3b5a7ceea963a48499fb883ffce6b5037362def025c52c2505b15d63e4?s=96&d=mm&r=g","caption":"Ismael Lucas S. Pereira"},"url":"https:\/\/diariodepe.com.br\/cri\/author\/ismael-lucas\/"}]}},"cc_featured_image_caption":{"caption_text":false,"source_text":false,"source_url":false},"amp_enabled":true,"_links":{"self":[{"href":"https:\/\/diariodepe.com.br\/cri\/wp-json\/wp\/v2\/posts\/5254","targetHints":{"allow":["GET"]}}],"collection":[{"href":"https:\/\/diariodepe.com.br\/cri\/wp-json\/wp\/v2\/posts"}],"about":[{"href":"https:\/\/diariodepe.com.br\/cri\/wp-json\/wp\/v2\/types\/post"}],"author":[{"embeddable":true,"href":"https:\/\/diariodepe.com.br\/cri\/wp-json\/wp\/v2\/users\/2"}],"replies":[{"embeddable":true,"href":"https:\/\/diariodepe.com.br\/cri\/wp-json\/wp\/v2\/comments?post=5254"}],"version-history":[{"count":1,"href":"https:\/\/diariodepe.com.br\/cri\/wp-json\/wp\/v2\/posts\/5254\/revisions"}],"predecessor-version":[{"id":5255,"href":"https:\/\/diariodepe.com.br\/cri\/wp-json\/wp\/v2\/posts\/5254\/revisions\/5255"}],"wp:attachment":[{"href":"https:\/\/diariodepe.com.br\/cri\/wp-json\/wp\/v2\/media?parent=5254"}],"wp:term":[{"taxonomy":"category","embeddable":true,"href":"https:\/\/diariodepe.com.br\/cri\/wp-json\/wp\/v2\/categories?post=5254"},{"taxonomy":"post_tag","embeddable":true,"href":"https:\/\/diariodepe.com.br\/cri\/wp-json\/wp\/v2\/tags?post=5254"}],"curies":[{"name":"wp","href":"https:\/\/api.w.org\/{rel}","templated":true}]}}