{"id":5244,"date":"2024-05-07T00:21:02","date_gmt":"2024-05-07T03:21:02","guid":{"rendered":"https:\/\/diariodepe.com.br\/cri\/?p=5244"},"modified":"2024-05-07T00:21:02","modified_gmt":"2024-05-07T03:21:02","slug":"xi-jinping-participa-do-banquete-de-boas-vindas-oferecido-por-macron","status":"publish","type":"post","link":"https:\/\/diariodepe.com.br\/cri\/2024\/05\/07\/xi-jinping-participa-do-banquete-de-boas-vindas-oferecido-por-macron\/","title":{"rendered":"Xi Jinping participa do banquete de boas-vindas oferecido por Macron"},"content":{"rendered":"<p class=\"photo_img_20190808\"><img decoding=\"async\" src=\"https:\/\/p4crires.cri.cn\/photoworkspace\/cri\/contentimg\/2024\/05\/07\/2024050708470435186.jpg\" alt=\"\" width=\"1000\" \/><\/p>\n<p>O presidente chines, Xi Jinping, compareceu no dia 6, hor\u00e1rio local, ao banquete oferecido pelo presidente franc\u00eas, Emmanuel Macron.<\/p>\n<p>Na ocasi\u00e3o, Xi Jinping proferiu um discurso, dizendo que \u00e9 um prazer visitar mais uma vez a bela Rep\u00fablica Francesa. A China e a Fran\u00e7a s\u00e3o amigas especiais e que a rela\u00e7\u00e3o China-Fran\u00e7a \u00e9 uma rela\u00e7\u00e3o especial entre os principais pa\u00edses do mundo.<\/p>\n<p>\u00c9 especial porque ambos os pa\u00edses est\u00e3o comprometidos com o esp\u00edrito de independ\u00eancia. A minha visita coincide com o 60\u00ba anivers\u00e1rio do estabelecimento das rela\u00e7\u00f5es diplom\u00e1ticas China-Fran\u00e7a. H\u00e1 seis d\u00e9cadas, o General Charles de Gaulle tomou a decis\u00e3o de estabelecer rela\u00e7\u00f5es diplom\u00e1ticas com a Nova China a n\u00edvel de embaixadores, o que n\u00e3o foi de fato f\u00e1cil no contexto da Guerra Fria. Seis d\u00e9cadas depois, apesar da mudan\u00e7a na din\u00e2mica do cen\u00e1rio internacional, gera\u00e7\u00f5es de l\u00edderes chineses e franceses encararam e abordaram esta rela\u00e7\u00e3o a partir de uma perspectiva estrat\u00e9gica e de longo prazo. O presidente franc\u00eas foi o primeiro chefe de Estado ocidental a visitar oficialmente a Nova China, e a Fran\u00e7a foi o primeiro pa\u00eds ocidental a acolher a visita oficial de um l\u00edder da Nova China. Estes destaques nas intera\u00e7\u00f5es China-Fran\u00e7a s\u00e3o todos atribu\u00eddos ao compromisso dos nossos pa\u00edses com o esp\u00edrito de independ\u00eancia, que deve ser valorizado e levado adiante.<\/p>\n<p>A rela\u00e7\u00e3o China-Fran\u00e7a \u00e9 especial porque nos apreciamos mutuamente. Representando as civiliza\u00e7\u00f5es orientais e ocidentais, a China e a Fran\u00e7a t\u00eam uma excelente tradi\u00e7\u00e3o de aprecia\u00e7\u00e3o e atra\u00e7\u00e3o m\u00fatuas. H\u00e1 cinco anos, o Presidente Macron deu-me um exemplar da vers\u00e3o francesa de Conf\u00facio, ou a Ci\u00eancia dos Pr\u00edncipes, publicada pela primeira vez em 1688, e notou como o pensamento de Conf\u00facio influenciou profundamente pessoas como Voltaire e inspirou o Iluminismo franc\u00eas. Eu diria que o Movimento Trabalho-Estudo dos estudantes chineses em Fran\u00e7a no in\u00edcio do s\u00e9culo passado ajudou a cultivar posteriormente um contingente de talentos para a revolu\u00e7\u00e3o, o desenvolvimento e a reforma na China. Este ano \u00e9 designado como o Ano da Cultura e do Turismo China-Fran\u00e7a. Estou certo de que os dois pa\u00edses podem aproveitar isto como uma oportunidade para extrair sabedoria e nutri\u00e7\u00e3o da cultura um do outro.<\/p>\n<p>A rela\u00e7\u00e3o China-Fran\u00e7a \u00e9 especial porque ambos temos um forte sentido de responsabilidade. A hist\u00f3ria provou repetidamente que a China e a Fran\u00e7a podem trabalhar juntos para a melhoria do mundo. O mundo hoje est\u00e1 passando por mudan\u00e7as e turbul\u00eancias. A crise na Ucr\u00e2nia e o conflito Israel-Palestina continuam inabal\u00e1veis. A recupera\u00e7\u00e3o econ\u00f4mica carece de impulso. Os desafios globais, como as altera\u00e7\u00f5es clim\u00e1ticas, est\u00e3o se tornando cada vez mais dif\u00edceis de enfrentar. Sendo ambos membros permanentes do Conselho de Seguran\u00e7a da ONU, a China e a Fran\u00e7a t\u00eam o dever de assumir maiores responsabilidades. Esta tarde, o Presidente Macron e eu tivemos uma troca de pontos de vista aprofundada sobre as rela\u00e7\u00f5es da China com a Fran\u00e7a e a Europa e sobre a evolu\u00e7\u00e3o internacional. Concord\u00e1mos em permanecer fi\u00e9is \u00e0 aspira\u00e7\u00e3o original dos nossos pa\u00edses ao estabelecer rela\u00e7\u00f5es diplom\u00e1ticas h\u00e1 seis d\u00e9cadas, aprofundar a confian\u00e7a e a coopera\u00e7\u00e3o m\u00fatuas de alto n\u00edvel e refor\u00e7ar a comunica\u00e7\u00e3o e a coordena\u00e7\u00e3o nas principais quest\u00f5es internacionais, para injetarmos conjuntamente esperan\u00e7a num mundo confuso e explorar o caminho a seguir para o progresso humano.<\/p>\n","protected":false},"excerpt":{"rendered":"<p>O presidente chines, Xi Jinping, compareceu no dia 6, hor\u00e1rio local, ao banquete oferecido pelo presidente franc\u00eas, Emmanuel Macron. Na ocasi\u00e3o, Xi Jinping proferiu um discurso, dizendo que \u00e9 um prazer visitar mais uma vez a bela Rep\u00fablica Francesa. A&#8230;<\/p>\n","protected":false},"author":2,"featured_media":0,"comment_status":"open","ping_status":"open","sticky":false,"template":"","format":"standard","meta":{"footnotes":""},"categories":[3],"tags":[],"class_list":["post-5244","post","type-post","status-publish","format-standard","hentry","category-china"],"yoast_head":"<!-- This site is optimized with the Yoast SEO plugin v27.4 - https:\/\/yoast.com\/product\/yoast-seo-wordpress\/ -->\n<title>Xi Jinping participa do banquete de boas-vindas oferecido por Macron - CRI e Diario de Pernambuco<\/title>\n<meta name=\"robots\" content=\"index, follow, max-snippet:-1, max-image-preview:large, max-video-preview:-1\" \/>\n<link rel=\"canonical\" href=\"https:\/\/diariodepe.com.br\/cri\/2024\/05\/07\/xi-jinping-participa-do-banquete-de-boas-vindas-oferecido-por-macron\/\" \/>\n<meta property=\"og:locale\" content=\"pt_BR\" \/>\n<meta property=\"og:type\" content=\"article\" \/>\n<meta property=\"og:title\" content=\"Xi Jinping participa do banquete de boas-vindas oferecido por Macron - CRI e Diario de Pernambuco\" \/>\n<meta property=\"og:description\" content=\"O presidente chines, Xi Jinping, compareceu no dia 6, hor\u00e1rio local, ao banquete oferecido pelo presidente franc\u00eas, Emmanuel Macron. Na ocasi\u00e3o, Xi Jinping proferiu um discurso, dizendo que \u00e9 um prazer visitar mais uma vez a bela Rep\u00fablica Francesa. A...\" \/>\n<meta property=\"og:url\" content=\"https:\/\/diariodepe.com.br\/cri\/2024\/05\/07\/xi-jinping-participa-do-banquete-de-boas-vindas-oferecido-por-macron\/\" \/>\n<meta property=\"og:site_name\" content=\"CRI e Diario de Pernambuco\" \/>\n<meta property=\"article:published_time\" content=\"2024-05-07T03:21:02+00:00\" \/>\n<meta property=\"og:image\" content=\"https:\/\/p4crires.cri.cn\/photoworkspace\/cri\/contentimg\/2024\/05\/07\/2024050708470435186.jpg\" \/>\n<meta name=\"author\" content=\"Ismael Lucas S. Pereira\" \/>\n<meta name=\"twitter:card\" content=\"summary_large_image\" \/>\n<meta name=\"twitter:label1\" content=\"Escrito por\" \/>\n\t<meta name=\"twitter:data1\" content=\"Ismael Lucas S. Pereira\" \/>\n\t<meta name=\"twitter:label2\" content=\"Est. tempo de leitura\" \/>\n\t<meta name=\"twitter:data2\" content=\"4 minutos\" \/>\n<script type=\"application\/ld+json\" class=\"yoast-schema-graph\">{\"@context\":\"https:\\\/\\\/schema.org\",\"@graph\":[{\"@type\":\"Article\",\"@id\":\"https:\\\/\\\/diariodepe.com.br\\\/cri\\\/2024\\\/05\\\/07\\\/xi-jinping-participa-do-banquete-de-boas-vindas-oferecido-por-macron\\\/#article\",\"isPartOf\":{\"@id\":\"https:\\\/\\\/diariodepe.com.br\\\/cri\\\/2024\\\/05\\\/07\\\/xi-jinping-participa-do-banquete-de-boas-vindas-oferecido-por-macron\\\/\"},\"author\":{\"name\":\"Ismael Lucas S. Pereira\",\"@id\":\"https:\\\/\\\/diariodepe.com.br\\\/cri\\\/#\\\/schema\\\/person\\\/121bb28d84f1a5b1205ef4ce9c2e0c6b\"},\"headline\":\"Xi Jinping participa do banquete de boas-vindas oferecido por Macron\",\"datePublished\":\"2024-05-07T03:21:02+00:00\",\"mainEntityOfPage\":{\"@id\":\"https:\\\/\\\/diariodepe.com.br\\\/cri\\\/2024\\\/05\\\/07\\\/xi-jinping-participa-do-banquete-de-boas-vindas-oferecido-por-macron\\\/\"},\"wordCount\":639,\"commentCount\":0,\"publisher\":{\"@id\":\"https:\\\/\\\/diariodepe.com.br\\\/cri\\\/#organization\"},\"image\":{\"@id\":\"https:\\\/\\\/diariodepe.com.br\\\/cri\\\/2024\\\/05\\\/07\\\/xi-jinping-participa-do-banquete-de-boas-vindas-oferecido-por-macron\\\/#primaryimage\"},\"thumbnailUrl\":\"https:\\\/\\\/p4crires.cri.cn\\\/photoworkspace\\\/cri\\\/contentimg\\\/2024\\\/05\\\/07\\\/2024050708470435186.jpg\",\"articleSection\":[\"China\"],\"inLanguage\":\"pt-BR\",\"potentialAction\":[{\"@type\":\"CommentAction\",\"name\":\"Comment\",\"target\":[\"https:\\\/\\\/diariodepe.com.br\\\/cri\\\/2024\\\/05\\\/07\\\/xi-jinping-participa-do-banquete-de-boas-vindas-oferecido-por-macron\\\/#respond\"]}]},{\"@type\":\"WebPage\",\"@id\":\"https:\\\/\\\/diariodepe.com.br\\\/cri\\\/2024\\\/05\\\/07\\\/xi-jinping-participa-do-banquete-de-boas-vindas-oferecido-por-macron\\\/\",\"url\":\"https:\\\/\\\/diariodepe.com.br\\\/cri\\\/2024\\\/05\\\/07\\\/xi-jinping-participa-do-banquete-de-boas-vindas-oferecido-por-macron\\\/\",\"name\":\"Xi Jinping participa do banquete de boas-vindas oferecido por Macron - CRI e Diario de Pernambuco\",\"isPartOf\":{\"@id\":\"https:\\\/\\\/diariodepe.com.br\\\/cri\\\/#website\"},\"primaryImageOfPage\":{\"@id\":\"https:\\\/\\\/diariodepe.com.br\\\/cri\\\/2024\\\/05\\\/07\\\/xi-jinping-participa-do-banquete-de-boas-vindas-oferecido-por-macron\\\/#primaryimage\"},\"image\":{\"@id\":\"https:\\\/\\\/diariodepe.com.br\\\/cri\\\/2024\\\/05\\\/07\\\/xi-jinping-participa-do-banquete-de-boas-vindas-oferecido-por-macron\\\/#primaryimage\"},\"thumbnailUrl\":\"https:\\\/\\\/p4crires.cri.cn\\\/photoworkspace\\\/cri\\\/contentimg\\\/2024\\\/05\\\/07\\\/2024050708470435186.jpg\",\"datePublished\":\"2024-05-07T03:21:02+00:00\",\"breadcrumb\":{\"@id\":\"https:\\\/\\\/diariodepe.com.br\\\/cri\\\/2024\\\/05\\\/07\\\/xi-jinping-participa-do-banquete-de-boas-vindas-oferecido-por-macron\\\/#breadcrumb\"},\"inLanguage\":\"pt-BR\",\"potentialAction\":[{\"@type\":\"ReadAction\",\"target\":[\"https:\\\/\\\/diariodepe.com.br\\\/cri\\\/2024\\\/05\\\/07\\\/xi-jinping-participa-do-banquete-de-boas-vindas-oferecido-por-macron\\\/\"]}]},{\"@type\":\"ImageObject\",\"inLanguage\":\"pt-BR\",\"@id\":\"https:\\\/\\\/diariodepe.com.br\\\/cri\\\/2024\\\/05\\\/07\\\/xi-jinping-participa-do-banquete-de-boas-vindas-oferecido-por-macron\\\/#primaryimage\",\"url\":\"https:\\\/\\\/p4crires.cri.cn\\\/photoworkspace\\\/cri\\\/contentimg\\\/2024\\\/05\\\/07\\\/2024050708470435186.jpg\",\"contentUrl\":\"https:\\\/\\\/p4crires.cri.cn\\\/photoworkspace\\\/cri\\\/contentimg\\\/2024\\\/05\\\/07\\\/2024050708470435186.jpg\"},{\"@type\":\"BreadcrumbList\",\"@id\":\"https:\\\/\\\/diariodepe.com.br\\\/cri\\\/2024\\\/05\\\/07\\\/xi-jinping-participa-do-banquete-de-boas-vindas-oferecido-por-macron\\\/#breadcrumb\",\"itemListElement\":[{\"@type\":\"ListItem\",\"position\":1,\"name\":\"In\u00edcio\",\"item\":\"https:\\\/\\\/diariodepe.com.br\\\/cri\\\/\"},{\"@type\":\"ListItem\",\"position\":2,\"name\":\"Xi Jinping participa do banquete de boas-vindas oferecido por Macron\"}]},{\"@type\":\"WebSite\",\"@id\":\"https:\\\/\\\/diariodepe.com.br\\\/cri\\\/#website\",\"url\":\"https:\\\/\\\/diariodepe.com.br\\\/cri\\\/\",\"name\":\"CRI e Diario de Pernambuco\",\"description\":\"R\u00e1dio Internacional da China\",\"publisher\":{\"@id\":\"https:\\\/\\\/diariodepe.com.br\\\/cri\\\/#organization\"},\"potentialAction\":[{\"@type\":\"SearchAction\",\"target\":{\"@type\":\"EntryPoint\",\"urlTemplate\":\"https:\\\/\\\/diariodepe.com.br\\\/cri\\\/?s={search_term_string}\"},\"query-input\":{\"@type\":\"PropertyValueSpecification\",\"valueRequired\":true,\"valueName\":\"search_term_string\"}}],\"inLanguage\":\"pt-BR\"},{\"@type\":\"Organization\",\"@id\":\"https:\\\/\\\/diariodepe.com.br\\\/cri\\\/#organization\",\"name\":\"CRI e Diario de Pernambuco\",\"url\":\"https:\\\/\\\/diariodepe.com.br\\\/cri\\\/\",\"logo\":{\"@type\":\"ImageObject\",\"inLanguage\":\"pt-BR\",\"@id\":\"https:\\\/\\\/diariodepe.com.br\\\/cri\\\/#\\\/schema\\\/logo\\\/image\\\/\",\"url\":\"https:\\\/\\\/diariodepe.com.br\\\/cri\\\/wp-content\\\/uploads\\\/sites\\\/2\\\/2022\\\/12\\\/cropped-Logo.jpg\",\"contentUrl\":\"https:\\\/\\\/diariodepe.com.br\\\/cri\\\/wp-content\\\/uploads\\\/sites\\\/2\\\/2022\\\/12\\\/cropped-Logo.jpg\",\"width\":700,\"height\":59,\"caption\":\"CRI e Diario de Pernambuco\"},\"image\":{\"@id\":\"https:\\\/\\\/diariodepe.com.br\\\/cri\\\/#\\\/schema\\\/logo\\\/image\\\/\"}},{\"@type\":\"Person\",\"@id\":\"https:\\\/\\\/diariodepe.com.br\\\/cri\\\/#\\\/schema\\\/person\\\/121bb28d84f1a5b1205ef4ce9c2e0c6b\",\"name\":\"Ismael Lucas S. Pereira\",\"image\":{\"@type\":\"ImageObject\",\"inLanguage\":\"pt-BR\",\"@id\":\"https:\\\/\\\/secure.gravatar.com\\\/avatar\\\/887a0f3b5a7ceea963a48499fb883ffce6b5037362def025c52c2505b15d63e4?s=96&d=mm&r=g\",\"url\":\"https:\\\/\\\/secure.gravatar.com\\\/avatar\\\/887a0f3b5a7ceea963a48499fb883ffce6b5037362def025c52c2505b15d63e4?s=96&d=mm&r=g\",\"contentUrl\":\"https:\\\/\\\/secure.gravatar.com\\\/avatar\\\/887a0f3b5a7ceea963a48499fb883ffce6b5037362def025c52c2505b15d63e4?s=96&d=mm&r=g\",\"caption\":\"Ismael Lucas S. Pereira\"},\"url\":\"https:\\\/\\\/diariodepe.com.br\\\/cri\\\/author\\\/ismael-lucas\\\/\"}]}<\/script>\n<!-- \/ Yoast SEO plugin. -->","yoast_head_json":{"title":"Xi Jinping participa do banquete de boas-vindas oferecido por Macron - CRI e Diario de Pernambuco","robots":{"index":"index","follow":"follow","max-snippet":"max-snippet:-1","max-image-preview":"max-image-preview:large","max-video-preview":"max-video-preview:-1"},"canonical":"https:\/\/diariodepe.com.br\/cri\/2024\/05\/07\/xi-jinping-participa-do-banquete-de-boas-vindas-oferecido-por-macron\/","og_locale":"pt_BR","og_type":"article","og_title":"Xi Jinping participa do banquete de boas-vindas oferecido por Macron - CRI e Diario de Pernambuco","og_description":"O presidente chines, Xi Jinping, compareceu no dia 6, hor\u00e1rio local, ao banquete oferecido pelo presidente franc\u00eas, Emmanuel Macron. Na ocasi\u00e3o, Xi Jinping proferiu um discurso, dizendo que \u00e9 um prazer visitar mais uma vez a bela Rep\u00fablica Francesa. A...","og_url":"https:\/\/diariodepe.com.br\/cri\/2024\/05\/07\/xi-jinping-participa-do-banquete-de-boas-vindas-oferecido-por-macron\/","og_site_name":"CRI e Diario de Pernambuco","article_published_time":"2024-05-07T03:21:02+00:00","og_image":[{"url":"https:\/\/p4crires.cri.cn\/photoworkspace\/cri\/contentimg\/2024\/05\/07\/2024050708470435186.jpg","type":"","width":"","height":""}],"author":"Ismael Lucas S. Pereira","twitter_card":"summary_large_image","twitter_misc":{"Escrito por":"Ismael Lucas S. Pereira","Est. tempo de leitura":"4 minutos"},"schema":{"@context":"https:\/\/schema.org","@graph":[{"@type":"Article","@id":"https:\/\/diariodepe.com.br\/cri\/2024\/05\/07\/xi-jinping-participa-do-banquete-de-boas-vindas-oferecido-por-macron\/#article","isPartOf":{"@id":"https:\/\/diariodepe.com.br\/cri\/2024\/05\/07\/xi-jinping-participa-do-banquete-de-boas-vindas-oferecido-por-macron\/"},"author":{"name":"Ismael Lucas S. Pereira","@id":"https:\/\/diariodepe.com.br\/cri\/#\/schema\/person\/121bb28d84f1a5b1205ef4ce9c2e0c6b"},"headline":"Xi Jinping participa do banquete de boas-vindas oferecido por Macron","datePublished":"2024-05-07T03:21:02+00:00","mainEntityOfPage":{"@id":"https:\/\/diariodepe.com.br\/cri\/2024\/05\/07\/xi-jinping-participa-do-banquete-de-boas-vindas-oferecido-por-macron\/"},"wordCount":639,"commentCount":0,"publisher":{"@id":"https:\/\/diariodepe.com.br\/cri\/#organization"},"image":{"@id":"https:\/\/diariodepe.com.br\/cri\/2024\/05\/07\/xi-jinping-participa-do-banquete-de-boas-vindas-oferecido-por-macron\/#primaryimage"},"thumbnailUrl":"https:\/\/p4crires.cri.cn\/photoworkspace\/cri\/contentimg\/2024\/05\/07\/2024050708470435186.jpg","articleSection":["China"],"inLanguage":"pt-BR","potentialAction":[{"@type":"CommentAction","name":"Comment","target":["https:\/\/diariodepe.com.br\/cri\/2024\/05\/07\/xi-jinping-participa-do-banquete-de-boas-vindas-oferecido-por-macron\/#respond"]}]},{"@type":"WebPage","@id":"https:\/\/diariodepe.com.br\/cri\/2024\/05\/07\/xi-jinping-participa-do-banquete-de-boas-vindas-oferecido-por-macron\/","url":"https:\/\/diariodepe.com.br\/cri\/2024\/05\/07\/xi-jinping-participa-do-banquete-de-boas-vindas-oferecido-por-macron\/","name":"Xi Jinping participa do banquete de boas-vindas oferecido por Macron - CRI e Diario de Pernambuco","isPartOf":{"@id":"https:\/\/diariodepe.com.br\/cri\/#website"},"primaryImageOfPage":{"@id":"https:\/\/diariodepe.com.br\/cri\/2024\/05\/07\/xi-jinping-participa-do-banquete-de-boas-vindas-oferecido-por-macron\/#primaryimage"},"image":{"@id":"https:\/\/diariodepe.com.br\/cri\/2024\/05\/07\/xi-jinping-participa-do-banquete-de-boas-vindas-oferecido-por-macron\/#primaryimage"},"thumbnailUrl":"https:\/\/p4crires.cri.cn\/photoworkspace\/cri\/contentimg\/2024\/05\/07\/2024050708470435186.jpg","datePublished":"2024-05-07T03:21:02+00:00","breadcrumb":{"@id":"https:\/\/diariodepe.com.br\/cri\/2024\/05\/07\/xi-jinping-participa-do-banquete-de-boas-vindas-oferecido-por-macron\/#breadcrumb"},"inLanguage":"pt-BR","potentialAction":[{"@type":"ReadAction","target":["https:\/\/diariodepe.com.br\/cri\/2024\/05\/07\/xi-jinping-participa-do-banquete-de-boas-vindas-oferecido-por-macron\/"]}]},{"@type":"ImageObject","inLanguage":"pt-BR","@id":"https:\/\/diariodepe.com.br\/cri\/2024\/05\/07\/xi-jinping-participa-do-banquete-de-boas-vindas-oferecido-por-macron\/#primaryimage","url":"https:\/\/p4crires.cri.cn\/photoworkspace\/cri\/contentimg\/2024\/05\/07\/2024050708470435186.jpg","contentUrl":"https:\/\/p4crires.cri.cn\/photoworkspace\/cri\/contentimg\/2024\/05\/07\/2024050708470435186.jpg"},{"@type":"BreadcrumbList","@id":"https:\/\/diariodepe.com.br\/cri\/2024\/05\/07\/xi-jinping-participa-do-banquete-de-boas-vindas-oferecido-por-macron\/#breadcrumb","itemListElement":[{"@type":"ListItem","position":1,"name":"In\u00edcio","item":"https:\/\/diariodepe.com.br\/cri\/"},{"@type":"ListItem","position":2,"name":"Xi Jinping participa do banquete de boas-vindas oferecido por Macron"}]},{"@type":"WebSite","@id":"https:\/\/diariodepe.com.br\/cri\/#website","url":"https:\/\/diariodepe.com.br\/cri\/","name":"CRI e Diario de Pernambuco","description":"R\u00e1dio Internacional da China","publisher":{"@id":"https:\/\/diariodepe.com.br\/cri\/#organization"},"potentialAction":[{"@type":"SearchAction","target":{"@type":"EntryPoint","urlTemplate":"https:\/\/diariodepe.com.br\/cri\/?s={search_term_string}"},"query-input":{"@type":"PropertyValueSpecification","valueRequired":true,"valueName":"search_term_string"}}],"inLanguage":"pt-BR"},{"@type":"Organization","@id":"https:\/\/diariodepe.com.br\/cri\/#organization","name":"CRI e Diario de Pernambuco","url":"https:\/\/diariodepe.com.br\/cri\/","logo":{"@type":"ImageObject","inLanguage":"pt-BR","@id":"https:\/\/diariodepe.com.br\/cri\/#\/schema\/logo\/image\/","url":"https:\/\/diariodepe.com.br\/cri\/wp-content\/uploads\/sites\/2\/2022\/12\/cropped-Logo.jpg","contentUrl":"https:\/\/diariodepe.com.br\/cri\/wp-content\/uploads\/sites\/2\/2022\/12\/cropped-Logo.jpg","width":700,"height":59,"caption":"CRI e Diario de Pernambuco"},"image":{"@id":"https:\/\/diariodepe.com.br\/cri\/#\/schema\/logo\/image\/"}},{"@type":"Person","@id":"https:\/\/diariodepe.com.br\/cri\/#\/schema\/person\/121bb28d84f1a5b1205ef4ce9c2e0c6b","name":"Ismael Lucas S. Pereira","image":{"@type":"ImageObject","inLanguage":"pt-BR","@id":"https:\/\/secure.gravatar.com\/avatar\/887a0f3b5a7ceea963a48499fb883ffce6b5037362def025c52c2505b15d63e4?s=96&d=mm&r=g","url":"https:\/\/secure.gravatar.com\/avatar\/887a0f3b5a7ceea963a48499fb883ffce6b5037362def025c52c2505b15d63e4?s=96&d=mm&r=g","contentUrl":"https:\/\/secure.gravatar.com\/avatar\/887a0f3b5a7ceea963a48499fb883ffce6b5037362def025c52c2505b15d63e4?s=96&d=mm&r=g","caption":"Ismael Lucas S. Pereira"},"url":"https:\/\/diariodepe.com.br\/cri\/author\/ismael-lucas\/"}]}},"cc_featured_image_caption":{"caption_text":false,"source_text":false,"source_url":false},"amp_enabled":true,"_links":{"self":[{"href":"https:\/\/diariodepe.com.br\/cri\/wp-json\/wp\/v2\/posts\/5244","targetHints":{"allow":["GET"]}}],"collection":[{"href":"https:\/\/diariodepe.com.br\/cri\/wp-json\/wp\/v2\/posts"}],"about":[{"href":"https:\/\/diariodepe.com.br\/cri\/wp-json\/wp\/v2\/types\/post"}],"author":[{"embeddable":true,"href":"https:\/\/diariodepe.com.br\/cri\/wp-json\/wp\/v2\/users\/2"}],"replies":[{"embeddable":true,"href":"https:\/\/diariodepe.com.br\/cri\/wp-json\/wp\/v2\/comments?post=5244"}],"version-history":[{"count":1,"href":"https:\/\/diariodepe.com.br\/cri\/wp-json\/wp\/v2\/posts\/5244\/revisions"}],"predecessor-version":[{"id":5245,"href":"https:\/\/diariodepe.com.br\/cri\/wp-json\/wp\/v2\/posts\/5244\/revisions\/5245"}],"wp:attachment":[{"href":"https:\/\/diariodepe.com.br\/cri\/wp-json\/wp\/v2\/media?parent=5244"}],"wp:term":[{"taxonomy":"category","embeddable":true,"href":"https:\/\/diariodepe.com.br\/cri\/wp-json\/wp\/v2\/categories?post=5244"},{"taxonomy":"post_tag","embeddable":true,"href":"https:\/\/diariodepe.com.br\/cri\/wp-json\/wp\/v2\/tags?post=5244"}],"curies":[{"name":"wp","href":"https:\/\/api.w.org\/{rel}","templated":true}]}}