{"id":5242,"date":"2024-05-07T00:19:32","date_gmt":"2024-05-07T03:19:32","guid":{"rendered":"https:\/\/diariodepe.com.br\/cri\/?p=5242"},"modified":"2024-05-07T00:19:32","modified_gmt":"2024-05-07T03:19:32","slug":"xi-jinping-reune-se-com-macron-em-paris","status":"publish","type":"post","link":"https:\/\/diariodepe.com.br\/cri\/2024\/05\/07\/xi-jinping-reune-se-com-macron-em-paris\/","title":{"rendered":"Xi Jinping re\u00fane-se com Macron em Paris"},"content":{"rendered":"<p data-spm-anchor-id=\"0.0.0.i1\">O presidente chin\u00eas, Xi Jinping, e o presidente franc\u00eas, Emmanuel Macron, se encontram no Pal\u00e1cio do Eliseu, em Paris, na segunda-feira (6), hor\u00e1rio local.<\/p>\n<p>O l\u00edder chin\u00eas disse que est\u00e1 muito feliz por realizar a terceira visita de Estado \u00e0 Fran\u00e7a, na ocasi\u00e3o do 60\u00ba anivers\u00e1rio do estabelecimento das rela\u00e7\u00f5es diplom\u00e1ticas entre os dois pa\u00edses.<\/p>\n<p>Xi Jinping destacou que as duas partes devem aderir ao objetivo inicial do estabelecimento do relacionamento diplom\u00e1tico de manter a independ\u00eancia e o entendimento m\u00fatuo, ter uma vis\u00e3o de longo prazo e fomentar o benef\u00edcio compartilhado, assim como injetar novas conota\u00e7\u00f5es adaptadas ao tempo, a fim de promover um relacionamento bilateral caracterizado por confian\u00e7a m\u00fatua, ades\u00e3o \u00e0 aspira\u00e7\u00e3o inicial, inova\u00e7\u00e3o, responsabilidade e empreendedorismo.<\/p>\n<p>O presidente chin\u00eas pediu que a China e a Fran\u00e7a mantenham contatos estrat\u00e9gicos e respeitem os interesses essenciais do outro pa\u00eds, al\u00e9m de explorar o potencial de coopera\u00e7\u00e3o de benef\u00edcio m\u00fatuo e promover o equil\u00edbrio comercial entre os dois lados. A China quer importar mais produtos franceses de alta qualidade e espera que a Fran\u00e7a exporte mais produtos de alta tecnologia e alto valor agregado para a China.<\/p>\n<p>Xi Jinping tamb\u00e9m assinalou a import\u00e2ncia de refor\u00e7ar os interc\u00e2mbios culturais entre os dois pa\u00edses grandes em cultura. Ele disse que a China apoia uma organiza\u00e7\u00e3o bem-sucedida dos Jogos Ol\u00edmpicos de Paris e enviar\u00e1 uma delega\u00e7\u00e3o de alto n\u00edvel para participar do evento.<\/p>\n<p>Por sua vez, Macron disse que o relacionamento sino-franc\u00eas \u00e9 muito bom e a coopera\u00e7\u00e3o bilateral foi frut\u00edfera, abrangendo \u00e1reas al\u00e9m das tecnologias de ponta, como tamb\u00e9m de temas globais, incluindo as mudan\u00e7as clim\u00e1ticas e a diversidade mar\u00edtima. Durante a visita de Xi Jinping, os pa\u00edses assinar\u00e3o muitos acordos, mostrando o potencial e as perspectivas da colabora\u00e7\u00e3o bilateral.<\/p>\n<p>Os dois l\u00edderes tamb\u00e9m trocaram opini\u00f5es sobre quest\u00f5es internacionais e regionais de interesse comum, tais como a crise da Ucr\u00e2nia e os conflitos Palestina-Israel. Xi Jinping frisou que, sendo ambos membros permanentes do Conselho de Seguran\u00e7a da Organiza\u00e7\u00e3o das Na\u00e7\u00f5es Unidas, os dois pa\u00edses devem manter suas vozes pela resolu\u00e7\u00e3o pac\u00edfica das quest\u00f5es de destaque do mundo.<\/p>\n<p>Na ocasi\u00e3o, a China e a Fran\u00e7a divulgaram quatro declara\u00e7\u00f5es conjuntas acerca da situa\u00e7\u00e3o no Oriente M\u00e9dio, intelig\u00eancia artificial e governan\u00e7a global, biodiversidade e oceano, bem como sobre interc\u00e2mbio e coopera\u00e7\u00e3o agr\u00edcola. Os dois lados tamb\u00e9m assinaram cerca de 20 documentos de coopera\u00e7\u00e3o bilateral.<\/p>\n","protected":false},"excerpt":{"rendered":"<p>O presidente chin\u00eas, Xi Jinping, e o presidente franc\u00eas, Emmanuel Macron, se encontram no Pal\u00e1cio do Eliseu, em Paris, na segunda-feira (6), hor\u00e1rio local. O l\u00edder chin\u00eas disse que est\u00e1 muito feliz por realizar a terceira visita de Estado \u00e0&#8230;<\/p>\n","protected":false},"author":2,"featured_media":0,"comment_status":"open","ping_status":"open","sticky":false,"template":"","format":"standard","meta":{"footnotes":""},"categories":[8],"tags":[],"class_list":["post-5242","post","type-post","status-publish","format-standard","hentry","category-internacional"],"yoast_head":"<!-- This site is optimized with the Yoast SEO plugin v27.4 - https:\/\/yoast.com\/product\/yoast-seo-wordpress\/ -->\n<title>Xi Jinping re\u00fane-se com Macron em Paris - CRI e Diario de Pernambuco<\/title>\n<meta name=\"robots\" content=\"index, follow, max-snippet:-1, max-image-preview:large, max-video-preview:-1\" \/>\n<link rel=\"canonical\" href=\"https:\/\/diariodepe.com.br\/cri\/2024\/05\/07\/xi-jinping-reune-se-com-macron-em-paris\/\" \/>\n<meta property=\"og:locale\" content=\"pt_BR\" \/>\n<meta property=\"og:type\" content=\"article\" \/>\n<meta property=\"og:title\" content=\"Xi Jinping re\u00fane-se com Macron em Paris - CRI e Diario de Pernambuco\" \/>\n<meta property=\"og:description\" content=\"O presidente chin\u00eas, Xi Jinping, e o presidente franc\u00eas, Emmanuel Macron, se encontram no Pal\u00e1cio do Eliseu, em Paris, na segunda-feira (6), hor\u00e1rio local. O l\u00edder chin\u00eas disse que est\u00e1 muito feliz por realizar a terceira visita de Estado \u00e0...\" \/>\n<meta property=\"og:url\" content=\"https:\/\/diariodepe.com.br\/cri\/2024\/05\/07\/xi-jinping-reune-se-com-macron-em-paris\/\" \/>\n<meta property=\"og:site_name\" content=\"CRI e Diario de Pernambuco\" \/>\n<meta property=\"article:published_time\" content=\"2024-05-07T03:19:32+00:00\" \/>\n<meta name=\"author\" content=\"Ismael Lucas S. Pereira\" \/>\n<meta name=\"twitter:card\" content=\"summary_large_image\" \/>\n<meta name=\"twitter:label1\" content=\"Escrito por\" \/>\n\t<meta name=\"twitter:data1\" content=\"Ismael Lucas S. Pereira\" \/>\n\t<meta name=\"twitter:label2\" content=\"Est. tempo de leitura\" \/>\n\t<meta name=\"twitter:data2\" content=\"3 minutos\" \/>\n<script type=\"application\/ld+json\" class=\"yoast-schema-graph\">{\"@context\":\"https:\\\/\\\/schema.org\",\"@graph\":[{\"@type\":\"Article\",\"@id\":\"https:\\\/\\\/diariodepe.com.br\\\/cri\\\/2024\\\/05\\\/07\\\/xi-jinping-reune-se-com-macron-em-paris\\\/#article\",\"isPartOf\":{\"@id\":\"https:\\\/\\\/diariodepe.com.br\\\/cri\\\/2024\\\/05\\\/07\\\/xi-jinping-reune-se-com-macron-em-paris\\\/\"},\"author\":{\"name\":\"Ismael Lucas S. Pereira\",\"@id\":\"https:\\\/\\\/diariodepe.com.br\\\/cri\\\/#\\\/schema\\\/person\\\/121bb28d84f1a5b1205ef4ce9c2e0c6b\"},\"headline\":\"Xi Jinping re\u00fane-se com Macron em Paris\",\"datePublished\":\"2024-05-07T03:19:32+00:00\",\"mainEntityOfPage\":{\"@id\":\"https:\\\/\\\/diariodepe.com.br\\\/cri\\\/2024\\\/05\\\/07\\\/xi-jinping-reune-se-com-macron-em-paris\\\/\"},\"wordCount\":467,\"commentCount\":0,\"publisher\":{\"@id\":\"https:\\\/\\\/diariodepe.com.br\\\/cri\\\/#organization\"},\"articleSection\":[\"Internacional\"],\"inLanguage\":\"pt-BR\",\"potentialAction\":[{\"@type\":\"CommentAction\",\"name\":\"Comment\",\"target\":[\"https:\\\/\\\/diariodepe.com.br\\\/cri\\\/2024\\\/05\\\/07\\\/xi-jinping-reune-se-com-macron-em-paris\\\/#respond\"]}]},{\"@type\":\"WebPage\",\"@id\":\"https:\\\/\\\/diariodepe.com.br\\\/cri\\\/2024\\\/05\\\/07\\\/xi-jinping-reune-se-com-macron-em-paris\\\/\",\"url\":\"https:\\\/\\\/diariodepe.com.br\\\/cri\\\/2024\\\/05\\\/07\\\/xi-jinping-reune-se-com-macron-em-paris\\\/\",\"name\":\"Xi Jinping re\u00fane-se com Macron em Paris - CRI e Diario de Pernambuco\",\"isPartOf\":{\"@id\":\"https:\\\/\\\/diariodepe.com.br\\\/cri\\\/#website\"},\"datePublished\":\"2024-05-07T03:19:32+00:00\",\"breadcrumb\":{\"@id\":\"https:\\\/\\\/diariodepe.com.br\\\/cri\\\/2024\\\/05\\\/07\\\/xi-jinping-reune-se-com-macron-em-paris\\\/#breadcrumb\"},\"inLanguage\":\"pt-BR\",\"potentialAction\":[{\"@type\":\"ReadAction\",\"target\":[\"https:\\\/\\\/diariodepe.com.br\\\/cri\\\/2024\\\/05\\\/07\\\/xi-jinping-reune-se-com-macron-em-paris\\\/\"]}]},{\"@type\":\"BreadcrumbList\",\"@id\":\"https:\\\/\\\/diariodepe.com.br\\\/cri\\\/2024\\\/05\\\/07\\\/xi-jinping-reune-se-com-macron-em-paris\\\/#breadcrumb\",\"itemListElement\":[{\"@type\":\"ListItem\",\"position\":1,\"name\":\"In\u00edcio\",\"item\":\"https:\\\/\\\/diariodepe.com.br\\\/cri\\\/\"},{\"@type\":\"ListItem\",\"position\":2,\"name\":\"Xi Jinping re\u00fane-se com Macron em Paris\"}]},{\"@type\":\"WebSite\",\"@id\":\"https:\\\/\\\/diariodepe.com.br\\\/cri\\\/#website\",\"url\":\"https:\\\/\\\/diariodepe.com.br\\\/cri\\\/\",\"name\":\"CRI e Diario de Pernambuco\",\"description\":\"R\u00e1dio Internacional da China\",\"publisher\":{\"@id\":\"https:\\\/\\\/diariodepe.com.br\\\/cri\\\/#organization\"},\"potentialAction\":[{\"@type\":\"SearchAction\",\"target\":{\"@type\":\"EntryPoint\",\"urlTemplate\":\"https:\\\/\\\/diariodepe.com.br\\\/cri\\\/?s={search_term_string}\"},\"query-input\":{\"@type\":\"PropertyValueSpecification\",\"valueRequired\":true,\"valueName\":\"search_term_string\"}}],\"inLanguage\":\"pt-BR\"},{\"@type\":\"Organization\",\"@id\":\"https:\\\/\\\/diariodepe.com.br\\\/cri\\\/#organization\",\"name\":\"CRI e Diario de Pernambuco\",\"url\":\"https:\\\/\\\/diariodepe.com.br\\\/cri\\\/\",\"logo\":{\"@type\":\"ImageObject\",\"inLanguage\":\"pt-BR\",\"@id\":\"https:\\\/\\\/diariodepe.com.br\\\/cri\\\/#\\\/schema\\\/logo\\\/image\\\/\",\"url\":\"https:\\\/\\\/diariodepe.com.br\\\/cri\\\/wp-content\\\/uploads\\\/sites\\\/2\\\/2022\\\/12\\\/cropped-Logo.jpg\",\"contentUrl\":\"https:\\\/\\\/diariodepe.com.br\\\/cri\\\/wp-content\\\/uploads\\\/sites\\\/2\\\/2022\\\/12\\\/cropped-Logo.jpg\",\"width\":700,\"height\":59,\"caption\":\"CRI e Diario de Pernambuco\"},\"image\":{\"@id\":\"https:\\\/\\\/diariodepe.com.br\\\/cri\\\/#\\\/schema\\\/logo\\\/image\\\/\"}},{\"@type\":\"Person\",\"@id\":\"https:\\\/\\\/diariodepe.com.br\\\/cri\\\/#\\\/schema\\\/person\\\/121bb28d84f1a5b1205ef4ce9c2e0c6b\",\"name\":\"Ismael Lucas S. Pereira\",\"image\":{\"@type\":\"ImageObject\",\"inLanguage\":\"pt-BR\",\"@id\":\"https:\\\/\\\/secure.gravatar.com\\\/avatar\\\/887a0f3b5a7ceea963a48499fb883ffce6b5037362def025c52c2505b15d63e4?s=96&d=mm&r=g\",\"url\":\"https:\\\/\\\/secure.gravatar.com\\\/avatar\\\/887a0f3b5a7ceea963a48499fb883ffce6b5037362def025c52c2505b15d63e4?s=96&d=mm&r=g\",\"contentUrl\":\"https:\\\/\\\/secure.gravatar.com\\\/avatar\\\/887a0f3b5a7ceea963a48499fb883ffce6b5037362def025c52c2505b15d63e4?s=96&d=mm&r=g\",\"caption\":\"Ismael Lucas S. Pereira\"},\"url\":\"https:\\\/\\\/diariodepe.com.br\\\/cri\\\/author\\\/ismael-lucas\\\/\"}]}<\/script>\n<!-- \/ Yoast SEO plugin. -->","yoast_head_json":{"title":"Xi Jinping re\u00fane-se com Macron em Paris - CRI e Diario de Pernambuco","robots":{"index":"index","follow":"follow","max-snippet":"max-snippet:-1","max-image-preview":"max-image-preview:large","max-video-preview":"max-video-preview:-1"},"canonical":"https:\/\/diariodepe.com.br\/cri\/2024\/05\/07\/xi-jinping-reune-se-com-macron-em-paris\/","og_locale":"pt_BR","og_type":"article","og_title":"Xi Jinping re\u00fane-se com Macron em Paris - CRI e Diario de Pernambuco","og_description":"O presidente chin\u00eas, Xi Jinping, e o presidente franc\u00eas, Emmanuel Macron, se encontram no Pal\u00e1cio do Eliseu, em Paris, na segunda-feira (6), hor\u00e1rio local. O l\u00edder chin\u00eas disse que est\u00e1 muito feliz por realizar a terceira visita de Estado \u00e0...","og_url":"https:\/\/diariodepe.com.br\/cri\/2024\/05\/07\/xi-jinping-reune-se-com-macron-em-paris\/","og_site_name":"CRI e Diario de Pernambuco","article_published_time":"2024-05-07T03:19:32+00:00","author":"Ismael Lucas S. Pereira","twitter_card":"summary_large_image","twitter_misc":{"Escrito por":"Ismael Lucas S. Pereira","Est. tempo de leitura":"3 minutos"},"schema":{"@context":"https:\/\/schema.org","@graph":[{"@type":"Article","@id":"https:\/\/diariodepe.com.br\/cri\/2024\/05\/07\/xi-jinping-reune-se-com-macron-em-paris\/#article","isPartOf":{"@id":"https:\/\/diariodepe.com.br\/cri\/2024\/05\/07\/xi-jinping-reune-se-com-macron-em-paris\/"},"author":{"name":"Ismael Lucas S. Pereira","@id":"https:\/\/diariodepe.com.br\/cri\/#\/schema\/person\/121bb28d84f1a5b1205ef4ce9c2e0c6b"},"headline":"Xi Jinping re\u00fane-se com Macron em Paris","datePublished":"2024-05-07T03:19:32+00:00","mainEntityOfPage":{"@id":"https:\/\/diariodepe.com.br\/cri\/2024\/05\/07\/xi-jinping-reune-se-com-macron-em-paris\/"},"wordCount":467,"commentCount":0,"publisher":{"@id":"https:\/\/diariodepe.com.br\/cri\/#organization"},"articleSection":["Internacional"],"inLanguage":"pt-BR","potentialAction":[{"@type":"CommentAction","name":"Comment","target":["https:\/\/diariodepe.com.br\/cri\/2024\/05\/07\/xi-jinping-reune-se-com-macron-em-paris\/#respond"]}]},{"@type":"WebPage","@id":"https:\/\/diariodepe.com.br\/cri\/2024\/05\/07\/xi-jinping-reune-se-com-macron-em-paris\/","url":"https:\/\/diariodepe.com.br\/cri\/2024\/05\/07\/xi-jinping-reune-se-com-macron-em-paris\/","name":"Xi Jinping re\u00fane-se com Macron em Paris - CRI e Diario de Pernambuco","isPartOf":{"@id":"https:\/\/diariodepe.com.br\/cri\/#website"},"datePublished":"2024-05-07T03:19:32+00:00","breadcrumb":{"@id":"https:\/\/diariodepe.com.br\/cri\/2024\/05\/07\/xi-jinping-reune-se-com-macron-em-paris\/#breadcrumb"},"inLanguage":"pt-BR","potentialAction":[{"@type":"ReadAction","target":["https:\/\/diariodepe.com.br\/cri\/2024\/05\/07\/xi-jinping-reune-se-com-macron-em-paris\/"]}]},{"@type":"BreadcrumbList","@id":"https:\/\/diariodepe.com.br\/cri\/2024\/05\/07\/xi-jinping-reune-se-com-macron-em-paris\/#breadcrumb","itemListElement":[{"@type":"ListItem","position":1,"name":"In\u00edcio","item":"https:\/\/diariodepe.com.br\/cri\/"},{"@type":"ListItem","position":2,"name":"Xi Jinping re\u00fane-se com Macron em Paris"}]},{"@type":"WebSite","@id":"https:\/\/diariodepe.com.br\/cri\/#website","url":"https:\/\/diariodepe.com.br\/cri\/","name":"CRI e Diario de Pernambuco","description":"R\u00e1dio Internacional da China","publisher":{"@id":"https:\/\/diariodepe.com.br\/cri\/#organization"},"potentialAction":[{"@type":"SearchAction","target":{"@type":"EntryPoint","urlTemplate":"https:\/\/diariodepe.com.br\/cri\/?s={search_term_string}"},"query-input":{"@type":"PropertyValueSpecification","valueRequired":true,"valueName":"search_term_string"}}],"inLanguage":"pt-BR"},{"@type":"Organization","@id":"https:\/\/diariodepe.com.br\/cri\/#organization","name":"CRI e Diario de Pernambuco","url":"https:\/\/diariodepe.com.br\/cri\/","logo":{"@type":"ImageObject","inLanguage":"pt-BR","@id":"https:\/\/diariodepe.com.br\/cri\/#\/schema\/logo\/image\/","url":"https:\/\/diariodepe.com.br\/cri\/wp-content\/uploads\/sites\/2\/2022\/12\/cropped-Logo.jpg","contentUrl":"https:\/\/diariodepe.com.br\/cri\/wp-content\/uploads\/sites\/2\/2022\/12\/cropped-Logo.jpg","width":700,"height":59,"caption":"CRI e Diario de Pernambuco"},"image":{"@id":"https:\/\/diariodepe.com.br\/cri\/#\/schema\/logo\/image\/"}},{"@type":"Person","@id":"https:\/\/diariodepe.com.br\/cri\/#\/schema\/person\/121bb28d84f1a5b1205ef4ce9c2e0c6b","name":"Ismael Lucas S. Pereira","image":{"@type":"ImageObject","inLanguage":"pt-BR","@id":"https:\/\/secure.gravatar.com\/avatar\/887a0f3b5a7ceea963a48499fb883ffce6b5037362def025c52c2505b15d63e4?s=96&d=mm&r=g","url":"https:\/\/secure.gravatar.com\/avatar\/887a0f3b5a7ceea963a48499fb883ffce6b5037362def025c52c2505b15d63e4?s=96&d=mm&r=g","contentUrl":"https:\/\/secure.gravatar.com\/avatar\/887a0f3b5a7ceea963a48499fb883ffce6b5037362def025c52c2505b15d63e4?s=96&d=mm&r=g","caption":"Ismael Lucas S. Pereira"},"url":"https:\/\/diariodepe.com.br\/cri\/author\/ismael-lucas\/"}]}},"cc_featured_image_caption":{"caption_text":false,"source_text":false,"source_url":false},"amp_enabled":true,"_links":{"self":[{"href":"https:\/\/diariodepe.com.br\/cri\/wp-json\/wp\/v2\/posts\/5242","targetHints":{"allow":["GET"]}}],"collection":[{"href":"https:\/\/diariodepe.com.br\/cri\/wp-json\/wp\/v2\/posts"}],"about":[{"href":"https:\/\/diariodepe.com.br\/cri\/wp-json\/wp\/v2\/types\/post"}],"author":[{"embeddable":true,"href":"https:\/\/diariodepe.com.br\/cri\/wp-json\/wp\/v2\/users\/2"}],"replies":[{"embeddable":true,"href":"https:\/\/diariodepe.com.br\/cri\/wp-json\/wp\/v2\/comments?post=5242"}],"version-history":[{"count":1,"href":"https:\/\/diariodepe.com.br\/cri\/wp-json\/wp\/v2\/posts\/5242\/revisions"}],"predecessor-version":[{"id":5243,"href":"https:\/\/diariodepe.com.br\/cri\/wp-json\/wp\/v2\/posts\/5242\/revisions\/5243"}],"wp:attachment":[{"href":"https:\/\/diariodepe.com.br\/cri\/wp-json\/wp\/v2\/media?parent=5242"}],"wp:term":[{"taxonomy":"category","embeddable":true,"href":"https:\/\/diariodepe.com.br\/cri\/wp-json\/wp\/v2\/categories?post=5242"},{"taxonomy":"post_tag","embeddable":true,"href":"https:\/\/diariodepe.com.br\/cri\/wp-json\/wp\/v2\/tags?post=5242"}],"curies":[{"name":"wp","href":"https:\/\/api.w.org\/{rel}","templated":true}]}}