{"id":5233,"date":"2024-05-06T22:57:15","date_gmt":"2024-05-07T01:57:15","guid":{"rendered":"https:\/\/diariodepe.com.br\/cri\/?p=5233"},"modified":"2024-05-06T22:57:15","modified_gmt":"2024-05-07T01:57:15","slug":"aproveitando-as-conquistas-anteriores-para-inaugurarmos-conjuntamente-uma-nova-era-na-cooperacao-china-franca","status":"publish","type":"post","link":"https:\/\/diariodepe.com.br\/cri\/2024\/05\/06\/aproveitando-as-conquistas-anteriores-para-inaugurarmos-conjuntamente-uma-nova-era-na-cooperacao-china-franca\/","title":{"rendered":"Aproveitando as conquistas anteriores para inaugurarmos conjuntamente uma nova era na coopera\u00e7\u00e3o China-Fran\u00e7a"},"content":{"rendered":"<p>Sua Excel\u00eancia Presidente Emmanuel Macron,<\/p>\n<p>Representantes das comunidades empresariais chinesa e francesa,<\/p>\n<p>Senhoras e senhores,<\/p>\n<p>Amigos,<\/p>\n<p>\u00c9 para mim um grande prazer participar novamente na reuni\u00e3o do Conselho Empresarial China-Fran\u00e7a com o Presidente Macron daqui a pouco mais de um ano e encontrar amigos, antigos e novos, das comunidades empresariais dos dois pa\u00edses. J\u00e1 se passaram cinco anos desde a \u00faltima vez que visitei Paris. Desejo come\u00e7ar por estender as minhas calorosas sauda\u00e7\u00f5es a todos voc\u00eas. Desejo que a 6\u00aa Reuni\u00e3o do Conselho seja um pleno sucesso.<\/p>\n<p>Este ano marca o 60\u00ba anivers\u00e1rio das rela\u00e7\u00f5es diplom\u00e1ticas China-Fran\u00e7a. Sessenta anos completam um ciclo no calend\u00e1rio tradicional chin\u00eas, unindo o passado e o futuro.<\/p>\n<p>Durante 60 anos, a China e a Fran\u00e7a permaneceram amigas devotadas uma da outra. Sempre nos comprometemos com os princ\u00edpios de independ\u00eancia, compreens\u00e3o m\u00fatua, vis\u00e3o estrat\u00e9gica e coopera\u00e7\u00e3o de benef\u00edcios rec\u00edprocos para todas as partes que sustentaram o estabelecimento das nossas rela\u00e7\u00f5es diplom\u00e1ticas. Juntos, percorremos uma jornada extraordin\u00e1ria e forjamos uma parceria estrat\u00e9gica abrangente, estreita e duradoura. A rela\u00e7\u00e3o China-Fran\u00e7a sempre foi um pioneiro nas rela\u00e7\u00f5es entre a China e os pa\u00edses ocidentais. Mostra como pa\u00edses com culturas, sistemas e n\u00edveis de desenvolvimento diferentes podem ajudar-se mutuamente a ter sucesso e a progredir em conjunto. A amizade China-Fran\u00e7a \u00e9 do interesse dos povos chin\u00eas e franc\u00eas, bem como do interesse de todo o mundo.<\/p>\n<p>Durante 60 anos, a China e a Fran\u00e7a permaneceram parceiros mutuamente de benef\u00edcios m\u00fatuos. O com\u00e9rcio e o investimento bilaterais cresceram rapidamente a partir de n\u00edveis insignificantes. O nosso com\u00e9rcio expandiu-se quase 800 vezes desde o estabelecimento das rela\u00e7\u00f5es diplom\u00e1ticas, atingindo 78,9 bilh\u00f5es de d\u00f3lares. O investimento acumulado nos dois sentidos ultrapassou os 26 bilh\u00f5es de d\u00f3lares. Mais de 2000 empresas francesas integraram-se ao mercado chin\u00eas. A China \u00e9 o maior parceiro comercial da Fran\u00e7a fora da UE, e a Fran\u00e7a \u00e9 um importante parceiro comercial da China na UE. Projetos emblem\u00e1ticos, como a Usina Nuclear de Daya Bay e as instala\u00e7\u00f5es de montagem de Airbus A320 em Tianjin, s\u00e3o exemplos v\u00edvidos de nossa coopera\u00e7\u00e3o mutuamente ben\u00e9fica. Os nossos dois pa\u00edses tamb\u00e9m est\u00e3o envolvidos em discuss\u00f5es entusi\u00e1sticas sobre a expans\u00e3o da coopera\u00e7\u00e3o em dom\u00ednios emergentes, como o desenvolvimento verde e de baixo carbono, a economia digital e o com\u00e9rcio eletr\u00f4nico transfronteiri\u00e7o. Gra\u00e7as a 60 anos de crescimento, as nossas economias est\u00e3o agora estreitamente interligadas e altamente simbi\u00f3ticas.<\/p>\n<p>Senhoras e senhores,<\/p>\n<p>Amigos,<\/p>\n<p>Tanto a China como a Fran\u00e7a fazem parte do continente euroasi\u00e1tico, localizadas nas extremidades leste e oeste, respectivamente. A China \u00e9 uma civiliza\u00e7\u00e3o oriental t\u00edpica e a Fran\u00e7a apresenta a ocidental. Os nossos dois pa\u00edses n\u00e3o t\u00eam conflitos geopol\u00edticos e n\u00e3o temos choques de interesses fundamentais. O que temos em comum \u00e9 que ambos pensamos de forma independente, ambos somos fascinados pelas nossas espl\u00eandidas culturas e estamos envolvidos numa coopera\u00e7\u00e3o orientada para resultados baseada em muitos interesses partilhados. As nossas experi\u00eancias no passado e no presente mostram que n\u00e3o h\u00e1 raz\u00e3o para falhas no desenvolvimento e melhoramento das rela\u00e7\u00f5es China-Fran\u00e7a. Cheg\u00e1mos agora a uma nova encruzilhada no desenvolvimento da humanidade e enfrentamos mudan\u00e7as globais nunca vistas num s\u00e9culo. Neste contexto, a China est\u00e1 pronta para refor\u00e7ar os interc\u00e2mbios e a coopera\u00e7\u00e3o abrangentes com a Fran\u00e7a, levar a rela\u00e7\u00e3o China-Fran\u00e7a a uma nova fase e torn\u00e1-la ainda mais produtiva.<\/p>\n<p>\u2014Olhando para o futuro, trabalharemos com a Fran\u00e7a para enriquecer as dimens\u00f5es econ\u00f4micas e comerciais da parceria estrat\u00e9gica abrangente China-Fran\u00e7a. Como um dos primeiros participantes na reforma e abertura da China, a Fran\u00e7a contribuiu para o impulso de moderniza\u00e7\u00e3o da China e beneficiou dela. Uma amizade mais profunda exige interc\u00e2mbios frequentes e uma coopera\u00e7\u00e3o mais estreita. Sempre consideramos a Fran\u00e7a um parceiro de coopera\u00e7\u00e3o priorit\u00e1rio e confi\u00e1vel. Estamos empenhados em expandir as nossas rela\u00e7\u00f5es comerciais em amplitude e profundidade, abrindo novas \u00e1reas, criando novos modelos e promovendo novas \u00e1reas de crescimento. A China continuar\u00e1 a fazer pleno uso do mecanismo de coordena\u00e7\u00e3o r\u00e1pida de toda a cadeia \u201cda fazenda francesa \u00e0 mesa de jantar chinesa\u201d e a trazer mais queijo, presunto, vinho e outros produtos agr\u00edcolas de qualidade da Fran\u00e7a para as mesas de jantar das fam\u00edlias chinesas. A China decidiu prolongar a isen\u00e7\u00e3o de visto para cidad\u00e3os de 12 pa\u00edses, incluindo a Fran\u00e7a, em visitas de curta dura\u00e7\u00e3o \u00e0 China at\u00e9 ao final de 2025, um passo que ir\u00e1 impulsionar ainda mais os interc\u00e2mbios interpessoais.<\/p>\n<p>\u2014Olhando para o futuro, trabalharemos com a Fran\u00e7a para aprofundar a coopera\u00e7\u00e3o mutuamente ben\u00e9fica entre a China e a Europa. A China e a Europa s\u00e3o duas grandes for\u00e7as na constru\u00e7\u00e3o de um mundo multipolar, dois grandes mercados que promovem a globaliza\u00e7\u00e3o e duas grandes civiliza\u00e7\u00f5es que defendem a diversidade cultural. As rela\u00e7\u00f5es China-Europa s\u00e3o cruciais para a paz, a estabilidade e a prosperidade do mundo. Os dois lados devem sempre definir as rela\u00e7\u00f5es China-Europa como uma parceria estrat\u00e9gica abrangente, continuar a refor\u00e7ar a confian\u00e7a pol\u00edtica m\u00fatua, eliminar v\u00e1rias distra\u00e7\u00f5es e opor-se conjuntamente \u00e0s tentativas de transformar as rela\u00e7\u00f5es comerciais em quest\u00f5es pol\u00edticas, ideol\u00f3gicas ou de seguran\u00e7a. Esperamos que a Europa trabalhe em conjunto conosco para aumentar a compreens\u00e3o atrav\u00e9s do di\u00e1logo, resolver as diferen\u00e7as atrav\u00e9s da coopera\u00e7\u00e3o e neutralizar os riscos com uma maior confian\u00e7a m\u00fatua. Dever\u00edamos transformar a China e a Europa em parceiros-chave um do outro para a coopera\u00e7\u00e3o empresarial, parceiros priorit\u00e1rios para a coopera\u00e7\u00e3o em ci\u00eancia e tecnologia e parceiros confi\u00e1veis para a coopera\u00e7\u00e3o nas cadeias industriais e de abastecimento. A China ir\u00e1, por sua pr\u00f3pria iniciativa, abrir ainda mais o sector dos servi\u00e7os, incluindo as telecomunica\u00e7\u00f5es e os servi\u00e7os m\u00e9dicos, e abrir mais o seu mercado para criar mais oportunidades para as empresas de Fran\u00e7a, da Europa e de outros pa\u00edses.<\/p>\n<p>\u2014Olhando para o futuro, estamos prontos para dar as m\u00e3os \u00e0 Fran\u00e7a para enfrentar os desafios globais. O mundo enfrenta hoje um crescente d\u00e9fice de paz, um d\u00e9fice de desenvolvimento, um d\u00e9fice de seguran\u00e7a e um d\u00e9fice de governa\u00e7\u00e3o. Tanto a China como a Fran\u00e7a s\u00e3o grandes pa\u00edses independentes e membros permanentes do Conselho de Seguran\u00e7a da ONU. Isto significa que os nossos dois pa\u00edses precisam de assumir as nossas responsabilidades e miss\u00f5es para aumentar a estabilidade nas rela\u00e7\u00f5es China-Fran\u00e7a para enfrentar as incertezas do mundo. Precisamos de intensificar a coordena\u00e7\u00e3o na ONU e proporcionar mais lideran\u00e7a e apoio \u00e0 governa\u00e7\u00e3o global, de modo a construir um mundo multipolar igualit\u00e1rio e ordenado. A China e a Fran\u00e7a precisam de praticar o verdadeiro multilateralismo, promover ainda mais a reforma global da OMC, defender a autoridade e o desempenho do regime comercial multilateral com a OMC no seu n\u00facleo, manter a economia global aberta e promover uma globaliza\u00e7\u00e3o econ\u00f4mica universalmente ben\u00e9fica e inclusiva. A China e a Fran\u00e7a precisam de exortar a comunidade internacional a unir for\u00e7as, defender os objetivos e princ\u00edpios da Conven\u00e7\u00e3o-Quadro das Na\u00e7\u00f5es Unidas sobre Mudan\u00e7as Clim\u00e1ticas e do Acordo de Paris, abordar ativamente as altera\u00e7\u00f5es clim\u00e1ticas, avan\u00e7ar no processo global de prote\u00e7\u00e3o da biodiversidade e proteger conjuntamente a Terra, nosso lar comum.<\/p>\n<p>Senhoras e senhores,<\/p>\n<p>Amigos,<\/p>\n<p>A reforma e a abertura, um esfor\u00e7o verdadeiramente not\u00e1vel, s\u00e3o a caracter\u00edstica que define a China hoje. A China procura uma abertura de alto padr\u00e3o para promover reformas profundas e um desenvolvimento de alta qualidade. Estamos a modernizar as ind\u00fastrias tradicionais, promover as ind\u00fastrias emergentes, lan\u00e7ar as bases para as ind\u00fastrias futuras e avan\u00e7ar mais rapidamente para promover novas for\u00e7as produtivas de qualidade. Estamos a considerar e tomar medidas importantes para aprofundar ainda mais a reforma em todos os n\u00edveis, expandir de forma constante a abertura institucional, expandir ainda mais o acesso ao mercado e encurtar a lista negativa para o investimento estrangeiro. Tudo isto criar\u00e1 um mercado ainda maior e apresentar\u00e1 mais oportunidades de coopera\u00e7\u00e3o de benef\u00edcios rec\u00edprocos para a Fran\u00e7a e outros pa\u00edses. Damos as boas-vindas aos empres\u00e1rios franceses presentes para desempenharem um papel ativo no processo de moderniza\u00e7\u00e3o chinesa e beneficiarem das oportunidades de desenvolvimento da China.<\/p>\n<p>Senhoras e senhores,<\/p>\n<p>Amigos,<\/p>\n<p>Em mais de dois meses, os Jogos Ol\u00edmpicos de Paris 2024 ser\u00e3o abertos \u00e0s margens do belo rio Sena. Os Jogos Ol\u00edmpicos s\u00e3o um s\u00edmbolo de solidariedade, amizade e aprendizagem m\u00fatua entre civiliza\u00e7\u00f5es. Continuemos comprometidos com o objetivo estabelecido pelos nossos dois pa\u00edses quando os nossos la\u00e7os diplom\u00e1ticos foram forjados, impulsionemos a nossa amizade tradicional e pratiquemos o lema ol\u00edmpico de \u201cMais R\u00e1pido, Mais Alto, Mais Forte &#8211; Juntos\u201d. Vamos dar as m\u00e3os para abrir uma nova era de coopera\u00e7\u00e3o China-Fran\u00e7a e escrever um novo cap\u00edtulo na constru\u00e7\u00e3o de uma comunidade de um futuro partilhado para a humanidade.<\/p>\n<p>Obrigado!<\/p>\n","protected":false},"excerpt":{"rendered":"<p>Sua Excel\u00eancia Presidente Emmanuel Macron, Representantes das comunidades empresariais chinesa e francesa, Senhoras e senhores, Amigos, \u00c9 para mim um grande prazer participar novamente na reuni\u00e3o do Conselho Empresarial China-Fran\u00e7a com o Presidente Macron daqui a pouco mais de um&#8230;<\/p>\n","protected":false},"author":2,"featured_media":0,"comment_status":"open","ping_status":"open","sticky":false,"template":"","format":"standard","meta":{"footnotes":""},"categories":[8],"tags":[],"class_list":["post-5233","post","type-post","status-publish","format-standard","hentry","category-internacional"],"yoast_head":"<!-- This site is optimized with the Yoast SEO plugin v27.4 - https:\/\/yoast.com\/product\/yoast-seo-wordpress\/ -->\n<title>Aproveitando as conquistas anteriores para inaugurarmos conjuntamente uma nova era na coopera\u00e7\u00e3o China-Fran\u00e7a - CRI e Diario de Pernambuco<\/title>\n<meta name=\"robots\" content=\"index, follow, max-snippet:-1, max-image-preview:large, max-video-preview:-1\" \/>\n<link rel=\"canonical\" href=\"https:\/\/diariodepe.com.br\/cri\/2024\/05\/06\/aproveitando-as-conquistas-anteriores-para-inaugurarmos-conjuntamente-uma-nova-era-na-cooperacao-china-franca\/\" \/>\n<meta property=\"og:locale\" content=\"pt_BR\" \/>\n<meta property=\"og:type\" content=\"article\" \/>\n<meta property=\"og:title\" content=\"Aproveitando as conquistas anteriores para inaugurarmos conjuntamente uma nova era na coopera\u00e7\u00e3o China-Fran\u00e7a - CRI e Diario de Pernambuco\" \/>\n<meta property=\"og:description\" content=\"Sua Excel\u00eancia Presidente Emmanuel Macron, Representantes das comunidades empresariais chinesa e francesa, Senhoras e senhores, Amigos, \u00c9 para mim um grande prazer participar novamente na reuni\u00e3o do Conselho Empresarial China-Fran\u00e7a com o Presidente Macron daqui a pouco mais de um...\" \/>\n<meta property=\"og:url\" content=\"https:\/\/diariodepe.com.br\/cri\/2024\/05\/06\/aproveitando-as-conquistas-anteriores-para-inaugurarmos-conjuntamente-uma-nova-era-na-cooperacao-china-franca\/\" \/>\n<meta property=\"og:site_name\" content=\"CRI e Diario de Pernambuco\" \/>\n<meta property=\"article:published_time\" content=\"2024-05-07T01:57:15+00:00\" \/>\n<meta name=\"author\" content=\"Ismael Lucas S. Pereira\" \/>\n<meta name=\"twitter:card\" content=\"summary_large_image\" \/>\n<meta name=\"twitter:label1\" content=\"Escrito por\" \/>\n\t<meta name=\"twitter:data1\" content=\"Ismael Lucas S. Pereira\" \/>\n\t<meta name=\"twitter:label2\" content=\"Est. tempo de leitura\" \/>\n\t<meta name=\"twitter:data2\" content=\"8 minutos\" \/>\n<script type=\"application\/ld+json\" class=\"yoast-schema-graph\">{\"@context\":\"https:\\\/\\\/schema.org\",\"@graph\":[{\"@type\":\"Article\",\"@id\":\"https:\\\/\\\/diariodepe.com.br\\\/cri\\\/2024\\\/05\\\/06\\\/aproveitando-as-conquistas-anteriores-para-inaugurarmos-conjuntamente-uma-nova-era-na-cooperacao-china-franca\\\/#article\",\"isPartOf\":{\"@id\":\"https:\\\/\\\/diariodepe.com.br\\\/cri\\\/2024\\\/05\\\/06\\\/aproveitando-as-conquistas-anteriores-para-inaugurarmos-conjuntamente-uma-nova-era-na-cooperacao-china-franca\\\/\"},\"author\":{\"name\":\"Ismael Lucas S. Pereira\",\"@id\":\"https:\\\/\\\/diariodepe.com.br\\\/cri\\\/#\\\/schema\\\/person\\\/121bb28d84f1a5b1205ef4ce9c2e0c6b\"},\"headline\":\"Aproveitando as conquistas anteriores para inaugurarmos conjuntamente uma nova era na coopera\u00e7\u00e3o China-Fran\u00e7a\",\"datePublished\":\"2024-05-07T01:57:15+00:00\",\"mainEntityOfPage\":{\"@id\":\"https:\\\/\\\/diariodepe.com.br\\\/cri\\\/2024\\\/05\\\/06\\\/aproveitando-as-conquistas-anteriores-para-inaugurarmos-conjuntamente-uma-nova-era-na-cooperacao-china-franca\\\/\"},\"wordCount\":1642,\"commentCount\":0,\"publisher\":{\"@id\":\"https:\\\/\\\/diariodepe.com.br\\\/cri\\\/#organization\"},\"articleSection\":[\"Internacional\"],\"inLanguage\":\"pt-BR\",\"potentialAction\":[{\"@type\":\"CommentAction\",\"name\":\"Comment\",\"target\":[\"https:\\\/\\\/diariodepe.com.br\\\/cri\\\/2024\\\/05\\\/06\\\/aproveitando-as-conquistas-anteriores-para-inaugurarmos-conjuntamente-uma-nova-era-na-cooperacao-china-franca\\\/#respond\"]}]},{\"@type\":\"WebPage\",\"@id\":\"https:\\\/\\\/diariodepe.com.br\\\/cri\\\/2024\\\/05\\\/06\\\/aproveitando-as-conquistas-anteriores-para-inaugurarmos-conjuntamente-uma-nova-era-na-cooperacao-china-franca\\\/\",\"url\":\"https:\\\/\\\/diariodepe.com.br\\\/cri\\\/2024\\\/05\\\/06\\\/aproveitando-as-conquistas-anteriores-para-inaugurarmos-conjuntamente-uma-nova-era-na-cooperacao-china-franca\\\/\",\"name\":\"Aproveitando as conquistas anteriores para inaugurarmos conjuntamente uma nova era na coopera\u00e7\u00e3o China-Fran\u00e7a - CRI e Diario de Pernambuco\",\"isPartOf\":{\"@id\":\"https:\\\/\\\/diariodepe.com.br\\\/cri\\\/#website\"},\"datePublished\":\"2024-05-07T01:57:15+00:00\",\"breadcrumb\":{\"@id\":\"https:\\\/\\\/diariodepe.com.br\\\/cri\\\/2024\\\/05\\\/06\\\/aproveitando-as-conquistas-anteriores-para-inaugurarmos-conjuntamente-uma-nova-era-na-cooperacao-china-franca\\\/#breadcrumb\"},\"inLanguage\":\"pt-BR\",\"potentialAction\":[{\"@type\":\"ReadAction\",\"target\":[\"https:\\\/\\\/diariodepe.com.br\\\/cri\\\/2024\\\/05\\\/06\\\/aproveitando-as-conquistas-anteriores-para-inaugurarmos-conjuntamente-uma-nova-era-na-cooperacao-china-franca\\\/\"]}]},{\"@type\":\"BreadcrumbList\",\"@id\":\"https:\\\/\\\/diariodepe.com.br\\\/cri\\\/2024\\\/05\\\/06\\\/aproveitando-as-conquistas-anteriores-para-inaugurarmos-conjuntamente-uma-nova-era-na-cooperacao-china-franca\\\/#breadcrumb\",\"itemListElement\":[{\"@type\":\"ListItem\",\"position\":1,\"name\":\"In\u00edcio\",\"item\":\"https:\\\/\\\/diariodepe.com.br\\\/cri\\\/\"},{\"@type\":\"ListItem\",\"position\":2,\"name\":\"Aproveitando as conquistas anteriores para inaugurarmos conjuntamente uma nova era na coopera\u00e7\u00e3o China-Fran\u00e7a\"}]},{\"@type\":\"WebSite\",\"@id\":\"https:\\\/\\\/diariodepe.com.br\\\/cri\\\/#website\",\"url\":\"https:\\\/\\\/diariodepe.com.br\\\/cri\\\/\",\"name\":\"CRI e Diario de Pernambuco\",\"description\":\"R\u00e1dio Internacional da China\",\"publisher\":{\"@id\":\"https:\\\/\\\/diariodepe.com.br\\\/cri\\\/#organization\"},\"potentialAction\":[{\"@type\":\"SearchAction\",\"target\":{\"@type\":\"EntryPoint\",\"urlTemplate\":\"https:\\\/\\\/diariodepe.com.br\\\/cri\\\/?s={search_term_string}\"},\"query-input\":{\"@type\":\"PropertyValueSpecification\",\"valueRequired\":true,\"valueName\":\"search_term_string\"}}],\"inLanguage\":\"pt-BR\"},{\"@type\":\"Organization\",\"@id\":\"https:\\\/\\\/diariodepe.com.br\\\/cri\\\/#organization\",\"name\":\"CRI e Diario de Pernambuco\",\"url\":\"https:\\\/\\\/diariodepe.com.br\\\/cri\\\/\",\"logo\":{\"@type\":\"ImageObject\",\"inLanguage\":\"pt-BR\",\"@id\":\"https:\\\/\\\/diariodepe.com.br\\\/cri\\\/#\\\/schema\\\/logo\\\/image\\\/\",\"url\":\"https:\\\/\\\/diariodepe.com.br\\\/cri\\\/wp-content\\\/uploads\\\/sites\\\/2\\\/2022\\\/12\\\/cropped-Logo.jpg\",\"contentUrl\":\"https:\\\/\\\/diariodepe.com.br\\\/cri\\\/wp-content\\\/uploads\\\/sites\\\/2\\\/2022\\\/12\\\/cropped-Logo.jpg\",\"width\":700,\"height\":59,\"caption\":\"CRI e Diario de Pernambuco\"},\"image\":{\"@id\":\"https:\\\/\\\/diariodepe.com.br\\\/cri\\\/#\\\/schema\\\/logo\\\/image\\\/\"}},{\"@type\":\"Person\",\"@id\":\"https:\\\/\\\/diariodepe.com.br\\\/cri\\\/#\\\/schema\\\/person\\\/121bb28d84f1a5b1205ef4ce9c2e0c6b\",\"name\":\"Ismael Lucas S. Pereira\",\"image\":{\"@type\":\"ImageObject\",\"inLanguage\":\"pt-BR\",\"@id\":\"https:\\\/\\\/secure.gravatar.com\\\/avatar\\\/887a0f3b5a7ceea963a48499fb883ffce6b5037362def025c52c2505b15d63e4?s=96&d=mm&r=g\",\"url\":\"https:\\\/\\\/secure.gravatar.com\\\/avatar\\\/887a0f3b5a7ceea963a48499fb883ffce6b5037362def025c52c2505b15d63e4?s=96&d=mm&r=g\",\"contentUrl\":\"https:\\\/\\\/secure.gravatar.com\\\/avatar\\\/887a0f3b5a7ceea963a48499fb883ffce6b5037362def025c52c2505b15d63e4?s=96&d=mm&r=g\",\"caption\":\"Ismael Lucas S. Pereira\"},\"url\":\"https:\\\/\\\/diariodepe.com.br\\\/cri\\\/author\\\/ismael-lucas\\\/\"}]}<\/script>\n<!-- \/ Yoast SEO plugin. -->","yoast_head_json":{"title":"Aproveitando as conquistas anteriores para inaugurarmos conjuntamente uma nova era na coopera\u00e7\u00e3o China-Fran\u00e7a - CRI e Diario de Pernambuco","robots":{"index":"index","follow":"follow","max-snippet":"max-snippet:-1","max-image-preview":"max-image-preview:large","max-video-preview":"max-video-preview:-1"},"canonical":"https:\/\/diariodepe.com.br\/cri\/2024\/05\/06\/aproveitando-as-conquistas-anteriores-para-inaugurarmos-conjuntamente-uma-nova-era-na-cooperacao-china-franca\/","og_locale":"pt_BR","og_type":"article","og_title":"Aproveitando as conquistas anteriores para inaugurarmos conjuntamente uma nova era na coopera\u00e7\u00e3o China-Fran\u00e7a - CRI e Diario de Pernambuco","og_description":"Sua Excel\u00eancia Presidente Emmanuel Macron, Representantes das comunidades empresariais chinesa e francesa, Senhoras e senhores, Amigos, \u00c9 para mim um grande prazer participar novamente na reuni\u00e3o do Conselho Empresarial China-Fran\u00e7a com o Presidente Macron daqui a pouco mais de um...","og_url":"https:\/\/diariodepe.com.br\/cri\/2024\/05\/06\/aproveitando-as-conquistas-anteriores-para-inaugurarmos-conjuntamente-uma-nova-era-na-cooperacao-china-franca\/","og_site_name":"CRI e Diario de Pernambuco","article_published_time":"2024-05-07T01:57:15+00:00","author":"Ismael Lucas S. Pereira","twitter_card":"summary_large_image","twitter_misc":{"Escrito por":"Ismael Lucas S. Pereira","Est. tempo de leitura":"8 minutos"},"schema":{"@context":"https:\/\/schema.org","@graph":[{"@type":"Article","@id":"https:\/\/diariodepe.com.br\/cri\/2024\/05\/06\/aproveitando-as-conquistas-anteriores-para-inaugurarmos-conjuntamente-uma-nova-era-na-cooperacao-china-franca\/#article","isPartOf":{"@id":"https:\/\/diariodepe.com.br\/cri\/2024\/05\/06\/aproveitando-as-conquistas-anteriores-para-inaugurarmos-conjuntamente-uma-nova-era-na-cooperacao-china-franca\/"},"author":{"name":"Ismael Lucas S. Pereira","@id":"https:\/\/diariodepe.com.br\/cri\/#\/schema\/person\/121bb28d84f1a5b1205ef4ce9c2e0c6b"},"headline":"Aproveitando as conquistas anteriores para inaugurarmos conjuntamente uma nova era na coopera\u00e7\u00e3o China-Fran\u00e7a","datePublished":"2024-05-07T01:57:15+00:00","mainEntityOfPage":{"@id":"https:\/\/diariodepe.com.br\/cri\/2024\/05\/06\/aproveitando-as-conquistas-anteriores-para-inaugurarmos-conjuntamente-uma-nova-era-na-cooperacao-china-franca\/"},"wordCount":1642,"commentCount":0,"publisher":{"@id":"https:\/\/diariodepe.com.br\/cri\/#organization"},"articleSection":["Internacional"],"inLanguage":"pt-BR","potentialAction":[{"@type":"CommentAction","name":"Comment","target":["https:\/\/diariodepe.com.br\/cri\/2024\/05\/06\/aproveitando-as-conquistas-anteriores-para-inaugurarmos-conjuntamente-uma-nova-era-na-cooperacao-china-franca\/#respond"]}]},{"@type":"WebPage","@id":"https:\/\/diariodepe.com.br\/cri\/2024\/05\/06\/aproveitando-as-conquistas-anteriores-para-inaugurarmos-conjuntamente-uma-nova-era-na-cooperacao-china-franca\/","url":"https:\/\/diariodepe.com.br\/cri\/2024\/05\/06\/aproveitando-as-conquistas-anteriores-para-inaugurarmos-conjuntamente-uma-nova-era-na-cooperacao-china-franca\/","name":"Aproveitando as conquistas anteriores para inaugurarmos conjuntamente uma nova era na coopera\u00e7\u00e3o China-Fran\u00e7a - CRI e Diario de Pernambuco","isPartOf":{"@id":"https:\/\/diariodepe.com.br\/cri\/#website"},"datePublished":"2024-05-07T01:57:15+00:00","breadcrumb":{"@id":"https:\/\/diariodepe.com.br\/cri\/2024\/05\/06\/aproveitando-as-conquistas-anteriores-para-inaugurarmos-conjuntamente-uma-nova-era-na-cooperacao-china-franca\/#breadcrumb"},"inLanguage":"pt-BR","potentialAction":[{"@type":"ReadAction","target":["https:\/\/diariodepe.com.br\/cri\/2024\/05\/06\/aproveitando-as-conquistas-anteriores-para-inaugurarmos-conjuntamente-uma-nova-era-na-cooperacao-china-franca\/"]}]},{"@type":"BreadcrumbList","@id":"https:\/\/diariodepe.com.br\/cri\/2024\/05\/06\/aproveitando-as-conquistas-anteriores-para-inaugurarmos-conjuntamente-uma-nova-era-na-cooperacao-china-franca\/#breadcrumb","itemListElement":[{"@type":"ListItem","position":1,"name":"In\u00edcio","item":"https:\/\/diariodepe.com.br\/cri\/"},{"@type":"ListItem","position":2,"name":"Aproveitando as conquistas anteriores para inaugurarmos conjuntamente uma nova era na coopera\u00e7\u00e3o China-Fran\u00e7a"}]},{"@type":"WebSite","@id":"https:\/\/diariodepe.com.br\/cri\/#website","url":"https:\/\/diariodepe.com.br\/cri\/","name":"CRI e Diario de Pernambuco","description":"R\u00e1dio Internacional da China","publisher":{"@id":"https:\/\/diariodepe.com.br\/cri\/#organization"},"potentialAction":[{"@type":"SearchAction","target":{"@type":"EntryPoint","urlTemplate":"https:\/\/diariodepe.com.br\/cri\/?s={search_term_string}"},"query-input":{"@type":"PropertyValueSpecification","valueRequired":true,"valueName":"search_term_string"}}],"inLanguage":"pt-BR"},{"@type":"Organization","@id":"https:\/\/diariodepe.com.br\/cri\/#organization","name":"CRI e Diario de Pernambuco","url":"https:\/\/diariodepe.com.br\/cri\/","logo":{"@type":"ImageObject","inLanguage":"pt-BR","@id":"https:\/\/diariodepe.com.br\/cri\/#\/schema\/logo\/image\/","url":"https:\/\/diariodepe.com.br\/cri\/wp-content\/uploads\/sites\/2\/2022\/12\/cropped-Logo.jpg","contentUrl":"https:\/\/diariodepe.com.br\/cri\/wp-content\/uploads\/sites\/2\/2022\/12\/cropped-Logo.jpg","width":700,"height":59,"caption":"CRI e Diario de Pernambuco"},"image":{"@id":"https:\/\/diariodepe.com.br\/cri\/#\/schema\/logo\/image\/"}},{"@type":"Person","@id":"https:\/\/diariodepe.com.br\/cri\/#\/schema\/person\/121bb28d84f1a5b1205ef4ce9c2e0c6b","name":"Ismael Lucas S. Pereira","image":{"@type":"ImageObject","inLanguage":"pt-BR","@id":"https:\/\/secure.gravatar.com\/avatar\/887a0f3b5a7ceea963a48499fb883ffce6b5037362def025c52c2505b15d63e4?s=96&d=mm&r=g","url":"https:\/\/secure.gravatar.com\/avatar\/887a0f3b5a7ceea963a48499fb883ffce6b5037362def025c52c2505b15d63e4?s=96&d=mm&r=g","contentUrl":"https:\/\/secure.gravatar.com\/avatar\/887a0f3b5a7ceea963a48499fb883ffce6b5037362def025c52c2505b15d63e4?s=96&d=mm&r=g","caption":"Ismael Lucas S. Pereira"},"url":"https:\/\/diariodepe.com.br\/cri\/author\/ismael-lucas\/"}]}},"cc_featured_image_caption":{"caption_text":false,"source_text":false,"source_url":false},"amp_enabled":true,"_links":{"self":[{"href":"https:\/\/diariodepe.com.br\/cri\/wp-json\/wp\/v2\/posts\/5233","targetHints":{"allow":["GET"]}}],"collection":[{"href":"https:\/\/diariodepe.com.br\/cri\/wp-json\/wp\/v2\/posts"}],"about":[{"href":"https:\/\/diariodepe.com.br\/cri\/wp-json\/wp\/v2\/types\/post"}],"author":[{"embeddable":true,"href":"https:\/\/diariodepe.com.br\/cri\/wp-json\/wp\/v2\/users\/2"}],"replies":[{"embeddable":true,"href":"https:\/\/diariodepe.com.br\/cri\/wp-json\/wp\/v2\/comments?post=5233"}],"version-history":[{"count":1,"href":"https:\/\/diariodepe.com.br\/cri\/wp-json\/wp\/v2\/posts\/5233\/revisions"}],"predecessor-version":[{"id":5234,"href":"https:\/\/diariodepe.com.br\/cri\/wp-json\/wp\/v2\/posts\/5233\/revisions\/5234"}],"wp:attachment":[{"href":"https:\/\/diariodepe.com.br\/cri\/wp-json\/wp\/v2\/media?parent=5233"}],"wp:term":[{"taxonomy":"category","embeddable":true,"href":"https:\/\/diariodepe.com.br\/cri\/wp-json\/wp\/v2\/categories?post=5233"},{"taxonomy":"post_tag","embeddable":true,"href":"https:\/\/diariodepe.com.br\/cri\/wp-json\/wp\/v2\/tags?post=5233"}],"curies":[{"name":"wp","href":"https:\/\/api.w.org\/{rel}","templated":true}]}}