{"id":5182,"date":"2024-05-03T08:19:08","date_gmt":"2024-05-03T11:19:08","guid":{"rendered":"https:\/\/diariodepe.com.br\/cri\/?p=5182"},"modified":"2024-05-03T08:19:08","modified_gmt":"2024-05-03T11:19:08","slug":"versao-internacional-de-classicos-citados-por-xi-jinping-e-transmitida-na-franca","status":"publish","type":"post","link":"https:\/\/diariodepe.com.br\/cri\/2024\/05\/03\/versao-internacional-de-classicos-citados-por-xi-jinping-e-transmitida-na-franca\/","title":{"rendered":"Vers\u00e3o internacional de Cl\u00e1ssicos Citados por Xi Jinping \u00e9 transmitida na Fran\u00e7a"},"content":{"rendered":"<div>\n<div>\n<div id=\"abody\">\n<p><img decoding=\"async\" src=\"https:\/\/p2crires.cri.cn\/photoworkspace\/cri\/contentimg\/2024\/05\/03\/2024050319102298119.jpg\" alt=\"\" width=\"1000\" data-spm-anchor-id=\"0.0.0.i4\" \/><\/p>\n<p data-spm-anchor-id=\"0.0.0.i1\">\u00c0s v\u00e9speras da visita de Estado do presidente chin\u00eas, Xi Jinping, \u00e0 Fran\u00e7a, de 5 a 10 de maio, a vers\u00e3o internacional do programa <em>Cl\u00e1ssicos Citados por Xi Jinping<\/em>, produzido pelo Grupo de M\u00eddia da China (CMG, na sigla em ingl\u00eas), come\u00e7ou a ser transmitida nos principais meios de comunica\u00e7\u00e3o franceses, como o <em>DailyMotion<\/em> e o grupo de m\u00eddia <em>Entreprendre<\/em>, nessa quinta-feira (2).<\/p>\n<p>O programa se concentra em temas como o desenvolvimento verde, a civiliza\u00e7\u00e3o ecol\u00f3gica, a constru\u00e7\u00e3o do estado de direito, a prosperidade comum e a prote\u00e7\u00e3o do patrim\u00f4nio cultural, e seleciona os livros antigos e prov\u00e9rbios cl\u00e1ssicos chineses citados por Xi Jinping em discursos, artigos e conversas importantes. Com uma perspetiva internacional, o programa narra a cultura chinesa e suas hist\u00f3rias e sabedorias, exibindo ao mundo as ra\u00edzes culturais da moderniza\u00e7\u00e3o do pa\u00eds e o charme \u00fanico chin\u00eas na nova era.<\/p>\n<p>O programa tamb\u00e9m ser\u00e1 transmitido em cerca de 100 importantes ve\u00edculos de imprensa na Europa e no restante do mundo.<\/p>\n<\/div>\n<\/div>\n<\/div>\n","protected":false},"excerpt":{"rendered":"<p>\u00c0s v\u00e9speras da visita de Estado do presidente chin\u00eas, Xi Jinping, \u00e0 Fran\u00e7a, de 5 a 10 de maio, a vers\u00e3o internacional do programa Cl\u00e1ssicos Citados por Xi Jinping, produzido pelo Grupo de M\u00eddia da China (CMG, na sigla em&#8230;<\/p>\n","protected":false},"author":2,"featured_media":0,"comment_status":"open","ping_status":"open","sticky":false,"template":"","format":"standard","meta":{"footnotes":""},"categories":[8],"tags":[],"class_list":["post-5182","post","type-post","status-publish","format-standard","hentry","category-internacional"],"yoast_head":"<!-- This site is optimized with the Yoast SEO plugin v27.4 - https:\/\/yoast.com\/product\/yoast-seo-wordpress\/ -->\n<title>Vers\u00e3o internacional de Cl\u00e1ssicos Citados por Xi Jinping \u00e9 transmitida na Fran\u00e7a - CRI e Diario de Pernambuco<\/title>\n<meta name=\"robots\" content=\"index, follow, max-snippet:-1, max-image-preview:large, max-video-preview:-1\" \/>\n<link rel=\"canonical\" href=\"https:\/\/diariodepe.com.br\/cri\/2024\/05\/03\/versao-internacional-de-classicos-citados-por-xi-jinping-e-transmitida-na-franca\/\" \/>\n<meta property=\"og:locale\" content=\"pt_BR\" \/>\n<meta property=\"og:type\" content=\"article\" \/>\n<meta property=\"og:title\" content=\"Vers\u00e3o internacional de Cl\u00e1ssicos Citados por Xi Jinping \u00e9 transmitida na Fran\u00e7a - CRI e Diario de Pernambuco\" \/>\n<meta property=\"og:description\" content=\"\u00c0s v\u00e9speras da visita de Estado do presidente chin\u00eas, Xi Jinping, \u00e0 Fran\u00e7a, de 5 a 10 de maio, a vers\u00e3o internacional do programa Cl\u00e1ssicos Citados por Xi Jinping, produzido pelo Grupo de M\u00eddia da China (CMG, na sigla em...\" \/>\n<meta property=\"og:url\" content=\"https:\/\/diariodepe.com.br\/cri\/2024\/05\/03\/versao-internacional-de-classicos-citados-por-xi-jinping-e-transmitida-na-franca\/\" \/>\n<meta property=\"og:site_name\" content=\"CRI e Diario de Pernambuco\" \/>\n<meta property=\"article:published_time\" content=\"2024-05-03T11:19:08+00:00\" \/>\n<meta property=\"og:image\" content=\"https:\/\/p2crires.cri.cn\/photoworkspace\/cri\/contentimg\/2024\/05\/03\/2024050319102298119.jpg\" \/>\n<meta name=\"author\" content=\"Ismael Lucas S. Pereira\" \/>\n<meta name=\"twitter:card\" content=\"summary_large_image\" \/>\n<meta name=\"twitter:label1\" content=\"Escrito por\" \/>\n\t<meta name=\"twitter:data1\" content=\"Ismael Lucas S. Pereira\" \/>\n\t<meta name=\"twitter:label2\" content=\"Est. tempo de leitura\" \/>\n\t<meta name=\"twitter:data2\" content=\"2 minutos\" \/>\n<script type=\"application\/ld+json\" class=\"yoast-schema-graph\">{\"@context\":\"https:\\\/\\\/schema.org\",\"@graph\":[{\"@type\":\"Article\",\"@id\":\"https:\\\/\\\/diariodepe.com.br\\\/cri\\\/2024\\\/05\\\/03\\\/versao-internacional-de-classicos-citados-por-xi-jinping-e-transmitida-na-franca\\\/#article\",\"isPartOf\":{\"@id\":\"https:\\\/\\\/diariodepe.com.br\\\/cri\\\/2024\\\/05\\\/03\\\/versao-internacional-de-classicos-citados-por-xi-jinping-e-transmitida-na-franca\\\/\"},\"author\":{\"name\":\"Ismael Lucas S. Pereira\",\"@id\":\"https:\\\/\\\/diariodepe.com.br\\\/cri\\\/#\\\/schema\\\/person\\\/121bb28d84f1a5b1205ef4ce9c2e0c6b\"},\"headline\":\"Vers\u00e3o internacional de Cl\u00e1ssicos Citados por Xi Jinping \u00e9 transmitida na Fran\u00e7a\",\"datePublished\":\"2024-05-03T11:19:08+00:00\",\"mainEntityOfPage\":{\"@id\":\"https:\\\/\\\/diariodepe.com.br\\\/cri\\\/2024\\\/05\\\/03\\\/versao-internacional-de-classicos-citados-por-xi-jinping-e-transmitida-na-franca\\\/\"},\"wordCount\":196,\"commentCount\":0,\"publisher\":{\"@id\":\"https:\\\/\\\/diariodepe.com.br\\\/cri\\\/#organization\"},\"image\":{\"@id\":\"https:\\\/\\\/diariodepe.com.br\\\/cri\\\/2024\\\/05\\\/03\\\/versao-internacional-de-classicos-citados-por-xi-jinping-e-transmitida-na-franca\\\/#primaryimage\"},\"thumbnailUrl\":\"https:\\\/\\\/p2crires.cri.cn\\\/photoworkspace\\\/cri\\\/contentimg\\\/2024\\\/05\\\/03\\\/2024050319102298119.jpg\",\"articleSection\":[\"Internacional\"],\"inLanguage\":\"pt-BR\",\"potentialAction\":[{\"@type\":\"CommentAction\",\"name\":\"Comment\",\"target\":[\"https:\\\/\\\/diariodepe.com.br\\\/cri\\\/2024\\\/05\\\/03\\\/versao-internacional-de-classicos-citados-por-xi-jinping-e-transmitida-na-franca\\\/#respond\"]}]},{\"@type\":\"WebPage\",\"@id\":\"https:\\\/\\\/diariodepe.com.br\\\/cri\\\/2024\\\/05\\\/03\\\/versao-internacional-de-classicos-citados-por-xi-jinping-e-transmitida-na-franca\\\/\",\"url\":\"https:\\\/\\\/diariodepe.com.br\\\/cri\\\/2024\\\/05\\\/03\\\/versao-internacional-de-classicos-citados-por-xi-jinping-e-transmitida-na-franca\\\/\",\"name\":\"Vers\u00e3o internacional de Cl\u00e1ssicos Citados por Xi Jinping \u00e9 transmitida na Fran\u00e7a - CRI e Diario de Pernambuco\",\"isPartOf\":{\"@id\":\"https:\\\/\\\/diariodepe.com.br\\\/cri\\\/#website\"},\"primaryImageOfPage\":{\"@id\":\"https:\\\/\\\/diariodepe.com.br\\\/cri\\\/2024\\\/05\\\/03\\\/versao-internacional-de-classicos-citados-por-xi-jinping-e-transmitida-na-franca\\\/#primaryimage\"},\"image\":{\"@id\":\"https:\\\/\\\/diariodepe.com.br\\\/cri\\\/2024\\\/05\\\/03\\\/versao-internacional-de-classicos-citados-por-xi-jinping-e-transmitida-na-franca\\\/#primaryimage\"},\"thumbnailUrl\":\"https:\\\/\\\/p2crires.cri.cn\\\/photoworkspace\\\/cri\\\/contentimg\\\/2024\\\/05\\\/03\\\/2024050319102298119.jpg\",\"datePublished\":\"2024-05-03T11:19:08+00:00\",\"breadcrumb\":{\"@id\":\"https:\\\/\\\/diariodepe.com.br\\\/cri\\\/2024\\\/05\\\/03\\\/versao-internacional-de-classicos-citados-por-xi-jinping-e-transmitida-na-franca\\\/#breadcrumb\"},\"inLanguage\":\"pt-BR\",\"potentialAction\":[{\"@type\":\"ReadAction\",\"target\":[\"https:\\\/\\\/diariodepe.com.br\\\/cri\\\/2024\\\/05\\\/03\\\/versao-internacional-de-classicos-citados-por-xi-jinping-e-transmitida-na-franca\\\/\"]}]},{\"@type\":\"ImageObject\",\"inLanguage\":\"pt-BR\",\"@id\":\"https:\\\/\\\/diariodepe.com.br\\\/cri\\\/2024\\\/05\\\/03\\\/versao-internacional-de-classicos-citados-por-xi-jinping-e-transmitida-na-franca\\\/#primaryimage\",\"url\":\"https:\\\/\\\/p2crires.cri.cn\\\/photoworkspace\\\/cri\\\/contentimg\\\/2024\\\/05\\\/03\\\/2024050319102298119.jpg\",\"contentUrl\":\"https:\\\/\\\/p2crires.cri.cn\\\/photoworkspace\\\/cri\\\/contentimg\\\/2024\\\/05\\\/03\\\/2024050319102298119.jpg\"},{\"@type\":\"BreadcrumbList\",\"@id\":\"https:\\\/\\\/diariodepe.com.br\\\/cri\\\/2024\\\/05\\\/03\\\/versao-internacional-de-classicos-citados-por-xi-jinping-e-transmitida-na-franca\\\/#breadcrumb\",\"itemListElement\":[{\"@type\":\"ListItem\",\"position\":1,\"name\":\"In\u00edcio\",\"item\":\"https:\\\/\\\/diariodepe.com.br\\\/cri\\\/\"},{\"@type\":\"ListItem\",\"position\":2,\"name\":\"Vers\u00e3o internacional de Cl\u00e1ssicos Citados por Xi Jinping \u00e9 transmitida na Fran\u00e7a\"}]},{\"@type\":\"WebSite\",\"@id\":\"https:\\\/\\\/diariodepe.com.br\\\/cri\\\/#website\",\"url\":\"https:\\\/\\\/diariodepe.com.br\\\/cri\\\/\",\"name\":\"CRI e Diario de Pernambuco\",\"description\":\"R\u00e1dio Internacional da China\",\"publisher\":{\"@id\":\"https:\\\/\\\/diariodepe.com.br\\\/cri\\\/#organization\"},\"potentialAction\":[{\"@type\":\"SearchAction\",\"target\":{\"@type\":\"EntryPoint\",\"urlTemplate\":\"https:\\\/\\\/diariodepe.com.br\\\/cri\\\/?s={search_term_string}\"},\"query-input\":{\"@type\":\"PropertyValueSpecification\",\"valueRequired\":true,\"valueName\":\"search_term_string\"}}],\"inLanguage\":\"pt-BR\"},{\"@type\":\"Organization\",\"@id\":\"https:\\\/\\\/diariodepe.com.br\\\/cri\\\/#organization\",\"name\":\"CRI e Diario de Pernambuco\",\"url\":\"https:\\\/\\\/diariodepe.com.br\\\/cri\\\/\",\"logo\":{\"@type\":\"ImageObject\",\"inLanguage\":\"pt-BR\",\"@id\":\"https:\\\/\\\/diariodepe.com.br\\\/cri\\\/#\\\/schema\\\/logo\\\/image\\\/\",\"url\":\"https:\\\/\\\/diariodepe.com.br\\\/cri\\\/wp-content\\\/uploads\\\/sites\\\/2\\\/2022\\\/12\\\/cropped-Logo.jpg\",\"contentUrl\":\"https:\\\/\\\/diariodepe.com.br\\\/cri\\\/wp-content\\\/uploads\\\/sites\\\/2\\\/2022\\\/12\\\/cropped-Logo.jpg\",\"width\":700,\"height\":59,\"caption\":\"CRI e Diario de Pernambuco\"},\"image\":{\"@id\":\"https:\\\/\\\/diariodepe.com.br\\\/cri\\\/#\\\/schema\\\/logo\\\/image\\\/\"}},{\"@type\":\"Person\",\"@id\":\"https:\\\/\\\/diariodepe.com.br\\\/cri\\\/#\\\/schema\\\/person\\\/121bb28d84f1a5b1205ef4ce9c2e0c6b\",\"name\":\"Ismael Lucas S. Pereira\",\"image\":{\"@type\":\"ImageObject\",\"inLanguage\":\"pt-BR\",\"@id\":\"https:\\\/\\\/secure.gravatar.com\\\/avatar\\\/887a0f3b5a7ceea963a48499fb883ffce6b5037362def025c52c2505b15d63e4?s=96&d=mm&r=g\",\"url\":\"https:\\\/\\\/secure.gravatar.com\\\/avatar\\\/887a0f3b5a7ceea963a48499fb883ffce6b5037362def025c52c2505b15d63e4?s=96&d=mm&r=g\",\"contentUrl\":\"https:\\\/\\\/secure.gravatar.com\\\/avatar\\\/887a0f3b5a7ceea963a48499fb883ffce6b5037362def025c52c2505b15d63e4?s=96&d=mm&r=g\",\"caption\":\"Ismael Lucas S. Pereira\"},\"url\":\"https:\\\/\\\/diariodepe.com.br\\\/cri\\\/author\\\/ismael-lucas\\\/\"}]}<\/script>\n<!-- \/ Yoast SEO plugin. -->","yoast_head_json":{"title":"Vers\u00e3o internacional de Cl\u00e1ssicos Citados por Xi Jinping \u00e9 transmitida na Fran\u00e7a - CRI e Diario de Pernambuco","robots":{"index":"index","follow":"follow","max-snippet":"max-snippet:-1","max-image-preview":"max-image-preview:large","max-video-preview":"max-video-preview:-1"},"canonical":"https:\/\/diariodepe.com.br\/cri\/2024\/05\/03\/versao-internacional-de-classicos-citados-por-xi-jinping-e-transmitida-na-franca\/","og_locale":"pt_BR","og_type":"article","og_title":"Vers\u00e3o internacional de Cl\u00e1ssicos Citados por Xi Jinping \u00e9 transmitida na Fran\u00e7a - CRI e Diario de Pernambuco","og_description":"\u00c0s v\u00e9speras da visita de Estado do presidente chin\u00eas, Xi Jinping, \u00e0 Fran\u00e7a, de 5 a 10 de maio, a vers\u00e3o internacional do programa Cl\u00e1ssicos Citados por Xi Jinping, produzido pelo Grupo de M\u00eddia da China (CMG, na sigla em...","og_url":"https:\/\/diariodepe.com.br\/cri\/2024\/05\/03\/versao-internacional-de-classicos-citados-por-xi-jinping-e-transmitida-na-franca\/","og_site_name":"CRI e Diario de Pernambuco","article_published_time":"2024-05-03T11:19:08+00:00","og_image":[{"url":"https:\/\/p2crires.cri.cn\/photoworkspace\/cri\/contentimg\/2024\/05\/03\/2024050319102298119.jpg","type":"","width":"","height":""}],"author":"Ismael Lucas S. Pereira","twitter_card":"summary_large_image","twitter_misc":{"Escrito por":"Ismael Lucas S. Pereira","Est. tempo de leitura":"2 minutos"},"schema":{"@context":"https:\/\/schema.org","@graph":[{"@type":"Article","@id":"https:\/\/diariodepe.com.br\/cri\/2024\/05\/03\/versao-internacional-de-classicos-citados-por-xi-jinping-e-transmitida-na-franca\/#article","isPartOf":{"@id":"https:\/\/diariodepe.com.br\/cri\/2024\/05\/03\/versao-internacional-de-classicos-citados-por-xi-jinping-e-transmitida-na-franca\/"},"author":{"name":"Ismael Lucas S. Pereira","@id":"https:\/\/diariodepe.com.br\/cri\/#\/schema\/person\/121bb28d84f1a5b1205ef4ce9c2e0c6b"},"headline":"Vers\u00e3o internacional de Cl\u00e1ssicos Citados por Xi Jinping \u00e9 transmitida na Fran\u00e7a","datePublished":"2024-05-03T11:19:08+00:00","mainEntityOfPage":{"@id":"https:\/\/diariodepe.com.br\/cri\/2024\/05\/03\/versao-internacional-de-classicos-citados-por-xi-jinping-e-transmitida-na-franca\/"},"wordCount":196,"commentCount":0,"publisher":{"@id":"https:\/\/diariodepe.com.br\/cri\/#organization"},"image":{"@id":"https:\/\/diariodepe.com.br\/cri\/2024\/05\/03\/versao-internacional-de-classicos-citados-por-xi-jinping-e-transmitida-na-franca\/#primaryimage"},"thumbnailUrl":"https:\/\/p2crires.cri.cn\/photoworkspace\/cri\/contentimg\/2024\/05\/03\/2024050319102298119.jpg","articleSection":["Internacional"],"inLanguage":"pt-BR","potentialAction":[{"@type":"CommentAction","name":"Comment","target":["https:\/\/diariodepe.com.br\/cri\/2024\/05\/03\/versao-internacional-de-classicos-citados-por-xi-jinping-e-transmitida-na-franca\/#respond"]}]},{"@type":"WebPage","@id":"https:\/\/diariodepe.com.br\/cri\/2024\/05\/03\/versao-internacional-de-classicos-citados-por-xi-jinping-e-transmitida-na-franca\/","url":"https:\/\/diariodepe.com.br\/cri\/2024\/05\/03\/versao-internacional-de-classicos-citados-por-xi-jinping-e-transmitida-na-franca\/","name":"Vers\u00e3o internacional de Cl\u00e1ssicos Citados por Xi Jinping \u00e9 transmitida na Fran\u00e7a - CRI e Diario de Pernambuco","isPartOf":{"@id":"https:\/\/diariodepe.com.br\/cri\/#website"},"primaryImageOfPage":{"@id":"https:\/\/diariodepe.com.br\/cri\/2024\/05\/03\/versao-internacional-de-classicos-citados-por-xi-jinping-e-transmitida-na-franca\/#primaryimage"},"image":{"@id":"https:\/\/diariodepe.com.br\/cri\/2024\/05\/03\/versao-internacional-de-classicos-citados-por-xi-jinping-e-transmitida-na-franca\/#primaryimage"},"thumbnailUrl":"https:\/\/p2crires.cri.cn\/photoworkspace\/cri\/contentimg\/2024\/05\/03\/2024050319102298119.jpg","datePublished":"2024-05-03T11:19:08+00:00","breadcrumb":{"@id":"https:\/\/diariodepe.com.br\/cri\/2024\/05\/03\/versao-internacional-de-classicos-citados-por-xi-jinping-e-transmitida-na-franca\/#breadcrumb"},"inLanguage":"pt-BR","potentialAction":[{"@type":"ReadAction","target":["https:\/\/diariodepe.com.br\/cri\/2024\/05\/03\/versao-internacional-de-classicos-citados-por-xi-jinping-e-transmitida-na-franca\/"]}]},{"@type":"ImageObject","inLanguage":"pt-BR","@id":"https:\/\/diariodepe.com.br\/cri\/2024\/05\/03\/versao-internacional-de-classicos-citados-por-xi-jinping-e-transmitida-na-franca\/#primaryimage","url":"https:\/\/p2crires.cri.cn\/photoworkspace\/cri\/contentimg\/2024\/05\/03\/2024050319102298119.jpg","contentUrl":"https:\/\/p2crires.cri.cn\/photoworkspace\/cri\/contentimg\/2024\/05\/03\/2024050319102298119.jpg"},{"@type":"BreadcrumbList","@id":"https:\/\/diariodepe.com.br\/cri\/2024\/05\/03\/versao-internacional-de-classicos-citados-por-xi-jinping-e-transmitida-na-franca\/#breadcrumb","itemListElement":[{"@type":"ListItem","position":1,"name":"In\u00edcio","item":"https:\/\/diariodepe.com.br\/cri\/"},{"@type":"ListItem","position":2,"name":"Vers\u00e3o internacional de Cl\u00e1ssicos Citados por Xi Jinping \u00e9 transmitida na Fran\u00e7a"}]},{"@type":"WebSite","@id":"https:\/\/diariodepe.com.br\/cri\/#website","url":"https:\/\/diariodepe.com.br\/cri\/","name":"CRI e Diario de Pernambuco","description":"R\u00e1dio Internacional da China","publisher":{"@id":"https:\/\/diariodepe.com.br\/cri\/#organization"},"potentialAction":[{"@type":"SearchAction","target":{"@type":"EntryPoint","urlTemplate":"https:\/\/diariodepe.com.br\/cri\/?s={search_term_string}"},"query-input":{"@type":"PropertyValueSpecification","valueRequired":true,"valueName":"search_term_string"}}],"inLanguage":"pt-BR"},{"@type":"Organization","@id":"https:\/\/diariodepe.com.br\/cri\/#organization","name":"CRI e Diario de Pernambuco","url":"https:\/\/diariodepe.com.br\/cri\/","logo":{"@type":"ImageObject","inLanguage":"pt-BR","@id":"https:\/\/diariodepe.com.br\/cri\/#\/schema\/logo\/image\/","url":"https:\/\/diariodepe.com.br\/cri\/wp-content\/uploads\/sites\/2\/2022\/12\/cropped-Logo.jpg","contentUrl":"https:\/\/diariodepe.com.br\/cri\/wp-content\/uploads\/sites\/2\/2022\/12\/cropped-Logo.jpg","width":700,"height":59,"caption":"CRI e Diario de Pernambuco"},"image":{"@id":"https:\/\/diariodepe.com.br\/cri\/#\/schema\/logo\/image\/"}},{"@type":"Person","@id":"https:\/\/diariodepe.com.br\/cri\/#\/schema\/person\/121bb28d84f1a5b1205ef4ce9c2e0c6b","name":"Ismael Lucas S. Pereira","image":{"@type":"ImageObject","inLanguage":"pt-BR","@id":"https:\/\/secure.gravatar.com\/avatar\/887a0f3b5a7ceea963a48499fb883ffce6b5037362def025c52c2505b15d63e4?s=96&d=mm&r=g","url":"https:\/\/secure.gravatar.com\/avatar\/887a0f3b5a7ceea963a48499fb883ffce6b5037362def025c52c2505b15d63e4?s=96&d=mm&r=g","contentUrl":"https:\/\/secure.gravatar.com\/avatar\/887a0f3b5a7ceea963a48499fb883ffce6b5037362def025c52c2505b15d63e4?s=96&d=mm&r=g","caption":"Ismael Lucas S. Pereira"},"url":"https:\/\/diariodepe.com.br\/cri\/author\/ismael-lucas\/"}]}},"cc_featured_image_caption":{"caption_text":false,"source_text":false,"source_url":false},"amp_enabled":true,"_links":{"self":[{"href":"https:\/\/diariodepe.com.br\/cri\/wp-json\/wp\/v2\/posts\/5182","targetHints":{"allow":["GET"]}}],"collection":[{"href":"https:\/\/diariodepe.com.br\/cri\/wp-json\/wp\/v2\/posts"}],"about":[{"href":"https:\/\/diariodepe.com.br\/cri\/wp-json\/wp\/v2\/types\/post"}],"author":[{"embeddable":true,"href":"https:\/\/diariodepe.com.br\/cri\/wp-json\/wp\/v2\/users\/2"}],"replies":[{"embeddable":true,"href":"https:\/\/diariodepe.com.br\/cri\/wp-json\/wp\/v2\/comments?post=5182"}],"version-history":[{"count":1,"href":"https:\/\/diariodepe.com.br\/cri\/wp-json\/wp\/v2\/posts\/5182\/revisions"}],"predecessor-version":[{"id":5183,"href":"https:\/\/diariodepe.com.br\/cri\/wp-json\/wp\/v2\/posts\/5182\/revisions\/5183"}],"wp:attachment":[{"href":"https:\/\/diariodepe.com.br\/cri\/wp-json\/wp\/v2\/media?parent=5182"}],"wp:term":[{"taxonomy":"category","embeddable":true,"href":"https:\/\/diariodepe.com.br\/cri\/wp-json\/wp\/v2\/categories?post=5182"},{"taxonomy":"post_tag","embeddable":true,"href":"https:\/\/diariodepe.com.br\/cri\/wp-json\/wp\/v2\/tags?post=5182"}],"curies":[{"name":"wp","href":"https:\/\/api.w.org\/{rel}","templated":true}]}}