{"id":5176,"date":"2024-04-30T22:44:25","date_gmt":"2024-05-01T01:44:25","guid":{"rendered":"https:\/\/diariodepe.com.br\/cri\/?p=5176"},"modified":"2024-04-30T22:44:25","modified_gmt":"2024-05-01T01:44:25","slug":"paris-sedia-forum-de-alto-nivel-de-intercambio-de-humanidade-china-franca","status":"publish","type":"post","link":"https:\/\/diariodepe.com.br\/cri\/2024\/04\/30\/paris-sedia-forum-de-alto-nivel-de-intercambio-de-humanidade-china-franca\/","title":{"rendered":"Paris sedia F\u00f3rum de Alto N\u00edvel de Interc\u00e2mbio de Humanidade China-Fran\u00e7a"},"content":{"rendered":"<p>\u00c0s v\u00e9speras da visita de Estado do presidente chin\u00eas, Xi Jinping, \u00e0 Fran\u00e7a, a Associa\u00e7\u00e3o de Diplomacia P\u00fablica da China, o Grupo de M\u00eddia da China (CMG, na sigla em ingl\u00eas) e a embaixada da China na Fran\u00e7a realizaram em conjunto nesta ter\u00e7a-feira (30) o F\u00f3rum de Alto N\u00edvel de Interc\u00e2mbio de Humanidade China-Fran\u00e7a em Paris.<\/p>\n<p class=\"photo_img_20190808\"><img decoding=\"async\" src=\"https:\/\/p2crires.cri.cn\/photoworkspace\/cri\/contentimg\/2024\/04\/30\/2024043022285178353.jpg\" alt=\"\" width=\"1000\" \/><\/p>\n<p>O presidente do CMG, Shen Haixiong, proferiu um discurso em v\u00eddeo. Os funcion\u00e1rios governamentais da China e da Fran\u00e7a, respons\u00e1veis de associa\u00e7\u00f5es de amizade, representantes de institui\u00e7\u00f5es de pesquisa e profissionais de m\u00eddia participaram do evento e trocaram opini\u00f5es sobre a promo\u00e7\u00e3o das rela\u00e7\u00f5es bilaterais e aumento de interc\u00e2mbios culturais e da coopera\u00e7\u00e3o midi\u00e1tica.<\/p>\n<p>Shen Haixiong afirmou que sob a orienta\u00e7\u00e3o dos chefes de Estado, a China e a Fran\u00e7a t\u00eam aprofundado os interc\u00e2mbios culturais e desempenham um papel importante na manuten\u00e7\u00e3o da paz e estabilidade mundial. O CMG lan\u00e7ou v\u00e1rios programas de alta qualidade e organizou muitos eventos em comemora\u00e7\u00e3o ao 60\u00ba anivers\u00e1rio do estabelecimento das rela\u00e7\u00f5es diplom\u00e1ticas sino-francesas. A emissora chinesa tamb\u00e9m ir\u00e1 transmitir os Jogos Ol\u00edmpicos de Paris com tecnologia de ponta para o mundo inteiro e lan\u00e7ar\u00e1 um projeto de coopera\u00e7\u00e3o China-Fran\u00e7a para divulgar obras cinematogr\u00e1ficas e televisivas sobre o panda gigante.<\/p>\n","protected":false},"excerpt":{"rendered":"<p>\u00c0s v\u00e9speras da visita de Estado do presidente chin\u00eas, Xi Jinping, \u00e0 Fran\u00e7a, a Associa\u00e7\u00e3o de Diplomacia P\u00fablica da China, o Grupo de M\u00eddia da China (CMG, na sigla em ingl\u00eas) e a embaixada da China na Fran\u00e7a realizaram em&#8230;<\/p>\n","protected":false},"author":2,"featured_media":0,"comment_status":"open","ping_status":"open","sticky":false,"template":"","format":"standard","meta":{"footnotes":""},"categories":[3],"tags":[],"class_list":["post-5176","post","type-post","status-publish","format-standard","hentry","category-china"],"yoast_head":"<!-- This site is optimized with the Yoast SEO plugin v27.4 - https:\/\/yoast.com\/product\/yoast-seo-wordpress\/ -->\n<title>Paris sedia F\u00f3rum de Alto N\u00edvel de Interc\u00e2mbio de Humanidade China-Fran\u00e7a - CRI e Diario de Pernambuco<\/title>\n<meta name=\"robots\" content=\"index, follow, max-snippet:-1, max-image-preview:large, max-video-preview:-1\" \/>\n<link rel=\"canonical\" href=\"https:\/\/diariodepe.com.br\/cri\/2024\/04\/30\/paris-sedia-forum-de-alto-nivel-de-intercambio-de-humanidade-china-franca\/\" \/>\n<meta property=\"og:locale\" content=\"pt_BR\" \/>\n<meta property=\"og:type\" content=\"article\" \/>\n<meta property=\"og:title\" content=\"Paris sedia F\u00f3rum de Alto N\u00edvel de Interc\u00e2mbio de Humanidade China-Fran\u00e7a - CRI e Diario de Pernambuco\" \/>\n<meta property=\"og:description\" content=\"\u00c0s v\u00e9speras da visita de Estado do presidente chin\u00eas, Xi Jinping, \u00e0 Fran\u00e7a, a Associa\u00e7\u00e3o de Diplomacia P\u00fablica da China, o Grupo de M\u00eddia da China (CMG, na sigla em ingl\u00eas) e a embaixada da China na Fran\u00e7a realizaram em...\" \/>\n<meta property=\"og:url\" content=\"https:\/\/diariodepe.com.br\/cri\/2024\/04\/30\/paris-sedia-forum-de-alto-nivel-de-intercambio-de-humanidade-china-franca\/\" \/>\n<meta property=\"og:site_name\" content=\"CRI e Diario de Pernambuco\" \/>\n<meta property=\"article:published_time\" content=\"2024-05-01T01:44:25+00:00\" \/>\n<meta property=\"og:image\" content=\"https:\/\/p2crires.cri.cn\/photoworkspace\/cri\/contentimg\/2024\/04\/30\/2024043022285178353.jpg\" \/>\n<meta name=\"author\" content=\"Ismael Lucas S. Pereira\" \/>\n<meta name=\"twitter:card\" content=\"summary_large_image\" \/>\n<meta name=\"twitter:label1\" content=\"Escrito por\" \/>\n\t<meta name=\"twitter:data1\" content=\"Ismael Lucas S. Pereira\" \/>\n\t<meta name=\"twitter:label2\" content=\"Est. tempo de leitura\" \/>\n\t<meta name=\"twitter:data2\" content=\"2 minutos\" \/>\n<script type=\"application\/ld+json\" class=\"yoast-schema-graph\">{\"@context\":\"https:\\\/\\\/schema.org\",\"@graph\":[{\"@type\":\"Article\",\"@id\":\"https:\\\/\\\/diariodepe.com.br\\\/cri\\\/2024\\\/04\\\/30\\\/paris-sedia-forum-de-alto-nivel-de-intercambio-de-humanidade-china-franca\\\/#article\",\"isPartOf\":{\"@id\":\"https:\\\/\\\/diariodepe.com.br\\\/cri\\\/2024\\\/04\\\/30\\\/paris-sedia-forum-de-alto-nivel-de-intercambio-de-humanidade-china-franca\\\/\"},\"author\":{\"name\":\"Ismael Lucas S. Pereira\",\"@id\":\"https:\\\/\\\/diariodepe.com.br\\\/cri\\\/#\\\/schema\\\/person\\\/121bb28d84f1a5b1205ef4ce9c2e0c6b\"},\"headline\":\"Paris sedia F\u00f3rum de Alto N\u00edvel de Interc\u00e2mbio de Humanidade China-Fran\u00e7a\",\"datePublished\":\"2024-05-01T01:44:25+00:00\",\"mainEntityOfPage\":{\"@id\":\"https:\\\/\\\/diariodepe.com.br\\\/cri\\\/2024\\\/04\\\/30\\\/paris-sedia-forum-de-alto-nivel-de-intercambio-de-humanidade-china-franca\\\/\"},\"wordCount\":257,\"commentCount\":0,\"publisher\":{\"@id\":\"https:\\\/\\\/diariodepe.com.br\\\/cri\\\/#organization\"},\"image\":{\"@id\":\"https:\\\/\\\/diariodepe.com.br\\\/cri\\\/2024\\\/04\\\/30\\\/paris-sedia-forum-de-alto-nivel-de-intercambio-de-humanidade-china-franca\\\/#primaryimage\"},\"thumbnailUrl\":\"https:\\\/\\\/p2crires.cri.cn\\\/photoworkspace\\\/cri\\\/contentimg\\\/2024\\\/04\\\/30\\\/2024043022285178353.jpg\",\"articleSection\":[\"China\"],\"inLanguage\":\"pt-BR\",\"potentialAction\":[{\"@type\":\"CommentAction\",\"name\":\"Comment\",\"target\":[\"https:\\\/\\\/diariodepe.com.br\\\/cri\\\/2024\\\/04\\\/30\\\/paris-sedia-forum-de-alto-nivel-de-intercambio-de-humanidade-china-franca\\\/#respond\"]}]},{\"@type\":\"WebPage\",\"@id\":\"https:\\\/\\\/diariodepe.com.br\\\/cri\\\/2024\\\/04\\\/30\\\/paris-sedia-forum-de-alto-nivel-de-intercambio-de-humanidade-china-franca\\\/\",\"url\":\"https:\\\/\\\/diariodepe.com.br\\\/cri\\\/2024\\\/04\\\/30\\\/paris-sedia-forum-de-alto-nivel-de-intercambio-de-humanidade-china-franca\\\/\",\"name\":\"Paris sedia F\u00f3rum de Alto N\u00edvel de Interc\u00e2mbio de Humanidade China-Fran\u00e7a - CRI e Diario de Pernambuco\",\"isPartOf\":{\"@id\":\"https:\\\/\\\/diariodepe.com.br\\\/cri\\\/#website\"},\"primaryImageOfPage\":{\"@id\":\"https:\\\/\\\/diariodepe.com.br\\\/cri\\\/2024\\\/04\\\/30\\\/paris-sedia-forum-de-alto-nivel-de-intercambio-de-humanidade-china-franca\\\/#primaryimage\"},\"image\":{\"@id\":\"https:\\\/\\\/diariodepe.com.br\\\/cri\\\/2024\\\/04\\\/30\\\/paris-sedia-forum-de-alto-nivel-de-intercambio-de-humanidade-china-franca\\\/#primaryimage\"},\"thumbnailUrl\":\"https:\\\/\\\/p2crires.cri.cn\\\/photoworkspace\\\/cri\\\/contentimg\\\/2024\\\/04\\\/30\\\/2024043022285178353.jpg\",\"datePublished\":\"2024-05-01T01:44:25+00:00\",\"breadcrumb\":{\"@id\":\"https:\\\/\\\/diariodepe.com.br\\\/cri\\\/2024\\\/04\\\/30\\\/paris-sedia-forum-de-alto-nivel-de-intercambio-de-humanidade-china-franca\\\/#breadcrumb\"},\"inLanguage\":\"pt-BR\",\"potentialAction\":[{\"@type\":\"ReadAction\",\"target\":[\"https:\\\/\\\/diariodepe.com.br\\\/cri\\\/2024\\\/04\\\/30\\\/paris-sedia-forum-de-alto-nivel-de-intercambio-de-humanidade-china-franca\\\/\"]}]},{\"@type\":\"ImageObject\",\"inLanguage\":\"pt-BR\",\"@id\":\"https:\\\/\\\/diariodepe.com.br\\\/cri\\\/2024\\\/04\\\/30\\\/paris-sedia-forum-de-alto-nivel-de-intercambio-de-humanidade-china-franca\\\/#primaryimage\",\"url\":\"https:\\\/\\\/p2crires.cri.cn\\\/photoworkspace\\\/cri\\\/contentimg\\\/2024\\\/04\\\/30\\\/2024043022285178353.jpg\",\"contentUrl\":\"https:\\\/\\\/p2crires.cri.cn\\\/photoworkspace\\\/cri\\\/contentimg\\\/2024\\\/04\\\/30\\\/2024043022285178353.jpg\"},{\"@type\":\"BreadcrumbList\",\"@id\":\"https:\\\/\\\/diariodepe.com.br\\\/cri\\\/2024\\\/04\\\/30\\\/paris-sedia-forum-de-alto-nivel-de-intercambio-de-humanidade-china-franca\\\/#breadcrumb\",\"itemListElement\":[{\"@type\":\"ListItem\",\"position\":1,\"name\":\"In\u00edcio\",\"item\":\"https:\\\/\\\/diariodepe.com.br\\\/cri\\\/\"},{\"@type\":\"ListItem\",\"position\":2,\"name\":\"Paris sedia F\u00f3rum de Alto N\u00edvel de Interc\u00e2mbio de Humanidade China-Fran\u00e7a\"}]},{\"@type\":\"WebSite\",\"@id\":\"https:\\\/\\\/diariodepe.com.br\\\/cri\\\/#website\",\"url\":\"https:\\\/\\\/diariodepe.com.br\\\/cri\\\/\",\"name\":\"CRI e Diario de Pernambuco\",\"description\":\"R\u00e1dio Internacional da China\",\"publisher\":{\"@id\":\"https:\\\/\\\/diariodepe.com.br\\\/cri\\\/#organization\"},\"potentialAction\":[{\"@type\":\"SearchAction\",\"target\":{\"@type\":\"EntryPoint\",\"urlTemplate\":\"https:\\\/\\\/diariodepe.com.br\\\/cri\\\/?s={search_term_string}\"},\"query-input\":{\"@type\":\"PropertyValueSpecification\",\"valueRequired\":true,\"valueName\":\"search_term_string\"}}],\"inLanguage\":\"pt-BR\"},{\"@type\":\"Organization\",\"@id\":\"https:\\\/\\\/diariodepe.com.br\\\/cri\\\/#organization\",\"name\":\"CRI e Diario de Pernambuco\",\"url\":\"https:\\\/\\\/diariodepe.com.br\\\/cri\\\/\",\"logo\":{\"@type\":\"ImageObject\",\"inLanguage\":\"pt-BR\",\"@id\":\"https:\\\/\\\/diariodepe.com.br\\\/cri\\\/#\\\/schema\\\/logo\\\/image\\\/\",\"url\":\"https:\\\/\\\/diariodepe.com.br\\\/cri\\\/wp-content\\\/uploads\\\/sites\\\/2\\\/2022\\\/12\\\/cropped-Logo.jpg\",\"contentUrl\":\"https:\\\/\\\/diariodepe.com.br\\\/cri\\\/wp-content\\\/uploads\\\/sites\\\/2\\\/2022\\\/12\\\/cropped-Logo.jpg\",\"width\":700,\"height\":59,\"caption\":\"CRI e Diario de Pernambuco\"},\"image\":{\"@id\":\"https:\\\/\\\/diariodepe.com.br\\\/cri\\\/#\\\/schema\\\/logo\\\/image\\\/\"}},{\"@type\":\"Person\",\"@id\":\"https:\\\/\\\/diariodepe.com.br\\\/cri\\\/#\\\/schema\\\/person\\\/121bb28d84f1a5b1205ef4ce9c2e0c6b\",\"name\":\"Ismael Lucas S. Pereira\",\"image\":{\"@type\":\"ImageObject\",\"inLanguage\":\"pt-BR\",\"@id\":\"https:\\\/\\\/secure.gravatar.com\\\/avatar\\\/887a0f3b5a7ceea963a48499fb883ffce6b5037362def025c52c2505b15d63e4?s=96&d=mm&r=g\",\"url\":\"https:\\\/\\\/secure.gravatar.com\\\/avatar\\\/887a0f3b5a7ceea963a48499fb883ffce6b5037362def025c52c2505b15d63e4?s=96&d=mm&r=g\",\"contentUrl\":\"https:\\\/\\\/secure.gravatar.com\\\/avatar\\\/887a0f3b5a7ceea963a48499fb883ffce6b5037362def025c52c2505b15d63e4?s=96&d=mm&r=g\",\"caption\":\"Ismael Lucas S. Pereira\"},\"url\":\"https:\\\/\\\/diariodepe.com.br\\\/cri\\\/author\\\/ismael-lucas\\\/\"}]}<\/script>\n<!-- \/ Yoast SEO plugin. -->","yoast_head_json":{"title":"Paris sedia F\u00f3rum de Alto N\u00edvel de Interc\u00e2mbio de Humanidade China-Fran\u00e7a - CRI e Diario de Pernambuco","robots":{"index":"index","follow":"follow","max-snippet":"max-snippet:-1","max-image-preview":"max-image-preview:large","max-video-preview":"max-video-preview:-1"},"canonical":"https:\/\/diariodepe.com.br\/cri\/2024\/04\/30\/paris-sedia-forum-de-alto-nivel-de-intercambio-de-humanidade-china-franca\/","og_locale":"pt_BR","og_type":"article","og_title":"Paris sedia F\u00f3rum de Alto N\u00edvel de Interc\u00e2mbio de Humanidade China-Fran\u00e7a - CRI e Diario de Pernambuco","og_description":"\u00c0s v\u00e9speras da visita de Estado do presidente chin\u00eas, Xi Jinping, \u00e0 Fran\u00e7a, a Associa\u00e7\u00e3o de Diplomacia P\u00fablica da China, o Grupo de M\u00eddia da China (CMG, na sigla em ingl\u00eas) e a embaixada da China na Fran\u00e7a realizaram em...","og_url":"https:\/\/diariodepe.com.br\/cri\/2024\/04\/30\/paris-sedia-forum-de-alto-nivel-de-intercambio-de-humanidade-china-franca\/","og_site_name":"CRI e Diario de Pernambuco","article_published_time":"2024-05-01T01:44:25+00:00","og_image":[{"url":"https:\/\/p2crires.cri.cn\/photoworkspace\/cri\/contentimg\/2024\/04\/30\/2024043022285178353.jpg","type":"","width":"","height":""}],"author":"Ismael Lucas S. Pereira","twitter_card":"summary_large_image","twitter_misc":{"Escrito por":"Ismael Lucas S. Pereira","Est. tempo de leitura":"2 minutos"},"schema":{"@context":"https:\/\/schema.org","@graph":[{"@type":"Article","@id":"https:\/\/diariodepe.com.br\/cri\/2024\/04\/30\/paris-sedia-forum-de-alto-nivel-de-intercambio-de-humanidade-china-franca\/#article","isPartOf":{"@id":"https:\/\/diariodepe.com.br\/cri\/2024\/04\/30\/paris-sedia-forum-de-alto-nivel-de-intercambio-de-humanidade-china-franca\/"},"author":{"name":"Ismael Lucas S. Pereira","@id":"https:\/\/diariodepe.com.br\/cri\/#\/schema\/person\/121bb28d84f1a5b1205ef4ce9c2e0c6b"},"headline":"Paris sedia F\u00f3rum de Alto N\u00edvel de Interc\u00e2mbio de Humanidade China-Fran\u00e7a","datePublished":"2024-05-01T01:44:25+00:00","mainEntityOfPage":{"@id":"https:\/\/diariodepe.com.br\/cri\/2024\/04\/30\/paris-sedia-forum-de-alto-nivel-de-intercambio-de-humanidade-china-franca\/"},"wordCount":257,"commentCount":0,"publisher":{"@id":"https:\/\/diariodepe.com.br\/cri\/#organization"},"image":{"@id":"https:\/\/diariodepe.com.br\/cri\/2024\/04\/30\/paris-sedia-forum-de-alto-nivel-de-intercambio-de-humanidade-china-franca\/#primaryimage"},"thumbnailUrl":"https:\/\/p2crires.cri.cn\/photoworkspace\/cri\/contentimg\/2024\/04\/30\/2024043022285178353.jpg","articleSection":["China"],"inLanguage":"pt-BR","potentialAction":[{"@type":"CommentAction","name":"Comment","target":["https:\/\/diariodepe.com.br\/cri\/2024\/04\/30\/paris-sedia-forum-de-alto-nivel-de-intercambio-de-humanidade-china-franca\/#respond"]}]},{"@type":"WebPage","@id":"https:\/\/diariodepe.com.br\/cri\/2024\/04\/30\/paris-sedia-forum-de-alto-nivel-de-intercambio-de-humanidade-china-franca\/","url":"https:\/\/diariodepe.com.br\/cri\/2024\/04\/30\/paris-sedia-forum-de-alto-nivel-de-intercambio-de-humanidade-china-franca\/","name":"Paris sedia F\u00f3rum de Alto N\u00edvel de Interc\u00e2mbio de Humanidade China-Fran\u00e7a - CRI e Diario de Pernambuco","isPartOf":{"@id":"https:\/\/diariodepe.com.br\/cri\/#website"},"primaryImageOfPage":{"@id":"https:\/\/diariodepe.com.br\/cri\/2024\/04\/30\/paris-sedia-forum-de-alto-nivel-de-intercambio-de-humanidade-china-franca\/#primaryimage"},"image":{"@id":"https:\/\/diariodepe.com.br\/cri\/2024\/04\/30\/paris-sedia-forum-de-alto-nivel-de-intercambio-de-humanidade-china-franca\/#primaryimage"},"thumbnailUrl":"https:\/\/p2crires.cri.cn\/photoworkspace\/cri\/contentimg\/2024\/04\/30\/2024043022285178353.jpg","datePublished":"2024-05-01T01:44:25+00:00","breadcrumb":{"@id":"https:\/\/diariodepe.com.br\/cri\/2024\/04\/30\/paris-sedia-forum-de-alto-nivel-de-intercambio-de-humanidade-china-franca\/#breadcrumb"},"inLanguage":"pt-BR","potentialAction":[{"@type":"ReadAction","target":["https:\/\/diariodepe.com.br\/cri\/2024\/04\/30\/paris-sedia-forum-de-alto-nivel-de-intercambio-de-humanidade-china-franca\/"]}]},{"@type":"ImageObject","inLanguage":"pt-BR","@id":"https:\/\/diariodepe.com.br\/cri\/2024\/04\/30\/paris-sedia-forum-de-alto-nivel-de-intercambio-de-humanidade-china-franca\/#primaryimage","url":"https:\/\/p2crires.cri.cn\/photoworkspace\/cri\/contentimg\/2024\/04\/30\/2024043022285178353.jpg","contentUrl":"https:\/\/p2crires.cri.cn\/photoworkspace\/cri\/contentimg\/2024\/04\/30\/2024043022285178353.jpg"},{"@type":"BreadcrumbList","@id":"https:\/\/diariodepe.com.br\/cri\/2024\/04\/30\/paris-sedia-forum-de-alto-nivel-de-intercambio-de-humanidade-china-franca\/#breadcrumb","itemListElement":[{"@type":"ListItem","position":1,"name":"In\u00edcio","item":"https:\/\/diariodepe.com.br\/cri\/"},{"@type":"ListItem","position":2,"name":"Paris sedia F\u00f3rum de Alto N\u00edvel de Interc\u00e2mbio de Humanidade China-Fran\u00e7a"}]},{"@type":"WebSite","@id":"https:\/\/diariodepe.com.br\/cri\/#website","url":"https:\/\/diariodepe.com.br\/cri\/","name":"CRI e Diario de Pernambuco","description":"R\u00e1dio Internacional da China","publisher":{"@id":"https:\/\/diariodepe.com.br\/cri\/#organization"},"potentialAction":[{"@type":"SearchAction","target":{"@type":"EntryPoint","urlTemplate":"https:\/\/diariodepe.com.br\/cri\/?s={search_term_string}"},"query-input":{"@type":"PropertyValueSpecification","valueRequired":true,"valueName":"search_term_string"}}],"inLanguage":"pt-BR"},{"@type":"Organization","@id":"https:\/\/diariodepe.com.br\/cri\/#organization","name":"CRI e Diario de Pernambuco","url":"https:\/\/diariodepe.com.br\/cri\/","logo":{"@type":"ImageObject","inLanguage":"pt-BR","@id":"https:\/\/diariodepe.com.br\/cri\/#\/schema\/logo\/image\/","url":"https:\/\/diariodepe.com.br\/cri\/wp-content\/uploads\/sites\/2\/2022\/12\/cropped-Logo.jpg","contentUrl":"https:\/\/diariodepe.com.br\/cri\/wp-content\/uploads\/sites\/2\/2022\/12\/cropped-Logo.jpg","width":700,"height":59,"caption":"CRI e Diario de Pernambuco"},"image":{"@id":"https:\/\/diariodepe.com.br\/cri\/#\/schema\/logo\/image\/"}},{"@type":"Person","@id":"https:\/\/diariodepe.com.br\/cri\/#\/schema\/person\/121bb28d84f1a5b1205ef4ce9c2e0c6b","name":"Ismael Lucas S. Pereira","image":{"@type":"ImageObject","inLanguage":"pt-BR","@id":"https:\/\/secure.gravatar.com\/avatar\/887a0f3b5a7ceea963a48499fb883ffce6b5037362def025c52c2505b15d63e4?s=96&d=mm&r=g","url":"https:\/\/secure.gravatar.com\/avatar\/887a0f3b5a7ceea963a48499fb883ffce6b5037362def025c52c2505b15d63e4?s=96&d=mm&r=g","contentUrl":"https:\/\/secure.gravatar.com\/avatar\/887a0f3b5a7ceea963a48499fb883ffce6b5037362def025c52c2505b15d63e4?s=96&d=mm&r=g","caption":"Ismael Lucas S. Pereira"},"url":"https:\/\/diariodepe.com.br\/cri\/author\/ismael-lucas\/"}]}},"cc_featured_image_caption":{"caption_text":false,"source_text":false,"source_url":false},"amp_enabled":true,"_links":{"self":[{"href":"https:\/\/diariodepe.com.br\/cri\/wp-json\/wp\/v2\/posts\/5176","targetHints":{"allow":["GET"]}}],"collection":[{"href":"https:\/\/diariodepe.com.br\/cri\/wp-json\/wp\/v2\/posts"}],"about":[{"href":"https:\/\/diariodepe.com.br\/cri\/wp-json\/wp\/v2\/types\/post"}],"author":[{"embeddable":true,"href":"https:\/\/diariodepe.com.br\/cri\/wp-json\/wp\/v2\/users\/2"}],"replies":[{"embeddable":true,"href":"https:\/\/diariodepe.com.br\/cri\/wp-json\/wp\/v2\/comments?post=5176"}],"version-history":[{"count":1,"href":"https:\/\/diariodepe.com.br\/cri\/wp-json\/wp\/v2\/posts\/5176\/revisions"}],"predecessor-version":[{"id":5177,"href":"https:\/\/diariodepe.com.br\/cri\/wp-json\/wp\/v2\/posts\/5176\/revisions\/5177"}],"wp:attachment":[{"href":"https:\/\/diariodepe.com.br\/cri\/wp-json\/wp\/v2\/media?parent=5176"}],"wp:term":[{"taxonomy":"category","embeddable":true,"href":"https:\/\/diariodepe.com.br\/cri\/wp-json\/wp\/v2\/categories?post=5176"},{"taxonomy":"post_tag","embeddable":true,"href":"https:\/\/diariodepe.com.br\/cri\/wp-json\/wp\/v2\/tags?post=5176"}],"curies":[{"name":"wp","href":"https:\/\/api.w.org\/{rel}","templated":true}]}}