{"id":5173,"date":"2024-04-30T22:34:34","date_gmt":"2024-05-01T01:34:34","guid":{"rendered":"https:\/\/diariodepe.com.br\/cri\/?p=5173"},"modified":"2024-04-30T22:34:34","modified_gmt":"2024-05-01T01:34:34","slug":"encontro-xi-jinping-vucic-estou-pensando-em-escrever-um-livro-de-memorias-sobre-nos","status":"publish","type":"post","link":"https:\/\/diariodepe.com.br\/cri\/2024\/04\/30\/encontro-xi-jinping-vucic-estou-pensando-em-escrever-um-livro-de-memorias-sobre-nos\/","title":{"rendered":"Encontro Xi Jinping | Vucic: estou pensando em escrever um livro de mem\u00f3rias sobre n\u00f3s"},"content":{"rendered":"<p data-spm-anchor-id=\"0.0.0.i1\">Vucic, presidente da S\u00e9rvia, j\u00e1 teve muitas reuni\u00f5es e conversas com Xi Jinping.\u201cCada vez \u00e9 inesquec\u00edvel\u201d.<\/p>\n<p>Em 2016, a centen\u00e1ria sider\u00fargica antes conhecida como o \u201cOrgulho da S\u00e9rvia\u201d, estava \u00e0 beira da fal\u00eancia. O presidente Xi Jinping e empresas chinesas forneceram ajudas para salvar a sider\u00fargica e, devido a isso, trouxeram mais de 5.000 trabalhadores de volta aos seus empregos.<\/p>\n<p>Para Vucic, o presidente Xi Jinping estendeu a m\u00e3o amiga mais de uma vez durante o surto da epidemia da COVID-19 em 2020. Vucic pediu ajuda em todos os lugares, mas n\u00e3o teve sucesso e se viu sem sa\u00edda v\u00e1rias vezes. O presidente Xi Jinping imediatamente ligou para Vucic e v\u00e1rios suprimentos m\u00e9dicos chegaram \u00e0 S\u00e9rvia, um ap\u00f3s o outro. \u201cA S\u00e9rvia nunca esquecer\u00e1 isso e saberemos como retribuir aos nossos amigos chineses.\u201d<\/p>\n<p>A \u201crela\u00e7\u00e3o de amizade de a\u00e7o\u201d entre Xi Jinping e Vucic deixou o presidente s\u00e9rvio profundamente comovido e tamb\u00e9m fez com que Vucic sentiu a responsabilidade demonstrada pela China com milhares de anos de hist\u00f3ria. Ao falar sobre o presidente Xi Jinping, Vucic disse: \u201cEstou pensando em escrever um livro de mem\u00f3rias sobre n\u00f3s\u201d.<\/p>\n<p><iframe title=\"Encontro Xi Jinping | Vucic: estou pensando em escrever um livro de mem\u00f3rias sobre n\u00f3s\" width=\"640\" height=\"360\" src=\"https:\/\/www.youtube.com\/embed\/ea25npvaD1U?feature=oembed\" frameborder=\"0\" allow=\"accelerometer; autoplay; clipboard-write; encrypted-media; gyroscope; picture-in-picture; web-share\" referrerpolicy=\"strict-origin-when-cross-origin\" allowfullscreen><\/iframe><\/p>\n","protected":false},"excerpt":{"rendered":"<p>Vucic, presidente da S\u00e9rvia, j\u00e1 teve muitas reuni\u00f5es e conversas com Xi Jinping.\u201cCada vez \u00e9 inesquec\u00edvel\u201d. Em 2016, a centen\u00e1ria sider\u00fargica antes conhecida como o \u201cOrgulho da S\u00e9rvia\u201d, estava \u00e0 beira da fal\u00eancia. O presidente Xi Jinping e empresas chinesas&#8230;<\/p>\n","protected":false},"author":2,"featured_media":0,"comment_status":"open","ping_status":"open","sticky":false,"template":"","format":"standard","meta":{"footnotes":""},"categories":[5,11],"tags":[],"class_list":["post-5173","post","type-post","status-publish","format-standard","hentry","category-destaques-capa","category-videos"],"yoast_head":"<!-- This site is optimized with the Yoast SEO plugin v27.4 - https:\/\/yoast.com\/product\/yoast-seo-wordpress\/ -->\n<title>Encontro Xi Jinping | Vucic: estou pensando em escrever um livro de mem\u00f3rias sobre n\u00f3s - CRI e Diario de Pernambuco<\/title>\n<meta name=\"robots\" content=\"index, follow, max-snippet:-1, max-image-preview:large, max-video-preview:-1\" \/>\n<link rel=\"canonical\" href=\"https:\/\/diariodepe.com.br\/cri\/2024\/04\/30\/encontro-xi-jinping-vucic-estou-pensando-em-escrever-um-livro-de-memorias-sobre-nos\/\" \/>\n<meta property=\"og:locale\" content=\"pt_BR\" \/>\n<meta property=\"og:type\" content=\"article\" \/>\n<meta property=\"og:title\" content=\"Encontro Xi Jinping | Vucic: estou pensando em escrever um livro de mem\u00f3rias sobre n\u00f3s - CRI e Diario de Pernambuco\" \/>\n<meta property=\"og:description\" content=\"Vucic, presidente da S\u00e9rvia, j\u00e1 teve muitas reuni\u00f5es e conversas com Xi Jinping.\u201cCada vez \u00e9 inesquec\u00edvel\u201d. Em 2016, a centen\u00e1ria sider\u00fargica antes conhecida como o \u201cOrgulho da S\u00e9rvia\u201d, estava \u00e0 beira da fal\u00eancia. O presidente Xi Jinping e empresas chinesas...\" \/>\n<meta property=\"og:url\" content=\"https:\/\/diariodepe.com.br\/cri\/2024\/04\/30\/encontro-xi-jinping-vucic-estou-pensando-em-escrever-um-livro-de-memorias-sobre-nos\/\" \/>\n<meta property=\"og:site_name\" content=\"CRI e Diario de Pernambuco\" \/>\n<meta property=\"article:published_time\" content=\"2024-05-01T01:34:34+00:00\" \/>\n<meta name=\"author\" content=\"Ismael Lucas S. Pereira\" \/>\n<meta name=\"twitter:card\" content=\"summary_large_image\" \/>\n<meta name=\"twitter:label1\" content=\"Escrito por\" \/>\n\t<meta name=\"twitter:data1\" content=\"Ismael Lucas S. Pereira\" \/>\n\t<meta name=\"twitter:label2\" content=\"Est. tempo de leitura\" \/>\n\t<meta name=\"twitter:data2\" content=\"2 minutos\" \/>\n<script type=\"application\/ld+json\" class=\"yoast-schema-graph\">{\"@context\":\"https:\\\/\\\/schema.org\",\"@graph\":[{\"@type\":\"Article\",\"@id\":\"https:\\\/\\\/diariodepe.com.br\\\/cri\\\/2024\\\/04\\\/30\\\/encontro-xi-jinping-vucic-estou-pensando-em-escrever-um-livro-de-memorias-sobre-nos\\\/#article\",\"isPartOf\":{\"@id\":\"https:\\\/\\\/diariodepe.com.br\\\/cri\\\/2024\\\/04\\\/30\\\/encontro-xi-jinping-vucic-estou-pensando-em-escrever-um-livro-de-memorias-sobre-nos\\\/\"},\"author\":{\"name\":\"Ismael Lucas S. Pereira\",\"@id\":\"https:\\\/\\\/diariodepe.com.br\\\/cri\\\/#\\\/schema\\\/person\\\/121bb28d84f1a5b1205ef4ce9c2e0c6b\"},\"headline\":\"Encontro Xi Jinping | Vucic: estou pensando em escrever um livro de mem\u00f3rias sobre n\u00f3s\",\"datePublished\":\"2024-05-01T01:34:34+00:00\",\"mainEntityOfPage\":{\"@id\":\"https:\\\/\\\/diariodepe.com.br\\\/cri\\\/2024\\\/04\\\/30\\\/encontro-xi-jinping-vucic-estou-pensando-em-escrever-um-livro-de-memorias-sobre-nos\\\/\"},\"wordCount\":233,\"commentCount\":0,\"publisher\":{\"@id\":\"https:\\\/\\\/diariodepe.com.br\\\/cri\\\/#organization\"},\"articleSection\":[\"Destaques Capa\",\"V\u00eddeos\"],\"inLanguage\":\"pt-BR\",\"potentialAction\":[{\"@type\":\"CommentAction\",\"name\":\"Comment\",\"target\":[\"https:\\\/\\\/diariodepe.com.br\\\/cri\\\/2024\\\/04\\\/30\\\/encontro-xi-jinping-vucic-estou-pensando-em-escrever-um-livro-de-memorias-sobre-nos\\\/#respond\"]}]},{\"@type\":\"WebPage\",\"@id\":\"https:\\\/\\\/diariodepe.com.br\\\/cri\\\/2024\\\/04\\\/30\\\/encontro-xi-jinping-vucic-estou-pensando-em-escrever-um-livro-de-memorias-sobre-nos\\\/\",\"url\":\"https:\\\/\\\/diariodepe.com.br\\\/cri\\\/2024\\\/04\\\/30\\\/encontro-xi-jinping-vucic-estou-pensando-em-escrever-um-livro-de-memorias-sobre-nos\\\/\",\"name\":\"Encontro Xi Jinping | Vucic: estou pensando em escrever um livro de mem\u00f3rias sobre n\u00f3s - CRI e Diario de Pernambuco\",\"isPartOf\":{\"@id\":\"https:\\\/\\\/diariodepe.com.br\\\/cri\\\/#website\"},\"datePublished\":\"2024-05-01T01:34:34+00:00\",\"breadcrumb\":{\"@id\":\"https:\\\/\\\/diariodepe.com.br\\\/cri\\\/2024\\\/04\\\/30\\\/encontro-xi-jinping-vucic-estou-pensando-em-escrever-um-livro-de-memorias-sobre-nos\\\/#breadcrumb\"},\"inLanguage\":\"pt-BR\",\"potentialAction\":[{\"@type\":\"ReadAction\",\"target\":[\"https:\\\/\\\/diariodepe.com.br\\\/cri\\\/2024\\\/04\\\/30\\\/encontro-xi-jinping-vucic-estou-pensando-em-escrever-um-livro-de-memorias-sobre-nos\\\/\"]}]},{\"@type\":\"BreadcrumbList\",\"@id\":\"https:\\\/\\\/diariodepe.com.br\\\/cri\\\/2024\\\/04\\\/30\\\/encontro-xi-jinping-vucic-estou-pensando-em-escrever-um-livro-de-memorias-sobre-nos\\\/#breadcrumb\",\"itemListElement\":[{\"@type\":\"ListItem\",\"position\":1,\"name\":\"In\u00edcio\",\"item\":\"https:\\\/\\\/diariodepe.com.br\\\/cri\\\/\"},{\"@type\":\"ListItem\",\"position\":2,\"name\":\"Encontro Xi Jinping | Vucic: estou pensando em escrever um livro de mem\u00f3rias sobre n\u00f3s\"}]},{\"@type\":\"WebSite\",\"@id\":\"https:\\\/\\\/diariodepe.com.br\\\/cri\\\/#website\",\"url\":\"https:\\\/\\\/diariodepe.com.br\\\/cri\\\/\",\"name\":\"CRI e Diario de Pernambuco\",\"description\":\"R\u00e1dio Internacional da China\",\"publisher\":{\"@id\":\"https:\\\/\\\/diariodepe.com.br\\\/cri\\\/#organization\"},\"potentialAction\":[{\"@type\":\"SearchAction\",\"target\":{\"@type\":\"EntryPoint\",\"urlTemplate\":\"https:\\\/\\\/diariodepe.com.br\\\/cri\\\/?s={search_term_string}\"},\"query-input\":{\"@type\":\"PropertyValueSpecification\",\"valueRequired\":true,\"valueName\":\"search_term_string\"}}],\"inLanguage\":\"pt-BR\"},{\"@type\":\"Organization\",\"@id\":\"https:\\\/\\\/diariodepe.com.br\\\/cri\\\/#organization\",\"name\":\"CRI e Diario de Pernambuco\",\"url\":\"https:\\\/\\\/diariodepe.com.br\\\/cri\\\/\",\"logo\":{\"@type\":\"ImageObject\",\"inLanguage\":\"pt-BR\",\"@id\":\"https:\\\/\\\/diariodepe.com.br\\\/cri\\\/#\\\/schema\\\/logo\\\/image\\\/\",\"url\":\"https:\\\/\\\/diariodepe.com.br\\\/cri\\\/wp-content\\\/uploads\\\/sites\\\/2\\\/2022\\\/12\\\/cropped-Logo.jpg\",\"contentUrl\":\"https:\\\/\\\/diariodepe.com.br\\\/cri\\\/wp-content\\\/uploads\\\/sites\\\/2\\\/2022\\\/12\\\/cropped-Logo.jpg\",\"width\":700,\"height\":59,\"caption\":\"CRI e Diario de Pernambuco\"},\"image\":{\"@id\":\"https:\\\/\\\/diariodepe.com.br\\\/cri\\\/#\\\/schema\\\/logo\\\/image\\\/\"}},{\"@type\":\"Person\",\"@id\":\"https:\\\/\\\/diariodepe.com.br\\\/cri\\\/#\\\/schema\\\/person\\\/121bb28d84f1a5b1205ef4ce9c2e0c6b\",\"name\":\"Ismael Lucas S. Pereira\",\"image\":{\"@type\":\"ImageObject\",\"inLanguage\":\"pt-BR\",\"@id\":\"https:\\\/\\\/secure.gravatar.com\\\/avatar\\\/887a0f3b5a7ceea963a48499fb883ffce6b5037362def025c52c2505b15d63e4?s=96&d=mm&r=g\",\"url\":\"https:\\\/\\\/secure.gravatar.com\\\/avatar\\\/887a0f3b5a7ceea963a48499fb883ffce6b5037362def025c52c2505b15d63e4?s=96&d=mm&r=g\",\"contentUrl\":\"https:\\\/\\\/secure.gravatar.com\\\/avatar\\\/887a0f3b5a7ceea963a48499fb883ffce6b5037362def025c52c2505b15d63e4?s=96&d=mm&r=g\",\"caption\":\"Ismael Lucas S. Pereira\"},\"url\":\"https:\\\/\\\/diariodepe.com.br\\\/cri\\\/author\\\/ismael-lucas\\\/\"}]}<\/script>\n<!-- \/ Yoast SEO plugin. -->","yoast_head_json":{"title":"Encontro Xi Jinping | Vucic: estou pensando em escrever um livro de mem\u00f3rias sobre n\u00f3s - CRI e Diario de Pernambuco","robots":{"index":"index","follow":"follow","max-snippet":"max-snippet:-1","max-image-preview":"max-image-preview:large","max-video-preview":"max-video-preview:-1"},"canonical":"https:\/\/diariodepe.com.br\/cri\/2024\/04\/30\/encontro-xi-jinping-vucic-estou-pensando-em-escrever-um-livro-de-memorias-sobre-nos\/","og_locale":"pt_BR","og_type":"article","og_title":"Encontro Xi Jinping | Vucic: estou pensando em escrever um livro de mem\u00f3rias sobre n\u00f3s - CRI e Diario de Pernambuco","og_description":"Vucic, presidente da S\u00e9rvia, j\u00e1 teve muitas reuni\u00f5es e conversas com Xi Jinping.\u201cCada vez \u00e9 inesquec\u00edvel\u201d. Em 2016, a centen\u00e1ria sider\u00fargica antes conhecida como o \u201cOrgulho da S\u00e9rvia\u201d, estava \u00e0 beira da fal\u00eancia. O presidente Xi Jinping e empresas chinesas...","og_url":"https:\/\/diariodepe.com.br\/cri\/2024\/04\/30\/encontro-xi-jinping-vucic-estou-pensando-em-escrever-um-livro-de-memorias-sobre-nos\/","og_site_name":"CRI e Diario de Pernambuco","article_published_time":"2024-05-01T01:34:34+00:00","author":"Ismael Lucas S. Pereira","twitter_card":"summary_large_image","twitter_misc":{"Escrito por":"Ismael Lucas S. Pereira","Est. tempo de leitura":"2 minutos"},"schema":{"@context":"https:\/\/schema.org","@graph":[{"@type":"Article","@id":"https:\/\/diariodepe.com.br\/cri\/2024\/04\/30\/encontro-xi-jinping-vucic-estou-pensando-em-escrever-um-livro-de-memorias-sobre-nos\/#article","isPartOf":{"@id":"https:\/\/diariodepe.com.br\/cri\/2024\/04\/30\/encontro-xi-jinping-vucic-estou-pensando-em-escrever-um-livro-de-memorias-sobre-nos\/"},"author":{"name":"Ismael Lucas S. Pereira","@id":"https:\/\/diariodepe.com.br\/cri\/#\/schema\/person\/121bb28d84f1a5b1205ef4ce9c2e0c6b"},"headline":"Encontro Xi Jinping | Vucic: estou pensando em escrever um livro de mem\u00f3rias sobre n\u00f3s","datePublished":"2024-05-01T01:34:34+00:00","mainEntityOfPage":{"@id":"https:\/\/diariodepe.com.br\/cri\/2024\/04\/30\/encontro-xi-jinping-vucic-estou-pensando-em-escrever-um-livro-de-memorias-sobre-nos\/"},"wordCount":233,"commentCount":0,"publisher":{"@id":"https:\/\/diariodepe.com.br\/cri\/#organization"},"articleSection":["Destaques Capa","V\u00eddeos"],"inLanguage":"pt-BR","potentialAction":[{"@type":"CommentAction","name":"Comment","target":["https:\/\/diariodepe.com.br\/cri\/2024\/04\/30\/encontro-xi-jinping-vucic-estou-pensando-em-escrever-um-livro-de-memorias-sobre-nos\/#respond"]}]},{"@type":"WebPage","@id":"https:\/\/diariodepe.com.br\/cri\/2024\/04\/30\/encontro-xi-jinping-vucic-estou-pensando-em-escrever-um-livro-de-memorias-sobre-nos\/","url":"https:\/\/diariodepe.com.br\/cri\/2024\/04\/30\/encontro-xi-jinping-vucic-estou-pensando-em-escrever-um-livro-de-memorias-sobre-nos\/","name":"Encontro Xi Jinping | Vucic: estou pensando em escrever um livro de mem\u00f3rias sobre n\u00f3s - CRI e Diario de Pernambuco","isPartOf":{"@id":"https:\/\/diariodepe.com.br\/cri\/#website"},"datePublished":"2024-05-01T01:34:34+00:00","breadcrumb":{"@id":"https:\/\/diariodepe.com.br\/cri\/2024\/04\/30\/encontro-xi-jinping-vucic-estou-pensando-em-escrever-um-livro-de-memorias-sobre-nos\/#breadcrumb"},"inLanguage":"pt-BR","potentialAction":[{"@type":"ReadAction","target":["https:\/\/diariodepe.com.br\/cri\/2024\/04\/30\/encontro-xi-jinping-vucic-estou-pensando-em-escrever-um-livro-de-memorias-sobre-nos\/"]}]},{"@type":"BreadcrumbList","@id":"https:\/\/diariodepe.com.br\/cri\/2024\/04\/30\/encontro-xi-jinping-vucic-estou-pensando-em-escrever-um-livro-de-memorias-sobre-nos\/#breadcrumb","itemListElement":[{"@type":"ListItem","position":1,"name":"In\u00edcio","item":"https:\/\/diariodepe.com.br\/cri\/"},{"@type":"ListItem","position":2,"name":"Encontro Xi Jinping | Vucic: estou pensando em escrever um livro de mem\u00f3rias sobre n\u00f3s"}]},{"@type":"WebSite","@id":"https:\/\/diariodepe.com.br\/cri\/#website","url":"https:\/\/diariodepe.com.br\/cri\/","name":"CRI e Diario de Pernambuco","description":"R\u00e1dio Internacional da China","publisher":{"@id":"https:\/\/diariodepe.com.br\/cri\/#organization"},"potentialAction":[{"@type":"SearchAction","target":{"@type":"EntryPoint","urlTemplate":"https:\/\/diariodepe.com.br\/cri\/?s={search_term_string}"},"query-input":{"@type":"PropertyValueSpecification","valueRequired":true,"valueName":"search_term_string"}}],"inLanguage":"pt-BR"},{"@type":"Organization","@id":"https:\/\/diariodepe.com.br\/cri\/#organization","name":"CRI e Diario de Pernambuco","url":"https:\/\/diariodepe.com.br\/cri\/","logo":{"@type":"ImageObject","inLanguage":"pt-BR","@id":"https:\/\/diariodepe.com.br\/cri\/#\/schema\/logo\/image\/","url":"https:\/\/diariodepe.com.br\/cri\/wp-content\/uploads\/sites\/2\/2022\/12\/cropped-Logo.jpg","contentUrl":"https:\/\/diariodepe.com.br\/cri\/wp-content\/uploads\/sites\/2\/2022\/12\/cropped-Logo.jpg","width":700,"height":59,"caption":"CRI e Diario de Pernambuco"},"image":{"@id":"https:\/\/diariodepe.com.br\/cri\/#\/schema\/logo\/image\/"}},{"@type":"Person","@id":"https:\/\/diariodepe.com.br\/cri\/#\/schema\/person\/121bb28d84f1a5b1205ef4ce9c2e0c6b","name":"Ismael Lucas S. Pereira","image":{"@type":"ImageObject","inLanguage":"pt-BR","@id":"https:\/\/secure.gravatar.com\/avatar\/887a0f3b5a7ceea963a48499fb883ffce6b5037362def025c52c2505b15d63e4?s=96&d=mm&r=g","url":"https:\/\/secure.gravatar.com\/avatar\/887a0f3b5a7ceea963a48499fb883ffce6b5037362def025c52c2505b15d63e4?s=96&d=mm&r=g","contentUrl":"https:\/\/secure.gravatar.com\/avatar\/887a0f3b5a7ceea963a48499fb883ffce6b5037362def025c52c2505b15d63e4?s=96&d=mm&r=g","caption":"Ismael Lucas S. Pereira"},"url":"https:\/\/diariodepe.com.br\/cri\/author\/ismael-lucas\/"}]}},"cc_featured_image_caption":{"caption_text":false,"source_text":false,"source_url":false},"amp_enabled":true,"_links":{"self":[{"href":"https:\/\/diariodepe.com.br\/cri\/wp-json\/wp\/v2\/posts\/5173","targetHints":{"allow":["GET"]}}],"collection":[{"href":"https:\/\/diariodepe.com.br\/cri\/wp-json\/wp\/v2\/posts"}],"about":[{"href":"https:\/\/diariodepe.com.br\/cri\/wp-json\/wp\/v2\/types\/post"}],"author":[{"embeddable":true,"href":"https:\/\/diariodepe.com.br\/cri\/wp-json\/wp\/v2\/users\/2"}],"replies":[{"embeddable":true,"href":"https:\/\/diariodepe.com.br\/cri\/wp-json\/wp\/v2\/comments?post=5173"}],"version-history":[{"count":1,"href":"https:\/\/diariodepe.com.br\/cri\/wp-json\/wp\/v2\/posts\/5173\/revisions"}],"predecessor-version":[{"id":5174,"href":"https:\/\/diariodepe.com.br\/cri\/wp-json\/wp\/v2\/posts\/5173\/revisions\/5174"}],"wp:attachment":[{"href":"https:\/\/diariodepe.com.br\/cri\/wp-json\/wp\/v2\/media?parent=5173"}],"wp:term":[{"taxonomy":"category","embeddable":true,"href":"https:\/\/diariodepe.com.br\/cri\/wp-json\/wp\/v2\/categories?post=5173"},{"taxonomy":"post_tag","embeddable":true,"href":"https:\/\/diariodepe.com.br\/cri\/wp-json\/wp\/v2\/tags?post=5173"}],"curies":[{"name":"wp","href":"https:\/\/api.w.org\/{rel}","templated":true}]}}