{"id":5169,"date":"2024-04-30T04:01:17","date_gmt":"2024-04-30T07:01:17","guid":{"rendered":"https:\/\/diariodepe.com.br\/cri\/?p=5169"},"modified":"2024-04-30T04:01:17","modified_gmt":"2024-04-30T07:01:17","slug":"lancada-na-hungria-atividade-de-exibicao-das-obras-de-cinema-e-televisao-chinesas","status":"publish","type":"post","link":"https:\/\/diariodepe.com.br\/cri\/2024\/04\/30\/lancada-na-hungria-atividade-de-exibicao-das-obras-de-cinema-e-televisao-chinesas\/","title":{"rendered":"Lan\u00e7ada na Hungria atividade de exibi\u00e7\u00e3o das obras de cinema e televis\u00e3o chinesas"},"content":{"rendered":"<p>\u00c0s v\u00e9speras da visita de Estado do presidente chin\u00eas, Xi Jinping, \u00e0 Hungria, foi lan\u00e7ado nesta segunda-feira (29) em Budapeste um evento de exibi\u00e7\u00e3o das obras audiovisuais da China, organizado em conjunto pelo Grupo de M\u00eddia da China (CMG, na sigla em ingl\u00eas) e pela esta\u00e7\u00e3o de televis\u00e3o h\u00fangara ATV. Mais de 10 obras do cinema e televis\u00e3o produzidas originalmente pelo CMG ser\u00e3o transmitidas pelos meios de comunica\u00e7\u00e3o da Hungria para apresentar ao p\u00fablico do pa\u00eds a vitalidade da China na nova era, contando as hist\u00f3rias v\u00edvidas dos interc\u00e2mbios amistosos entre os povos chin\u00eas e h\u00fangaro e mostrando a bela vis\u00e3o da coopera\u00e7\u00e3o de benef\u00edcios rec\u00edprocos.<\/p>\n<p><img decoding=\"async\" src=\"https:\/\/p4crires.cri.cn\/photoworkspace\/cri\/contentimg\/2024\/04\/29\/2024042920574328970.png\" alt=\"\" width=\"1000\" \/><\/p>\n<p>O presidente do CMG, Shen Haixiong, proferiu um discurso em v\u00eddeo valorizando as rela\u00e7\u00f5es sino-h\u00fangaras ao dizer que sempre mantiveram um desenvolvimento de alto n\u00edvel nos \u00faltimos anos e obtiveram resultados frut\u00edferos na coopera\u00e7\u00e3o da Iniciativa Cintur\u00e3o e Rota, al\u00e9m de cooperar estreitamente no tratamento dos assuntos regionais e internacionais. As imagens cinematogr\u00e1ficas s\u00e3o mensageiras da cultura e constituem pontes da alma. Ele espera que as obras exibidas ajudem os povos da China e da Hungria a aumentar a compreens\u00e3o e a amizade, de forma a promover a constru\u00e7\u00e3o de uma comunidade com futuro compartilhado para a humanidade.<\/p>\n<p><img decoding=\"async\" src=\"https:\/\/p1crires.cri.cn\/photoworkspace\/cri\/contentimg\/2024\/04\/29\/2024042920575864098.png\" alt=\"\" \/><\/p>\n<p>O ex-primeiro-ministro h\u00fangaro, Medgyessy P\u00e9ter, afirmou que a Hungria \u00e9 um dos primeiros pa\u00edses do mundo a estabelecer rela\u00e7\u00f5es diplom\u00e1ticas com a Nova China. Os interc\u00e2mbios culturais constituem uma parte importante dos la\u00e7os bilaterais. Espera-se que os dois pa\u00edses possam realizar mais atividades culturais para impulsionar ainda mais avan\u00e7os da amizade Hungria-China.<\/p>\n<p>&nbsp;<\/p>\n","protected":false},"excerpt":{"rendered":"<p>\u00c0s v\u00e9speras da visita de Estado do presidente chin\u00eas, Xi Jinping, \u00e0 Hungria, foi lan\u00e7ado nesta segunda-feira (29) em Budapeste um evento de exibi\u00e7\u00e3o das obras audiovisuais da China, organizado em conjunto pelo Grupo de M\u00eddia da China (CMG, na&#8230;<\/p>\n","protected":false},"author":2,"featured_media":0,"comment_status":"open","ping_status":"open","sticky":false,"template":"","format":"standard","meta":{"footnotes":""},"categories":[3],"tags":[],"class_list":["post-5169","post","type-post","status-publish","format-standard","hentry","category-china"],"yoast_head":"<!-- This site is optimized with the Yoast SEO plugin v27.4 - https:\/\/yoast.com\/product\/yoast-seo-wordpress\/ -->\n<title>Lan\u00e7ada na Hungria atividade de exibi\u00e7\u00e3o das obras de cinema e televis\u00e3o chinesas - CRI e Diario de Pernambuco<\/title>\n<meta name=\"robots\" content=\"index, follow, max-snippet:-1, max-image-preview:large, max-video-preview:-1\" \/>\n<link rel=\"canonical\" href=\"https:\/\/diariodepe.com.br\/cri\/2024\/04\/30\/lancada-na-hungria-atividade-de-exibicao-das-obras-de-cinema-e-televisao-chinesas\/\" \/>\n<meta property=\"og:locale\" content=\"pt_BR\" \/>\n<meta property=\"og:type\" content=\"article\" \/>\n<meta property=\"og:title\" content=\"Lan\u00e7ada na Hungria atividade de exibi\u00e7\u00e3o das obras de cinema e televis\u00e3o chinesas - CRI e Diario de Pernambuco\" \/>\n<meta property=\"og:description\" content=\"\u00c0s v\u00e9speras da visita de Estado do presidente chin\u00eas, Xi Jinping, \u00e0 Hungria, foi lan\u00e7ado nesta segunda-feira (29) em Budapeste um evento de exibi\u00e7\u00e3o das obras audiovisuais da China, organizado em conjunto pelo Grupo de M\u00eddia da China (CMG, na...\" \/>\n<meta property=\"og:url\" content=\"https:\/\/diariodepe.com.br\/cri\/2024\/04\/30\/lancada-na-hungria-atividade-de-exibicao-das-obras-de-cinema-e-televisao-chinesas\/\" \/>\n<meta property=\"og:site_name\" content=\"CRI e Diario de Pernambuco\" \/>\n<meta property=\"article:published_time\" content=\"2024-04-30T07:01:17+00:00\" \/>\n<meta property=\"og:image\" content=\"https:\/\/p4crires.cri.cn\/photoworkspace\/cri\/contentimg\/2024\/04\/29\/2024042920574328970.png\" \/>\n<meta name=\"author\" content=\"Ismael Lucas S. Pereira\" \/>\n<meta name=\"twitter:card\" content=\"summary_large_image\" \/>\n<meta name=\"twitter:label1\" content=\"Escrito por\" \/>\n\t<meta name=\"twitter:data1\" content=\"Ismael Lucas S. Pereira\" \/>\n\t<meta name=\"twitter:label2\" content=\"Est. tempo de leitura\" \/>\n\t<meta name=\"twitter:data2\" content=\"2 minutos\" \/>\n<script type=\"application\/ld+json\" class=\"yoast-schema-graph\">{\"@context\":\"https:\\\/\\\/schema.org\",\"@graph\":[{\"@type\":\"Article\",\"@id\":\"https:\\\/\\\/diariodepe.com.br\\\/cri\\\/2024\\\/04\\\/30\\\/lancada-na-hungria-atividade-de-exibicao-das-obras-de-cinema-e-televisao-chinesas\\\/#article\",\"isPartOf\":{\"@id\":\"https:\\\/\\\/diariodepe.com.br\\\/cri\\\/2024\\\/04\\\/30\\\/lancada-na-hungria-atividade-de-exibicao-das-obras-de-cinema-e-televisao-chinesas\\\/\"},\"author\":{\"name\":\"Ismael Lucas S. Pereira\",\"@id\":\"https:\\\/\\\/diariodepe.com.br\\\/cri\\\/#\\\/schema\\\/person\\\/121bb28d84f1a5b1205ef4ce9c2e0c6b\"},\"headline\":\"Lan\u00e7ada na Hungria atividade de exibi\u00e7\u00e3o das obras de cinema e televis\u00e3o chinesas\",\"datePublished\":\"2024-04-30T07:01:17+00:00\",\"mainEntityOfPage\":{\"@id\":\"https:\\\/\\\/diariodepe.com.br\\\/cri\\\/2024\\\/04\\\/30\\\/lancada-na-hungria-atividade-de-exibicao-das-obras-de-cinema-e-televisao-chinesas\\\/\"},\"wordCount\":313,\"commentCount\":0,\"publisher\":{\"@id\":\"https:\\\/\\\/diariodepe.com.br\\\/cri\\\/#organization\"},\"image\":{\"@id\":\"https:\\\/\\\/diariodepe.com.br\\\/cri\\\/2024\\\/04\\\/30\\\/lancada-na-hungria-atividade-de-exibicao-das-obras-de-cinema-e-televisao-chinesas\\\/#primaryimage\"},\"thumbnailUrl\":\"https:\\\/\\\/p4crires.cri.cn\\\/photoworkspace\\\/cri\\\/contentimg\\\/2024\\\/04\\\/29\\\/2024042920574328970.png\",\"articleSection\":[\"China\"],\"inLanguage\":\"pt-BR\",\"potentialAction\":[{\"@type\":\"CommentAction\",\"name\":\"Comment\",\"target\":[\"https:\\\/\\\/diariodepe.com.br\\\/cri\\\/2024\\\/04\\\/30\\\/lancada-na-hungria-atividade-de-exibicao-das-obras-de-cinema-e-televisao-chinesas\\\/#respond\"]}]},{\"@type\":\"WebPage\",\"@id\":\"https:\\\/\\\/diariodepe.com.br\\\/cri\\\/2024\\\/04\\\/30\\\/lancada-na-hungria-atividade-de-exibicao-das-obras-de-cinema-e-televisao-chinesas\\\/\",\"url\":\"https:\\\/\\\/diariodepe.com.br\\\/cri\\\/2024\\\/04\\\/30\\\/lancada-na-hungria-atividade-de-exibicao-das-obras-de-cinema-e-televisao-chinesas\\\/\",\"name\":\"Lan\u00e7ada na Hungria atividade de exibi\u00e7\u00e3o das obras de cinema e televis\u00e3o chinesas - CRI e Diario de Pernambuco\",\"isPartOf\":{\"@id\":\"https:\\\/\\\/diariodepe.com.br\\\/cri\\\/#website\"},\"primaryImageOfPage\":{\"@id\":\"https:\\\/\\\/diariodepe.com.br\\\/cri\\\/2024\\\/04\\\/30\\\/lancada-na-hungria-atividade-de-exibicao-das-obras-de-cinema-e-televisao-chinesas\\\/#primaryimage\"},\"image\":{\"@id\":\"https:\\\/\\\/diariodepe.com.br\\\/cri\\\/2024\\\/04\\\/30\\\/lancada-na-hungria-atividade-de-exibicao-das-obras-de-cinema-e-televisao-chinesas\\\/#primaryimage\"},\"thumbnailUrl\":\"https:\\\/\\\/p4crires.cri.cn\\\/photoworkspace\\\/cri\\\/contentimg\\\/2024\\\/04\\\/29\\\/2024042920574328970.png\",\"datePublished\":\"2024-04-30T07:01:17+00:00\",\"breadcrumb\":{\"@id\":\"https:\\\/\\\/diariodepe.com.br\\\/cri\\\/2024\\\/04\\\/30\\\/lancada-na-hungria-atividade-de-exibicao-das-obras-de-cinema-e-televisao-chinesas\\\/#breadcrumb\"},\"inLanguage\":\"pt-BR\",\"potentialAction\":[{\"@type\":\"ReadAction\",\"target\":[\"https:\\\/\\\/diariodepe.com.br\\\/cri\\\/2024\\\/04\\\/30\\\/lancada-na-hungria-atividade-de-exibicao-das-obras-de-cinema-e-televisao-chinesas\\\/\"]}]},{\"@type\":\"ImageObject\",\"inLanguage\":\"pt-BR\",\"@id\":\"https:\\\/\\\/diariodepe.com.br\\\/cri\\\/2024\\\/04\\\/30\\\/lancada-na-hungria-atividade-de-exibicao-das-obras-de-cinema-e-televisao-chinesas\\\/#primaryimage\",\"url\":\"https:\\\/\\\/p4crires.cri.cn\\\/photoworkspace\\\/cri\\\/contentimg\\\/2024\\\/04\\\/29\\\/2024042920574328970.png\",\"contentUrl\":\"https:\\\/\\\/p4crires.cri.cn\\\/photoworkspace\\\/cri\\\/contentimg\\\/2024\\\/04\\\/29\\\/2024042920574328970.png\"},{\"@type\":\"BreadcrumbList\",\"@id\":\"https:\\\/\\\/diariodepe.com.br\\\/cri\\\/2024\\\/04\\\/30\\\/lancada-na-hungria-atividade-de-exibicao-das-obras-de-cinema-e-televisao-chinesas\\\/#breadcrumb\",\"itemListElement\":[{\"@type\":\"ListItem\",\"position\":1,\"name\":\"In\u00edcio\",\"item\":\"https:\\\/\\\/diariodepe.com.br\\\/cri\\\/\"},{\"@type\":\"ListItem\",\"position\":2,\"name\":\"Lan\u00e7ada na Hungria atividade de exibi\u00e7\u00e3o das obras de cinema e televis\u00e3o chinesas\"}]},{\"@type\":\"WebSite\",\"@id\":\"https:\\\/\\\/diariodepe.com.br\\\/cri\\\/#website\",\"url\":\"https:\\\/\\\/diariodepe.com.br\\\/cri\\\/\",\"name\":\"CRI e Diario de Pernambuco\",\"description\":\"R\u00e1dio Internacional da China\",\"publisher\":{\"@id\":\"https:\\\/\\\/diariodepe.com.br\\\/cri\\\/#organization\"},\"potentialAction\":[{\"@type\":\"SearchAction\",\"target\":{\"@type\":\"EntryPoint\",\"urlTemplate\":\"https:\\\/\\\/diariodepe.com.br\\\/cri\\\/?s={search_term_string}\"},\"query-input\":{\"@type\":\"PropertyValueSpecification\",\"valueRequired\":true,\"valueName\":\"search_term_string\"}}],\"inLanguage\":\"pt-BR\"},{\"@type\":\"Organization\",\"@id\":\"https:\\\/\\\/diariodepe.com.br\\\/cri\\\/#organization\",\"name\":\"CRI e Diario de Pernambuco\",\"url\":\"https:\\\/\\\/diariodepe.com.br\\\/cri\\\/\",\"logo\":{\"@type\":\"ImageObject\",\"inLanguage\":\"pt-BR\",\"@id\":\"https:\\\/\\\/diariodepe.com.br\\\/cri\\\/#\\\/schema\\\/logo\\\/image\\\/\",\"url\":\"https:\\\/\\\/diariodepe.com.br\\\/cri\\\/wp-content\\\/uploads\\\/sites\\\/2\\\/2022\\\/12\\\/cropped-Logo.jpg\",\"contentUrl\":\"https:\\\/\\\/diariodepe.com.br\\\/cri\\\/wp-content\\\/uploads\\\/sites\\\/2\\\/2022\\\/12\\\/cropped-Logo.jpg\",\"width\":700,\"height\":59,\"caption\":\"CRI e Diario de Pernambuco\"},\"image\":{\"@id\":\"https:\\\/\\\/diariodepe.com.br\\\/cri\\\/#\\\/schema\\\/logo\\\/image\\\/\"}},{\"@type\":\"Person\",\"@id\":\"https:\\\/\\\/diariodepe.com.br\\\/cri\\\/#\\\/schema\\\/person\\\/121bb28d84f1a5b1205ef4ce9c2e0c6b\",\"name\":\"Ismael Lucas S. Pereira\",\"image\":{\"@type\":\"ImageObject\",\"inLanguage\":\"pt-BR\",\"@id\":\"https:\\\/\\\/secure.gravatar.com\\\/avatar\\\/887a0f3b5a7ceea963a48499fb883ffce6b5037362def025c52c2505b15d63e4?s=96&d=mm&r=g\",\"url\":\"https:\\\/\\\/secure.gravatar.com\\\/avatar\\\/887a0f3b5a7ceea963a48499fb883ffce6b5037362def025c52c2505b15d63e4?s=96&d=mm&r=g\",\"contentUrl\":\"https:\\\/\\\/secure.gravatar.com\\\/avatar\\\/887a0f3b5a7ceea963a48499fb883ffce6b5037362def025c52c2505b15d63e4?s=96&d=mm&r=g\",\"caption\":\"Ismael Lucas S. Pereira\"},\"url\":\"https:\\\/\\\/diariodepe.com.br\\\/cri\\\/author\\\/ismael-lucas\\\/\"}]}<\/script>\n<!-- \/ Yoast SEO plugin. -->","yoast_head_json":{"title":"Lan\u00e7ada na Hungria atividade de exibi\u00e7\u00e3o das obras de cinema e televis\u00e3o chinesas - CRI e Diario de Pernambuco","robots":{"index":"index","follow":"follow","max-snippet":"max-snippet:-1","max-image-preview":"max-image-preview:large","max-video-preview":"max-video-preview:-1"},"canonical":"https:\/\/diariodepe.com.br\/cri\/2024\/04\/30\/lancada-na-hungria-atividade-de-exibicao-das-obras-de-cinema-e-televisao-chinesas\/","og_locale":"pt_BR","og_type":"article","og_title":"Lan\u00e7ada na Hungria atividade de exibi\u00e7\u00e3o das obras de cinema e televis\u00e3o chinesas - CRI e Diario de Pernambuco","og_description":"\u00c0s v\u00e9speras da visita de Estado do presidente chin\u00eas, Xi Jinping, \u00e0 Hungria, foi lan\u00e7ado nesta segunda-feira (29) em Budapeste um evento de exibi\u00e7\u00e3o das obras audiovisuais da China, organizado em conjunto pelo Grupo de M\u00eddia da China (CMG, na...","og_url":"https:\/\/diariodepe.com.br\/cri\/2024\/04\/30\/lancada-na-hungria-atividade-de-exibicao-das-obras-de-cinema-e-televisao-chinesas\/","og_site_name":"CRI e Diario de Pernambuco","article_published_time":"2024-04-30T07:01:17+00:00","og_image":[{"url":"https:\/\/p4crires.cri.cn\/photoworkspace\/cri\/contentimg\/2024\/04\/29\/2024042920574328970.png","type":"","width":"","height":""}],"author":"Ismael Lucas S. Pereira","twitter_card":"summary_large_image","twitter_misc":{"Escrito por":"Ismael Lucas S. Pereira","Est. tempo de leitura":"2 minutos"},"schema":{"@context":"https:\/\/schema.org","@graph":[{"@type":"Article","@id":"https:\/\/diariodepe.com.br\/cri\/2024\/04\/30\/lancada-na-hungria-atividade-de-exibicao-das-obras-de-cinema-e-televisao-chinesas\/#article","isPartOf":{"@id":"https:\/\/diariodepe.com.br\/cri\/2024\/04\/30\/lancada-na-hungria-atividade-de-exibicao-das-obras-de-cinema-e-televisao-chinesas\/"},"author":{"name":"Ismael Lucas S. Pereira","@id":"https:\/\/diariodepe.com.br\/cri\/#\/schema\/person\/121bb28d84f1a5b1205ef4ce9c2e0c6b"},"headline":"Lan\u00e7ada na Hungria atividade de exibi\u00e7\u00e3o das obras de cinema e televis\u00e3o chinesas","datePublished":"2024-04-30T07:01:17+00:00","mainEntityOfPage":{"@id":"https:\/\/diariodepe.com.br\/cri\/2024\/04\/30\/lancada-na-hungria-atividade-de-exibicao-das-obras-de-cinema-e-televisao-chinesas\/"},"wordCount":313,"commentCount":0,"publisher":{"@id":"https:\/\/diariodepe.com.br\/cri\/#organization"},"image":{"@id":"https:\/\/diariodepe.com.br\/cri\/2024\/04\/30\/lancada-na-hungria-atividade-de-exibicao-das-obras-de-cinema-e-televisao-chinesas\/#primaryimage"},"thumbnailUrl":"https:\/\/p4crires.cri.cn\/photoworkspace\/cri\/contentimg\/2024\/04\/29\/2024042920574328970.png","articleSection":["China"],"inLanguage":"pt-BR","potentialAction":[{"@type":"CommentAction","name":"Comment","target":["https:\/\/diariodepe.com.br\/cri\/2024\/04\/30\/lancada-na-hungria-atividade-de-exibicao-das-obras-de-cinema-e-televisao-chinesas\/#respond"]}]},{"@type":"WebPage","@id":"https:\/\/diariodepe.com.br\/cri\/2024\/04\/30\/lancada-na-hungria-atividade-de-exibicao-das-obras-de-cinema-e-televisao-chinesas\/","url":"https:\/\/diariodepe.com.br\/cri\/2024\/04\/30\/lancada-na-hungria-atividade-de-exibicao-das-obras-de-cinema-e-televisao-chinesas\/","name":"Lan\u00e7ada na Hungria atividade de exibi\u00e7\u00e3o das obras de cinema e televis\u00e3o chinesas - CRI e Diario de Pernambuco","isPartOf":{"@id":"https:\/\/diariodepe.com.br\/cri\/#website"},"primaryImageOfPage":{"@id":"https:\/\/diariodepe.com.br\/cri\/2024\/04\/30\/lancada-na-hungria-atividade-de-exibicao-das-obras-de-cinema-e-televisao-chinesas\/#primaryimage"},"image":{"@id":"https:\/\/diariodepe.com.br\/cri\/2024\/04\/30\/lancada-na-hungria-atividade-de-exibicao-das-obras-de-cinema-e-televisao-chinesas\/#primaryimage"},"thumbnailUrl":"https:\/\/p4crires.cri.cn\/photoworkspace\/cri\/contentimg\/2024\/04\/29\/2024042920574328970.png","datePublished":"2024-04-30T07:01:17+00:00","breadcrumb":{"@id":"https:\/\/diariodepe.com.br\/cri\/2024\/04\/30\/lancada-na-hungria-atividade-de-exibicao-das-obras-de-cinema-e-televisao-chinesas\/#breadcrumb"},"inLanguage":"pt-BR","potentialAction":[{"@type":"ReadAction","target":["https:\/\/diariodepe.com.br\/cri\/2024\/04\/30\/lancada-na-hungria-atividade-de-exibicao-das-obras-de-cinema-e-televisao-chinesas\/"]}]},{"@type":"ImageObject","inLanguage":"pt-BR","@id":"https:\/\/diariodepe.com.br\/cri\/2024\/04\/30\/lancada-na-hungria-atividade-de-exibicao-das-obras-de-cinema-e-televisao-chinesas\/#primaryimage","url":"https:\/\/p4crires.cri.cn\/photoworkspace\/cri\/contentimg\/2024\/04\/29\/2024042920574328970.png","contentUrl":"https:\/\/p4crires.cri.cn\/photoworkspace\/cri\/contentimg\/2024\/04\/29\/2024042920574328970.png"},{"@type":"BreadcrumbList","@id":"https:\/\/diariodepe.com.br\/cri\/2024\/04\/30\/lancada-na-hungria-atividade-de-exibicao-das-obras-de-cinema-e-televisao-chinesas\/#breadcrumb","itemListElement":[{"@type":"ListItem","position":1,"name":"In\u00edcio","item":"https:\/\/diariodepe.com.br\/cri\/"},{"@type":"ListItem","position":2,"name":"Lan\u00e7ada na Hungria atividade de exibi\u00e7\u00e3o das obras de cinema e televis\u00e3o chinesas"}]},{"@type":"WebSite","@id":"https:\/\/diariodepe.com.br\/cri\/#website","url":"https:\/\/diariodepe.com.br\/cri\/","name":"CRI e Diario de Pernambuco","description":"R\u00e1dio Internacional da China","publisher":{"@id":"https:\/\/diariodepe.com.br\/cri\/#organization"},"potentialAction":[{"@type":"SearchAction","target":{"@type":"EntryPoint","urlTemplate":"https:\/\/diariodepe.com.br\/cri\/?s={search_term_string}"},"query-input":{"@type":"PropertyValueSpecification","valueRequired":true,"valueName":"search_term_string"}}],"inLanguage":"pt-BR"},{"@type":"Organization","@id":"https:\/\/diariodepe.com.br\/cri\/#organization","name":"CRI e Diario de Pernambuco","url":"https:\/\/diariodepe.com.br\/cri\/","logo":{"@type":"ImageObject","inLanguage":"pt-BR","@id":"https:\/\/diariodepe.com.br\/cri\/#\/schema\/logo\/image\/","url":"https:\/\/diariodepe.com.br\/cri\/wp-content\/uploads\/sites\/2\/2022\/12\/cropped-Logo.jpg","contentUrl":"https:\/\/diariodepe.com.br\/cri\/wp-content\/uploads\/sites\/2\/2022\/12\/cropped-Logo.jpg","width":700,"height":59,"caption":"CRI e Diario de Pernambuco"},"image":{"@id":"https:\/\/diariodepe.com.br\/cri\/#\/schema\/logo\/image\/"}},{"@type":"Person","@id":"https:\/\/diariodepe.com.br\/cri\/#\/schema\/person\/121bb28d84f1a5b1205ef4ce9c2e0c6b","name":"Ismael Lucas S. Pereira","image":{"@type":"ImageObject","inLanguage":"pt-BR","@id":"https:\/\/secure.gravatar.com\/avatar\/887a0f3b5a7ceea963a48499fb883ffce6b5037362def025c52c2505b15d63e4?s=96&d=mm&r=g","url":"https:\/\/secure.gravatar.com\/avatar\/887a0f3b5a7ceea963a48499fb883ffce6b5037362def025c52c2505b15d63e4?s=96&d=mm&r=g","contentUrl":"https:\/\/secure.gravatar.com\/avatar\/887a0f3b5a7ceea963a48499fb883ffce6b5037362def025c52c2505b15d63e4?s=96&d=mm&r=g","caption":"Ismael Lucas S. Pereira"},"url":"https:\/\/diariodepe.com.br\/cri\/author\/ismael-lucas\/"}]}},"cc_featured_image_caption":{"caption_text":false,"source_text":false,"source_url":false},"amp_enabled":true,"_links":{"self":[{"href":"https:\/\/diariodepe.com.br\/cri\/wp-json\/wp\/v2\/posts\/5169","targetHints":{"allow":["GET"]}}],"collection":[{"href":"https:\/\/diariodepe.com.br\/cri\/wp-json\/wp\/v2\/posts"}],"about":[{"href":"https:\/\/diariodepe.com.br\/cri\/wp-json\/wp\/v2\/types\/post"}],"author":[{"embeddable":true,"href":"https:\/\/diariodepe.com.br\/cri\/wp-json\/wp\/v2\/users\/2"}],"replies":[{"embeddable":true,"href":"https:\/\/diariodepe.com.br\/cri\/wp-json\/wp\/v2\/comments?post=5169"}],"version-history":[{"count":1,"href":"https:\/\/diariodepe.com.br\/cri\/wp-json\/wp\/v2\/posts\/5169\/revisions"}],"predecessor-version":[{"id":5170,"href":"https:\/\/diariodepe.com.br\/cri\/wp-json\/wp\/v2\/posts\/5169\/revisions\/5170"}],"wp:attachment":[{"href":"https:\/\/diariodepe.com.br\/cri\/wp-json\/wp\/v2\/media?parent=5169"}],"wp:term":[{"taxonomy":"category","embeddable":true,"href":"https:\/\/diariodepe.com.br\/cri\/wp-json\/wp\/v2\/categories?post=5169"},{"taxonomy":"post_tag","embeddable":true,"href":"https:\/\/diariodepe.com.br\/cri\/wp-json\/wp\/v2\/tags?post=5169"}],"curies":[{"name":"wp","href":"https:\/\/api.w.org\/{rel}","templated":true}]}}