{"id":5165,"date":"2024-04-30T04:00:11","date_gmt":"2024-04-30T07:00:11","guid":{"rendered":"https:\/\/diariodepe.com.br\/cri\/?p=5165"},"modified":"2024-04-30T04:00:11","modified_gmt":"2024-04-30T07:00:11","slug":"air-china-retoma-voo-beijing-madri-sao-paulo","status":"publish","type":"post","link":"https:\/\/diariodepe.com.br\/cri\/2024\/04\/30\/air-china-retoma-voo-beijing-madri-sao-paulo\/","title":{"rendered":"Air China retoma voo Beijing-Madri-S\u00e3o Paulo"},"content":{"rendered":"<p>A Air China, companhia a\u00e9rea emblem\u00e1tica nacional, retomou oficialmente neste domingo seus servi\u00e7os a\u00e9reos de passageiros Beijing-Madri-S\u00e3o Paulo, ap\u00f3s um hiato de mais de quatro anos.<\/p>\n<p>Os voos, que foram suspensos desde a pandemia da COVID-19, foram reiniciados quando uma aeronave Boeing 787-9, transportando mais de 263 passageiros, partiu do Aeroporto Internacional da Capital em Beijing por volta das 15h00 (hor\u00e1rio de Beijing), marcando o retorno da Air China ao mercado sul-americano.<\/p>\n<p>Cobrindo uma vasta dist\u00e2ncia de 17.584 quil\u00f4metros, os voos levar\u00e3o mais de 25 horas para chegar ao Brasil e, assim, a empresa opera um dos voos mais longos do mundo com uma \u00fanica parada.<\/p>\n<p>De acordo com a companhia, o voo \u00e9 realizado \u00e0s quintas-feiras e aos domingos, decolando de Beijing \u00e0s 15h00, com uma escala t\u00e9cnica em Madri, na Espanha, e deve chegar a Guarulhos, S\u00e3o Paulo, no Brasil \u00e0s 5h05 (hor\u00e1rio local) do dia seguinte.<\/p>\n<p>Quanto ao voo de volta, decola \u00e0s 9h15, em S\u00e3o Paulo, e chegar\u00e1 a Beijing \u00e0s 19h30 do dia seguinte. A dura\u00e7\u00e3o \u00e9 de cerca de 23 horas e 15 minutos.<\/p>\n<p>&#8220;N\u00e3o preciso mais despachar novamente as malas em conex\u00e3o ou pernoitar em um terceiro pa\u00eds&#8221;, disse Cao Yangzi, que pegou esse voo em 2019 para estudar no exterior. A rota a\u00e9rea carrega as preciosas mem\u00f3rias dela com seus colegas no Brasil.<\/p>\n<p>Por outro lado, Daniela Tassy, brasileira do interior de S\u00e3o Paulo morando em Beijing, ficou animada ao saber da retomada. &#8220;Diminuir o tempo de voo entre Brasil e China faz com que n\u00f3s tenhamos mais oportunidades tanto na \u00e1rea de neg\u00f3cios como tamb\u00e9m turismo. As pessoas v\u00e3o sentir que China e Brasil est\u00e3o mais perto um do outro&#8221;, disse ela.<\/p>\n<p>Zhou Yeting, gerente de planejamento de voos de longo prazo da Air China, disse que a retomada do voo apoiar\u00e1 e promover\u00e1 continuamente os interc\u00e2mbios econ\u00f4micos, culturais e interpessoais entre a China e o Brasil.<\/p>\n<p>&#8220;N\u00f3s aumentaremos ainda mais as frequ\u00eancias de voo de acordo com as condi\u00e7\u00f5es do mercado. No futuro, a Air China tamb\u00e9m promover\u00e1 ativamente a coopera\u00e7\u00e3o com as companhias a\u00e9reas brasileiras, acelerar\u00e1 a restaura\u00e7\u00e3o da conectividade da rede, otimizar\u00e1 continuamente os servi\u00e7os, aprimorar\u00e1 as experi\u00eancias de viagem dos passageiros e atender\u00e1 a diversas necessidades de viagem&#8221;, disse Zhou.<\/p>\n<p>Al\u00e9m de retomar o voo, a China tamb\u00e9m lan\u00e7ou v\u00e1rias medidas para facilitar o interc\u00e2mbio interpessoal com o Brasil. A partir de 19 de fevereiro de 2024, os chineses e brasileiros podem solicitar vistos com validade de at\u00e9 10 anos e m\u00faltiplas entradas para fins de neg\u00f3cios, turismo e visitas familiares.<\/p>\n","protected":false},"excerpt":{"rendered":"<p>A Air China, companhia a\u00e9rea emblem\u00e1tica nacional, retomou oficialmente neste domingo seus servi\u00e7os a\u00e9reos de passageiros Beijing-Madri-S\u00e3o Paulo, ap\u00f3s um hiato de mais de quatro anos. Os voos, que foram suspensos desde a pandemia da COVID-19, foram reiniciados quando uma&#8230;<\/p>\n","protected":false},"author":2,"featured_media":0,"comment_status":"open","ping_status":"open","sticky":false,"template":"","format":"standard","meta":{"footnotes":""},"categories":[3],"tags":[],"class_list":["post-5165","post","type-post","status-publish","format-standard","hentry","category-china"],"yoast_head":"<!-- This site is optimized with the Yoast SEO plugin v27.4 - https:\/\/yoast.com\/product\/yoast-seo-wordpress\/ -->\n<title>Air China retoma voo Beijing-Madri-S\u00e3o Paulo - CRI e Diario de Pernambuco<\/title>\n<meta name=\"robots\" content=\"index, follow, max-snippet:-1, max-image-preview:large, max-video-preview:-1\" \/>\n<link rel=\"canonical\" href=\"https:\/\/diariodepe.com.br\/cri\/2024\/04\/30\/air-china-retoma-voo-beijing-madri-sao-paulo\/\" \/>\n<meta property=\"og:locale\" content=\"pt_BR\" \/>\n<meta property=\"og:type\" content=\"article\" \/>\n<meta property=\"og:title\" content=\"Air China retoma voo Beijing-Madri-S\u00e3o Paulo - CRI e Diario de Pernambuco\" \/>\n<meta property=\"og:description\" content=\"A Air China, companhia a\u00e9rea emblem\u00e1tica nacional, retomou oficialmente neste domingo seus servi\u00e7os a\u00e9reos de passageiros Beijing-Madri-S\u00e3o Paulo, ap\u00f3s um hiato de mais de quatro anos. Os voos, que foram suspensos desde a pandemia da COVID-19, foram reiniciados quando uma...\" \/>\n<meta property=\"og:url\" content=\"https:\/\/diariodepe.com.br\/cri\/2024\/04\/30\/air-china-retoma-voo-beijing-madri-sao-paulo\/\" \/>\n<meta property=\"og:site_name\" content=\"CRI e Diario de Pernambuco\" \/>\n<meta property=\"article:published_time\" content=\"2024-04-30T07:00:11+00:00\" \/>\n<meta name=\"author\" content=\"Ismael Lucas S. Pereira\" \/>\n<meta name=\"twitter:card\" content=\"summary_large_image\" \/>\n<meta name=\"twitter:label1\" content=\"Escrito por\" \/>\n\t<meta name=\"twitter:data1\" content=\"Ismael Lucas S. Pereira\" \/>\n\t<meta name=\"twitter:label2\" content=\"Est. tempo de leitura\" \/>\n\t<meta name=\"twitter:data2\" content=\"3 minutos\" \/>\n<script type=\"application\/ld+json\" class=\"yoast-schema-graph\">{\"@context\":\"https:\\\/\\\/schema.org\",\"@graph\":[{\"@type\":\"Article\",\"@id\":\"https:\\\/\\\/diariodepe.com.br\\\/cri\\\/2024\\\/04\\\/30\\\/air-china-retoma-voo-beijing-madri-sao-paulo\\\/#article\",\"isPartOf\":{\"@id\":\"https:\\\/\\\/diariodepe.com.br\\\/cri\\\/2024\\\/04\\\/30\\\/air-china-retoma-voo-beijing-madri-sao-paulo\\\/\"},\"author\":{\"name\":\"Ismael Lucas S. Pereira\",\"@id\":\"https:\\\/\\\/diariodepe.com.br\\\/cri\\\/#\\\/schema\\\/person\\\/121bb28d84f1a5b1205ef4ce9c2e0c6b\"},\"headline\":\"Air China retoma voo Beijing-Madri-S\u00e3o Paulo\",\"datePublished\":\"2024-04-30T07:00:11+00:00\",\"mainEntityOfPage\":{\"@id\":\"https:\\\/\\\/diariodepe.com.br\\\/cri\\\/2024\\\/04\\\/30\\\/air-china-retoma-voo-beijing-madri-sao-paulo\\\/\"},\"wordCount\":464,\"commentCount\":0,\"publisher\":{\"@id\":\"https:\\\/\\\/diariodepe.com.br\\\/cri\\\/#organization\"},\"articleSection\":[\"China\"],\"inLanguage\":\"pt-BR\",\"potentialAction\":[{\"@type\":\"CommentAction\",\"name\":\"Comment\",\"target\":[\"https:\\\/\\\/diariodepe.com.br\\\/cri\\\/2024\\\/04\\\/30\\\/air-china-retoma-voo-beijing-madri-sao-paulo\\\/#respond\"]}]},{\"@type\":\"WebPage\",\"@id\":\"https:\\\/\\\/diariodepe.com.br\\\/cri\\\/2024\\\/04\\\/30\\\/air-china-retoma-voo-beijing-madri-sao-paulo\\\/\",\"url\":\"https:\\\/\\\/diariodepe.com.br\\\/cri\\\/2024\\\/04\\\/30\\\/air-china-retoma-voo-beijing-madri-sao-paulo\\\/\",\"name\":\"Air China retoma voo Beijing-Madri-S\u00e3o Paulo - CRI e Diario de Pernambuco\",\"isPartOf\":{\"@id\":\"https:\\\/\\\/diariodepe.com.br\\\/cri\\\/#website\"},\"datePublished\":\"2024-04-30T07:00:11+00:00\",\"breadcrumb\":{\"@id\":\"https:\\\/\\\/diariodepe.com.br\\\/cri\\\/2024\\\/04\\\/30\\\/air-china-retoma-voo-beijing-madri-sao-paulo\\\/#breadcrumb\"},\"inLanguage\":\"pt-BR\",\"potentialAction\":[{\"@type\":\"ReadAction\",\"target\":[\"https:\\\/\\\/diariodepe.com.br\\\/cri\\\/2024\\\/04\\\/30\\\/air-china-retoma-voo-beijing-madri-sao-paulo\\\/\"]}]},{\"@type\":\"BreadcrumbList\",\"@id\":\"https:\\\/\\\/diariodepe.com.br\\\/cri\\\/2024\\\/04\\\/30\\\/air-china-retoma-voo-beijing-madri-sao-paulo\\\/#breadcrumb\",\"itemListElement\":[{\"@type\":\"ListItem\",\"position\":1,\"name\":\"In\u00edcio\",\"item\":\"https:\\\/\\\/diariodepe.com.br\\\/cri\\\/\"},{\"@type\":\"ListItem\",\"position\":2,\"name\":\"Air China retoma voo Beijing-Madri-S\u00e3o Paulo\"}]},{\"@type\":\"WebSite\",\"@id\":\"https:\\\/\\\/diariodepe.com.br\\\/cri\\\/#website\",\"url\":\"https:\\\/\\\/diariodepe.com.br\\\/cri\\\/\",\"name\":\"CRI e Diario de Pernambuco\",\"description\":\"R\u00e1dio Internacional da China\",\"publisher\":{\"@id\":\"https:\\\/\\\/diariodepe.com.br\\\/cri\\\/#organization\"},\"potentialAction\":[{\"@type\":\"SearchAction\",\"target\":{\"@type\":\"EntryPoint\",\"urlTemplate\":\"https:\\\/\\\/diariodepe.com.br\\\/cri\\\/?s={search_term_string}\"},\"query-input\":{\"@type\":\"PropertyValueSpecification\",\"valueRequired\":true,\"valueName\":\"search_term_string\"}}],\"inLanguage\":\"pt-BR\"},{\"@type\":\"Organization\",\"@id\":\"https:\\\/\\\/diariodepe.com.br\\\/cri\\\/#organization\",\"name\":\"CRI e Diario de Pernambuco\",\"url\":\"https:\\\/\\\/diariodepe.com.br\\\/cri\\\/\",\"logo\":{\"@type\":\"ImageObject\",\"inLanguage\":\"pt-BR\",\"@id\":\"https:\\\/\\\/diariodepe.com.br\\\/cri\\\/#\\\/schema\\\/logo\\\/image\\\/\",\"url\":\"https:\\\/\\\/diariodepe.com.br\\\/cri\\\/wp-content\\\/uploads\\\/sites\\\/2\\\/2022\\\/12\\\/cropped-Logo.jpg\",\"contentUrl\":\"https:\\\/\\\/diariodepe.com.br\\\/cri\\\/wp-content\\\/uploads\\\/sites\\\/2\\\/2022\\\/12\\\/cropped-Logo.jpg\",\"width\":700,\"height\":59,\"caption\":\"CRI e Diario de Pernambuco\"},\"image\":{\"@id\":\"https:\\\/\\\/diariodepe.com.br\\\/cri\\\/#\\\/schema\\\/logo\\\/image\\\/\"}},{\"@type\":\"Person\",\"@id\":\"https:\\\/\\\/diariodepe.com.br\\\/cri\\\/#\\\/schema\\\/person\\\/121bb28d84f1a5b1205ef4ce9c2e0c6b\",\"name\":\"Ismael Lucas S. Pereira\",\"image\":{\"@type\":\"ImageObject\",\"inLanguage\":\"pt-BR\",\"@id\":\"https:\\\/\\\/secure.gravatar.com\\\/avatar\\\/887a0f3b5a7ceea963a48499fb883ffce6b5037362def025c52c2505b15d63e4?s=96&d=mm&r=g\",\"url\":\"https:\\\/\\\/secure.gravatar.com\\\/avatar\\\/887a0f3b5a7ceea963a48499fb883ffce6b5037362def025c52c2505b15d63e4?s=96&d=mm&r=g\",\"contentUrl\":\"https:\\\/\\\/secure.gravatar.com\\\/avatar\\\/887a0f3b5a7ceea963a48499fb883ffce6b5037362def025c52c2505b15d63e4?s=96&d=mm&r=g\",\"caption\":\"Ismael Lucas S. Pereira\"},\"url\":\"https:\\\/\\\/diariodepe.com.br\\\/cri\\\/author\\\/ismael-lucas\\\/\"}]}<\/script>\n<!-- \/ Yoast SEO plugin. -->","yoast_head_json":{"title":"Air China retoma voo Beijing-Madri-S\u00e3o Paulo - CRI e Diario de Pernambuco","robots":{"index":"index","follow":"follow","max-snippet":"max-snippet:-1","max-image-preview":"max-image-preview:large","max-video-preview":"max-video-preview:-1"},"canonical":"https:\/\/diariodepe.com.br\/cri\/2024\/04\/30\/air-china-retoma-voo-beijing-madri-sao-paulo\/","og_locale":"pt_BR","og_type":"article","og_title":"Air China retoma voo Beijing-Madri-S\u00e3o Paulo - CRI e Diario de Pernambuco","og_description":"A Air China, companhia a\u00e9rea emblem\u00e1tica nacional, retomou oficialmente neste domingo seus servi\u00e7os a\u00e9reos de passageiros Beijing-Madri-S\u00e3o Paulo, ap\u00f3s um hiato de mais de quatro anos. Os voos, que foram suspensos desde a pandemia da COVID-19, foram reiniciados quando uma...","og_url":"https:\/\/diariodepe.com.br\/cri\/2024\/04\/30\/air-china-retoma-voo-beijing-madri-sao-paulo\/","og_site_name":"CRI e Diario de Pernambuco","article_published_time":"2024-04-30T07:00:11+00:00","author":"Ismael Lucas S. Pereira","twitter_card":"summary_large_image","twitter_misc":{"Escrito por":"Ismael Lucas S. Pereira","Est. tempo de leitura":"3 minutos"},"schema":{"@context":"https:\/\/schema.org","@graph":[{"@type":"Article","@id":"https:\/\/diariodepe.com.br\/cri\/2024\/04\/30\/air-china-retoma-voo-beijing-madri-sao-paulo\/#article","isPartOf":{"@id":"https:\/\/diariodepe.com.br\/cri\/2024\/04\/30\/air-china-retoma-voo-beijing-madri-sao-paulo\/"},"author":{"name":"Ismael Lucas S. Pereira","@id":"https:\/\/diariodepe.com.br\/cri\/#\/schema\/person\/121bb28d84f1a5b1205ef4ce9c2e0c6b"},"headline":"Air China retoma voo Beijing-Madri-S\u00e3o Paulo","datePublished":"2024-04-30T07:00:11+00:00","mainEntityOfPage":{"@id":"https:\/\/diariodepe.com.br\/cri\/2024\/04\/30\/air-china-retoma-voo-beijing-madri-sao-paulo\/"},"wordCount":464,"commentCount":0,"publisher":{"@id":"https:\/\/diariodepe.com.br\/cri\/#organization"},"articleSection":["China"],"inLanguage":"pt-BR","potentialAction":[{"@type":"CommentAction","name":"Comment","target":["https:\/\/diariodepe.com.br\/cri\/2024\/04\/30\/air-china-retoma-voo-beijing-madri-sao-paulo\/#respond"]}]},{"@type":"WebPage","@id":"https:\/\/diariodepe.com.br\/cri\/2024\/04\/30\/air-china-retoma-voo-beijing-madri-sao-paulo\/","url":"https:\/\/diariodepe.com.br\/cri\/2024\/04\/30\/air-china-retoma-voo-beijing-madri-sao-paulo\/","name":"Air China retoma voo Beijing-Madri-S\u00e3o Paulo - CRI e Diario de Pernambuco","isPartOf":{"@id":"https:\/\/diariodepe.com.br\/cri\/#website"},"datePublished":"2024-04-30T07:00:11+00:00","breadcrumb":{"@id":"https:\/\/diariodepe.com.br\/cri\/2024\/04\/30\/air-china-retoma-voo-beijing-madri-sao-paulo\/#breadcrumb"},"inLanguage":"pt-BR","potentialAction":[{"@type":"ReadAction","target":["https:\/\/diariodepe.com.br\/cri\/2024\/04\/30\/air-china-retoma-voo-beijing-madri-sao-paulo\/"]}]},{"@type":"BreadcrumbList","@id":"https:\/\/diariodepe.com.br\/cri\/2024\/04\/30\/air-china-retoma-voo-beijing-madri-sao-paulo\/#breadcrumb","itemListElement":[{"@type":"ListItem","position":1,"name":"In\u00edcio","item":"https:\/\/diariodepe.com.br\/cri\/"},{"@type":"ListItem","position":2,"name":"Air China retoma voo Beijing-Madri-S\u00e3o Paulo"}]},{"@type":"WebSite","@id":"https:\/\/diariodepe.com.br\/cri\/#website","url":"https:\/\/diariodepe.com.br\/cri\/","name":"CRI e Diario de Pernambuco","description":"R\u00e1dio Internacional da China","publisher":{"@id":"https:\/\/diariodepe.com.br\/cri\/#organization"},"potentialAction":[{"@type":"SearchAction","target":{"@type":"EntryPoint","urlTemplate":"https:\/\/diariodepe.com.br\/cri\/?s={search_term_string}"},"query-input":{"@type":"PropertyValueSpecification","valueRequired":true,"valueName":"search_term_string"}}],"inLanguage":"pt-BR"},{"@type":"Organization","@id":"https:\/\/diariodepe.com.br\/cri\/#organization","name":"CRI e Diario de Pernambuco","url":"https:\/\/diariodepe.com.br\/cri\/","logo":{"@type":"ImageObject","inLanguage":"pt-BR","@id":"https:\/\/diariodepe.com.br\/cri\/#\/schema\/logo\/image\/","url":"https:\/\/diariodepe.com.br\/cri\/wp-content\/uploads\/sites\/2\/2022\/12\/cropped-Logo.jpg","contentUrl":"https:\/\/diariodepe.com.br\/cri\/wp-content\/uploads\/sites\/2\/2022\/12\/cropped-Logo.jpg","width":700,"height":59,"caption":"CRI e Diario de Pernambuco"},"image":{"@id":"https:\/\/diariodepe.com.br\/cri\/#\/schema\/logo\/image\/"}},{"@type":"Person","@id":"https:\/\/diariodepe.com.br\/cri\/#\/schema\/person\/121bb28d84f1a5b1205ef4ce9c2e0c6b","name":"Ismael Lucas S. Pereira","image":{"@type":"ImageObject","inLanguage":"pt-BR","@id":"https:\/\/secure.gravatar.com\/avatar\/887a0f3b5a7ceea963a48499fb883ffce6b5037362def025c52c2505b15d63e4?s=96&d=mm&r=g","url":"https:\/\/secure.gravatar.com\/avatar\/887a0f3b5a7ceea963a48499fb883ffce6b5037362def025c52c2505b15d63e4?s=96&d=mm&r=g","contentUrl":"https:\/\/secure.gravatar.com\/avatar\/887a0f3b5a7ceea963a48499fb883ffce6b5037362def025c52c2505b15d63e4?s=96&d=mm&r=g","caption":"Ismael Lucas S. Pereira"},"url":"https:\/\/diariodepe.com.br\/cri\/author\/ismael-lucas\/"}]}},"cc_featured_image_caption":{"caption_text":false,"source_text":false,"source_url":false},"amp_enabled":true,"_links":{"self":[{"href":"https:\/\/diariodepe.com.br\/cri\/wp-json\/wp\/v2\/posts\/5165","targetHints":{"allow":["GET"]}}],"collection":[{"href":"https:\/\/diariodepe.com.br\/cri\/wp-json\/wp\/v2\/posts"}],"about":[{"href":"https:\/\/diariodepe.com.br\/cri\/wp-json\/wp\/v2\/types\/post"}],"author":[{"embeddable":true,"href":"https:\/\/diariodepe.com.br\/cri\/wp-json\/wp\/v2\/users\/2"}],"replies":[{"embeddable":true,"href":"https:\/\/diariodepe.com.br\/cri\/wp-json\/wp\/v2\/comments?post=5165"}],"version-history":[{"count":1,"href":"https:\/\/diariodepe.com.br\/cri\/wp-json\/wp\/v2\/posts\/5165\/revisions"}],"predecessor-version":[{"id":5166,"href":"https:\/\/diariodepe.com.br\/cri\/wp-json\/wp\/v2\/posts\/5165\/revisions\/5166"}],"wp:attachment":[{"href":"https:\/\/diariodepe.com.br\/cri\/wp-json\/wp\/v2\/media?parent=5165"}],"wp:term":[{"taxonomy":"category","embeddable":true,"href":"https:\/\/diariodepe.com.br\/cri\/wp-json\/wp\/v2\/categories?post=5165"},{"taxonomy":"post_tag","embeddable":true,"href":"https:\/\/diariodepe.com.br\/cri\/wp-json\/wp\/v2\/tags?post=5165"}],"curies":[{"name":"wp","href":"https:\/\/api.w.org\/{rel}","templated":true}]}}