{"id":5163,"date":"2024-04-30T03:59:25","date_gmt":"2024-04-30T06:59:25","guid":{"rendered":"https:\/\/diariodepe.com.br\/cri\/?p=5163"},"modified":"2024-04-30T03:59:25","modified_gmt":"2024-04-30T06:59:25","slug":"filipinas-nao-devem-violar-o-acordo-de-cavalheiros-com-a-china","status":"publish","type":"post","link":"https:\/\/diariodepe.com.br\/cri\/2024\/04\/30\/filipinas-nao-devem-violar-o-acordo-de-cavalheiros-com-a-china\/","title":{"rendered":"Filipinas n\u00e3o devem violar o acordo de cavalheiros com a China"},"content":{"rendered":"<p>O ministro da Defesa das Filipinas, Gilberto Teodoro Jr., anunciou no dia 27 que depois que o atual governo filipino assumiu o poder, seu minist\u00e9rio nunca soube, nem participou de nenhum acordo interno com a China sobre a disputa no Mar do Sul.<\/p>\n<p>Novamente as Filipinas negaram o acordo de cavalheiros com a parte chinesa em rela\u00e7\u00e3o ao Ren\u2019ai Jiao. Vale lembrar que o presidente das Filipinas, Ferdinand Marcos Jr., e o conselheiro de Seguran\u00e7a do pa\u00eds, Eduardo Ano, fizeram declara\u00e7\u00f5es semelhantes anteriormente.<\/p>\n<p>No entanto, o fato \u00e9 que o Ren\u2019ai Jiao \u00e9 um recife desabitado no Arquip\u00e9lago de Nansha da China. Segundo o artigo V da Declara\u00e7\u00e3o sobre a Conduta das Partes no Mar do Sul da China (DOC, em ingl\u00eas), as ilhas e recifes desabitados no Mar do Sul devem manter seu estado original, sem a presen\u00e7a humana, nem instala\u00e7\u00f5es.<\/p>\n<p>Esta declara\u00e7\u00e3o foi um acordo alcan\u00e7ado entre a China e os pa\u00edses da Associa\u00e7\u00e3o das Na\u00e7\u00f5es do Sudeste Asi\u00e1tico (Asean), incluindo logicamente as Filipinas, que violaram publicamente o regulamento no dia 9 de maio de 1999, ao enviar seu navio de desembarque Montanha Sierra Madre para o Ren\u2019ai Jiao.<\/p>\n<p class=\"photo_img_20190808\"><img decoding=\"async\" src=\"https:\/\/p5crires.cri.cn\/photoworkspace\/cri\/contentimg\/2024\/04\/29\/2024042916232925646.png\" alt=\"\" \/><\/p>\n<p>Depois que o lado chin\u00eas apresentou representa\u00e7\u00f5es solenes, as Filipinas prometeram repetidamente rebocar o navio de guerra e disseram que n\u00e3o seria o primeiro pa\u00eds a violar a DOC. Por\u00e9m, at\u00e9 hoje, ou seja, 25 anos depois, o navio ainda est\u00e1 no recife.<\/p>\n<p>Durante o governo Rodrigo Duterte, a China e as Filipinas chegaram a um acordo de cavalheiros para estabilizar a situa\u00e7\u00e3o no Mar do Sul. Segundo o tratado, a parte filipina jamais enviaria materiais de constru\u00e7\u00e3o para o navio Montanha Sierra Madre e a China, por humanitarismo, permitiria que as Filipinas transportassem itens de sobreviv\u00eancia para o navio.<\/p>\n<p>Vale ressaltar que o atual governo filipino assumiu o poder em julho de 2022, e at\u00e9 fevereiro de 2023, os dois pa\u00edses aplicavam e observavam este acordo. Por isso, \u00e9 plenamente uma conduta de malandro que o presidente e altos funcion\u00e1rios n\u00e3o reconhe\u00e7am o acordo.<\/p>\n<p>Por que os filipinos abandonaram o acordo de cavalheiros? O c\u00e9rebro nos bastidores s\u00e3o os Estados Unidos. Washington quer utilizar as Filipinas como uma pe\u00e7a no jogo de xadrez na concorr\u00eancia geopol\u00edtica contra a China. E as Filipinas tentam ocupar permanentemente o Ren\u2019ai Jiao com o apoio norte-americano.<\/p>\n","protected":false},"excerpt":{"rendered":"<p>O ministro da Defesa das Filipinas, Gilberto Teodoro Jr., anunciou no dia 27 que depois que o atual governo filipino assumiu o poder, seu minist\u00e9rio nunca soube, nem participou de nenhum acordo interno com a China sobre a disputa no&#8230;<\/p>\n","protected":false},"author":2,"featured_media":0,"comment_status":"open","ping_status":"open","sticky":false,"template":"","format":"standard","meta":{"footnotes":""},"categories":[7],"tags":[],"class_list":["post-5163","post","type-post","status-publish","format-standard","hentry","category-visao"],"yoast_head":"<!-- This site is optimized with the Yoast SEO plugin v27.4 - https:\/\/yoast.com\/product\/yoast-seo-wordpress\/ -->\n<title>Filipinas n\u00e3o devem violar o acordo de cavalheiros com a China - CRI e Diario de Pernambuco<\/title>\n<meta name=\"robots\" content=\"index, follow, max-snippet:-1, max-image-preview:large, max-video-preview:-1\" \/>\n<link rel=\"canonical\" href=\"https:\/\/diariodepe.com.br\/cri\/2024\/04\/30\/filipinas-nao-devem-violar-o-acordo-de-cavalheiros-com-a-china\/\" \/>\n<meta property=\"og:locale\" content=\"pt_BR\" \/>\n<meta property=\"og:type\" content=\"article\" \/>\n<meta property=\"og:title\" content=\"Filipinas n\u00e3o devem violar o acordo de cavalheiros com a China - CRI e Diario de Pernambuco\" \/>\n<meta property=\"og:description\" content=\"O ministro da Defesa das Filipinas, Gilberto Teodoro Jr., anunciou no dia 27 que depois que o atual governo filipino assumiu o poder, seu minist\u00e9rio nunca soube, nem participou de nenhum acordo interno com a China sobre a disputa no...\" \/>\n<meta property=\"og:url\" content=\"https:\/\/diariodepe.com.br\/cri\/2024\/04\/30\/filipinas-nao-devem-violar-o-acordo-de-cavalheiros-com-a-china\/\" \/>\n<meta property=\"og:site_name\" content=\"CRI e Diario de Pernambuco\" \/>\n<meta property=\"article:published_time\" content=\"2024-04-30T06:59:25+00:00\" \/>\n<meta property=\"og:image\" content=\"https:\/\/p5crires.cri.cn\/photoworkspace\/cri\/contentimg\/2024\/04\/29\/2024042916232925646.png\" \/>\n<meta name=\"author\" content=\"Ismael Lucas S. Pereira\" \/>\n<meta name=\"twitter:card\" content=\"summary_large_image\" \/>\n<meta name=\"twitter:label1\" content=\"Escrito por\" \/>\n\t<meta name=\"twitter:data1\" content=\"Ismael Lucas S. Pereira\" \/>\n\t<meta name=\"twitter:label2\" content=\"Est. tempo de leitura\" \/>\n\t<meta name=\"twitter:data2\" content=\"3 minutos\" \/>\n<script type=\"application\/ld+json\" class=\"yoast-schema-graph\">{\"@context\":\"https:\\\/\\\/schema.org\",\"@graph\":[{\"@type\":\"Article\",\"@id\":\"https:\\\/\\\/diariodepe.com.br\\\/cri\\\/2024\\\/04\\\/30\\\/filipinas-nao-devem-violar-o-acordo-de-cavalheiros-com-a-china\\\/#article\",\"isPartOf\":{\"@id\":\"https:\\\/\\\/diariodepe.com.br\\\/cri\\\/2024\\\/04\\\/30\\\/filipinas-nao-devem-violar-o-acordo-de-cavalheiros-com-a-china\\\/\"},\"author\":{\"name\":\"Ismael Lucas S. Pereira\",\"@id\":\"https:\\\/\\\/diariodepe.com.br\\\/cri\\\/#\\\/schema\\\/person\\\/121bb28d84f1a5b1205ef4ce9c2e0c6b\"},\"headline\":\"Filipinas n\u00e3o devem violar o acordo de cavalheiros com a China\",\"datePublished\":\"2024-04-30T06:59:25+00:00\",\"mainEntityOfPage\":{\"@id\":\"https:\\\/\\\/diariodepe.com.br\\\/cri\\\/2024\\\/04\\\/30\\\/filipinas-nao-devem-violar-o-acordo-de-cavalheiros-com-a-china\\\/\"},\"wordCount\":424,\"commentCount\":0,\"publisher\":{\"@id\":\"https:\\\/\\\/diariodepe.com.br\\\/cri\\\/#organization\"},\"image\":{\"@id\":\"https:\\\/\\\/diariodepe.com.br\\\/cri\\\/2024\\\/04\\\/30\\\/filipinas-nao-devem-violar-o-acordo-de-cavalheiros-com-a-china\\\/#primaryimage\"},\"thumbnailUrl\":\"https:\\\/\\\/p5crires.cri.cn\\\/photoworkspace\\\/cri\\\/contentimg\\\/2024\\\/04\\\/29\\\/2024042916232925646.png\",\"articleSection\":[\"Vis\u00e3o\"],\"inLanguage\":\"pt-BR\",\"potentialAction\":[{\"@type\":\"CommentAction\",\"name\":\"Comment\",\"target\":[\"https:\\\/\\\/diariodepe.com.br\\\/cri\\\/2024\\\/04\\\/30\\\/filipinas-nao-devem-violar-o-acordo-de-cavalheiros-com-a-china\\\/#respond\"]}]},{\"@type\":\"WebPage\",\"@id\":\"https:\\\/\\\/diariodepe.com.br\\\/cri\\\/2024\\\/04\\\/30\\\/filipinas-nao-devem-violar-o-acordo-de-cavalheiros-com-a-china\\\/\",\"url\":\"https:\\\/\\\/diariodepe.com.br\\\/cri\\\/2024\\\/04\\\/30\\\/filipinas-nao-devem-violar-o-acordo-de-cavalheiros-com-a-china\\\/\",\"name\":\"Filipinas n\u00e3o devem violar o acordo de cavalheiros com a China - CRI e Diario de Pernambuco\",\"isPartOf\":{\"@id\":\"https:\\\/\\\/diariodepe.com.br\\\/cri\\\/#website\"},\"primaryImageOfPage\":{\"@id\":\"https:\\\/\\\/diariodepe.com.br\\\/cri\\\/2024\\\/04\\\/30\\\/filipinas-nao-devem-violar-o-acordo-de-cavalheiros-com-a-china\\\/#primaryimage\"},\"image\":{\"@id\":\"https:\\\/\\\/diariodepe.com.br\\\/cri\\\/2024\\\/04\\\/30\\\/filipinas-nao-devem-violar-o-acordo-de-cavalheiros-com-a-china\\\/#primaryimage\"},\"thumbnailUrl\":\"https:\\\/\\\/p5crires.cri.cn\\\/photoworkspace\\\/cri\\\/contentimg\\\/2024\\\/04\\\/29\\\/2024042916232925646.png\",\"datePublished\":\"2024-04-30T06:59:25+00:00\",\"breadcrumb\":{\"@id\":\"https:\\\/\\\/diariodepe.com.br\\\/cri\\\/2024\\\/04\\\/30\\\/filipinas-nao-devem-violar-o-acordo-de-cavalheiros-com-a-china\\\/#breadcrumb\"},\"inLanguage\":\"pt-BR\",\"potentialAction\":[{\"@type\":\"ReadAction\",\"target\":[\"https:\\\/\\\/diariodepe.com.br\\\/cri\\\/2024\\\/04\\\/30\\\/filipinas-nao-devem-violar-o-acordo-de-cavalheiros-com-a-china\\\/\"]}]},{\"@type\":\"ImageObject\",\"inLanguage\":\"pt-BR\",\"@id\":\"https:\\\/\\\/diariodepe.com.br\\\/cri\\\/2024\\\/04\\\/30\\\/filipinas-nao-devem-violar-o-acordo-de-cavalheiros-com-a-china\\\/#primaryimage\",\"url\":\"https:\\\/\\\/p5crires.cri.cn\\\/photoworkspace\\\/cri\\\/contentimg\\\/2024\\\/04\\\/29\\\/2024042916232925646.png\",\"contentUrl\":\"https:\\\/\\\/p5crires.cri.cn\\\/photoworkspace\\\/cri\\\/contentimg\\\/2024\\\/04\\\/29\\\/2024042916232925646.png\"},{\"@type\":\"BreadcrumbList\",\"@id\":\"https:\\\/\\\/diariodepe.com.br\\\/cri\\\/2024\\\/04\\\/30\\\/filipinas-nao-devem-violar-o-acordo-de-cavalheiros-com-a-china\\\/#breadcrumb\",\"itemListElement\":[{\"@type\":\"ListItem\",\"position\":1,\"name\":\"In\u00edcio\",\"item\":\"https:\\\/\\\/diariodepe.com.br\\\/cri\\\/\"},{\"@type\":\"ListItem\",\"position\":2,\"name\":\"Filipinas n\u00e3o devem violar o acordo de cavalheiros com a China\"}]},{\"@type\":\"WebSite\",\"@id\":\"https:\\\/\\\/diariodepe.com.br\\\/cri\\\/#website\",\"url\":\"https:\\\/\\\/diariodepe.com.br\\\/cri\\\/\",\"name\":\"CRI e Diario de Pernambuco\",\"description\":\"R\u00e1dio Internacional da China\",\"publisher\":{\"@id\":\"https:\\\/\\\/diariodepe.com.br\\\/cri\\\/#organization\"},\"potentialAction\":[{\"@type\":\"SearchAction\",\"target\":{\"@type\":\"EntryPoint\",\"urlTemplate\":\"https:\\\/\\\/diariodepe.com.br\\\/cri\\\/?s={search_term_string}\"},\"query-input\":{\"@type\":\"PropertyValueSpecification\",\"valueRequired\":true,\"valueName\":\"search_term_string\"}}],\"inLanguage\":\"pt-BR\"},{\"@type\":\"Organization\",\"@id\":\"https:\\\/\\\/diariodepe.com.br\\\/cri\\\/#organization\",\"name\":\"CRI e Diario de Pernambuco\",\"url\":\"https:\\\/\\\/diariodepe.com.br\\\/cri\\\/\",\"logo\":{\"@type\":\"ImageObject\",\"inLanguage\":\"pt-BR\",\"@id\":\"https:\\\/\\\/diariodepe.com.br\\\/cri\\\/#\\\/schema\\\/logo\\\/image\\\/\",\"url\":\"https:\\\/\\\/diariodepe.com.br\\\/cri\\\/wp-content\\\/uploads\\\/sites\\\/2\\\/2022\\\/12\\\/cropped-Logo.jpg\",\"contentUrl\":\"https:\\\/\\\/diariodepe.com.br\\\/cri\\\/wp-content\\\/uploads\\\/sites\\\/2\\\/2022\\\/12\\\/cropped-Logo.jpg\",\"width\":700,\"height\":59,\"caption\":\"CRI e Diario de Pernambuco\"},\"image\":{\"@id\":\"https:\\\/\\\/diariodepe.com.br\\\/cri\\\/#\\\/schema\\\/logo\\\/image\\\/\"}},{\"@type\":\"Person\",\"@id\":\"https:\\\/\\\/diariodepe.com.br\\\/cri\\\/#\\\/schema\\\/person\\\/121bb28d84f1a5b1205ef4ce9c2e0c6b\",\"name\":\"Ismael Lucas S. Pereira\",\"image\":{\"@type\":\"ImageObject\",\"inLanguage\":\"pt-BR\",\"@id\":\"https:\\\/\\\/secure.gravatar.com\\\/avatar\\\/887a0f3b5a7ceea963a48499fb883ffce6b5037362def025c52c2505b15d63e4?s=96&d=mm&r=g\",\"url\":\"https:\\\/\\\/secure.gravatar.com\\\/avatar\\\/887a0f3b5a7ceea963a48499fb883ffce6b5037362def025c52c2505b15d63e4?s=96&d=mm&r=g\",\"contentUrl\":\"https:\\\/\\\/secure.gravatar.com\\\/avatar\\\/887a0f3b5a7ceea963a48499fb883ffce6b5037362def025c52c2505b15d63e4?s=96&d=mm&r=g\",\"caption\":\"Ismael Lucas S. Pereira\"},\"url\":\"https:\\\/\\\/diariodepe.com.br\\\/cri\\\/author\\\/ismael-lucas\\\/\"}]}<\/script>\n<!-- \/ Yoast SEO plugin. -->","yoast_head_json":{"title":"Filipinas n\u00e3o devem violar o acordo de cavalheiros com a China - CRI e Diario de Pernambuco","robots":{"index":"index","follow":"follow","max-snippet":"max-snippet:-1","max-image-preview":"max-image-preview:large","max-video-preview":"max-video-preview:-1"},"canonical":"https:\/\/diariodepe.com.br\/cri\/2024\/04\/30\/filipinas-nao-devem-violar-o-acordo-de-cavalheiros-com-a-china\/","og_locale":"pt_BR","og_type":"article","og_title":"Filipinas n\u00e3o devem violar o acordo de cavalheiros com a China - CRI e Diario de Pernambuco","og_description":"O ministro da Defesa das Filipinas, Gilberto Teodoro Jr., anunciou no dia 27 que depois que o atual governo filipino assumiu o poder, seu minist\u00e9rio nunca soube, nem participou de nenhum acordo interno com a China sobre a disputa no...","og_url":"https:\/\/diariodepe.com.br\/cri\/2024\/04\/30\/filipinas-nao-devem-violar-o-acordo-de-cavalheiros-com-a-china\/","og_site_name":"CRI e Diario de Pernambuco","article_published_time":"2024-04-30T06:59:25+00:00","og_image":[{"url":"https:\/\/p5crires.cri.cn\/photoworkspace\/cri\/contentimg\/2024\/04\/29\/2024042916232925646.png","type":"","width":"","height":""}],"author":"Ismael Lucas S. Pereira","twitter_card":"summary_large_image","twitter_misc":{"Escrito por":"Ismael Lucas S. Pereira","Est. tempo de leitura":"3 minutos"},"schema":{"@context":"https:\/\/schema.org","@graph":[{"@type":"Article","@id":"https:\/\/diariodepe.com.br\/cri\/2024\/04\/30\/filipinas-nao-devem-violar-o-acordo-de-cavalheiros-com-a-china\/#article","isPartOf":{"@id":"https:\/\/diariodepe.com.br\/cri\/2024\/04\/30\/filipinas-nao-devem-violar-o-acordo-de-cavalheiros-com-a-china\/"},"author":{"name":"Ismael Lucas S. Pereira","@id":"https:\/\/diariodepe.com.br\/cri\/#\/schema\/person\/121bb28d84f1a5b1205ef4ce9c2e0c6b"},"headline":"Filipinas n\u00e3o devem violar o acordo de cavalheiros com a China","datePublished":"2024-04-30T06:59:25+00:00","mainEntityOfPage":{"@id":"https:\/\/diariodepe.com.br\/cri\/2024\/04\/30\/filipinas-nao-devem-violar-o-acordo-de-cavalheiros-com-a-china\/"},"wordCount":424,"commentCount":0,"publisher":{"@id":"https:\/\/diariodepe.com.br\/cri\/#organization"},"image":{"@id":"https:\/\/diariodepe.com.br\/cri\/2024\/04\/30\/filipinas-nao-devem-violar-o-acordo-de-cavalheiros-com-a-china\/#primaryimage"},"thumbnailUrl":"https:\/\/p5crires.cri.cn\/photoworkspace\/cri\/contentimg\/2024\/04\/29\/2024042916232925646.png","articleSection":["Vis\u00e3o"],"inLanguage":"pt-BR","potentialAction":[{"@type":"CommentAction","name":"Comment","target":["https:\/\/diariodepe.com.br\/cri\/2024\/04\/30\/filipinas-nao-devem-violar-o-acordo-de-cavalheiros-com-a-china\/#respond"]}]},{"@type":"WebPage","@id":"https:\/\/diariodepe.com.br\/cri\/2024\/04\/30\/filipinas-nao-devem-violar-o-acordo-de-cavalheiros-com-a-china\/","url":"https:\/\/diariodepe.com.br\/cri\/2024\/04\/30\/filipinas-nao-devem-violar-o-acordo-de-cavalheiros-com-a-china\/","name":"Filipinas n\u00e3o devem violar o acordo de cavalheiros com a China - CRI e Diario de Pernambuco","isPartOf":{"@id":"https:\/\/diariodepe.com.br\/cri\/#website"},"primaryImageOfPage":{"@id":"https:\/\/diariodepe.com.br\/cri\/2024\/04\/30\/filipinas-nao-devem-violar-o-acordo-de-cavalheiros-com-a-china\/#primaryimage"},"image":{"@id":"https:\/\/diariodepe.com.br\/cri\/2024\/04\/30\/filipinas-nao-devem-violar-o-acordo-de-cavalheiros-com-a-china\/#primaryimage"},"thumbnailUrl":"https:\/\/p5crires.cri.cn\/photoworkspace\/cri\/contentimg\/2024\/04\/29\/2024042916232925646.png","datePublished":"2024-04-30T06:59:25+00:00","breadcrumb":{"@id":"https:\/\/diariodepe.com.br\/cri\/2024\/04\/30\/filipinas-nao-devem-violar-o-acordo-de-cavalheiros-com-a-china\/#breadcrumb"},"inLanguage":"pt-BR","potentialAction":[{"@type":"ReadAction","target":["https:\/\/diariodepe.com.br\/cri\/2024\/04\/30\/filipinas-nao-devem-violar-o-acordo-de-cavalheiros-com-a-china\/"]}]},{"@type":"ImageObject","inLanguage":"pt-BR","@id":"https:\/\/diariodepe.com.br\/cri\/2024\/04\/30\/filipinas-nao-devem-violar-o-acordo-de-cavalheiros-com-a-china\/#primaryimage","url":"https:\/\/p5crires.cri.cn\/photoworkspace\/cri\/contentimg\/2024\/04\/29\/2024042916232925646.png","contentUrl":"https:\/\/p5crires.cri.cn\/photoworkspace\/cri\/contentimg\/2024\/04\/29\/2024042916232925646.png"},{"@type":"BreadcrumbList","@id":"https:\/\/diariodepe.com.br\/cri\/2024\/04\/30\/filipinas-nao-devem-violar-o-acordo-de-cavalheiros-com-a-china\/#breadcrumb","itemListElement":[{"@type":"ListItem","position":1,"name":"In\u00edcio","item":"https:\/\/diariodepe.com.br\/cri\/"},{"@type":"ListItem","position":2,"name":"Filipinas n\u00e3o devem violar o acordo de cavalheiros com a China"}]},{"@type":"WebSite","@id":"https:\/\/diariodepe.com.br\/cri\/#website","url":"https:\/\/diariodepe.com.br\/cri\/","name":"CRI e Diario de Pernambuco","description":"R\u00e1dio Internacional da China","publisher":{"@id":"https:\/\/diariodepe.com.br\/cri\/#organization"},"potentialAction":[{"@type":"SearchAction","target":{"@type":"EntryPoint","urlTemplate":"https:\/\/diariodepe.com.br\/cri\/?s={search_term_string}"},"query-input":{"@type":"PropertyValueSpecification","valueRequired":true,"valueName":"search_term_string"}}],"inLanguage":"pt-BR"},{"@type":"Organization","@id":"https:\/\/diariodepe.com.br\/cri\/#organization","name":"CRI e Diario de Pernambuco","url":"https:\/\/diariodepe.com.br\/cri\/","logo":{"@type":"ImageObject","inLanguage":"pt-BR","@id":"https:\/\/diariodepe.com.br\/cri\/#\/schema\/logo\/image\/","url":"https:\/\/diariodepe.com.br\/cri\/wp-content\/uploads\/sites\/2\/2022\/12\/cropped-Logo.jpg","contentUrl":"https:\/\/diariodepe.com.br\/cri\/wp-content\/uploads\/sites\/2\/2022\/12\/cropped-Logo.jpg","width":700,"height":59,"caption":"CRI e Diario de Pernambuco"},"image":{"@id":"https:\/\/diariodepe.com.br\/cri\/#\/schema\/logo\/image\/"}},{"@type":"Person","@id":"https:\/\/diariodepe.com.br\/cri\/#\/schema\/person\/121bb28d84f1a5b1205ef4ce9c2e0c6b","name":"Ismael Lucas S. Pereira","image":{"@type":"ImageObject","inLanguage":"pt-BR","@id":"https:\/\/secure.gravatar.com\/avatar\/887a0f3b5a7ceea963a48499fb883ffce6b5037362def025c52c2505b15d63e4?s=96&d=mm&r=g","url":"https:\/\/secure.gravatar.com\/avatar\/887a0f3b5a7ceea963a48499fb883ffce6b5037362def025c52c2505b15d63e4?s=96&d=mm&r=g","contentUrl":"https:\/\/secure.gravatar.com\/avatar\/887a0f3b5a7ceea963a48499fb883ffce6b5037362def025c52c2505b15d63e4?s=96&d=mm&r=g","caption":"Ismael Lucas S. Pereira"},"url":"https:\/\/diariodepe.com.br\/cri\/author\/ismael-lucas\/"}]}},"cc_featured_image_caption":{"caption_text":false,"source_text":false,"source_url":false},"amp_enabled":true,"_links":{"self":[{"href":"https:\/\/diariodepe.com.br\/cri\/wp-json\/wp\/v2\/posts\/5163","targetHints":{"allow":["GET"]}}],"collection":[{"href":"https:\/\/diariodepe.com.br\/cri\/wp-json\/wp\/v2\/posts"}],"about":[{"href":"https:\/\/diariodepe.com.br\/cri\/wp-json\/wp\/v2\/types\/post"}],"author":[{"embeddable":true,"href":"https:\/\/diariodepe.com.br\/cri\/wp-json\/wp\/v2\/users\/2"}],"replies":[{"embeddable":true,"href":"https:\/\/diariodepe.com.br\/cri\/wp-json\/wp\/v2\/comments?post=5163"}],"version-history":[{"count":1,"href":"https:\/\/diariodepe.com.br\/cri\/wp-json\/wp\/v2\/posts\/5163\/revisions"}],"predecessor-version":[{"id":5164,"href":"https:\/\/diariodepe.com.br\/cri\/wp-json\/wp\/v2\/posts\/5163\/revisions\/5164"}],"wp:attachment":[{"href":"https:\/\/diariodepe.com.br\/cri\/wp-json\/wp\/v2\/media?parent=5163"}],"wp:term":[{"taxonomy":"category","embeddable":true,"href":"https:\/\/diariodepe.com.br\/cri\/wp-json\/wp\/v2\/categories?post=5163"},{"taxonomy":"post_tag","embeddable":true,"href":"https:\/\/diariodepe.com.br\/cri\/wp-json\/wp\/v2\/tags?post=5163"}],"curies":[{"name":"wp","href":"https:\/\/api.w.org\/{rel}","templated":true}]}}