{"id":5155,"date":"2024-04-30T03:53:29","date_gmt":"2024-04-30T06:53:29","guid":{"rendered":"https:\/\/diariodepe.com.br\/cri\/?p=5155"},"modified":"2024-04-30T03:53:29","modified_gmt":"2024-04-30T06:53:29","slug":"china-e-tanzania-celebram-60o-aniversario-das-relacoes-diplomaticas","status":"publish","type":"post","link":"https:\/\/diariodepe.com.br\/cri\/2024\/04\/30\/china-e-tanzania-celebram-60o-aniversario-das-relacoes-diplomaticas\/","title":{"rendered":"China e Tanz\u00e2nia celebram 60\u00ba anivers\u00e1rio das rela\u00e7\u00f5es diplom\u00e1ticas"},"content":{"rendered":"<p>O presidente da China Xi Jinping e a presidente da Tanz\u00e2nia Samia Suluhu Hassan trocaram mensagens de felicita\u00e7\u00f5es para celebrar o 60\u00ba anivers\u00e1rio do estabelecimento de rela\u00e7\u00f5es diplom\u00e1ticas entre os dois pa\u00edses.<\/p>\n<p>Xi Jinping lembrou da amizade estabelecida h\u00e1 60 anos, classificando a parceria bilateral como modelo de coopera\u00e7\u00e3o Sul-Sul. O l\u00edder chin\u00eas manifestou sua disposi\u00e7\u00e3o de trabalhar com a presidente tanzaniana para dar continuidade \u00e0 amizade tradicional entre as duas na\u00e7\u00f5es, bem como enriquecer sua parceria de coopera\u00e7\u00e3o estrat\u00e9gica abrangente, para dar maiores contribui\u00e7\u00f5es em prol da constru\u00e7\u00e3o de uma comunidade de futuro compartilhado China-\u00c1frica de alto n\u00edvel.<\/p>\n<p>Hassan disse admirar as conquistas hist\u00f3ricas da China alcan\u00e7adas no desenvolvimento socioecon\u00f4mico, e manifestou o apoio \u00e0 constru\u00e7\u00e3o conjunta da Iniciativa Cintur\u00e3o e Rota e da Iniciativa de Desenvolvimento Global, de modo a refor\u00e7ar a parceria de coopera\u00e7\u00e3o estrat\u00e9gica global Tanz\u00e2nia-China.<\/p>\n","protected":false},"excerpt":{"rendered":"<p>O presidente da China Xi Jinping e a presidente da Tanz\u00e2nia Samia Suluhu Hassan trocaram mensagens de felicita\u00e7\u00f5es para celebrar o 60\u00ba anivers\u00e1rio do estabelecimento de rela\u00e7\u00f5es diplom\u00e1ticas entre os dois pa\u00edses. Xi Jinping lembrou da amizade estabelecida h\u00e1 60&#8230;<\/p>\n","protected":false},"author":2,"featured_media":0,"comment_status":"open","ping_status":"open","sticky":false,"template":"","format":"standard","meta":{"footnotes":""},"categories":[3],"tags":[],"class_list":["post-5155","post","type-post","status-publish","format-standard","hentry","category-china"],"yoast_head":"<!-- This site is optimized with the Yoast SEO plugin v27.4 - https:\/\/yoast.com\/product\/yoast-seo-wordpress\/ -->\n<title>China e Tanz\u00e2nia celebram 60\u00ba anivers\u00e1rio das rela\u00e7\u00f5es diplom\u00e1ticas - CRI e Diario de Pernambuco<\/title>\n<meta name=\"robots\" content=\"index, follow, max-snippet:-1, max-image-preview:large, max-video-preview:-1\" \/>\n<link rel=\"canonical\" href=\"https:\/\/diariodepe.com.br\/cri\/2024\/04\/30\/china-e-tanzania-celebram-60o-aniversario-das-relacoes-diplomaticas\/\" \/>\n<meta property=\"og:locale\" content=\"pt_BR\" \/>\n<meta property=\"og:type\" content=\"article\" \/>\n<meta property=\"og:title\" content=\"China e Tanz\u00e2nia celebram 60\u00ba anivers\u00e1rio das rela\u00e7\u00f5es diplom\u00e1ticas - CRI e Diario de Pernambuco\" \/>\n<meta property=\"og:description\" content=\"O presidente da China Xi Jinping e a presidente da Tanz\u00e2nia Samia Suluhu Hassan trocaram mensagens de felicita\u00e7\u00f5es para celebrar o 60\u00ba anivers\u00e1rio do estabelecimento de rela\u00e7\u00f5es diplom\u00e1ticas entre os dois pa\u00edses. Xi Jinping lembrou da amizade estabelecida h\u00e1 60...\" \/>\n<meta property=\"og:url\" content=\"https:\/\/diariodepe.com.br\/cri\/2024\/04\/30\/china-e-tanzania-celebram-60o-aniversario-das-relacoes-diplomaticas\/\" \/>\n<meta property=\"og:site_name\" content=\"CRI e Diario de Pernambuco\" \/>\n<meta property=\"article:published_time\" content=\"2024-04-30T06:53:29+00:00\" \/>\n<meta name=\"author\" content=\"Ismael Lucas S. Pereira\" \/>\n<meta name=\"twitter:card\" content=\"summary_large_image\" \/>\n<meta name=\"twitter:label1\" content=\"Escrito por\" \/>\n\t<meta name=\"twitter:data1\" content=\"Ismael Lucas S. Pereira\" \/>\n\t<meta name=\"twitter:label2\" content=\"Est. tempo de leitura\" \/>\n\t<meta name=\"twitter:data2\" content=\"1 minuto\" \/>\n<script type=\"application\/ld+json\" class=\"yoast-schema-graph\">{\"@context\":\"https:\\\/\\\/schema.org\",\"@graph\":[{\"@type\":\"Article\",\"@id\":\"https:\\\/\\\/diariodepe.com.br\\\/cri\\\/2024\\\/04\\\/30\\\/china-e-tanzania-celebram-60o-aniversario-das-relacoes-diplomaticas\\\/#article\",\"isPartOf\":{\"@id\":\"https:\\\/\\\/diariodepe.com.br\\\/cri\\\/2024\\\/04\\\/30\\\/china-e-tanzania-celebram-60o-aniversario-das-relacoes-diplomaticas\\\/\"},\"author\":{\"name\":\"Ismael Lucas S. Pereira\",\"@id\":\"https:\\\/\\\/diariodepe.com.br\\\/cri\\\/#\\\/schema\\\/person\\\/121bb28d84f1a5b1205ef4ce9c2e0c6b\"},\"headline\":\"China e Tanz\u00e2nia celebram 60\u00ba anivers\u00e1rio das rela\u00e7\u00f5es diplom\u00e1ticas\",\"datePublished\":\"2024-04-30T06:53:29+00:00\",\"mainEntityOfPage\":{\"@id\":\"https:\\\/\\\/diariodepe.com.br\\\/cri\\\/2024\\\/04\\\/30\\\/china-e-tanzania-celebram-60o-aniversario-das-relacoes-diplomaticas\\\/\"},\"wordCount\":174,\"commentCount\":0,\"publisher\":{\"@id\":\"https:\\\/\\\/diariodepe.com.br\\\/cri\\\/#organization\"},\"articleSection\":[\"China\"],\"inLanguage\":\"pt-BR\",\"potentialAction\":[{\"@type\":\"CommentAction\",\"name\":\"Comment\",\"target\":[\"https:\\\/\\\/diariodepe.com.br\\\/cri\\\/2024\\\/04\\\/30\\\/china-e-tanzania-celebram-60o-aniversario-das-relacoes-diplomaticas\\\/#respond\"]}]},{\"@type\":\"WebPage\",\"@id\":\"https:\\\/\\\/diariodepe.com.br\\\/cri\\\/2024\\\/04\\\/30\\\/china-e-tanzania-celebram-60o-aniversario-das-relacoes-diplomaticas\\\/\",\"url\":\"https:\\\/\\\/diariodepe.com.br\\\/cri\\\/2024\\\/04\\\/30\\\/china-e-tanzania-celebram-60o-aniversario-das-relacoes-diplomaticas\\\/\",\"name\":\"China e Tanz\u00e2nia celebram 60\u00ba anivers\u00e1rio das rela\u00e7\u00f5es diplom\u00e1ticas - CRI e Diario de Pernambuco\",\"isPartOf\":{\"@id\":\"https:\\\/\\\/diariodepe.com.br\\\/cri\\\/#website\"},\"datePublished\":\"2024-04-30T06:53:29+00:00\",\"breadcrumb\":{\"@id\":\"https:\\\/\\\/diariodepe.com.br\\\/cri\\\/2024\\\/04\\\/30\\\/china-e-tanzania-celebram-60o-aniversario-das-relacoes-diplomaticas\\\/#breadcrumb\"},\"inLanguage\":\"pt-BR\",\"potentialAction\":[{\"@type\":\"ReadAction\",\"target\":[\"https:\\\/\\\/diariodepe.com.br\\\/cri\\\/2024\\\/04\\\/30\\\/china-e-tanzania-celebram-60o-aniversario-das-relacoes-diplomaticas\\\/\"]}]},{\"@type\":\"BreadcrumbList\",\"@id\":\"https:\\\/\\\/diariodepe.com.br\\\/cri\\\/2024\\\/04\\\/30\\\/china-e-tanzania-celebram-60o-aniversario-das-relacoes-diplomaticas\\\/#breadcrumb\",\"itemListElement\":[{\"@type\":\"ListItem\",\"position\":1,\"name\":\"In\u00edcio\",\"item\":\"https:\\\/\\\/diariodepe.com.br\\\/cri\\\/\"},{\"@type\":\"ListItem\",\"position\":2,\"name\":\"China e Tanz\u00e2nia celebram 60\u00ba anivers\u00e1rio das rela\u00e7\u00f5es diplom\u00e1ticas\"}]},{\"@type\":\"WebSite\",\"@id\":\"https:\\\/\\\/diariodepe.com.br\\\/cri\\\/#website\",\"url\":\"https:\\\/\\\/diariodepe.com.br\\\/cri\\\/\",\"name\":\"CRI e Diario de Pernambuco\",\"description\":\"R\u00e1dio Internacional da China\",\"publisher\":{\"@id\":\"https:\\\/\\\/diariodepe.com.br\\\/cri\\\/#organization\"},\"potentialAction\":[{\"@type\":\"SearchAction\",\"target\":{\"@type\":\"EntryPoint\",\"urlTemplate\":\"https:\\\/\\\/diariodepe.com.br\\\/cri\\\/?s={search_term_string}\"},\"query-input\":{\"@type\":\"PropertyValueSpecification\",\"valueRequired\":true,\"valueName\":\"search_term_string\"}}],\"inLanguage\":\"pt-BR\"},{\"@type\":\"Organization\",\"@id\":\"https:\\\/\\\/diariodepe.com.br\\\/cri\\\/#organization\",\"name\":\"CRI e Diario de Pernambuco\",\"url\":\"https:\\\/\\\/diariodepe.com.br\\\/cri\\\/\",\"logo\":{\"@type\":\"ImageObject\",\"inLanguage\":\"pt-BR\",\"@id\":\"https:\\\/\\\/diariodepe.com.br\\\/cri\\\/#\\\/schema\\\/logo\\\/image\\\/\",\"url\":\"https:\\\/\\\/diariodepe.com.br\\\/cri\\\/wp-content\\\/uploads\\\/sites\\\/2\\\/2022\\\/12\\\/cropped-Logo.jpg\",\"contentUrl\":\"https:\\\/\\\/diariodepe.com.br\\\/cri\\\/wp-content\\\/uploads\\\/sites\\\/2\\\/2022\\\/12\\\/cropped-Logo.jpg\",\"width\":700,\"height\":59,\"caption\":\"CRI e Diario de Pernambuco\"},\"image\":{\"@id\":\"https:\\\/\\\/diariodepe.com.br\\\/cri\\\/#\\\/schema\\\/logo\\\/image\\\/\"}},{\"@type\":\"Person\",\"@id\":\"https:\\\/\\\/diariodepe.com.br\\\/cri\\\/#\\\/schema\\\/person\\\/121bb28d84f1a5b1205ef4ce9c2e0c6b\",\"name\":\"Ismael Lucas S. Pereira\",\"image\":{\"@type\":\"ImageObject\",\"inLanguage\":\"pt-BR\",\"@id\":\"https:\\\/\\\/secure.gravatar.com\\\/avatar\\\/887a0f3b5a7ceea963a48499fb883ffce6b5037362def025c52c2505b15d63e4?s=96&d=mm&r=g\",\"url\":\"https:\\\/\\\/secure.gravatar.com\\\/avatar\\\/887a0f3b5a7ceea963a48499fb883ffce6b5037362def025c52c2505b15d63e4?s=96&d=mm&r=g\",\"contentUrl\":\"https:\\\/\\\/secure.gravatar.com\\\/avatar\\\/887a0f3b5a7ceea963a48499fb883ffce6b5037362def025c52c2505b15d63e4?s=96&d=mm&r=g\",\"caption\":\"Ismael Lucas S. Pereira\"},\"url\":\"https:\\\/\\\/diariodepe.com.br\\\/cri\\\/author\\\/ismael-lucas\\\/\"}]}<\/script>\n<!-- \/ Yoast SEO plugin. -->","yoast_head_json":{"title":"China e Tanz\u00e2nia celebram 60\u00ba anivers\u00e1rio das rela\u00e7\u00f5es diplom\u00e1ticas - CRI e Diario de Pernambuco","robots":{"index":"index","follow":"follow","max-snippet":"max-snippet:-1","max-image-preview":"max-image-preview:large","max-video-preview":"max-video-preview:-1"},"canonical":"https:\/\/diariodepe.com.br\/cri\/2024\/04\/30\/china-e-tanzania-celebram-60o-aniversario-das-relacoes-diplomaticas\/","og_locale":"pt_BR","og_type":"article","og_title":"China e Tanz\u00e2nia celebram 60\u00ba anivers\u00e1rio das rela\u00e7\u00f5es diplom\u00e1ticas - CRI e Diario de Pernambuco","og_description":"O presidente da China Xi Jinping e a presidente da Tanz\u00e2nia Samia Suluhu Hassan trocaram mensagens de felicita\u00e7\u00f5es para celebrar o 60\u00ba anivers\u00e1rio do estabelecimento de rela\u00e7\u00f5es diplom\u00e1ticas entre os dois pa\u00edses. Xi Jinping lembrou da amizade estabelecida h\u00e1 60...","og_url":"https:\/\/diariodepe.com.br\/cri\/2024\/04\/30\/china-e-tanzania-celebram-60o-aniversario-das-relacoes-diplomaticas\/","og_site_name":"CRI e Diario de Pernambuco","article_published_time":"2024-04-30T06:53:29+00:00","author":"Ismael Lucas S. Pereira","twitter_card":"summary_large_image","twitter_misc":{"Escrito por":"Ismael Lucas S. Pereira","Est. tempo de leitura":"1 minuto"},"schema":{"@context":"https:\/\/schema.org","@graph":[{"@type":"Article","@id":"https:\/\/diariodepe.com.br\/cri\/2024\/04\/30\/china-e-tanzania-celebram-60o-aniversario-das-relacoes-diplomaticas\/#article","isPartOf":{"@id":"https:\/\/diariodepe.com.br\/cri\/2024\/04\/30\/china-e-tanzania-celebram-60o-aniversario-das-relacoes-diplomaticas\/"},"author":{"name":"Ismael Lucas S. Pereira","@id":"https:\/\/diariodepe.com.br\/cri\/#\/schema\/person\/121bb28d84f1a5b1205ef4ce9c2e0c6b"},"headline":"China e Tanz\u00e2nia celebram 60\u00ba anivers\u00e1rio das rela\u00e7\u00f5es diplom\u00e1ticas","datePublished":"2024-04-30T06:53:29+00:00","mainEntityOfPage":{"@id":"https:\/\/diariodepe.com.br\/cri\/2024\/04\/30\/china-e-tanzania-celebram-60o-aniversario-das-relacoes-diplomaticas\/"},"wordCount":174,"commentCount":0,"publisher":{"@id":"https:\/\/diariodepe.com.br\/cri\/#organization"},"articleSection":["China"],"inLanguage":"pt-BR","potentialAction":[{"@type":"CommentAction","name":"Comment","target":["https:\/\/diariodepe.com.br\/cri\/2024\/04\/30\/china-e-tanzania-celebram-60o-aniversario-das-relacoes-diplomaticas\/#respond"]}]},{"@type":"WebPage","@id":"https:\/\/diariodepe.com.br\/cri\/2024\/04\/30\/china-e-tanzania-celebram-60o-aniversario-das-relacoes-diplomaticas\/","url":"https:\/\/diariodepe.com.br\/cri\/2024\/04\/30\/china-e-tanzania-celebram-60o-aniversario-das-relacoes-diplomaticas\/","name":"China e Tanz\u00e2nia celebram 60\u00ba anivers\u00e1rio das rela\u00e7\u00f5es diplom\u00e1ticas - CRI e Diario de Pernambuco","isPartOf":{"@id":"https:\/\/diariodepe.com.br\/cri\/#website"},"datePublished":"2024-04-30T06:53:29+00:00","breadcrumb":{"@id":"https:\/\/diariodepe.com.br\/cri\/2024\/04\/30\/china-e-tanzania-celebram-60o-aniversario-das-relacoes-diplomaticas\/#breadcrumb"},"inLanguage":"pt-BR","potentialAction":[{"@type":"ReadAction","target":["https:\/\/diariodepe.com.br\/cri\/2024\/04\/30\/china-e-tanzania-celebram-60o-aniversario-das-relacoes-diplomaticas\/"]}]},{"@type":"BreadcrumbList","@id":"https:\/\/diariodepe.com.br\/cri\/2024\/04\/30\/china-e-tanzania-celebram-60o-aniversario-das-relacoes-diplomaticas\/#breadcrumb","itemListElement":[{"@type":"ListItem","position":1,"name":"In\u00edcio","item":"https:\/\/diariodepe.com.br\/cri\/"},{"@type":"ListItem","position":2,"name":"China e Tanz\u00e2nia celebram 60\u00ba anivers\u00e1rio das rela\u00e7\u00f5es diplom\u00e1ticas"}]},{"@type":"WebSite","@id":"https:\/\/diariodepe.com.br\/cri\/#website","url":"https:\/\/diariodepe.com.br\/cri\/","name":"CRI e Diario de Pernambuco","description":"R\u00e1dio Internacional da China","publisher":{"@id":"https:\/\/diariodepe.com.br\/cri\/#organization"},"potentialAction":[{"@type":"SearchAction","target":{"@type":"EntryPoint","urlTemplate":"https:\/\/diariodepe.com.br\/cri\/?s={search_term_string}"},"query-input":{"@type":"PropertyValueSpecification","valueRequired":true,"valueName":"search_term_string"}}],"inLanguage":"pt-BR"},{"@type":"Organization","@id":"https:\/\/diariodepe.com.br\/cri\/#organization","name":"CRI e Diario de Pernambuco","url":"https:\/\/diariodepe.com.br\/cri\/","logo":{"@type":"ImageObject","inLanguage":"pt-BR","@id":"https:\/\/diariodepe.com.br\/cri\/#\/schema\/logo\/image\/","url":"https:\/\/diariodepe.com.br\/cri\/wp-content\/uploads\/sites\/2\/2022\/12\/cropped-Logo.jpg","contentUrl":"https:\/\/diariodepe.com.br\/cri\/wp-content\/uploads\/sites\/2\/2022\/12\/cropped-Logo.jpg","width":700,"height":59,"caption":"CRI e Diario de Pernambuco"},"image":{"@id":"https:\/\/diariodepe.com.br\/cri\/#\/schema\/logo\/image\/"}},{"@type":"Person","@id":"https:\/\/diariodepe.com.br\/cri\/#\/schema\/person\/121bb28d84f1a5b1205ef4ce9c2e0c6b","name":"Ismael Lucas S. Pereira","image":{"@type":"ImageObject","inLanguage":"pt-BR","@id":"https:\/\/secure.gravatar.com\/avatar\/887a0f3b5a7ceea963a48499fb883ffce6b5037362def025c52c2505b15d63e4?s=96&d=mm&r=g","url":"https:\/\/secure.gravatar.com\/avatar\/887a0f3b5a7ceea963a48499fb883ffce6b5037362def025c52c2505b15d63e4?s=96&d=mm&r=g","contentUrl":"https:\/\/secure.gravatar.com\/avatar\/887a0f3b5a7ceea963a48499fb883ffce6b5037362def025c52c2505b15d63e4?s=96&d=mm&r=g","caption":"Ismael Lucas S. Pereira"},"url":"https:\/\/diariodepe.com.br\/cri\/author\/ismael-lucas\/"}]}},"cc_featured_image_caption":{"caption_text":false,"source_text":false,"source_url":false},"amp_enabled":true,"_links":{"self":[{"href":"https:\/\/diariodepe.com.br\/cri\/wp-json\/wp\/v2\/posts\/5155","targetHints":{"allow":["GET"]}}],"collection":[{"href":"https:\/\/diariodepe.com.br\/cri\/wp-json\/wp\/v2\/posts"}],"about":[{"href":"https:\/\/diariodepe.com.br\/cri\/wp-json\/wp\/v2\/types\/post"}],"author":[{"embeddable":true,"href":"https:\/\/diariodepe.com.br\/cri\/wp-json\/wp\/v2\/users\/2"}],"replies":[{"embeddable":true,"href":"https:\/\/diariodepe.com.br\/cri\/wp-json\/wp\/v2\/comments?post=5155"}],"version-history":[{"count":1,"href":"https:\/\/diariodepe.com.br\/cri\/wp-json\/wp\/v2\/posts\/5155\/revisions"}],"predecessor-version":[{"id":5156,"href":"https:\/\/diariodepe.com.br\/cri\/wp-json\/wp\/v2\/posts\/5155\/revisions\/5156"}],"wp:attachment":[{"href":"https:\/\/diariodepe.com.br\/cri\/wp-json\/wp\/v2\/media?parent=5155"}],"wp:term":[{"taxonomy":"category","embeddable":true,"href":"https:\/\/diariodepe.com.br\/cri\/wp-json\/wp\/v2\/categories?post=5155"},{"taxonomy":"post_tag","embeddable":true,"href":"https:\/\/diariodepe.com.br\/cri\/wp-json\/wp\/v2\/tags?post=5155"}],"curies":[{"name":"wp","href":"https:\/\/api.w.org\/{rel}","templated":true}]}}