{"id":5150,"date":"2024-04-30T03:52:03","date_gmt":"2024-04-30T06:52:03","guid":{"rendered":"https:\/\/diariodepe.com.br\/cri\/?p=5150"},"modified":"2024-04-30T03:52:03","modified_gmt":"2024-04-30T06:52:03","slug":"por-que-o-mundo-precisa-da-capacidade-produtiva-verde-da-china","status":"publish","type":"post","link":"https:\/\/diariodepe.com.br\/cri\/2024\/04\/30\/por-que-o-mundo-precisa-da-capacidade-produtiva-verde-da-china\/","title":{"rendered":"Por que o mundo precisa da capacidade produtiva verde da China?"},"content":{"rendered":"<p class=\"photo_img_20190808\"><img decoding=\"async\" src=\"https:\/\/p2crires.cri.cn\/photoworkspace\/cri\/contentimg\/2024\/04\/26\/2024042611113855966.jpg\" alt=\"\" width=\"1000\" \/><\/p>\n<p>\u201cAtualmente muitos progressos alcan\u00e7ados no setor de pain\u00e9is solares se devem aos esfor\u00e7os da China na redu\u00e7\u00e3o de custos, e o mesmo ocorreu no setor de carros el\u00e9tricos.\u201d A observa\u00e7\u00e3o foi feita por Amin Nasser, CEO da Saudi Aramco, gigante petrol\u00edfera global.<\/p>\n<p>Ele acrescentou que o desenvolvimento da nova energia da China tem ajudado os pa\u00edses ocidentais a atingir as metas de emiss\u00e3o l\u00edquida zero de carbono e desempenhado um papel importante na transi\u00e7\u00e3o energ\u00e9tica global.<\/p>\n<p>No momento em que alguns estadunidenses especulam sobre o \u201cexcesso da capacidade produtiva\u201d da China impactando o mercado global, as palavras do CEO da Saudi Aramco representam a percep\u00e7\u00e3o racional e objetiva da comunidade internacional sobre o t\u00f3pico.<\/p>\n<p>Para o mundo inteiro, o que significa a capacidade produtiva verde da China? Na verdade, com a inova\u00e7\u00e3o e a cadeia industrial completa, a China forneceu solu\u00e7\u00f5es economicamente acess\u00edveis para o mundo e promoveu a populariza\u00e7\u00e3o dos produtos de nova energia.<\/p>\n<p>No caso dos carros el\u00e9tricos, o pre\u00e7o dos ve\u00edculos chineses \u00e9 20% at\u00e9 30% mais barato do que os europeus, segundo uma an\u00e1lise da consultoria McKinsey. Uma das raz\u00f5es importantes reside na redu\u00e7\u00e3o de quase metade do tempo no desenvolvimento de um novo modelo na China em compara\u00e7\u00e3o com a Europa. A capacidade produtiva verde do pa\u00eds forneceu ao mundo inteiro produtos com melhor custo-benef\u00edcio e aliviou a press\u00e3o da infla\u00e7\u00e3o causada pela escassez de fontes de energia convencionais.<\/p>\n<p>A capacidade produtiva verde da China tamb\u00e9m proporcionou globalmente uma nova for\u00e7a motriz de desenvolvimento. Segundo uma reportagem da Bloomberg, os produtos chineses ecol\u00f3gicos e econ\u00f4micos trouxeram esperan\u00e7a na transi\u00e7\u00e3o energ\u00e9tica do planeta.<\/p>\n<p>Atualmente, a China fornece 50% dos itens relacionados \u00e0 energia e\u00f3lica e 80% da fotovoltaica mundialmente. Entre os anos de 2012 e 2021, o com\u00e9rcio verde da China registrou um crescimento de 146,3%, injetando um impulso verde ao crescimento econ\u00f4mico mundial.<\/p>\n<p>Mais importante ainda, a capacidade produtiva verde chinesa contribui muito para enfrentar o desafio global das mudan\u00e7as clim\u00e1ticas. Como o maior pa\u00eds em desenvolvimento, a China n\u00e3o apenas se comprometeu a superar do pico de carbono para a neutralidade de carbono no menor tempo da hist\u00f3ria, mas tamb\u00e9m continua a ajudar o mundo a reduzir as emiss\u00f5es.<\/p>\n<p>Em 2022, as exporta\u00e7\u00f5es chinesas de produtos de energia e\u00f3lica e fotovoltaica reduziram as emiss\u00f5es de di\u00f3xido de carbono em cerca de 573 milh\u00f5es de toneladas, para um total acumulado de 2,83 bilh\u00f5es de toneladas, representando cerca de 41% das redu\u00e7\u00f5es de emiss\u00f5es de carbono convertidas em energia renov\u00e1vel do mundo no mesmo per\u00edodo.<\/p>\n<p>Al\u00e9m disso, a China tem ajudado outros pa\u00edses a melhorar sua capacidade de lidar com as mudan\u00e7as clim\u00e1ticas por meio de suporte t\u00e9cnico, capacita\u00e7\u00e3o, assist\u00eancia financeira, entre outros.<\/p>\n<p>Em 2023, nas profundezas do deserto ao sul de Abu Dhabi, nos Emirados \u00c1rabes Unidos, a maior usina de energia solar do mundo constru\u00edda pela China, entrou opera\u00e7\u00e3o. Ela pode fornecer eletricidade a 160.000 resid\u00eancias, ajudando a capital a reduzir suas emiss\u00f5es de carbono em 2,4 milh\u00f5es de toneladas por ano, e aumentando a propor\u00e7\u00e3o de energia limpa na matriz de energia dos Emirados \u00c1rabes Unidos em mais de 13%.<\/p>\n<p>Perante os fatos, o \u201cexcesso da capacidade produtiva\u201d da China especulado pelos Estados Unidos e outos pa\u00edses ocidentais \u00e9 completamente infundado. O protecionismo em nome dessa ret\u00f3rica apenas ter\u00e1 o efeito de desacelerar a transi\u00e7\u00e3o energ\u00e9tica global.<\/p>\n","protected":false},"excerpt":{"rendered":"<p>\u201cAtualmente muitos progressos alcan\u00e7ados no setor de pain\u00e9is solares se devem aos esfor\u00e7os da China na redu\u00e7\u00e3o de custos, e o mesmo ocorreu no setor de carros el\u00e9tricos.\u201d A observa\u00e7\u00e3o foi feita por Amin Nasser, CEO da Saudi Aramco, gigante&#8230;<\/p>\n","protected":false},"author":2,"featured_media":0,"comment_status":"open","ping_status":"open","sticky":false,"template":"","format":"standard","meta":{"footnotes":""},"categories":[7],"tags":[],"class_list":["post-5150","post","type-post","status-publish","format-standard","hentry","category-visao"],"yoast_head":"<!-- This site is optimized with the Yoast SEO plugin v27.4 - https:\/\/yoast.com\/product\/yoast-seo-wordpress\/ -->\n<title>Por que o mundo precisa da capacidade produtiva verde da China? - CRI e Diario de Pernambuco<\/title>\n<meta name=\"robots\" content=\"index, follow, max-snippet:-1, max-image-preview:large, max-video-preview:-1\" \/>\n<link rel=\"canonical\" href=\"https:\/\/diariodepe.com.br\/cri\/2024\/04\/30\/por-que-o-mundo-precisa-da-capacidade-produtiva-verde-da-china\/\" \/>\n<meta property=\"og:locale\" content=\"pt_BR\" \/>\n<meta property=\"og:type\" content=\"article\" \/>\n<meta property=\"og:title\" content=\"Por que o mundo precisa da capacidade produtiva verde da China? - CRI e Diario de Pernambuco\" \/>\n<meta property=\"og:description\" content=\"\u201cAtualmente muitos progressos alcan\u00e7ados no setor de pain\u00e9is solares se devem aos esfor\u00e7os da China na redu\u00e7\u00e3o de custos, e o mesmo ocorreu no setor de carros el\u00e9tricos.\u201d A observa\u00e7\u00e3o foi feita por Amin Nasser, CEO da Saudi Aramco, gigante...\" \/>\n<meta property=\"og:url\" content=\"https:\/\/diariodepe.com.br\/cri\/2024\/04\/30\/por-que-o-mundo-precisa-da-capacidade-produtiva-verde-da-china\/\" \/>\n<meta property=\"og:site_name\" content=\"CRI e Diario de Pernambuco\" \/>\n<meta property=\"article:published_time\" content=\"2024-04-30T06:52:03+00:00\" \/>\n<meta property=\"og:image\" content=\"https:\/\/p2crires.cri.cn\/photoworkspace\/cri\/contentimg\/2024\/04\/26\/2024042611113855966.jpg\" \/>\n<meta name=\"author\" content=\"Ismael Lucas S. Pereira\" \/>\n<meta name=\"twitter:card\" content=\"summary_large_image\" \/>\n<meta name=\"twitter:label1\" content=\"Escrito por\" \/>\n\t<meta name=\"twitter:data1\" content=\"Ismael Lucas S. Pereira\" \/>\n\t<meta name=\"twitter:label2\" content=\"Est. tempo de leitura\" \/>\n\t<meta name=\"twitter:data2\" content=\"4 minutos\" \/>\n<script type=\"application\/ld+json\" class=\"yoast-schema-graph\">{\"@context\":\"https:\\\/\\\/schema.org\",\"@graph\":[{\"@type\":\"Article\",\"@id\":\"https:\\\/\\\/diariodepe.com.br\\\/cri\\\/2024\\\/04\\\/30\\\/por-que-o-mundo-precisa-da-capacidade-produtiva-verde-da-china\\\/#article\",\"isPartOf\":{\"@id\":\"https:\\\/\\\/diariodepe.com.br\\\/cri\\\/2024\\\/04\\\/30\\\/por-que-o-mundo-precisa-da-capacidade-produtiva-verde-da-china\\\/\"},\"author\":{\"name\":\"Ismael Lucas S. Pereira\",\"@id\":\"https:\\\/\\\/diariodepe.com.br\\\/cri\\\/#\\\/schema\\\/person\\\/121bb28d84f1a5b1205ef4ce9c2e0c6b\"},\"headline\":\"Por que o mundo precisa da capacidade produtiva verde da China?\",\"datePublished\":\"2024-04-30T06:52:03+00:00\",\"mainEntityOfPage\":{\"@id\":\"https:\\\/\\\/diariodepe.com.br\\\/cri\\\/2024\\\/04\\\/30\\\/por-que-o-mundo-precisa-da-capacidade-produtiva-verde-da-china\\\/\"},\"wordCount\":620,\"commentCount\":0,\"publisher\":{\"@id\":\"https:\\\/\\\/diariodepe.com.br\\\/cri\\\/#organization\"},\"image\":{\"@id\":\"https:\\\/\\\/diariodepe.com.br\\\/cri\\\/2024\\\/04\\\/30\\\/por-que-o-mundo-precisa-da-capacidade-produtiva-verde-da-china\\\/#primaryimage\"},\"thumbnailUrl\":\"https:\\\/\\\/p2crires.cri.cn\\\/photoworkspace\\\/cri\\\/contentimg\\\/2024\\\/04\\\/26\\\/2024042611113855966.jpg\",\"articleSection\":[\"Vis\u00e3o\"],\"inLanguage\":\"pt-BR\",\"potentialAction\":[{\"@type\":\"CommentAction\",\"name\":\"Comment\",\"target\":[\"https:\\\/\\\/diariodepe.com.br\\\/cri\\\/2024\\\/04\\\/30\\\/por-que-o-mundo-precisa-da-capacidade-produtiva-verde-da-china\\\/#respond\"]}]},{\"@type\":\"WebPage\",\"@id\":\"https:\\\/\\\/diariodepe.com.br\\\/cri\\\/2024\\\/04\\\/30\\\/por-que-o-mundo-precisa-da-capacidade-produtiva-verde-da-china\\\/\",\"url\":\"https:\\\/\\\/diariodepe.com.br\\\/cri\\\/2024\\\/04\\\/30\\\/por-que-o-mundo-precisa-da-capacidade-produtiva-verde-da-china\\\/\",\"name\":\"Por que o mundo precisa da capacidade produtiva verde da China? - CRI e Diario de Pernambuco\",\"isPartOf\":{\"@id\":\"https:\\\/\\\/diariodepe.com.br\\\/cri\\\/#website\"},\"primaryImageOfPage\":{\"@id\":\"https:\\\/\\\/diariodepe.com.br\\\/cri\\\/2024\\\/04\\\/30\\\/por-que-o-mundo-precisa-da-capacidade-produtiva-verde-da-china\\\/#primaryimage\"},\"image\":{\"@id\":\"https:\\\/\\\/diariodepe.com.br\\\/cri\\\/2024\\\/04\\\/30\\\/por-que-o-mundo-precisa-da-capacidade-produtiva-verde-da-china\\\/#primaryimage\"},\"thumbnailUrl\":\"https:\\\/\\\/p2crires.cri.cn\\\/photoworkspace\\\/cri\\\/contentimg\\\/2024\\\/04\\\/26\\\/2024042611113855966.jpg\",\"datePublished\":\"2024-04-30T06:52:03+00:00\",\"breadcrumb\":{\"@id\":\"https:\\\/\\\/diariodepe.com.br\\\/cri\\\/2024\\\/04\\\/30\\\/por-que-o-mundo-precisa-da-capacidade-produtiva-verde-da-china\\\/#breadcrumb\"},\"inLanguage\":\"pt-BR\",\"potentialAction\":[{\"@type\":\"ReadAction\",\"target\":[\"https:\\\/\\\/diariodepe.com.br\\\/cri\\\/2024\\\/04\\\/30\\\/por-que-o-mundo-precisa-da-capacidade-produtiva-verde-da-china\\\/\"]}]},{\"@type\":\"ImageObject\",\"inLanguage\":\"pt-BR\",\"@id\":\"https:\\\/\\\/diariodepe.com.br\\\/cri\\\/2024\\\/04\\\/30\\\/por-que-o-mundo-precisa-da-capacidade-produtiva-verde-da-china\\\/#primaryimage\",\"url\":\"https:\\\/\\\/p2crires.cri.cn\\\/photoworkspace\\\/cri\\\/contentimg\\\/2024\\\/04\\\/26\\\/2024042611113855966.jpg\",\"contentUrl\":\"https:\\\/\\\/p2crires.cri.cn\\\/photoworkspace\\\/cri\\\/contentimg\\\/2024\\\/04\\\/26\\\/2024042611113855966.jpg\"},{\"@type\":\"BreadcrumbList\",\"@id\":\"https:\\\/\\\/diariodepe.com.br\\\/cri\\\/2024\\\/04\\\/30\\\/por-que-o-mundo-precisa-da-capacidade-produtiva-verde-da-china\\\/#breadcrumb\",\"itemListElement\":[{\"@type\":\"ListItem\",\"position\":1,\"name\":\"In\u00edcio\",\"item\":\"https:\\\/\\\/diariodepe.com.br\\\/cri\\\/\"},{\"@type\":\"ListItem\",\"position\":2,\"name\":\"Por que o mundo precisa da capacidade produtiva verde da China?\"}]},{\"@type\":\"WebSite\",\"@id\":\"https:\\\/\\\/diariodepe.com.br\\\/cri\\\/#website\",\"url\":\"https:\\\/\\\/diariodepe.com.br\\\/cri\\\/\",\"name\":\"CRI e Diario de Pernambuco\",\"description\":\"R\u00e1dio Internacional da China\",\"publisher\":{\"@id\":\"https:\\\/\\\/diariodepe.com.br\\\/cri\\\/#organization\"},\"potentialAction\":[{\"@type\":\"SearchAction\",\"target\":{\"@type\":\"EntryPoint\",\"urlTemplate\":\"https:\\\/\\\/diariodepe.com.br\\\/cri\\\/?s={search_term_string}\"},\"query-input\":{\"@type\":\"PropertyValueSpecification\",\"valueRequired\":true,\"valueName\":\"search_term_string\"}}],\"inLanguage\":\"pt-BR\"},{\"@type\":\"Organization\",\"@id\":\"https:\\\/\\\/diariodepe.com.br\\\/cri\\\/#organization\",\"name\":\"CRI e Diario de Pernambuco\",\"url\":\"https:\\\/\\\/diariodepe.com.br\\\/cri\\\/\",\"logo\":{\"@type\":\"ImageObject\",\"inLanguage\":\"pt-BR\",\"@id\":\"https:\\\/\\\/diariodepe.com.br\\\/cri\\\/#\\\/schema\\\/logo\\\/image\\\/\",\"url\":\"https:\\\/\\\/diariodepe.com.br\\\/cri\\\/wp-content\\\/uploads\\\/sites\\\/2\\\/2022\\\/12\\\/cropped-Logo.jpg\",\"contentUrl\":\"https:\\\/\\\/diariodepe.com.br\\\/cri\\\/wp-content\\\/uploads\\\/sites\\\/2\\\/2022\\\/12\\\/cropped-Logo.jpg\",\"width\":700,\"height\":59,\"caption\":\"CRI e Diario de Pernambuco\"},\"image\":{\"@id\":\"https:\\\/\\\/diariodepe.com.br\\\/cri\\\/#\\\/schema\\\/logo\\\/image\\\/\"}},{\"@type\":\"Person\",\"@id\":\"https:\\\/\\\/diariodepe.com.br\\\/cri\\\/#\\\/schema\\\/person\\\/121bb28d84f1a5b1205ef4ce9c2e0c6b\",\"name\":\"Ismael Lucas S. Pereira\",\"image\":{\"@type\":\"ImageObject\",\"inLanguage\":\"pt-BR\",\"@id\":\"https:\\\/\\\/secure.gravatar.com\\\/avatar\\\/887a0f3b5a7ceea963a48499fb883ffce6b5037362def025c52c2505b15d63e4?s=96&d=mm&r=g\",\"url\":\"https:\\\/\\\/secure.gravatar.com\\\/avatar\\\/887a0f3b5a7ceea963a48499fb883ffce6b5037362def025c52c2505b15d63e4?s=96&d=mm&r=g\",\"contentUrl\":\"https:\\\/\\\/secure.gravatar.com\\\/avatar\\\/887a0f3b5a7ceea963a48499fb883ffce6b5037362def025c52c2505b15d63e4?s=96&d=mm&r=g\",\"caption\":\"Ismael Lucas S. Pereira\"},\"url\":\"https:\\\/\\\/diariodepe.com.br\\\/cri\\\/author\\\/ismael-lucas\\\/\"}]}<\/script>\n<!-- \/ Yoast SEO plugin. -->","yoast_head_json":{"title":"Por que o mundo precisa da capacidade produtiva verde da China? - CRI e Diario de Pernambuco","robots":{"index":"index","follow":"follow","max-snippet":"max-snippet:-1","max-image-preview":"max-image-preview:large","max-video-preview":"max-video-preview:-1"},"canonical":"https:\/\/diariodepe.com.br\/cri\/2024\/04\/30\/por-que-o-mundo-precisa-da-capacidade-produtiva-verde-da-china\/","og_locale":"pt_BR","og_type":"article","og_title":"Por que o mundo precisa da capacidade produtiva verde da China? - CRI e Diario de Pernambuco","og_description":"\u201cAtualmente muitos progressos alcan\u00e7ados no setor de pain\u00e9is solares se devem aos esfor\u00e7os da China na redu\u00e7\u00e3o de custos, e o mesmo ocorreu no setor de carros el\u00e9tricos.\u201d A observa\u00e7\u00e3o foi feita por Amin Nasser, CEO da Saudi Aramco, gigante...","og_url":"https:\/\/diariodepe.com.br\/cri\/2024\/04\/30\/por-que-o-mundo-precisa-da-capacidade-produtiva-verde-da-china\/","og_site_name":"CRI e Diario de Pernambuco","article_published_time":"2024-04-30T06:52:03+00:00","og_image":[{"url":"https:\/\/p2crires.cri.cn\/photoworkspace\/cri\/contentimg\/2024\/04\/26\/2024042611113855966.jpg","type":"","width":"","height":""}],"author":"Ismael Lucas S. Pereira","twitter_card":"summary_large_image","twitter_misc":{"Escrito por":"Ismael Lucas S. Pereira","Est. tempo de leitura":"4 minutos"},"schema":{"@context":"https:\/\/schema.org","@graph":[{"@type":"Article","@id":"https:\/\/diariodepe.com.br\/cri\/2024\/04\/30\/por-que-o-mundo-precisa-da-capacidade-produtiva-verde-da-china\/#article","isPartOf":{"@id":"https:\/\/diariodepe.com.br\/cri\/2024\/04\/30\/por-que-o-mundo-precisa-da-capacidade-produtiva-verde-da-china\/"},"author":{"name":"Ismael Lucas S. Pereira","@id":"https:\/\/diariodepe.com.br\/cri\/#\/schema\/person\/121bb28d84f1a5b1205ef4ce9c2e0c6b"},"headline":"Por que o mundo precisa da capacidade produtiva verde da China?","datePublished":"2024-04-30T06:52:03+00:00","mainEntityOfPage":{"@id":"https:\/\/diariodepe.com.br\/cri\/2024\/04\/30\/por-que-o-mundo-precisa-da-capacidade-produtiva-verde-da-china\/"},"wordCount":620,"commentCount":0,"publisher":{"@id":"https:\/\/diariodepe.com.br\/cri\/#organization"},"image":{"@id":"https:\/\/diariodepe.com.br\/cri\/2024\/04\/30\/por-que-o-mundo-precisa-da-capacidade-produtiva-verde-da-china\/#primaryimage"},"thumbnailUrl":"https:\/\/p2crires.cri.cn\/photoworkspace\/cri\/contentimg\/2024\/04\/26\/2024042611113855966.jpg","articleSection":["Vis\u00e3o"],"inLanguage":"pt-BR","potentialAction":[{"@type":"CommentAction","name":"Comment","target":["https:\/\/diariodepe.com.br\/cri\/2024\/04\/30\/por-que-o-mundo-precisa-da-capacidade-produtiva-verde-da-china\/#respond"]}]},{"@type":"WebPage","@id":"https:\/\/diariodepe.com.br\/cri\/2024\/04\/30\/por-que-o-mundo-precisa-da-capacidade-produtiva-verde-da-china\/","url":"https:\/\/diariodepe.com.br\/cri\/2024\/04\/30\/por-que-o-mundo-precisa-da-capacidade-produtiva-verde-da-china\/","name":"Por que o mundo precisa da capacidade produtiva verde da China? - CRI e Diario de Pernambuco","isPartOf":{"@id":"https:\/\/diariodepe.com.br\/cri\/#website"},"primaryImageOfPage":{"@id":"https:\/\/diariodepe.com.br\/cri\/2024\/04\/30\/por-que-o-mundo-precisa-da-capacidade-produtiva-verde-da-china\/#primaryimage"},"image":{"@id":"https:\/\/diariodepe.com.br\/cri\/2024\/04\/30\/por-que-o-mundo-precisa-da-capacidade-produtiva-verde-da-china\/#primaryimage"},"thumbnailUrl":"https:\/\/p2crires.cri.cn\/photoworkspace\/cri\/contentimg\/2024\/04\/26\/2024042611113855966.jpg","datePublished":"2024-04-30T06:52:03+00:00","breadcrumb":{"@id":"https:\/\/diariodepe.com.br\/cri\/2024\/04\/30\/por-que-o-mundo-precisa-da-capacidade-produtiva-verde-da-china\/#breadcrumb"},"inLanguage":"pt-BR","potentialAction":[{"@type":"ReadAction","target":["https:\/\/diariodepe.com.br\/cri\/2024\/04\/30\/por-que-o-mundo-precisa-da-capacidade-produtiva-verde-da-china\/"]}]},{"@type":"ImageObject","inLanguage":"pt-BR","@id":"https:\/\/diariodepe.com.br\/cri\/2024\/04\/30\/por-que-o-mundo-precisa-da-capacidade-produtiva-verde-da-china\/#primaryimage","url":"https:\/\/p2crires.cri.cn\/photoworkspace\/cri\/contentimg\/2024\/04\/26\/2024042611113855966.jpg","contentUrl":"https:\/\/p2crires.cri.cn\/photoworkspace\/cri\/contentimg\/2024\/04\/26\/2024042611113855966.jpg"},{"@type":"BreadcrumbList","@id":"https:\/\/diariodepe.com.br\/cri\/2024\/04\/30\/por-que-o-mundo-precisa-da-capacidade-produtiva-verde-da-china\/#breadcrumb","itemListElement":[{"@type":"ListItem","position":1,"name":"In\u00edcio","item":"https:\/\/diariodepe.com.br\/cri\/"},{"@type":"ListItem","position":2,"name":"Por que o mundo precisa da capacidade produtiva verde da China?"}]},{"@type":"WebSite","@id":"https:\/\/diariodepe.com.br\/cri\/#website","url":"https:\/\/diariodepe.com.br\/cri\/","name":"CRI e Diario de Pernambuco","description":"R\u00e1dio Internacional da China","publisher":{"@id":"https:\/\/diariodepe.com.br\/cri\/#organization"},"potentialAction":[{"@type":"SearchAction","target":{"@type":"EntryPoint","urlTemplate":"https:\/\/diariodepe.com.br\/cri\/?s={search_term_string}"},"query-input":{"@type":"PropertyValueSpecification","valueRequired":true,"valueName":"search_term_string"}}],"inLanguage":"pt-BR"},{"@type":"Organization","@id":"https:\/\/diariodepe.com.br\/cri\/#organization","name":"CRI e Diario de Pernambuco","url":"https:\/\/diariodepe.com.br\/cri\/","logo":{"@type":"ImageObject","inLanguage":"pt-BR","@id":"https:\/\/diariodepe.com.br\/cri\/#\/schema\/logo\/image\/","url":"https:\/\/diariodepe.com.br\/cri\/wp-content\/uploads\/sites\/2\/2022\/12\/cropped-Logo.jpg","contentUrl":"https:\/\/diariodepe.com.br\/cri\/wp-content\/uploads\/sites\/2\/2022\/12\/cropped-Logo.jpg","width":700,"height":59,"caption":"CRI e Diario de Pernambuco"},"image":{"@id":"https:\/\/diariodepe.com.br\/cri\/#\/schema\/logo\/image\/"}},{"@type":"Person","@id":"https:\/\/diariodepe.com.br\/cri\/#\/schema\/person\/121bb28d84f1a5b1205ef4ce9c2e0c6b","name":"Ismael Lucas S. Pereira","image":{"@type":"ImageObject","inLanguage":"pt-BR","@id":"https:\/\/secure.gravatar.com\/avatar\/887a0f3b5a7ceea963a48499fb883ffce6b5037362def025c52c2505b15d63e4?s=96&d=mm&r=g","url":"https:\/\/secure.gravatar.com\/avatar\/887a0f3b5a7ceea963a48499fb883ffce6b5037362def025c52c2505b15d63e4?s=96&d=mm&r=g","contentUrl":"https:\/\/secure.gravatar.com\/avatar\/887a0f3b5a7ceea963a48499fb883ffce6b5037362def025c52c2505b15d63e4?s=96&d=mm&r=g","caption":"Ismael Lucas S. Pereira"},"url":"https:\/\/diariodepe.com.br\/cri\/author\/ismael-lucas\/"}]}},"cc_featured_image_caption":{"caption_text":false,"source_text":false,"source_url":false},"amp_enabled":true,"_links":{"self":[{"href":"https:\/\/diariodepe.com.br\/cri\/wp-json\/wp\/v2\/posts\/5150","targetHints":{"allow":["GET"]}}],"collection":[{"href":"https:\/\/diariodepe.com.br\/cri\/wp-json\/wp\/v2\/posts"}],"about":[{"href":"https:\/\/diariodepe.com.br\/cri\/wp-json\/wp\/v2\/types\/post"}],"author":[{"embeddable":true,"href":"https:\/\/diariodepe.com.br\/cri\/wp-json\/wp\/v2\/users\/2"}],"replies":[{"embeddable":true,"href":"https:\/\/diariodepe.com.br\/cri\/wp-json\/wp\/v2\/comments?post=5150"}],"version-history":[{"count":1,"href":"https:\/\/diariodepe.com.br\/cri\/wp-json\/wp\/v2\/posts\/5150\/revisions"}],"predecessor-version":[{"id":5151,"href":"https:\/\/diariodepe.com.br\/cri\/wp-json\/wp\/v2\/posts\/5150\/revisions\/5151"}],"wp:attachment":[{"href":"https:\/\/diariodepe.com.br\/cri\/wp-json\/wp\/v2\/media?parent=5150"}],"wp:term":[{"taxonomy":"category","embeddable":true,"href":"https:\/\/diariodepe.com.br\/cri\/wp-json\/wp\/v2\/categories?post=5150"},{"taxonomy":"post_tag","embeddable":true,"href":"https:\/\/diariodepe.com.br\/cri\/wp-json\/wp\/v2\/tags?post=5150"}],"curies":[{"name":"wp","href":"https:\/\/api.w.org\/{rel}","templated":true}]}}