{"id":5134,"date":"2024-04-30T03:36:35","date_gmt":"2024-04-30T06:36:35","guid":{"rendered":"https:\/\/diariodepe.com.br\/cri\/?p=5134"},"modified":"2024-04-30T03:36:35","modified_gmt":"2024-04-30T06:36:35","slug":"ministros-assinam-programa-de-acao-para-cooperacao-em-reuniao-do-forum-de-macau","status":"publish","type":"post","link":"https:\/\/diariodepe.com.br\/cri\/2024\/04\/30\/ministros-assinam-programa-de-acao-para-cooperacao-em-reuniao-do-forum-de-macau\/","title":{"rendered":"Ministros assinam programa de a\u00e7\u00e3o para coopera\u00e7\u00e3o em reuni\u00e3o do F\u00f3rum de Macau"},"content":{"rendered":"<p>A 6\u00aa Confer\u00eancia Ministerial do F\u00f3rum para a Coopera\u00e7\u00e3o Econ\u00f4mica e Comercial entre a China e os Pa\u00edses de L\u00edngua Portuguesa, tamb\u00e9m conhecido como o F\u00f3rum de Macau, foi realizada nesta segunda-feira (22) na cidade. Depois do evento, os participantes assinaram o Programa de A\u00e7\u00e3o para a Coopera\u00e7\u00e3o Econ\u00f4mica e Comercial (2024-2027).<\/p>\n<p>O ministro do Com\u00e9rcio da China, Wang Wentao, compareceu \u00e0 confer\u00eancia. Em seu discurso, Wang disse que nos \u00faltimos 21 anos desde a funda\u00e7\u00e3o do F\u00f3rum de Macau, o mecanismo tem atendido ao desejo comum dos governos e povos dos pa\u00edses de refor\u00e7ar a coopera\u00e7\u00e3o e tem aproveitado plenamente as vantagens especiais e o papel da plataforma de Macau, dando contribui\u00e7\u00f5es importantes para os benef\u00edcios m\u00fatuos e o desenvolvimento compartilhado entre a China e os pa\u00edses de l\u00edngua portuguesa.<\/p>\n<p>O ministro apontou que a China j\u00e1 firmou documentos de coopera\u00e7\u00e3o sobre a constru\u00e7\u00e3o conjunta do Cintur\u00e3o e Rota com a maioria dos pa\u00edses de idioma portugu\u00eas e que o Minist\u00e9rio do Com\u00e9rcio da China implementar\u00e1 a\u00e7\u00f5es em apoio \u00e0 iniciativa, a fim de interconectar melhor o desenvolvimento do F\u00f3rum de Macau e a constru\u00e7\u00e3o do Cintur\u00e3o e Rota de alta qualidade.<\/p>\n<p>Wang frisou que a China est\u00e1 disposta a trabalhar junto com os pa\u00edses de l\u00edngua portuguesa para facilitar o com\u00e9rcio e o investimento, aprofundar a coopera\u00e7\u00e3o das cadeias industriais e de oferta, refor\u00e7ar o suporte aos projetos relacionados \u00e0 vida da popula\u00e7\u00e3o, continuar enriquecendo e aprimorando o F\u00f3rum de Macau e promover a forma\u00e7\u00e3o de um novo enquadramento colaborativo de multicamadas.<\/p>\n<p>Os participantes dos pa\u00edses de l\u00edngua portuguesa afirmaram que o F\u00f3rum de Macau \u00e9 uma plataforma e um v\u00ednculo importantes para a colabora\u00e7\u00e3o amistosa e rela\u00e7\u00f5es de ganha-ganha, e j\u00e1 impulsionou efetivamente a coopera\u00e7\u00e3o nas \u00e1reas de com\u00e9rcio, investimento, promo\u00e7\u00e3o de ind\u00fastrias e interc\u00e2mbios culturais e interpessoais. Os pa\u00edses continuar\u00e3o fazendo um bom uso do F\u00f3rum de Macau e fomentando o desenvolvimento conjunto.<\/p>\n","protected":false},"excerpt":{"rendered":"<p>A 6\u00aa Confer\u00eancia Ministerial do F\u00f3rum para a Coopera\u00e7\u00e3o Econ\u00f4mica e Comercial entre a China e os Pa\u00edses de L\u00edngua Portuguesa, tamb\u00e9m conhecido como o F\u00f3rum de Macau, foi realizada nesta segunda-feira (22) na cidade. Depois do evento, os participantes&#8230;<\/p>\n","protected":false},"author":2,"featured_media":0,"comment_status":"open","ping_status":"open","sticky":false,"template":"","format":"standard","meta":{"footnotes":""},"categories":[3],"tags":[],"class_list":["post-5134","post","type-post","status-publish","format-standard","hentry","category-china"],"yoast_head":"<!-- This site is optimized with the Yoast SEO plugin v27.4 - https:\/\/yoast.com\/product\/yoast-seo-wordpress\/ -->\n<title>Ministros assinam programa de a\u00e7\u00e3o para coopera\u00e7\u00e3o em reuni\u00e3o do F\u00f3rum de Macau - CRI e Diario de Pernambuco<\/title>\n<meta name=\"robots\" content=\"index, follow, max-snippet:-1, max-image-preview:large, max-video-preview:-1\" \/>\n<link rel=\"canonical\" href=\"https:\/\/diariodepe.com.br\/cri\/2024\/04\/30\/ministros-assinam-programa-de-acao-para-cooperacao-em-reuniao-do-forum-de-macau\/\" \/>\n<meta property=\"og:locale\" content=\"pt_BR\" \/>\n<meta property=\"og:type\" content=\"article\" \/>\n<meta property=\"og:title\" content=\"Ministros assinam programa de a\u00e7\u00e3o para coopera\u00e7\u00e3o em reuni\u00e3o do F\u00f3rum de Macau - CRI e Diario de Pernambuco\" \/>\n<meta property=\"og:description\" content=\"A 6\u00aa Confer\u00eancia Ministerial do F\u00f3rum para a Coopera\u00e7\u00e3o Econ\u00f4mica e Comercial entre a China e os Pa\u00edses de L\u00edngua Portuguesa, tamb\u00e9m conhecido como o F\u00f3rum de Macau, foi realizada nesta segunda-feira (22) na cidade. Depois do evento, os participantes...\" \/>\n<meta property=\"og:url\" content=\"https:\/\/diariodepe.com.br\/cri\/2024\/04\/30\/ministros-assinam-programa-de-acao-para-cooperacao-em-reuniao-do-forum-de-macau\/\" \/>\n<meta property=\"og:site_name\" content=\"CRI e Diario de Pernambuco\" \/>\n<meta property=\"article:published_time\" content=\"2024-04-30T06:36:35+00:00\" \/>\n<meta name=\"author\" content=\"Ismael Lucas S. Pereira\" \/>\n<meta name=\"twitter:card\" content=\"summary_large_image\" \/>\n<meta name=\"twitter:label1\" content=\"Escrito por\" \/>\n\t<meta name=\"twitter:data1\" content=\"Ismael Lucas S. Pereira\" \/>\n\t<meta name=\"twitter:label2\" content=\"Est. tempo de leitura\" \/>\n\t<meta name=\"twitter:data2\" content=\"2 minutos\" \/>\n<script type=\"application\/ld+json\" class=\"yoast-schema-graph\">{\"@context\":\"https:\\\/\\\/schema.org\",\"@graph\":[{\"@type\":\"Article\",\"@id\":\"https:\\\/\\\/diariodepe.com.br\\\/cri\\\/2024\\\/04\\\/30\\\/ministros-assinam-programa-de-acao-para-cooperacao-em-reuniao-do-forum-de-macau\\\/#article\",\"isPartOf\":{\"@id\":\"https:\\\/\\\/diariodepe.com.br\\\/cri\\\/2024\\\/04\\\/30\\\/ministros-assinam-programa-de-acao-para-cooperacao-em-reuniao-do-forum-de-macau\\\/\"},\"author\":{\"name\":\"Ismael Lucas S. Pereira\",\"@id\":\"https:\\\/\\\/diariodepe.com.br\\\/cri\\\/#\\\/schema\\\/person\\\/121bb28d84f1a5b1205ef4ce9c2e0c6b\"},\"headline\":\"Ministros assinam programa de a\u00e7\u00e3o para coopera\u00e7\u00e3o em reuni\u00e3o do F\u00f3rum de Macau\",\"datePublished\":\"2024-04-30T06:36:35+00:00\",\"mainEntityOfPage\":{\"@id\":\"https:\\\/\\\/diariodepe.com.br\\\/cri\\\/2024\\\/04\\\/30\\\/ministros-assinam-programa-de-acao-para-cooperacao-em-reuniao-do-forum-de-macau\\\/\"},\"wordCount\":383,\"commentCount\":0,\"publisher\":{\"@id\":\"https:\\\/\\\/diariodepe.com.br\\\/cri\\\/#organization\"},\"articleSection\":[\"China\"],\"inLanguage\":\"pt-BR\",\"potentialAction\":[{\"@type\":\"CommentAction\",\"name\":\"Comment\",\"target\":[\"https:\\\/\\\/diariodepe.com.br\\\/cri\\\/2024\\\/04\\\/30\\\/ministros-assinam-programa-de-acao-para-cooperacao-em-reuniao-do-forum-de-macau\\\/#respond\"]}]},{\"@type\":\"WebPage\",\"@id\":\"https:\\\/\\\/diariodepe.com.br\\\/cri\\\/2024\\\/04\\\/30\\\/ministros-assinam-programa-de-acao-para-cooperacao-em-reuniao-do-forum-de-macau\\\/\",\"url\":\"https:\\\/\\\/diariodepe.com.br\\\/cri\\\/2024\\\/04\\\/30\\\/ministros-assinam-programa-de-acao-para-cooperacao-em-reuniao-do-forum-de-macau\\\/\",\"name\":\"Ministros assinam programa de a\u00e7\u00e3o para coopera\u00e7\u00e3o em reuni\u00e3o do F\u00f3rum de Macau - CRI e Diario de Pernambuco\",\"isPartOf\":{\"@id\":\"https:\\\/\\\/diariodepe.com.br\\\/cri\\\/#website\"},\"datePublished\":\"2024-04-30T06:36:35+00:00\",\"breadcrumb\":{\"@id\":\"https:\\\/\\\/diariodepe.com.br\\\/cri\\\/2024\\\/04\\\/30\\\/ministros-assinam-programa-de-acao-para-cooperacao-em-reuniao-do-forum-de-macau\\\/#breadcrumb\"},\"inLanguage\":\"pt-BR\",\"potentialAction\":[{\"@type\":\"ReadAction\",\"target\":[\"https:\\\/\\\/diariodepe.com.br\\\/cri\\\/2024\\\/04\\\/30\\\/ministros-assinam-programa-de-acao-para-cooperacao-em-reuniao-do-forum-de-macau\\\/\"]}]},{\"@type\":\"BreadcrumbList\",\"@id\":\"https:\\\/\\\/diariodepe.com.br\\\/cri\\\/2024\\\/04\\\/30\\\/ministros-assinam-programa-de-acao-para-cooperacao-em-reuniao-do-forum-de-macau\\\/#breadcrumb\",\"itemListElement\":[{\"@type\":\"ListItem\",\"position\":1,\"name\":\"In\u00edcio\",\"item\":\"https:\\\/\\\/diariodepe.com.br\\\/cri\\\/\"},{\"@type\":\"ListItem\",\"position\":2,\"name\":\"Ministros assinam programa de a\u00e7\u00e3o para coopera\u00e7\u00e3o em reuni\u00e3o do F\u00f3rum de Macau\"}]},{\"@type\":\"WebSite\",\"@id\":\"https:\\\/\\\/diariodepe.com.br\\\/cri\\\/#website\",\"url\":\"https:\\\/\\\/diariodepe.com.br\\\/cri\\\/\",\"name\":\"CRI e Diario de Pernambuco\",\"description\":\"R\u00e1dio Internacional da China\",\"publisher\":{\"@id\":\"https:\\\/\\\/diariodepe.com.br\\\/cri\\\/#organization\"},\"potentialAction\":[{\"@type\":\"SearchAction\",\"target\":{\"@type\":\"EntryPoint\",\"urlTemplate\":\"https:\\\/\\\/diariodepe.com.br\\\/cri\\\/?s={search_term_string}\"},\"query-input\":{\"@type\":\"PropertyValueSpecification\",\"valueRequired\":true,\"valueName\":\"search_term_string\"}}],\"inLanguage\":\"pt-BR\"},{\"@type\":\"Organization\",\"@id\":\"https:\\\/\\\/diariodepe.com.br\\\/cri\\\/#organization\",\"name\":\"CRI e Diario de Pernambuco\",\"url\":\"https:\\\/\\\/diariodepe.com.br\\\/cri\\\/\",\"logo\":{\"@type\":\"ImageObject\",\"inLanguage\":\"pt-BR\",\"@id\":\"https:\\\/\\\/diariodepe.com.br\\\/cri\\\/#\\\/schema\\\/logo\\\/image\\\/\",\"url\":\"https:\\\/\\\/diariodepe.com.br\\\/cri\\\/wp-content\\\/uploads\\\/sites\\\/2\\\/2022\\\/12\\\/cropped-Logo.jpg\",\"contentUrl\":\"https:\\\/\\\/diariodepe.com.br\\\/cri\\\/wp-content\\\/uploads\\\/sites\\\/2\\\/2022\\\/12\\\/cropped-Logo.jpg\",\"width\":700,\"height\":59,\"caption\":\"CRI e Diario de Pernambuco\"},\"image\":{\"@id\":\"https:\\\/\\\/diariodepe.com.br\\\/cri\\\/#\\\/schema\\\/logo\\\/image\\\/\"}},{\"@type\":\"Person\",\"@id\":\"https:\\\/\\\/diariodepe.com.br\\\/cri\\\/#\\\/schema\\\/person\\\/121bb28d84f1a5b1205ef4ce9c2e0c6b\",\"name\":\"Ismael Lucas S. Pereira\",\"image\":{\"@type\":\"ImageObject\",\"inLanguage\":\"pt-BR\",\"@id\":\"https:\\\/\\\/secure.gravatar.com\\\/avatar\\\/887a0f3b5a7ceea963a48499fb883ffce6b5037362def025c52c2505b15d63e4?s=96&d=mm&r=g\",\"url\":\"https:\\\/\\\/secure.gravatar.com\\\/avatar\\\/887a0f3b5a7ceea963a48499fb883ffce6b5037362def025c52c2505b15d63e4?s=96&d=mm&r=g\",\"contentUrl\":\"https:\\\/\\\/secure.gravatar.com\\\/avatar\\\/887a0f3b5a7ceea963a48499fb883ffce6b5037362def025c52c2505b15d63e4?s=96&d=mm&r=g\",\"caption\":\"Ismael Lucas S. Pereira\"},\"url\":\"https:\\\/\\\/diariodepe.com.br\\\/cri\\\/author\\\/ismael-lucas\\\/\"}]}<\/script>\n<!-- \/ Yoast SEO plugin. -->","yoast_head_json":{"title":"Ministros assinam programa de a\u00e7\u00e3o para coopera\u00e7\u00e3o em reuni\u00e3o do F\u00f3rum de Macau - CRI e Diario de Pernambuco","robots":{"index":"index","follow":"follow","max-snippet":"max-snippet:-1","max-image-preview":"max-image-preview:large","max-video-preview":"max-video-preview:-1"},"canonical":"https:\/\/diariodepe.com.br\/cri\/2024\/04\/30\/ministros-assinam-programa-de-acao-para-cooperacao-em-reuniao-do-forum-de-macau\/","og_locale":"pt_BR","og_type":"article","og_title":"Ministros assinam programa de a\u00e7\u00e3o para coopera\u00e7\u00e3o em reuni\u00e3o do F\u00f3rum de Macau - CRI e Diario de Pernambuco","og_description":"A 6\u00aa Confer\u00eancia Ministerial do F\u00f3rum para a Coopera\u00e7\u00e3o Econ\u00f4mica e Comercial entre a China e os Pa\u00edses de L\u00edngua Portuguesa, tamb\u00e9m conhecido como o F\u00f3rum de Macau, foi realizada nesta segunda-feira (22) na cidade. Depois do evento, os participantes...","og_url":"https:\/\/diariodepe.com.br\/cri\/2024\/04\/30\/ministros-assinam-programa-de-acao-para-cooperacao-em-reuniao-do-forum-de-macau\/","og_site_name":"CRI e Diario de Pernambuco","article_published_time":"2024-04-30T06:36:35+00:00","author":"Ismael Lucas S. Pereira","twitter_card":"summary_large_image","twitter_misc":{"Escrito por":"Ismael Lucas S. Pereira","Est. tempo de leitura":"2 minutos"},"schema":{"@context":"https:\/\/schema.org","@graph":[{"@type":"Article","@id":"https:\/\/diariodepe.com.br\/cri\/2024\/04\/30\/ministros-assinam-programa-de-acao-para-cooperacao-em-reuniao-do-forum-de-macau\/#article","isPartOf":{"@id":"https:\/\/diariodepe.com.br\/cri\/2024\/04\/30\/ministros-assinam-programa-de-acao-para-cooperacao-em-reuniao-do-forum-de-macau\/"},"author":{"name":"Ismael Lucas S. Pereira","@id":"https:\/\/diariodepe.com.br\/cri\/#\/schema\/person\/121bb28d84f1a5b1205ef4ce9c2e0c6b"},"headline":"Ministros assinam programa de a\u00e7\u00e3o para coopera\u00e7\u00e3o em reuni\u00e3o do F\u00f3rum de Macau","datePublished":"2024-04-30T06:36:35+00:00","mainEntityOfPage":{"@id":"https:\/\/diariodepe.com.br\/cri\/2024\/04\/30\/ministros-assinam-programa-de-acao-para-cooperacao-em-reuniao-do-forum-de-macau\/"},"wordCount":383,"commentCount":0,"publisher":{"@id":"https:\/\/diariodepe.com.br\/cri\/#organization"},"articleSection":["China"],"inLanguage":"pt-BR","potentialAction":[{"@type":"CommentAction","name":"Comment","target":["https:\/\/diariodepe.com.br\/cri\/2024\/04\/30\/ministros-assinam-programa-de-acao-para-cooperacao-em-reuniao-do-forum-de-macau\/#respond"]}]},{"@type":"WebPage","@id":"https:\/\/diariodepe.com.br\/cri\/2024\/04\/30\/ministros-assinam-programa-de-acao-para-cooperacao-em-reuniao-do-forum-de-macau\/","url":"https:\/\/diariodepe.com.br\/cri\/2024\/04\/30\/ministros-assinam-programa-de-acao-para-cooperacao-em-reuniao-do-forum-de-macau\/","name":"Ministros assinam programa de a\u00e7\u00e3o para coopera\u00e7\u00e3o em reuni\u00e3o do F\u00f3rum de Macau - CRI e Diario de Pernambuco","isPartOf":{"@id":"https:\/\/diariodepe.com.br\/cri\/#website"},"datePublished":"2024-04-30T06:36:35+00:00","breadcrumb":{"@id":"https:\/\/diariodepe.com.br\/cri\/2024\/04\/30\/ministros-assinam-programa-de-acao-para-cooperacao-em-reuniao-do-forum-de-macau\/#breadcrumb"},"inLanguage":"pt-BR","potentialAction":[{"@type":"ReadAction","target":["https:\/\/diariodepe.com.br\/cri\/2024\/04\/30\/ministros-assinam-programa-de-acao-para-cooperacao-em-reuniao-do-forum-de-macau\/"]}]},{"@type":"BreadcrumbList","@id":"https:\/\/diariodepe.com.br\/cri\/2024\/04\/30\/ministros-assinam-programa-de-acao-para-cooperacao-em-reuniao-do-forum-de-macau\/#breadcrumb","itemListElement":[{"@type":"ListItem","position":1,"name":"In\u00edcio","item":"https:\/\/diariodepe.com.br\/cri\/"},{"@type":"ListItem","position":2,"name":"Ministros assinam programa de a\u00e7\u00e3o para coopera\u00e7\u00e3o em reuni\u00e3o do F\u00f3rum de Macau"}]},{"@type":"WebSite","@id":"https:\/\/diariodepe.com.br\/cri\/#website","url":"https:\/\/diariodepe.com.br\/cri\/","name":"CRI e Diario de Pernambuco","description":"R\u00e1dio Internacional da China","publisher":{"@id":"https:\/\/diariodepe.com.br\/cri\/#organization"},"potentialAction":[{"@type":"SearchAction","target":{"@type":"EntryPoint","urlTemplate":"https:\/\/diariodepe.com.br\/cri\/?s={search_term_string}"},"query-input":{"@type":"PropertyValueSpecification","valueRequired":true,"valueName":"search_term_string"}}],"inLanguage":"pt-BR"},{"@type":"Organization","@id":"https:\/\/diariodepe.com.br\/cri\/#organization","name":"CRI e Diario de Pernambuco","url":"https:\/\/diariodepe.com.br\/cri\/","logo":{"@type":"ImageObject","inLanguage":"pt-BR","@id":"https:\/\/diariodepe.com.br\/cri\/#\/schema\/logo\/image\/","url":"https:\/\/diariodepe.com.br\/cri\/wp-content\/uploads\/sites\/2\/2022\/12\/cropped-Logo.jpg","contentUrl":"https:\/\/diariodepe.com.br\/cri\/wp-content\/uploads\/sites\/2\/2022\/12\/cropped-Logo.jpg","width":700,"height":59,"caption":"CRI e Diario de Pernambuco"},"image":{"@id":"https:\/\/diariodepe.com.br\/cri\/#\/schema\/logo\/image\/"}},{"@type":"Person","@id":"https:\/\/diariodepe.com.br\/cri\/#\/schema\/person\/121bb28d84f1a5b1205ef4ce9c2e0c6b","name":"Ismael Lucas S. Pereira","image":{"@type":"ImageObject","inLanguage":"pt-BR","@id":"https:\/\/secure.gravatar.com\/avatar\/887a0f3b5a7ceea963a48499fb883ffce6b5037362def025c52c2505b15d63e4?s=96&d=mm&r=g","url":"https:\/\/secure.gravatar.com\/avatar\/887a0f3b5a7ceea963a48499fb883ffce6b5037362def025c52c2505b15d63e4?s=96&d=mm&r=g","contentUrl":"https:\/\/secure.gravatar.com\/avatar\/887a0f3b5a7ceea963a48499fb883ffce6b5037362def025c52c2505b15d63e4?s=96&d=mm&r=g","caption":"Ismael Lucas S. Pereira"},"url":"https:\/\/diariodepe.com.br\/cri\/author\/ismael-lucas\/"}]}},"cc_featured_image_caption":{"caption_text":false,"source_text":false,"source_url":false},"amp_enabled":true,"_links":{"self":[{"href":"https:\/\/diariodepe.com.br\/cri\/wp-json\/wp\/v2\/posts\/5134","targetHints":{"allow":["GET"]}}],"collection":[{"href":"https:\/\/diariodepe.com.br\/cri\/wp-json\/wp\/v2\/posts"}],"about":[{"href":"https:\/\/diariodepe.com.br\/cri\/wp-json\/wp\/v2\/types\/post"}],"author":[{"embeddable":true,"href":"https:\/\/diariodepe.com.br\/cri\/wp-json\/wp\/v2\/users\/2"}],"replies":[{"embeddable":true,"href":"https:\/\/diariodepe.com.br\/cri\/wp-json\/wp\/v2\/comments?post=5134"}],"version-history":[{"count":1,"href":"https:\/\/diariodepe.com.br\/cri\/wp-json\/wp\/v2\/posts\/5134\/revisions"}],"predecessor-version":[{"id":5135,"href":"https:\/\/diariodepe.com.br\/cri\/wp-json\/wp\/v2\/posts\/5134\/revisions\/5135"}],"wp:attachment":[{"href":"https:\/\/diariodepe.com.br\/cri\/wp-json\/wp\/v2\/media?parent=5134"}],"wp:term":[{"taxonomy":"category","embeddable":true,"href":"https:\/\/diariodepe.com.br\/cri\/wp-json\/wp\/v2\/categories?post=5134"},{"taxonomy":"post_tag","embeddable":true,"href":"https:\/\/diariodepe.com.br\/cri\/wp-json\/wp\/v2\/tags?post=5134"}],"curies":[{"name":"wp","href":"https:\/\/api.w.org\/{rel}","templated":true}]}}