{"id":5125,"date":"2024-04-29T22:59:15","date_gmt":"2024-04-30T01:59:15","guid":{"rendered":"https:\/\/diariodepe.com.br\/cri\/?p=5125"},"modified":"2024-04-29T22:59:15","modified_gmt":"2024-04-30T01:59:15","slug":"protestos-pro-palestina-em-varios-luagres-dos-eua-causam-interrupcoes-no-transito","status":"publish","type":"post","link":"https:\/\/diariodepe.com.br\/cri\/2024\/04\/29\/protestos-pro-palestina-em-varios-luagres-dos-eua-causam-interrupcoes-no-transito\/","title":{"rendered":"Protestos pr\u00f3-palestina em v\u00e1rios luagres dos EUA causam interrup\u00e7\u00f5es no tr\u00e2nsito"},"content":{"rendered":"<p class=\"photo_img_20190808\"><img decoding=\"async\" src=\"https:\/\/p2crires.cri.cn\/photoworkspace\/cri\/contentimg\/2024\/04\/16\/2024041620105393104.png\" alt=\"\" \/><\/p>\n<p>Segundo informou a Ag\u00eancia France-Presse (AFP), os protestos eclodiram em muitos lugares dos Estados Unidos\u00a0(EUA)\u00a0no dia 15, hor\u00e1rio local. Os manifestantes bloquearam as vias de tr\u00e1fego da cidade em\u00a0solidariedade \u00e0\u00a0Palestina, e pediram\u00a0para que\u00a0&#8220;n\u00e3o entrem em guerra com o Ir\u00e3&#8221; e &#8220;acabem com a guerra em Gaza&#8221;.<\/p>\n<p>A Patrulha Rodovi\u00e1ria da Calif\u00f3rnia disse que, no dia 15, as manifesta\u00e7\u00f5es levaram \u00e0 interrup\u00e7\u00e3o total do tr\u00e1fego na\u00a0Ponte Golden Gate de S\u00e3o Francisco por v\u00e1rias horas, e cerca de 20 manifestantes foram detidos. No mesmo dia, os manifestantes bloquearam uma rodovia\u00a0para o aeroporto em Chicago. Dezenas foram detidos pela pol\u00edcia local.<\/p>\n","protected":false},"excerpt":{"rendered":"<p>Segundo informou a Ag\u00eancia France-Presse (AFP), os protestos eclodiram em muitos lugares dos Estados Unidos\u00a0(EUA)\u00a0no dia 15, hor\u00e1rio local. Os manifestantes bloquearam as vias de tr\u00e1fego da cidade em\u00a0solidariedade \u00e0\u00a0Palestina, e pediram\u00a0para que\u00a0&#8220;n\u00e3o entrem em guerra com o Ir\u00e3&#8221; e&#8230;<\/p>\n","protected":false},"author":2,"featured_media":0,"comment_status":"open","ping_status":"open","sticky":false,"template":"","format":"standard","meta":{"footnotes":""},"categories":[8],"tags":[],"class_list":["post-5125","post","type-post","status-publish","format-standard","hentry","category-internacional"],"yoast_head":"<!-- This site is optimized with the Yoast SEO plugin v27.4 - https:\/\/yoast.com\/product\/yoast-seo-wordpress\/ -->\n<title>Protestos pr\u00f3-palestina em v\u00e1rios luagres dos EUA causam interrup\u00e7\u00f5es no tr\u00e2nsito - CRI e Diario de Pernambuco<\/title>\n<meta name=\"robots\" content=\"index, follow, max-snippet:-1, max-image-preview:large, max-video-preview:-1\" \/>\n<link rel=\"canonical\" href=\"https:\/\/diariodepe.com.br\/cri\/2024\/04\/29\/protestos-pro-palestina-em-varios-luagres-dos-eua-causam-interrupcoes-no-transito\/\" \/>\n<meta property=\"og:locale\" content=\"pt_BR\" \/>\n<meta property=\"og:type\" content=\"article\" \/>\n<meta property=\"og:title\" content=\"Protestos pr\u00f3-palestina em v\u00e1rios luagres dos EUA causam interrup\u00e7\u00f5es no tr\u00e2nsito - CRI e Diario de Pernambuco\" \/>\n<meta property=\"og:description\" content=\"Segundo informou a Ag\u00eancia France-Presse (AFP), os protestos eclodiram em muitos lugares dos Estados Unidos\u00a0(EUA)\u00a0no dia 15, hor\u00e1rio local. Os manifestantes bloquearam as vias de tr\u00e1fego da cidade em\u00a0solidariedade \u00e0\u00a0Palestina, e pediram\u00a0para que\u00a0&#8220;n\u00e3o entrem em guerra com o Ir\u00e3&#8221; e...\" \/>\n<meta property=\"og:url\" content=\"https:\/\/diariodepe.com.br\/cri\/2024\/04\/29\/protestos-pro-palestina-em-varios-luagres-dos-eua-causam-interrupcoes-no-transito\/\" \/>\n<meta property=\"og:site_name\" content=\"CRI e Diario de Pernambuco\" \/>\n<meta property=\"article:published_time\" content=\"2024-04-30T01:59:15+00:00\" \/>\n<meta property=\"og:image\" content=\"https:\/\/p2crires.cri.cn\/photoworkspace\/cri\/contentimg\/2024\/04\/16\/2024041620105393104.png\" \/>\n<meta name=\"author\" content=\"Ismael Lucas S. Pereira\" \/>\n<meta name=\"twitter:card\" content=\"summary_large_image\" \/>\n<meta name=\"twitter:label1\" content=\"Escrito por\" \/>\n\t<meta name=\"twitter:data1\" content=\"Ismael Lucas S. Pereira\" \/>\n\t<meta name=\"twitter:label2\" content=\"Est. tempo de leitura\" \/>\n\t<meta name=\"twitter:data2\" content=\"1 minuto\" \/>\n<script type=\"application\/ld+json\" class=\"yoast-schema-graph\">{\"@context\":\"https:\\\/\\\/schema.org\",\"@graph\":[{\"@type\":\"Article\",\"@id\":\"https:\\\/\\\/diariodepe.com.br\\\/cri\\\/2024\\\/04\\\/29\\\/protestos-pro-palestina-em-varios-luagres-dos-eua-causam-interrupcoes-no-transito\\\/#article\",\"isPartOf\":{\"@id\":\"https:\\\/\\\/diariodepe.com.br\\\/cri\\\/2024\\\/04\\\/29\\\/protestos-pro-palestina-em-varios-luagres-dos-eua-causam-interrupcoes-no-transito\\\/\"},\"author\":{\"name\":\"Ismael Lucas S. Pereira\",\"@id\":\"https:\\\/\\\/diariodepe.com.br\\\/cri\\\/#\\\/schema\\\/person\\\/121bb28d84f1a5b1205ef4ce9c2e0c6b\"},\"headline\":\"Protestos pr\u00f3-palestina em v\u00e1rios luagres dos EUA causam interrup\u00e7\u00f5es no tr\u00e2nsito\",\"datePublished\":\"2024-04-30T01:59:15+00:00\",\"mainEntityOfPage\":{\"@id\":\"https:\\\/\\\/diariodepe.com.br\\\/cri\\\/2024\\\/04\\\/29\\\/protestos-pro-palestina-em-varios-luagres-dos-eua-causam-interrupcoes-no-transito\\\/\"},\"wordCount\":128,\"commentCount\":0,\"publisher\":{\"@id\":\"https:\\\/\\\/diariodepe.com.br\\\/cri\\\/#organization\"},\"image\":{\"@id\":\"https:\\\/\\\/diariodepe.com.br\\\/cri\\\/2024\\\/04\\\/29\\\/protestos-pro-palestina-em-varios-luagres-dos-eua-causam-interrupcoes-no-transito\\\/#primaryimage\"},\"thumbnailUrl\":\"https:\\\/\\\/p2crires.cri.cn\\\/photoworkspace\\\/cri\\\/contentimg\\\/2024\\\/04\\\/16\\\/2024041620105393104.png\",\"articleSection\":[\"Internacional\"],\"inLanguage\":\"pt-BR\",\"potentialAction\":[{\"@type\":\"CommentAction\",\"name\":\"Comment\",\"target\":[\"https:\\\/\\\/diariodepe.com.br\\\/cri\\\/2024\\\/04\\\/29\\\/protestos-pro-palestina-em-varios-luagres-dos-eua-causam-interrupcoes-no-transito\\\/#respond\"]}]},{\"@type\":\"WebPage\",\"@id\":\"https:\\\/\\\/diariodepe.com.br\\\/cri\\\/2024\\\/04\\\/29\\\/protestos-pro-palestina-em-varios-luagres-dos-eua-causam-interrupcoes-no-transito\\\/\",\"url\":\"https:\\\/\\\/diariodepe.com.br\\\/cri\\\/2024\\\/04\\\/29\\\/protestos-pro-palestina-em-varios-luagres-dos-eua-causam-interrupcoes-no-transito\\\/\",\"name\":\"Protestos pr\u00f3-palestina em v\u00e1rios luagres dos EUA causam interrup\u00e7\u00f5es no tr\u00e2nsito - CRI e Diario de Pernambuco\",\"isPartOf\":{\"@id\":\"https:\\\/\\\/diariodepe.com.br\\\/cri\\\/#website\"},\"primaryImageOfPage\":{\"@id\":\"https:\\\/\\\/diariodepe.com.br\\\/cri\\\/2024\\\/04\\\/29\\\/protestos-pro-palestina-em-varios-luagres-dos-eua-causam-interrupcoes-no-transito\\\/#primaryimage\"},\"image\":{\"@id\":\"https:\\\/\\\/diariodepe.com.br\\\/cri\\\/2024\\\/04\\\/29\\\/protestos-pro-palestina-em-varios-luagres-dos-eua-causam-interrupcoes-no-transito\\\/#primaryimage\"},\"thumbnailUrl\":\"https:\\\/\\\/p2crires.cri.cn\\\/photoworkspace\\\/cri\\\/contentimg\\\/2024\\\/04\\\/16\\\/2024041620105393104.png\",\"datePublished\":\"2024-04-30T01:59:15+00:00\",\"breadcrumb\":{\"@id\":\"https:\\\/\\\/diariodepe.com.br\\\/cri\\\/2024\\\/04\\\/29\\\/protestos-pro-palestina-em-varios-luagres-dos-eua-causam-interrupcoes-no-transito\\\/#breadcrumb\"},\"inLanguage\":\"pt-BR\",\"potentialAction\":[{\"@type\":\"ReadAction\",\"target\":[\"https:\\\/\\\/diariodepe.com.br\\\/cri\\\/2024\\\/04\\\/29\\\/protestos-pro-palestina-em-varios-luagres-dos-eua-causam-interrupcoes-no-transito\\\/\"]}]},{\"@type\":\"ImageObject\",\"inLanguage\":\"pt-BR\",\"@id\":\"https:\\\/\\\/diariodepe.com.br\\\/cri\\\/2024\\\/04\\\/29\\\/protestos-pro-palestina-em-varios-luagres-dos-eua-causam-interrupcoes-no-transito\\\/#primaryimage\",\"url\":\"https:\\\/\\\/p2crires.cri.cn\\\/photoworkspace\\\/cri\\\/contentimg\\\/2024\\\/04\\\/16\\\/2024041620105393104.png\",\"contentUrl\":\"https:\\\/\\\/p2crires.cri.cn\\\/photoworkspace\\\/cri\\\/contentimg\\\/2024\\\/04\\\/16\\\/2024041620105393104.png\"},{\"@type\":\"BreadcrumbList\",\"@id\":\"https:\\\/\\\/diariodepe.com.br\\\/cri\\\/2024\\\/04\\\/29\\\/protestos-pro-palestina-em-varios-luagres-dos-eua-causam-interrupcoes-no-transito\\\/#breadcrumb\",\"itemListElement\":[{\"@type\":\"ListItem\",\"position\":1,\"name\":\"In\u00edcio\",\"item\":\"https:\\\/\\\/diariodepe.com.br\\\/cri\\\/\"},{\"@type\":\"ListItem\",\"position\":2,\"name\":\"Protestos pr\u00f3-palestina em v\u00e1rios luagres dos EUA causam interrup\u00e7\u00f5es no tr\u00e2nsito\"}]},{\"@type\":\"WebSite\",\"@id\":\"https:\\\/\\\/diariodepe.com.br\\\/cri\\\/#website\",\"url\":\"https:\\\/\\\/diariodepe.com.br\\\/cri\\\/\",\"name\":\"CRI e Diario de Pernambuco\",\"description\":\"R\u00e1dio Internacional da China\",\"publisher\":{\"@id\":\"https:\\\/\\\/diariodepe.com.br\\\/cri\\\/#organization\"},\"potentialAction\":[{\"@type\":\"SearchAction\",\"target\":{\"@type\":\"EntryPoint\",\"urlTemplate\":\"https:\\\/\\\/diariodepe.com.br\\\/cri\\\/?s={search_term_string}\"},\"query-input\":{\"@type\":\"PropertyValueSpecification\",\"valueRequired\":true,\"valueName\":\"search_term_string\"}}],\"inLanguage\":\"pt-BR\"},{\"@type\":\"Organization\",\"@id\":\"https:\\\/\\\/diariodepe.com.br\\\/cri\\\/#organization\",\"name\":\"CRI e Diario de Pernambuco\",\"url\":\"https:\\\/\\\/diariodepe.com.br\\\/cri\\\/\",\"logo\":{\"@type\":\"ImageObject\",\"inLanguage\":\"pt-BR\",\"@id\":\"https:\\\/\\\/diariodepe.com.br\\\/cri\\\/#\\\/schema\\\/logo\\\/image\\\/\",\"url\":\"https:\\\/\\\/diariodepe.com.br\\\/cri\\\/wp-content\\\/uploads\\\/sites\\\/2\\\/2022\\\/12\\\/cropped-Logo.jpg\",\"contentUrl\":\"https:\\\/\\\/diariodepe.com.br\\\/cri\\\/wp-content\\\/uploads\\\/sites\\\/2\\\/2022\\\/12\\\/cropped-Logo.jpg\",\"width\":700,\"height\":59,\"caption\":\"CRI e Diario de Pernambuco\"},\"image\":{\"@id\":\"https:\\\/\\\/diariodepe.com.br\\\/cri\\\/#\\\/schema\\\/logo\\\/image\\\/\"}},{\"@type\":\"Person\",\"@id\":\"https:\\\/\\\/diariodepe.com.br\\\/cri\\\/#\\\/schema\\\/person\\\/121bb28d84f1a5b1205ef4ce9c2e0c6b\",\"name\":\"Ismael Lucas S. Pereira\",\"image\":{\"@type\":\"ImageObject\",\"inLanguage\":\"pt-BR\",\"@id\":\"https:\\\/\\\/secure.gravatar.com\\\/avatar\\\/887a0f3b5a7ceea963a48499fb883ffce6b5037362def025c52c2505b15d63e4?s=96&d=mm&r=g\",\"url\":\"https:\\\/\\\/secure.gravatar.com\\\/avatar\\\/887a0f3b5a7ceea963a48499fb883ffce6b5037362def025c52c2505b15d63e4?s=96&d=mm&r=g\",\"contentUrl\":\"https:\\\/\\\/secure.gravatar.com\\\/avatar\\\/887a0f3b5a7ceea963a48499fb883ffce6b5037362def025c52c2505b15d63e4?s=96&d=mm&r=g\",\"caption\":\"Ismael Lucas S. Pereira\"},\"url\":\"https:\\\/\\\/diariodepe.com.br\\\/cri\\\/author\\\/ismael-lucas\\\/\"}]}<\/script>\n<!-- \/ Yoast SEO plugin. -->","yoast_head_json":{"title":"Protestos pr\u00f3-palestina em v\u00e1rios luagres dos EUA causam interrup\u00e7\u00f5es no tr\u00e2nsito - CRI e Diario de Pernambuco","robots":{"index":"index","follow":"follow","max-snippet":"max-snippet:-1","max-image-preview":"max-image-preview:large","max-video-preview":"max-video-preview:-1"},"canonical":"https:\/\/diariodepe.com.br\/cri\/2024\/04\/29\/protestos-pro-palestina-em-varios-luagres-dos-eua-causam-interrupcoes-no-transito\/","og_locale":"pt_BR","og_type":"article","og_title":"Protestos pr\u00f3-palestina em v\u00e1rios luagres dos EUA causam interrup\u00e7\u00f5es no tr\u00e2nsito - CRI e Diario de Pernambuco","og_description":"Segundo informou a Ag\u00eancia France-Presse (AFP), os protestos eclodiram em muitos lugares dos Estados Unidos\u00a0(EUA)\u00a0no dia 15, hor\u00e1rio local. Os manifestantes bloquearam as vias de tr\u00e1fego da cidade em\u00a0solidariedade \u00e0\u00a0Palestina, e pediram\u00a0para que\u00a0&#8220;n\u00e3o entrem em guerra com o Ir\u00e3&#8221; e...","og_url":"https:\/\/diariodepe.com.br\/cri\/2024\/04\/29\/protestos-pro-palestina-em-varios-luagres-dos-eua-causam-interrupcoes-no-transito\/","og_site_name":"CRI e Diario de Pernambuco","article_published_time":"2024-04-30T01:59:15+00:00","og_image":[{"url":"https:\/\/p2crires.cri.cn\/photoworkspace\/cri\/contentimg\/2024\/04\/16\/2024041620105393104.png","type":"","width":"","height":""}],"author":"Ismael Lucas S. Pereira","twitter_card":"summary_large_image","twitter_misc":{"Escrito por":"Ismael Lucas S. Pereira","Est. tempo de leitura":"1 minuto"},"schema":{"@context":"https:\/\/schema.org","@graph":[{"@type":"Article","@id":"https:\/\/diariodepe.com.br\/cri\/2024\/04\/29\/protestos-pro-palestina-em-varios-luagres-dos-eua-causam-interrupcoes-no-transito\/#article","isPartOf":{"@id":"https:\/\/diariodepe.com.br\/cri\/2024\/04\/29\/protestos-pro-palestina-em-varios-luagres-dos-eua-causam-interrupcoes-no-transito\/"},"author":{"name":"Ismael Lucas S. Pereira","@id":"https:\/\/diariodepe.com.br\/cri\/#\/schema\/person\/121bb28d84f1a5b1205ef4ce9c2e0c6b"},"headline":"Protestos pr\u00f3-palestina em v\u00e1rios luagres dos EUA causam interrup\u00e7\u00f5es no tr\u00e2nsito","datePublished":"2024-04-30T01:59:15+00:00","mainEntityOfPage":{"@id":"https:\/\/diariodepe.com.br\/cri\/2024\/04\/29\/protestos-pro-palestina-em-varios-luagres-dos-eua-causam-interrupcoes-no-transito\/"},"wordCount":128,"commentCount":0,"publisher":{"@id":"https:\/\/diariodepe.com.br\/cri\/#organization"},"image":{"@id":"https:\/\/diariodepe.com.br\/cri\/2024\/04\/29\/protestos-pro-palestina-em-varios-luagres-dos-eua-causam-interrupcoes-no-transito\/#primaryimage"},"thumbnailUrl":"https:\/\/p2crires.cri.cn\/photoworkspace\/cri\/contentimg\/2024\/04\/16\/2024041620105393104.png","articleSection":["Internacional"],"inLanguage":"pt-BR","potentialAction":[{"@type":"CommentAction","name":"Comment","target":["https:\/\/diariodepe.com.br\/cri\/2024\/04\/29\/protestos-pro-palestina-em-varios-luagres-dos-eua-causam-interrupcoes-no-transito\/#respond"]}]},{"@type":"WebPage","@id":"https:\/\/diariodepe.com.br\/cri\/2024\/04\/29\/protestos-pro-palestina-em-varios-luagres-dos-eua-causam-interrupcoes-no-transito\/","url":"https:\/\/diariodepe.com.br\/cri\/2024\/04\/29\/protestos-pro-palestina-em-varios-luagres-dos-eua-causam-interrupcoes-no-transito\/","name":"Protestos pr\u00f3-palestina em v\u00e1rios luagres dos EUA causam interrup\u00e7\u00f5es no tr\u00e2nsito - CRI e Diario de Pernambuco","isPartOf":{"@id":"https:\/\/diariodepe.com.br\/cri\/#website"},"primaryImageOfPage":{"@id":"https:\/\/diariodepe.com.br\/cri\/2024\/04\/29\/protestos-pro-palestina-em-varios-luagres-dos-eua-causam-interrupcoes-no-transito\/#primaryimage"},"image":{"@id":"https:\/\/diariodepe.com.br\/cri\/2024\/04\/29\/protestos-pro-palestina-em-varios-luagres-dos-eua-causam-interrupcoes-no-transito\/#primaryimage"},"thumbnailUrl":"https:\/\/p2crires.cri.cn\/photoworkspace\/cri\/contentimg\/2024\/04\/16\/2024041620105393104.png","datePublished":"2024-04-30T01:59:15+00:00","breadcrumb":{"@id":"https:\/\/diariodepe.com.br\/cri\/2024\/04\/29\/protestos-pro-palestina-em-varios-luagres-dos-eua-causam-interrupcoes-no-transito\/#breadcrumb"},"inLanguage":"pt-BR","potentialAction":[{"@type":"ReadAction","target":["https:\/\/diariodepe.com.br\/cri\/2024\/04\/29\/protestos-pro-palestina-em-varios-luagres-dos-eua-causam-interrupcoes-no-transito\/"]}]},{"@type":"ImageObject","inLanguage":"pt-BR","@id":"https:\/\/diariodepe.com.br\/cri\/2024\/04\/29\/protestos-pro-palestina-em-varios-luagres-dos-eua-causam-interrupcoes-no-transito\/#primaryimage","url":"https:\/\/p2crires.cri.cn\/photoworkspace\/cri\/contentimg\/2024\/04\/16\/2024041620105393104.png","contentUrl":"https:\/\/p2crires.cri.cn\/photoworkspace\/cri\/contentimg\/2024\/04\/16\/2024041620105393104.png"},{"@type":"BreadcrumbList","@id":"https:\/\/diariodepe.com.br\/cri\/2024\/04\/29\/protestos-pro-palestina-em-varios-luagres-dos-eua-causam-interrupcoes-no-transito\/#breadcrumb","itemListElement":[{"@type":"ListItem","position":1,"name":"In\u00edcio","item":"https:\/\/diariodepe.com.br\/cri\/"},{"@type":"ListItem","position":2,"name":"Protestos pr\u00f3-palestina em v\u00e1rios luagres dos EUA causam interrup\u00e7\u00f5es no tr\u00e2nsito"}]},{"@type":"WebSite","@id":"https:\/\/diariodepe.com.br\/cri\/#website","url":"https:\/\/diariodepe.com.br\/cri\/","name":"CRI e Diario de Pernambuco","description":"R\u00e1dio Internacional da China","publisher":{"@id":"https:\/\/diariodepe.com.br\/cri\/#organization"},"potentialAction":[{"@type":"SearchAction","target":{"@type":"EntryPoint","urlTemplate":"https:\/\/diariodepe.com.br\/cri\/?s={search_term_string}"},"query-input":{"@type":"PropertyValueSpecification","valueRequired":true,"valueName":"search_term_string"}}],"inLanguage":"pt-BR"},{"@type":"Organization","@id":"https:\/\/diariodepe.com.br\/cri\/#organization","name":"CRI e Diario de Pernambuco","url":"https:\/\/diariodepe.com.br\/cri\/","logo":{"@type":"ImageObject","inLanguage":"pt-BR","@id":"https:\/\/diariodepe.com.br\/cri\/#\/schema\/logo\/image\/","url":"https:\/\/diariodepe.com.br\/cri\/wp-content\/uploads\/sites\/2\/2022\/12\/cropped-Logo.jpg","contentUrl":"https:\/\/diariodepe.com.br\/cri\/wp-content\/uploads\/sites\/2\/2022\/12\/cropped-Logo.jpg","width":700,"height":59,"caption":"CRI e Diario de Pernambuco"},"image":{"@id":"https:\/\/diariodepe.com.br\/cri\/#\/schema\/logo\/image\/"}},{"@type":"Person","@id":"https:\/\/diariodepe.com.br\/cri\/#\/schema\/person\/121bb28d84f1a5b1205ef4ce9c2e0c6b","name":"Ismael Lucas S. Pereira","image":{"@type":"ImageObject","inLanguage":"pt-BR","@id":"https:\/\/secure.gravatar.com\/avatar\/887a0f3b5a7ceea963a48499fb883ffce6b5037362def025c52c2505b15d63e4?s=96&d=mm&r=g","url":"https:\/\/secure.gravatar.com\/avatar\/887a0f3b5a7ceea963a48499fb883ffce6b5037362def025c52c2505b15d63e4?s=96&d=mm&r=g","contentUrl":"https:\/\/secure.gravatar.com\/avatar\/887a0f3b5a7ceea963a48499fb883ffce6b5037362def025c52c2505b15d63e4?s=96&d=mm&r=g","caption":"Ismael Lucas S. Pereira"},"url":"https:\/\/diariodepe.com.br\/cri\/author\/ismael-lucas\/"}]}},"cc_featured_image_caption":{"caption_text":false,"source_text":false,"source_url":false},"amp_enabled":true,"_links":{"self":[{"href":"https:\/\/diariodepe.com.br\/cri\/wp-json\/wp\/v2\/posts\/5125","targetHints":{"allow":["GET"]}}],"collection":[{"href":"https:\/\/diariodepe.com.br\/cri\/wp-json\/wp\/v2\/posts"}],"about":[{"href":"https:\/\/diariodepe.com.br\/cri\/wp-json\/wp\/v2\/types\/post"}],"author":[{"embeddable":true,"href":"https:\/\/diariodepe.com.br\/cri\/wp-json\/wp\/v2\/users\/2"}],"replies":[{"embeddable":true,"href":"https:\/\/diariodepe.com.br\/cri\/wp-json\/wp\/v2\/comments?post=5125"}],"version-history":[{"count":1,"href":"https:\/\/diariodepe.com.br\/cri\/wp-json\/wp\/v2\/posts\/5125\/revisions"}],"predecessor-version":[{"id":5126,"href":"https:\/\/diariodepe.com.br\/cri\/wp-json\/wp\/v2\/posts\/5125\/revisions\/5126"}],"wp:attachment":[{"href":"https:\/\/diariodepe.com.br\/cri\/wp-json\/wp\/v2\/media?parent=5125"}],"wp:term":[{"taxonomy":"category","embeddable":true,"href":"https:\/\/diariodepe.com.br\/cri\/wp-json\/wp\/v2\/categories?post=5125"},{"taxonomy":"post_tag","embeddable":true,"href":"https:\/\/diariodepe.com.br\/cri\/wp-json\/wp\/v2\/tags?post=5125"}],"curies":[{"name":"wp","href":"https:\/\/api.w.org\/{rel}","templated":true}]}}