{"id":5123,"date":"2024-04-28T23:26:47","date_gmt":"2024-04-29T02:26:47","guid":{"rendered":"https:\/\/diariodepe.com.br\/cri\/?p=5123"},"modified":"2024-04-28T23:26:47","modified_gmt":"2024-04-29T02:26:47","slug":"brasil-e-china-crescem-em-cooperacao-bilateral-em-nivel-estadual","status":"publish","type":"post","link":"https:\/\/diariodepe.com.br\/cri\/2024\/04\/28\/brasil-e-china-crescem-em-cooperacao-bilateral-em-nivel-estadual\/","title":{"rendered":"Brasil e China crescem em coopera\u00e7\u00e3o bilateral em n\u00edvel estadual"},"content":{"rendered":"<p>Ci\u00eancia e tecnologia, educa\u00e7\u00e3o e agricultura foram as \u00e1reas beneficias com os memorandos de entendimento assinados entre a prov\u00edncia chinesa de Sichuam e Pernambuco, seu \u00fanico estado irm\u00e3o no Brasil. A parceria existe desde 1992.<\/p>\n<div id=\"video-player1\">\n<div id=\"video-player1-con\" lang=\"zh-cn\" tabindex=\"-1\" role=\"region\" aria-label=\"Video Player\">Uma comitiva do governo provincial de Sichuan foi recebida na sede do governo de Pernambuco onde os acordos foram firmados. Mas antes, o grupo conheceu a cidade de Olinda que pode virar cidade irm\u00e3 de Dujiangyan.<\/div>\n<\/div>\n<p>A reportagem \u00e9 de Lu\u00eds Boaventura, Francisco Silva e Rafael Viera, em uma coopera\u00e7\u00e3o bilateral de coprodu\u00e7\u00e3o entre o Diario de Pernambuco e a R\u00e1dio Internacional da China.<\/p>\n<p><iframe title=\"Brasil e China crescem em coopera\u00e7\u00e3o bilateral em n\u00edvel estadual\" width=\"640\" height=\"360\" src=\"https:\/\/www.youtube.com\/embed\/PZrxDFOl19A?feature=oembed\" frameborder=\"0\" allow=\"accelerometer; autoplay; clipboard-write; encrypted-media; gyroscope; picture-in-picture; web-share\" referrerpolicy=\"strict-origin-when-cross-origin\" allowfullscreen><\/iframe><\/p>\n","protected":false},"excerpt":{"rendered":"<p>Ci\u00eancia e tecnologia, educa\u00e7\u00e3o e agricultura foram as \u00e1reas beneficias com os memorandos de entendimento assinados entre a prov\u00edncia chinesa de Sichuam e Pernambuco, seu \u00fanico estado irm\u00e3o no Brasil. A parceria existe desde 1992. Uma comitiva do governo provincial&#8230;<\/p>\n","protected":false},"author":2,"featured_media":0,"comment_status":"open","ping_status":"open","sticky":false,"template":"","format":"standard","meta":{"footnotes":""},"categories":[9,11],"tags":[],"class_list":["post-5123","post","type-post","status-publish","format-standard","hentry","category-dptv-e-cri","category-videos"],"yoast_head":"<!-- This site is optimized with the Yoast SEO plugin v27.4 - https:\/\/yoast.com\/product\/yoast-seo-wordpress\/ -->\n<title>Brasil e China crescem em coopera\u00e7\u00e3o bilateral em n\u00edvel estadual - CRI e Diario de Pernambuco<\/title>\n<meta name=\"robots\" content=\"index, follow, max-snippet:-1, max-image-preview:large, max-video-preview:-1\" \/>\n<link rel=\"canonical\" href=\"https:\/\/diariodepe.com.br\/cri\/2024\/04\/28\/brasil-e-china-crescem-em-cooperacao-bilateral-em-nivel-estadual\/\" \/>\n<meta property=\"og:locale\" content=\"pt_BR\" \/>\n<meta property=\"og:type\" content=\"article\" \/>\n<meta property=\"og:title\" content=\"Brasil e China crescem em coopera\u00e7\u00e3o bilateral em n\u00edvel estadual - CRI e Diario de Pernambuco\" \/>\n<meta property=\"og:description\" content=\"Ci\u00eancia e tecnologia, educa\u00e7\u00e3o e agricultura foram as \u00e1reas beneficias com os memorandos de entendimento assinados entre a prov\u00edncia chinesa de Sichuam e Pernambuco, seu \u00fanico estado irm\u00e3o no Brasil. A parceria existe desde 1992. Uma comitiva do governo provincial...\" \/>\n<meta property=\"og:url\" content=\"https:\/\/diariodepe.com.br\/cri\/2024\/04\/28\/brasil-e-china-crescem-em-cooperacao-bilateral-em-nivel-estadual\/\" \/>\n<meta property=\"og:site_name\" content=\"CRI e Diario de Pernambuco\" \/>\n<meta property=\"article:published_time\" content=\"2024-04-29T02:26:47+00:00\" \/>\n<meta name=\"author\" content=\"Ismael Lucas S. Pereira\" \/>\n<meta name=\"twitter:card\" content=\"summary_large_image\" \/>\n<meta name=\"twitter:label1\" content=\"Escrito por\" \/>\n\t<meta name=\"twitter:data1\" content=\"Ismael Lucas S. Pereira\" \/>\n\t<meta name=\"twitter:label2\" content=\"Est. tempo de leitura\" \/>\n\t<meta name=\"twitter:data2\" content=\"1 minuto\" \/>\n<script type=\"application\/ld+json\" class=\"yoast-schema-graph\">{\"@context\":\"https:\\\/\\\/schema.org\",\"@graph\":[{\"@type\":\"Article\",\"@id\":\"https:\\\/\\\/diariodepe.com.br\\\/cri\\\/2024\\\/04\\\/28\\\/brasil-e-china-crescem-em-cooperacao-bilateral-em-nivel-estadual\\\/#article\",\"isPartOf\":{\"@id\":\"https:\\\/\\\/diariodepe.com.br\\\/cri\\\/2024\\\/04\\\/28\\\/brasil-e-china-crescem-em-cooperacao-bilateral-em-nivel-estadual\\\/\"},\"author\":{\"name\":\"Ismael Lucas S. Pereira\",\"@id\":\"https:\\\/\\\/diariodepe.com.br\\\/cri\\\/#\\\/schema\\\/person\\\/121bb28d84f1a5b1205ef4ce9c2e0c6b\"},\"headline\":\"Brasil e China crescem em coopera\u00e7\u00e3o bilateral em n\u00edvel estadual\",\"datePublished\":\"2024-04-29T02:26:47+00:00\",\"mainEntityOfPage\":{\"@id\":\"https:\\\/\\\/diariodepe.com.br\\\/cri\\\/2024\\\/04\\\/28\\\/brasil-e-china-crescem-em-cooperacao-bilateral-em-nivel-estadual\\\/\"},\"wordCount\":127,\"commentCount\":0,\"publisher\":{\"@id\":\"https:\\\/\\\/diariodepe.com.br\\\/cri\\\/#organization\"},\"articleSection\":[\"DPTV e CRI\",\"V\u00eddeos\"],\"inLanguage\":\"pt-BR\",\"potentialAction\":[{\"@type\":\"CommentAction\",\"name\":\"Comment\",\"target\":[\"https:\\\/\\\/diariodepe.com.br\\\/cri\\\/2024\\\/04\\\/28\\\/brasil-e-china-crescem-em-cooperacao-bilateral-em-nivel-estadual\\\/#respond\"]}]},{\"@type\":\"WebPage\",\"@id\":\"https:\\\/\\\/diariodepe.com.br\\\/cri\\\/2024\\\/04\\\/28\\\/brasil-e-china-crescem-em-cooperacao-bilateral-em-nivel-estadual\\\/\",\"url\":\"https:\\\/\\\/diariodepe.com.br\\\/cri\\\/2024\\\/04\\\/28\\\/brasil-e-china-crescem-em-cooperacao-bilateral-em-nivel-estadual\\\/\",\"name\":\"Brasil e China crescem em coopera\u00e7\u00e3o bilateral em n\u00edvel estadual - CRI e Diario de Pernambuco\",\"isPartOf\":{\"@id\":\"https:\\\/\\\/diariodepe.com.br\\\/cri\\\/#website\"},\"datePublished\":\"2024-04-29T02:26:47+00:00\",\"breadcrumb\":{\"@id\":\"https:\\\/\\\/diariodepe.com.br\\\/cri\\\/2024\\\/04\\\/28\\\/brasil-e-china-crescem-em-cooperacao-bilateral-em-nivel-estadual\\\/#breadcrumb\"},\"inLanguage\":\"pt-BR\",\"potentialAction\":[{\"@type\":\"ReadAction\",\"target\":[\"https:\\\/\\\/diariodepe.com.br\\\/cri\\\/2024\\\/04\\\/28\\\/brasil-e-china-crescem-em-cooperacao-bilateral-em-nivel-estadual\\\/\"]}]},{\"@type\":\"BreadcrumbList\",\"@id\":\"https:\\\/\\\/diariodepe.com.br\\\/cri\\\/2024\\\/04\\\/28\\\/brasil-e-china-crescem-em-cooperacao-bilateral-em-nivel-estadual\\\/#breadcrumb\",\"itemListElement\":[{\"@type\":\"ListItem\",\"position\":1,\"name\":\"In\u00edcio\",\"item\":\"https:\\\/\\\/diariodepe.com.br\\\/cri\\\/\"},{\"@type\":\"ListItem\",\"position\":2,\"name\":\"Brasil e China crescem em coopera\u00e7\u00e3o bilateral em n\u00edvel estadual\"}]},{\"@type\":\"WebSite\",\"@id\":\"https:\\\/\\\/diariodepe.com.br\\\/cri\\\/#website\",\"url\":\"https:\\\/\\\/diariodepe.com.br\\\/cri\\\/\",\"name\":\"CRI e Diario de Pernambuco\",\"description\":\"R\u00e1dio Internacional da China\",\"publisher\":{\"@id\":\"https:\\\/\\\/diariodepe.com.br\\\/cri\\\/#organization\"},\"potentialAction\":[{\"@type\":\"SearchAction\",\"target\":{\"@type\":\"EntryPoint\",\"urlTemplate\":\"https:\\\/\\\/diariodepe.com.br\\\/cri\\\/?s={search_term_string}\"},\"query-input\":{\"@type\":\"PropertyValueSpecification\",\"valueRequired\":true,\"valueName\":\"search_term_string\"}}],\"inLanguage\":\"pt-BR\"},{\"@type\":\"Organization\",\"@id\":\"https:\\\/\\\/diariodepe.com.br\\\/cri\\\/#organization\",\"name\":\"CRI e Diario de Pernambuco\",\"url\":\"https:\\\/\\\/diariodepe.com.br\\\/cri\\\/\",\"logo\":{\"@type\":\"ImageObject\",\"inLanguage\":\"pt-BR\",\"@id\":\"https:\\\/\\\/diariodepe.com.br\\\/cri\\\/#\\\/schema\\\/logo\\\/image\\\/\",\"url\":\"https:\\\/\\\/diariodepe.com.br\\\/cri\\\/wp-content\\\/uploads\\\/sites\\\/2\\\/2022\\\/12\\\/cropped-Logo.jpg\",\"contentUrl\":\"https:\\\/\\\/diariodepe.com.br\\\/cri\\\/wp-content\\\/uploads\\\/sites\\\/2\\\/2022\\\/12\\\/cropped-Logo.jpg\",\"width\":700,\"height\":59,\"caption\":\"CRI e Diario de Pernambuco\"},\"image\":{\"@id\":\"https:\\\/\\\/diariodepe.com.br\\\/cri\\\/#\\\/schema\\\/logo\\\/image\\\/\"}},{\"@type\":\"Person\",\"@id\":\"https:\\\/\\\/diariodepe.com.br\\\/cri\\\/#\\\/schema\\\/person\\\/121bb28d84f1a5b1205ef4ce9c2e0c6b\",\"name\":\"Ismael Lucas S. Pereira\",\"image\":{\"@type\":\"ImageObject\",\"inLanguage\":\"pt-BR\",\"@id\":\"https:\\\/\\\/secure.gravatar.com\\\/avatar\\\/887a0f3b5a7ceea963a48499fb883ffce6b5037362def025c52c2505b15d63e4?s=96&d=mm&r=g\",\"url\":\"https:\\\/\\\/secure.gravatar.com\\\/avatar\\\/887a0f3b5a7ceea963a48499fb883ffce6b5037362def025c52c2505b15d63e4?s=96&d=mm&r=g\",\"contentUrl\":\"https:\\\/\\\/secure.gravatar.com\\\/avatar\\\/887a0f3b5a7ceea963a48499fb883ffce6b5037362def025c52c2505b15d63e4?s=96&d=mm&r=g\",\"caption\":\"Ismael Lucas S. Pereira\"},\"url\":\"https:\\\/\\\/diariodepe.com.br\\\/cri\\\/author\\\/ismael-lucas\\\/\"}]}<\/script>\n<!-- \/ Yoast SEO plugin. -->","yoast_head_json":{"title":"Brasil e China crescem em coopera\u00e7\u00e3o bilateral em n\u00edvel estadual - CRI e Diario de Pernambuco","robots":{"index":"index","follow":"follow","max-snippet":"max-snippet:-1","max-image-preview":"max-image-preview:large","max-video-preview":"max-video-preview:-1"},"canonical":"https:\/\/diariodepe.com.br\/cri\/2024\/04\/28\/brasil-e-china-crescem-em-cooperacao-bilateral-em-nivel-estadual\/","og_locale":"pt_BR","og_type":"article","og_title":"Brasil e China crescem em coopera\u00e7\u00e3o bilateral em n\u00edvel estadual - CRI e Diario de Pernambuco","og_description":"Ci\u00eancia e tecnologia, educa\u00e7\u00e3o e agricultura foram as \u00e1reas beneficias com os memorandos de entendimento assinados entre a prov\u00edncia chinesa de Sichuam e Pernambuco, seu \u00fanico estado irm\u00e3o no Brasil. A parceria existe desde 1992. Uma comitiva do governo provincial...","og_url":"https:\/\/diariodepe.com.br\/cri\/2024\/04\/28\/brasil-e-china-crescem-em-cooperacao-bilateral-em-nivel-estadual\/","og_site_name":"CRI e Diario de Pernambuco","article_published_time":"2024-04-29T02:26:47+00:00","author":"Ismael Lucas S. Pereira","twitter_card":"summary_large_image","twitter_misc":{"Escrito por":"Ismael Lucas S. Pereira","Est. tempo de leitura":"1 minuto"},"schema":{"@context":"https:\/\/schema.org","@graph":[{"@type":"Article","@id":"https:\/\/diariodepe.com.br\/cri\/2024\/04\/28\/brasil-e-china-crescem-em-cooperacao-bilateral-em-nivel-estadual\/#article","isPartOf":{"@id":"https:\/\/diariodepe.com.br\/cri\/2024\/04\/28\/brasil-e-china-crescem-em-cooperacao-bilateral-em-nivel-estadual\/"},"author":{"name":"Ismael Lucas S. Pereira","@id":"https:\/\/diariodepe.com.br\/cri\/#\/schema\/person\/121bb28d84f1a5b1205ef4ce9c2e0c6b"},"headline":"Brasil e China crescem em coopera\u00e7\u00e3o bilateral em n\u00edvel estadual","datePublished":"2024-04-29T02:26:47+00:00","mainEntityOfPage":{"@id":"https:\/\/diariodepe.com.br\/cri\/2024\/04\/28\/brasil-e-china-crescem-em-cooperacao-bilateral-em-nivel-estadual\/"},"wordCount":127,"commentCount":0,"publisher":{"@id":"https:\/\/diariodepe.com.br\/cri\/#organization"},"articleSection":["DPTV e CRI","V\u00eddeos"],"inLanguage":"pt-BR","potentialAction":[{"@type":"CommentAction","name":"Comment","target":["https:\/\/diariodepe.com.br\/cri\/2024\/04\/28\/brasil-e-china-crescem-em-cooperacao-bilateral-em-nivel-estadual\/#respond"]}]},{"@type":"WebPage","@id":"https:\/\/diariodepe.com.br\/cri\/2024\/04\/28\/brasil-e-china-crescem-em-cooperacao-bilateral-em-nivel-estadual\/","url":"https:\/\/diariodepe.com.br\/cri\/2024\/04\/28\/brasil-e-china-crescem-em-cooperacao-bilateral-em-nivel-estadual\/","name":"Brasil e China crescem em coopera\u00e7\u00e3o bilateral em n\u00edvel estadual - CRI e Diario de Pernambuco","isPartOf":{"@id":"https:\/\/diariodepe.com.br\/cri\/#website"},"datePublished":"2024-04-29T02:26:47+00:00","breadcrumb":{"@id":"https:\/\/diariodepe.com.br\/cri\/2024\/04\/28\/brasil-e-china-crescem-em-cooperacao-bilateral-em-nivel-estadual\/#breadcrumb"},"inLanguage":"pt-BR","potentialAction":[{"@type":"ReadAction","target":["https:\/\/diariodepe.com.br\/cri\/2024\/04\/28\/brasil-e-china-crescem-em-cooperacao-bilateral-em-nivel-estadual\/"]}]},{"@type":"BreadcrumbList","@id":"https:\/\/diariodepe.com.br\/cri\/2024\/04\/28\/brasil-e-china-crescem-em-cooperacao-bilateral-em-nivel-estadual\/#breadcrumb","itemListElement":[{"@type":"ListItem","position":1,"name":"In\u00edcio","item":"https:\/\/diariodepe.com.br\/cri\/"},{"@type":"ListItem","position":2,"name":"Brasil e China crescem em coopera\u00e7\u00e3o bilateral em n\u00edvel estadual"}]},{"@type":"WebSite","@id":"https:\/\/diariodepe.com.br\/cri\/#website","url":"https:\/\/diariodepe.com.br\/cri\/","name":"CRI e Diario de Pernambuco","description":"R\u00e1dio Internacional da China","publisher":{"@id":"https:\/\/diariodepe.com.br\/cri\/#organization"},"potentialAction":[{"@type":"SearchAction","target":{"@type":"EntryPoint","urlTemplate":"https:\/\/diariodepe.com.br\/cri\/?s={search_term_string}"},"query-input":{"@type":"PropertyValueSpecification","valueRequired":true,"valueName":"search_term_string"}}],"inLanguage":"pt-BR"},{"@type":"Organization","@id":"https:\/\/diariodepe.com.br\/cri\/#organization","name":"CRI e Diario de Pernambuco","url":"https:\/\/diariodepe.com.br\/cri\/","logo":{"@type":"ImageObject","inLanguage":"pt-BR","@id":"https:\/\/diariodepe.com.br\/cri\/#\/schema\/logo\/image\/","url":"https:\/\/diariodepe.com.br\/cri\/wp-content\/uploads\/sites\/2\/2022\/12\/cropped-Logo.jpg","contentUrl":"https:\/\/diariodepe.com.br\/cri\/wp-content\/uploads\/sites\/2\/2022\/12\/cropped-Logo.jpg","width":700,"height":59,"caption":"CRI e Diario de Pernambuco"},"image":{"@id":"https:\/\/diariodepe.com.br\/cri\/#\/schema\/logo\/image\/"}},{"@type":"Person","@id":"https:\/\/diariodepe.com.br\/cri\/#\/schema\/person\/121bb28d84f1a5b1205ef4ce9c2e0c6b","name":"Ismael Lucas S. Pereira","image":{"@type":"ImageObject","inLanguage":"pt-BR","@id":"https:\/\/secure.gravatar.com\/avatar\/887a0f3b5a7ceea963a48499fb883ffce6b5037362def025c52c2505b15d63e4?s=96&d=mm&r=g","url":"https:\/\/secure.gravatar.com\/avatar\/887a0f3b5a7ceea963a48499fb883ffce6b5037362def025c52c2505b15d63e4?s=96&d=mm&r=g","contentUrl":"https:\/\/secure.gravatar.com\/avatar\/887a0f3b5a7ceea963a48499fb883ffce6b5037362def025c52c2505b15d63e4?s=96&d=mm&r=g","caption":"Ismael Lucas S. Pereira"},"url":"https:\/\/diariodepe.com.br\/cri\/author\/ismael-lucas\/"}]}},"cc_featured_image_caption":{"caption_text":false,"source_text":false,"source_url":false},"amp_enabled":true,"_links":{"self":[{"href":"https:\/\/diariodepe.com.br\/cri\/wp-json\/wp\/v2\/posts\/5123","targetHints":{"allow":["GET"]}}],"collection":[{"href":"https:\/\/diariodepe.com.br\/cri\/wp-json\/wp\/v2\/posts"}],"about":[{"href":"https:\/\/diariodepe.com.br\/cri\/wp-json\/wp\/v2\/types\/post"}],"author":[{"embeddable":true,"href":"https:\/\/diariodepe.com.br\/cri\/wp-json\/wp\/v2\/users\/2"}],"replies":[{"embeddable":true,"href":"https:\/\/diariodepe.com.br\/cri\/wp-json\/wp\/v2\/comments?post=5123"}],"version-history":[{"count":1,"href":"https:\/\/diariodepe.com.br\/cri\/wp-json\/wp\/v2\/posts\/5123\/revisions"}],"predecessor-version":[{"id":5124,"href":"https:\/\/diariodepe.com.br\/cri\/wp-json\/wp\/v2\/posts\/5123\/revisions\/5124"}],"wp:attachment":[{"href":"https:\/\/diariodepe.com.br\/cri\/wp-json\/wp\/v2\/media?parent=5123"}],"wp:term":[{"taxonomy":"category","embeddable":true,"href":"https:\/\/diariodepe.com.br\/cri\/wp-json\/wp\/v2\/categories?post=5123"},{"taxonomy":"post_tag","embeddable":true,"href":"https:\/\/diariodepe.com.br\/cri\/wp-json\/wp\/v2\/tags?post=5123"}],"curies":[{"name":"wp","href":"https:\/\/api.w.org\/{rel}","templated":true}]}}