{"id":5119,"date":"2024-04-28T22:56:06","date_gmt":"2024-04-29T01:56:06","guid":{"rendered":"https:\/\/diariodepe.com.br\/cri\/?p=5119"},"modified":"2024-04-28T22:56:06","modified_gmt":"2024-04-29T01:56:06","slug":"minc-do-brasil-traz-produtores-e-distribuidores-de-filme-a-china-e-promovera-parcerias","status":"publish","type":"post","link":"https:\/\/diariodepe.com.br\/cri\/2024\/04\/28\/minc-do-brasil-traz-produtores-e-distribuidores-de-filme-a-china-e-promovera-parcerias\/","title":{"rendered":"MinC do Brasil traz produtores e distribuidores de filme \u00e0 China e promover\u00e1 parcerias"},"content":{"rendered":"<p>semana do cinema brasileiro \u00e9 promovida na capital chinesa como parte do 14\u00ba Festival Internacional de Cinema de Beijing, que est\u00e1 realizado nos dias 18 a 26. \u00c0 beira do evento, o secret\u00e1rio-executivo adjunto do Minist\u00e9rio da Cultura do Brasil, Cassius Ross, apresenta os resultados da participa\u00e7\u00e3o brasileira e destaca como a iniciativa demonstra a diversidade cultural \u00e0 audi\u00eancia chinesa.<\/p>\n<p><iframe title=\"MinC do Brasil traz produtores e distribuidores de filme \u00e0 China e promover\u00e1 parcerias\" width=\"640\" height=\"360\" src=\"https:\/\/www.youtube.com\/embed\/BOZkgPU9Qko?feature=oembed\" frameborder=\"0\" allow=\"accelerometer; autoplay; clipboard-write; encrypted-media; gyroscope; picture-in-picture; web-share\" referrerpolicy=\"strict-origin-when-cross-origin\" allowfullscreen><\/iframe><\/p>\n","protected":false},"excerpt":{"rendered":"<p>semana do cinema brasileiro \u00e9 promovida na capital chinesa como parte do 14\u00ba Festival Internacional de Cinema de Beijing, que est\u00e1 realizado nos dias 18 a 26. \u00c0 beira do evento, o secret\u00e1rio-executivo adjunto do Minist\u00e9rio da Cultura do Brasil,&#8230;<\/p>\n","protected":false},"author":2,"featured_media":0,"comment_status":"open","ping_status":"open","sticky":false,"template":"","format":"standard","meta":{"footnotes":""},"categories":[11],"tags":[],"class_list":["post-5119","post","type-post","status-publish","format-standard","hentry","category-videos"],"yoast_head":"<!-- This site is optimized with the Yoast SEO plugin v27.4 - https:\/\/yoast.com\/product\/yoast-seo-wordpress\/ -->\n<title>MinC do Brasil traz produtores e distribuidores de filme \u00e0 China e promover\u00e1 parcerias - CRI e Diario de Pernambuco<\/title>\n<meta name=\"robots\" content=\"index, follow, max-snippet:-1, max-image-preview:large, max-video-preview:-1\" \/>\n<link rel=\"canonical\" href=\"https:\/\/diariodepe.com.br\/cri\/2024\/04\/28\/minc-do-brasil-traz-produtores-e-distribuidores-de-filme-a-china-e-promovera-parcerias\/\" \/>\n<meta property=\"og:locale\" content=\"pt_BR\" \/>\n<meta property=\"og:type\" content=\"article\" \/>\n<meta property=\"og:title\" content=\"MinC do Brasil traz produtores e distribuidores de filme \u00e0 China e promover\u00e1 parcerias - CRI e Diario de Pernambuco\" \/>\n<meta property=\"og:description\" content=\"semana do cinema brasileiro \u00e9 promovida na capital chinesa como parte do 14\u00ba Festival Internacional de Cinema de Beijing, que est\u00e1 realizado nos dias 18 a 26. \u00c0 beira do evento, o secret\u00e1rio-executivo adjunto do Minist\u00e9rio da Cultura do Brasil,...\" \/>\n<meta property=\"og:url\" content=\"https:\/\/diariodepe.com.br\/cri\/2024\/04\/28\/minc-do-brasil-traz-produtores-e-distribuidores-de-filme-a-china-e-promovera-parcerias\/\" \/>\n<meta property=\"og:site_name\" content=\"CRI e Diario de Pernambuco\" \/>\n<meta property=\"article:published_time\" content=\"2024-04-29T01:56:06+00:00\" \/>\n<meta name=\"author\" content=\"Ismael Lucas S. Pereira\" \/>\n<meta name=\"twitter:card\" content=\"summary_large_image\" \/>\n<meta name=\"twitter:label1\" content=\"Escrito por\" \/>\n\t<meta name=\"twitter:data1\" content=\"Ismael Lucas S. Pereira\" \/>\n\t<meta name=\"twitter:label2\" content=\"Est. tempo de leitura\" \/>\n\t<meta name=\"twitter:data2\" content=\"1 minuto\" \/>\n<script type=\"application\/ld+json\" class=\"yoast-schema-graph\">{\"@context\":\"https:\\\/\\\/schema.org\",\"@graph\":[{\"@type\":\"Article\",\"@id\":\"https:\\\/\\\/diariodepe.com.br\\\/cri\\\/2024\\\/04\\\/28\\\/minc-do-brasil-traz-produtores-e-distribuidores-de-filme-a-china-e-promovera-parcerias\\\/#article\",\"isPartOf\":{\"@id\":\"https:\\\/\\\/diariodepe.com.br\\\/cri\\\/2024\\\/04\\\/28\\\/minc-do-brasil-traz-produtores-e-distribuidores-de-filme-a-china-e-promovera-parcerias\\\/\"},\"author\":{\"name\":\"Ismael Lucas S. Pereira\",\"@id\":\"https:\\\/\\\/diariodepe.com.br\\\/cri\\\/#\\\/schema\\\/person\\\/121bb28d84f1a5b1205ef4ce9c2e0c6b\"},\"headline\":\"MinC do Brasil traz produtores e distribuidores de filme \u00e0 China e promover\u00e1 parcerias\",\"datePublished\":\"2024-04-29T01:56:06+00:00\",\"mainEntityOfPage\":{\"@id\":\"https:\\\/\\\/diariodepe.com.br\\\/cri\\\/2024\\\/04\\\/28\\\/minc-do-brasil-traz-produtores-e-distribuidores-de-filme-a-china-e-promovera-parcerias\\\/\"},\"wordCount\":81,\"commentCount\":0,\"publisher\":{\"@id\":\"https:\\\/\\\/diariodepe.com.br\\\/cri\\\/#organization\"},\"articleSection\":[\"V\u00eddeos\"],\"inLanguage\":\"pt-BR\",\"potentialAction\":[{\"@type\":\"CommentAction\",\"name\":\"Comment\",\"target\":[\"https:\\\/\\\/diariodepe.com.br\\\/cri\\\/2024\\\/04\\\/28\\\/minc-do-brasil-traz-produtores-e-distribuidores-de-filme-a-china-e-promovera-parcerias\\\/#respond\"]}]},{\"@type\":\"WebPage\",\"@id\":\"https:\\\/\\\/diariodepe.com.br\\\/cri\\\/2024\\\/04\\\/28\\\/minc-do-brasil-traz-produtores-e-distribuidores-de-filme-a-china-e-promovera-parcerias\\\/\",\"url\":\"https:\\\/\\\/diariodepe.com.br\\\/cri\\\/2024\\\/04\\\/28\\\/minc-do-brasil-traz-produtores-e-distribuidores-de-filme-a-china-e-promovera-parcerias\\\/\",\"name\":\"MinC do Brasil traz produtores e distribuidores de filme \u00e0 China e promover\u00e1 parcerias - CRI e Diario de Pernambuco\",\"isPartOf\":{\"@id\":\"https:\\\/\\\/diariodepe.com.br\\\/cri\\\/#website\"},\"datePublished\":\"2024-04-29T01:56:06+00:00\",\"breadcrumb\":{\"@id\":\"https:\\\/\\\/diariodepe.com.br\\\/cri\\\/2024\\\/04\\\/28\\\/minc-do-brasil-traz-produtores-e-distribuidores-de-filme-a-china-e-promovera-parcerias\\\/#breadcrumb\"},\"inLanguage\":\"pt-BR\",\"potentialAction\":[{\"@type\":\"ReadAction\",\"target\":[\"https:\\\/\\\/diariodepe.com.br\\\/cri\\\/2024\\\/04\\\/28\\\/minc-do-brasil-traz-produtores-e-distribuidores-de-filme-a-china-e-promovera-parcerias\\\/\"]}]},{\"@type\":\"BreadcrumbList\",\"@id\":\"https:\\\/\\\/diariodepe.com.br\\\/cri\\\/2024\\\/04\\\/28\\\/minc-do-brasil-traz-produtores-e-distribuidores-de-filme-a-china-e-promovera-parcerias\\\/#breadcrumb\",\"itemListElement\":[{\"@type\":\"ListItem\",\"position\":1,\"name\":\"In\u00edcio\",\"item\":\"https:\\\/\\\/diariodepe.com.br\\\/cri\\\/\"},{\"@type\":\"ListItem\",\"position\":2,\"name\":\"MinC do Brasil traz produtores e distribuidores de filme \u00e0 China e promover\u00e1 parcerias\"}]},{\"@type\":\"WebSite\",\"@id\":\"https:\\\/\\\/diariodepe.com.br\\\/cri\\\/#website\",\"url\":\"https:\\\/\\\/diariodepe.com.br\\\/cri\\\/\",\"name\":\"CRI e Diario de Pernambuco\",\"description\":\"R\u00e1dio Internacional da China\",\"publisher\":{\"@id\":\"https:\\\/\\\/diariodepe.com.br\\\/cri\\\/#organization\"},\"potentialAction\":[{\"@type\":\"SearchAction\",\"target\":{\"@type\":\"EntryPoint\",\"urlTemplate\":\"https:\\\/\\\/diariodepe.com.br\\\/cri\\\/?s={search_term_string}\"},\"query-input\":{\"@type\":\"PropertyValueSpecification\",\"valueRequired\":true,\"valueName\":\"search_term_string\"}}],\"inLanguage\":\"pt-BR\"},{\"@type\":\"Organization\",\"@id\":\"https:\\\/\\\/diariodepe.com.br\\\/cri\\\/#organization\",\"name\":\"CRI e Diario de Pernambuco\",\"url\":\"https:\\\/\\\/diariodepe.com.br\\\/cri\\\/\",\"logo\":{\"@type\":\"ImageObject\",\"inLanguage\":\"pt-BR\",\"@id\":\"https:\\\/\\\/diariodepe.com.br\\\/cri\\\/#\\\/schema\\\/logo\\\/image\\\/\",\"url\":\"https:\\\/\\\/diariodepe.com.br\\\/cri\\\/wp-content\\\/uploads\\\/sites\\\/2\\\/2022\\\/12\\\/cropped-Logo.jpg\",\"contentUrl\":\"https:\\\/\\\/diariodepe.com.br\\\/cri\\\/wp-content\\\/uploads\\\/sites\\\/2\\\/2022\\\/12\\\/cropped-Logo.jpg\",\"width\":700,\"height\":59,\"caption\":\"CRI e Diario de Pernambuco\"},\"image\":{\"@id\":\"https:\\\/\\\/diariodepe.com.br\\\/cri\\\/#\\\/schema\\\/logo\\\/image\\\/\"}},{\"@type\":\"Person\",\"@id\":\"https:\\\/\\\/diariodepe.com.br\\\/cri\\\/#\\\/schema\\\/person\\\/121bb28d84f1a5b1205ef4ce9c2e0c6b\",\"name\":\"Ismael Lucas S. Pereira\",\"image\":{\"@type\":\"ImageObject\",\"inLanguage\":\"pt-BR\",\"@id\":\"https:\\\/\\\/secure.gravatar.com\\\/avatar\\\/887a0f3b5a7ceea963a48499fb883ffce6b5037362def025c52c2505b15d63e4?s=96&d=mm&r=g\",\"url\":\"https:\\\/\\\/secure.gravatar.com\\\/avatar\\\/887a0f3b5a7ceea963a48499fb883ffce6b5037362def025c52c2505b15d63e4?s=96&d=mm&r=g\",\"contentUrl\":\"https:\\\/\\\/secure.gravatar.com\\\/avatar\\\/887a0f3b5a7ceea963a48499fb883ffce6b5037362def025c52c2505b15d63e4?s=96&d=mm&r=g\",\"caption\":\"Ismael Lucas S. Pereira\"},\"url\":\"https:\\\/\\\/diariodepe.com.br\\\/cri\\\/author\\\/ismael-lucas\\\/\"}]}<\/script>\n<!-- \/ Yoast SEO plugin. -->","yoast_head_json":{"title":"MinC do Brasil traz produtores e distribuidores de filme \u00e0 China e promover\u00e1 parcerias - CRI e Diario de Pernambuco","robots":{"index":"index","follow":"follow","max-snippet":"max-snippet:-1","max-image-preview":"max-image-preview:large","max-video-preview":"max-video-preview:-1"},"canonical":"https:\/\/diariodepe.com.br\/cri\/2024\/04\/28\/minc-do-brasil-traz-produtores-e-distribuidores-de-filme-a-china-e-promovera-parcerias\/","og_locale":"pt_BR","og_type":"article","og_title":"MinC do Brasil traz produtores e distribuidores de filme \u00e0 China e promover\u00e1 parcerias - CRI e Diario de Pernambuco","og_description":"semana do cinema brasileiro \u00e9 promovida na capital chinesa como parte do 14\u00ba Festival Internacional de Cinema de Beijing, que est\u00e1 realizado nos dias 18 a 26. \u00c0 beira do evento, o secret\u00e1rio-executivo adjunto do Minist\u00e9rio da Cultura do Brasil,...","og_url":"https:\/\/diariodepe.com.br\/cri\/2024\/04\/28\/minc-do-brasil-traz-produtores-e-distribuidores-de-filme-a-china-e-promovera-parcerias\/","og_site_name":"CRI e Diario de Pernambuco","article_published_time":"2024-04-29T01:56:06+00:00","author":"Ismael Lucas S. Pereira","twitter_card":"summary_large_image","twitter_misc":{"Escrito por":"Ismael Lucas S. Pereira","Est. tempo de leitura":"1 minuto"},"schema":{"@context":"https:\/\/schema.org","@graph":[{"@type":"Article","@id":"https:\/\/diariodepe.com.br\/cri\/2024\/04\/28\/minc-do-brasil-traz-produtores-e-distribuidores-de-filme-a-china-e-promovera-parcerias\/#article","isPartOf":{"@id":"https:\/\/diariodepe.com.br\/cri\/2024\/04\/28\/minc-do-brasil-traz-produtores-e-distribuidores-de-filme-a-china-e-promovera-parcerias\/"},"author":{"name":"Ismael Lucas S. Pereira","@id":"https:\/\/diariodepe.com.br\/cri\/#\/schema\/person\/121bb28d84f1a5b1205ef4ce9c2e0c6b"},"headline":"MinC do Brasil traz produtores e distribuidores de filme \u00e0 China e promover\u00e1 parcerias","datePublished":"2024-04-29T01:56:06+00:00","mainEntityOfPage":{"@id":"https:\/\/diariodepe.com.br\/cri\/2024\/04\/28\/minc-do-brasil-traz-produtores-e-distribuidores-de-filme-a-china-e-promovera-parcerias\/"},"wordCount":81,"commentCount":0,"publisher":{"@id":"https:\/\/diariodepe.com.br\/cri\/#organization"},"articleSection":["V\u00eddeos"],"inLanguage":"pt-BR","potentialAction":[{"@type":"CommentAction","name":"Comment","target":["https:\/\/diariodepe.com.br\/cri\/2024\/04\/28\/minc-do-brasil-traz-produtores-e-distribuidores-de-filme-a-china-e-promovera-parcerias\/#respond"]}]},{"@type":"WebPage","@id":"https:\/\/diariodepe.com.br\/cri\/2024\/04\/28\/minc-do-brasil-traz-produtores-e-distribuidores-de-filme-a-china-e-promovera-parcerias\/","url":"https:\/\/diariodepe.com.br\/cri\/2024\/04\/28\/minc-do-brasil-traz-produtores-e-distribuidores-de-filme-a-china-e-promovera-parcerias\/","name":"MinC do Brasil traz produtores e distribuidores de filme \u00e0 China e promover\u00e1 parcerias - CRI e Diario de Pernambuco","isPartOf":{"@id":"https:\/\/diariodepe.com.br\/cri\/#website"},"datePublished":"2024-04-29T01:56:06+00:00","breadcrumb":{"@id":"https:\/\/diariodepe.com.br\/cri\/2024\/04\/28\/minc-do-brasil-traz-produtores-e-distribuidores-de-filme-a-china-e-promovera-parcerias\/#breadcrumb"},"inLanguage":"pt-BR","potentialAction":[{"@type":"ReadAction","target":["https:\/\/diariodepe.com.br\/cri\/2024\/04\/28\/minc-do-brasil-traz-produtores-e-distribuidores-de-filme-a-china-e-promovera-parcerias\/"]}]},{"@type":"BreadcrumbList","@id":"https:\/\/diariodepe.com.br\/cri\/2024\/04\/28\/minc-do-brasil-traz-produtores-e-distribuidores-de-filme-a-china-e-promovera-parcerias\/#breadcrumb","itemListElement":[{"@type":"ListItem","position":1,"name":"In\u00edcio","item":"https:\/\/diariodepe.com.br\/cri\/"},{"@type":"ListItem","position":2,"name":"MinC do Brasil traz produtores e distribuidores de filme \u00e0 China e promover\u00e1 parcerias"}]},{"@type":"WebSite","@id":"https:\/\/diariodepe.com.br\/cri\/#website","url":"https:\/\/diariodepe.com.br\/cri\/","name":"CRI e Diario de Pernambuco","description":"R\u00e1dio Internacional da China","publisher":{"@id":"https:\/\/diariodepe.com.br\/cri\/#organization"},"potentialAction":[{"@type":"SearchAction","target":{"@type":"EntryPoint","urlTemplate":"https:\/\/diariodepe.com.br\/cri\/?s={search_term_string}"},"query-input":{"@type":"PropertyValueSpecification","valueRequired":true,"valueName":"search_term_string"}}],"inLanguage":"pt-BR"},{"@type":"Organization","@id":"https:\/\/diariodepe.com.br\/cri\/#organization","name":"CRI e Diario de Pernambuco","url":"https:\/\/diariodepe.com.br\/cri\/","logo":{"@type":"ImageObject","inLanguage":"pt-BR","@id":"https:\/\/diariodepe.com.br\/cri\/#\/schema\/logo\/image\/","url":"https:\/\/diariodepe.com.br\/cri\/wp-content\/uploads\/sites\/2\/2022\/12\/cropped-Logo.jpg","contentUrl":"https:\/\/diariodepe.com.br\/cri\/wp-content\/uploads\/sites\/2\/2022\/12\/cropped-Logo.jpg","width":700,"height":59,"caption":"CRI e Diario de Pernambuco"},"image":{"@id":"https:\/\/diariodepe.com.br\/cri\/#\/schema\/logo\/image\/"}},{"@type":"Person","@id":"https:\/\/diariodepe.com.br\/cri\/#\/schema\/person\/121bb28d84f1a5b1205ef4ce9c2e0c6b","name":"Ismael Lucas S. Pereira","image":{"@type":"ImageObject","inLanguage":"pt-BR","@id":"https:\/\/secure.gravatar.com\/avatar\/887a0f3b5a7ceea963a48499fb883ffce6b5037362def025c52c2505b15d63e4?s=96&d=mm&r=g","url":"https:\/\/secure.gravatar.com\/avatar\/887a0f3b5a7ceea963a48499fb883ffce6b5037362def025c52c2505b15d63e4?s=96&d=mm&r=g","contentUrl":"https:\/\/secure.gravatar.com\/avatar\/887a0f3b5a7ceea963a48499fb883ffce6b5037362def025c52c2505b15d63e4?s=96&d=mm&r=g","caption":"Ismael Lucas S. Pereira"},"url":"https:\/\/diariodepe.com.br\/cri\/author\/ismael-lucas\/"}]}},"cc_featured_image_caption":{"caption_text":false,"source_text":false,"source_url":false},"amp_enabled":true,"_links":{"self":[{"href":"https:\/\/diariodepe.com.br\/cri\/wp-json\/wp\/v2\/posts\/5119","targetHints":{"allow":["GET"]}}],"collection":[{"href":"https:\/\/diariodepe.com.br\/cri\/wp-json\/wp\/v2\/posts"}],"about":[{"href":"https:\/\/diariodepe.com.br\/cri\/wp-json\/wp\/v2\/types\/post"}],"author":[{"embeddable":true,"href":"https:\/\/diariodepe.com.br\/cri\/wp-json\/wp\/v2\/users\/2"}],"replies":[{"embeddable":true,"href":"https:\/\/diariodepe.com.br\/cri\/wp-json\/wp\/v2\/comments?post=5119"}],"version-history":[{"count":1,"href":"https:\/\/diariodepe.com.br\/cri\/wp-json\/wp\/v2\/posts\/5119\/revisions"}],"predecessor-version":[{"id":5120,"href":"https:\/\/diariodepe.com.br\/cri\/wp-json\/wp\/v2\/posts\/5119\/revisions\/5120"}],"wp:attachment":[{"href":"https:\/\/diariodepe.com.br\/cri\/wp-json\/wp\/v2\/media?parent=5119"}],"wp:term":[{"taxonomy":"category","embeddable":true,"href":"https:\/\/diariodepe.com.br\/cri\/wp-json\/wp\/v2\/categories?post=5119"},{"taxonomy":"post_tag","embeddable":true,"href":"https:\/\/diariodepe.com.br\/cri\/wp-json\/wp\/v2\/tags?post=5119"}],"curies":[{"name":"wp","href":"https:\/\/api.w.org\/{rel}","templated":true}]}}