{"id":5101,"date":"2024-04-25T04:21:31","date_gmt":"2024-04-25T07:21:31","guid":{"rendered":"https:\/\/diariodepe.com.br\/cri\/?p=5101"},"modified":"2024-04-25T04:21:31","modified_gmt":"2024-04-25T07:21:31","slug":"real-intencao-dos-eua-de-ressaltar-excesso-de-capacidade-da-china","status":"publish","type":"post","link":"https:\/\/diariodepe.com.br\/cri\/2024\/04\/25\/real-intencao-dos-eua-de-ressaltar-excesso-de-capacidade-da-china\/","title":{"rendered":"Real inten\u00e7\u00e3o dos EUA de ressaltar \u201cexcesso de capacidade\u201d da China"},"content":{"rendered":"<p>O secret\u00e1rio de Estado dos EUA, Antony Blinken, come\u00e7ou ontem (24) sua visita \u00e0 China. Antes da sua partida, as autoridades norte-americanas anunciaram que Blinken expressaria em Beijing suas preocupa\u00e7\u00f5es com o \u201cexcesso de capacidade\u201d da China em novas energias. Nos \u00faltimos tempos, os Estados Unidos t\u00eam frequentemente exaltado tal quest\u00e3o, utilizado-a como uma ferramenta na sua \u201cguerra de percep\u00e7\u00e3o econ\u00f4mica\u201d contra a China.<\/p>\n<p>Para alguns norte-americanos, a capacidade de produ\u00e7\u00e3o \u00e9 associada ao com\u00e9rcio internacional. Eles acreditam que mais produtos exportados significam excesso de capacidade. No entanto, isso n\u00e3o est\u00e1 em conformidade com a lei econ\u00f4mica e vai contra a globaliza\u00e7\u00e3o.<\/p>\n<p>Num sistema econ\u00f4mico global com um elevado grau de divis\u00e3o do trabalho, a produ\u00e7\u00e3o e a procura n\u00e3o podem ser limitadas a um determinado pa\u00eds ou regi\u00e3o. J\u00e1 \u00e9 um fen\u00f4meno comum o fato de que a capacidade de produ\u00e7\u00e3o de uma determinada ind\u00fastria seja superior \u00e0 procura interna em certo pa\u00eds, por isso, as exporta\u00e7\u00f5es s\u00e3o algo normal. Por exemplo, 80% dos chips produzidos nos Estados Unidos e dos carros produzidos na Alemanha s\u00e3o exportados, e os avi\u00f5es de passageiros produzidos pela Boeing e Airbus tamb\u00e9m s\u00e3o exportados em grandes quantidades. Ser\u00e1 que isso \u00e9 tamb\u00e9m um tipo de excesso de produ\u00e7\u00e3o?<\/p>\n<p>Existe nos Estados Unidos outra desculpa: a capacidade de produ\u00e7\u00e3o de novas energias na China tamb\u00e9m excede a procura global. Ser\u00e1 que \u00e9 realmente esse o caso? Confiramos os dados: segundo a Ag\u00eancia Internacional de Energia (AIE), para atingir o objetivo da neutralidade carb\u00f4nica, a procura global por novos ve\u00edculos energ\u00e9ticos atingir\u00e1 45 milh\u00f5es de unidades em 2030, 4,5 vezes da demanda registrada em 2022, e a procura por nova capacidade instalada fotovoltaica atingir\u00e1 820 GW, 4 vezes do n\u00edvel registrado em 2022. Quer dizer, a atual capacidade de produ\u00e7\u00e3o no mundo est\u00e1 longe de satisfazer a procura do mercado. Sendo o maior mercado mundial de energia renov\u00e1vel e fabricante de equipamentos, a capacidade de produ\u00e7\u00e3o de alta qualidade da China n\u00e3o \u00e9 excessiva, mas sim urgentemente necess\u00e1ria para o mundo.<\/p>\n<p>Eis a verdadeira inten\u00e7\u00e3o dos Estados Unidos: refrear e suprimir o desenvolvimento das ind\u00fastrias emergentes da China e procurar uma posi\u00e7\u00e3o competitiva mais favor\u00e1vel e uma vantagem de mercado para si mesmo.<\/p>\n<p>Do ponto de vista pol\u00edtico, este ano \u00e9 o ano de elei\u00e7\u00f5es nos EUA. A chamada teoria do \u201cexcesso de capacidade\u201d criada por Washington \u00e9 uma desculpa para exercer o protecionismo e uma ferramenta para ganhar votos. Por tr\u00e1s dessa campanha, est\u00e3o o pensamento de soma zero e a l\u00f3gica de hegemonia profundamente enraizados na mente dos pol\u00edticos norte-americanos. Ao inv\u00e9s de criar uma teoria falsa, deveriam trabalhar em elevar sua pr\u00f3pria competividade.<\/p>\n","protected":false},"excerpt":{"rendered":"<p>O secret\u00e1rio de Estado dos EUA, Antony Blinken, come\u00e7ou ontem (24) sua visita \u00e0 China. Antes da sua partida, as autoridades norte-americanas anunciaram que Blinken expressaria em Beijing suas preocupa\u00e7\u00f5es com o \u201cexcesso de capacidade\u201d da China em novas energias&#8230;.<\/p>\n","protected":false},"author":2,"featured_media":0,"comment_status":"open","ping_status":"open","sticky":false,"template":"","format":"standard","meta":{"footnotes":""},"categories":[7],"tags":[],"class_list":["post-5101","post","type-post","status-publish","format-standard","hentry","category-visao"],"yoast_head":"<!-- This site is optimized with the Yoast SEO plugin v27.4 - https:\/\/yoast.com\/product\/yoast-seo-wordpress\/ -->\n<title>Real inten\u00e7\u00e3o dos EUA de ressaltar \u201cexcesso de capacidade\u201d da China - CRI e Diario de Pernambuco<\/title>\n<meta name=\"robots\" content=\"index, follow, max-snippet:-1, max-image-preview:large, max-video-preview:-1\" \/>\n<link rel=\"canonical\" href=\"https:\/\/diariodepe.com.br\/cri\/2024\/04\/25\/real-intencao-dos-eua-de-ressaltar-excesso-de-capacidade-da-china\/\" \/>\n<meta property=\"og:locale\" content=\"pt_BR\" \/>\n<meta property=\"og:type\" content=\"article\" \/>\n<meta property=\"og:title\" content=\"Real inten\u00e7\u00e3o dos EUA de ressaltar \u201cexcesso de capacidade\u201d da China - CRI e Diario de Pernambuco\" \/>\n<meta property=\"og:description\" content=\"O secret\u00e1rio de Estado dos EUA, Antony Blinken, come\u00e7ou ontem (24) sua visita \u00e0 China. Antes da sua partida, as autoridades norte-americanas anunciaram que Blinken expressaria em Beijing suas preocupa\u00e7\u00f5es com o \u201cexcesso de capacidade\u201d da China em novas energias....\" \/>\n<meta property=\"og:url\" content=\"https:\/\/diariodepe.com.br\/cri\/2024\/04\/25\/real-intencao-dos-eua-de-ressaltar-excesso-de-capacidade-da-china\/\" \/>\n<meta property=\"og:site_name\" content=\"CRI e Diario de Pernambuco\" \/>\n<meta property=\"article:published_time\" content=\"2024-04-25T07:21:31+00:00\" \/>\n<meta name=\"author\" content=\"Ismael Lucas S. Pereira\" \/>\n<meta name=\"twitter:card\" content=\"summary_large_image\" \/>\n<meta name=\"twitter:label1\" content=\"Escrito por\" \/>\n\t<meta name=\"twitter:data1\" content=\"Ismael Lucas S. Pereira\" \/>\n\t<meta name=\"twitter:label2\" content=\"Est. tempo de leitura\" \/>\n\t<meta name=\"twitter:data2\" content=\"3 minutos\" \/>\n<script type=\"application\/ld+json\" class=\"yoast-schema-graph\">{\"@context\":\"https:\\\/\\\/schema.org\",\"@graph\":[{\"@type\":\"Article\",\"@id\":\"https:\\\/\\\/diariodepe.com.br\\\/cri\\\/2024\\\/04\\\/25\\\/real-intencao-dos-eua-de-ressaltar-excesso-de-capacidade-da-china\\\/#article\",\"isPartOf\":{\"@id\":\"https:\\\/\\\/diariodepe.com.br\\\/cri\\\/2024\\\/04\\\/25\\\/real-intencao-dos-eua-de-ressaltar-excesso-de-capacidade-da-china\\\/\"},\"author\":{\"name\":\"Ismael Lucas S. Pereira\",\"@id\":\"https:\\\/\\\/diariodepe.com.br\\\/cri\\\/#\\\/schema\\\/person\\\/121bb28d84f1a5b1205ef4ce9c2e0c6b\"},\"headline\":\"Real inten\u00e7\u00e3o dos EUA de ressaltar \u201cexcesso de capacidade\u201d da China\",\"datePublished\":\"2024-04-25T07:21:31+00:00\",\"mainEntityOfPage\":{\"@id\":\"https:\\\/\\\/diariodepe.com.br\\\/cri\\\/2024\\\/04\\\/25\\\/real-intencao-dos-eua-de-ressaltar-excesso-de-capacidade-da-china\\\/\"},\"wordCount\":490,\"commentCount\":0,\"publisher\":{\"@id\":\"https:\\\/\\\/diariodepe.com.br\\\/cri\\\/#organization\"},\"articleSection\":[\"Vis\u00e3o\"],\"inLanguage\":\"pt-BR\",\"potentialAction\":[{\"@type\":\"CommentAction\",\"name\":\"Comment\",\"target\":[\"https:\\\/\\\/diariodepe.com.br\\\/cri\\\/2024\\\/04\\\/25\\\/real-intencao-dos-eua-de-ressaltar-excesso-de-capacidade-da-china\\\/#respond\"]}]},{\"@type\":\"WebPage\",\"@id\":\"https:\\\/\\\/diariodepe.com.br\\\/cri\\\/2024\\\/04\\\/25\\\/real-intencao-dos-eua-de-ressaltar-excesso-de-capacidade-da-china\\\/\",\"url\":\"https:\\\/\\\/diariodepe.com.br\\\/cri\\\/2024\\\/04\\\/25\\\/real-intencao-dos-eua-de-ressaltar-excesso-de-capacidade-da-china\\\/\",\"name\":\"Real inten\u00e7\u00e3o dos EUA de ressaltar \u201cexcesso de capacidade\u201d da China - CRI e Diario de Pernambuco\",\"isPartOf\":{\"@id\":\"https:\\\/\\\/diariodepe.com.br\\\/cri\\\/#website\"},\"datePublished\":\"2024-04-25T07:21:31+00:00\",\"breadcrumb\":{\"@id\":\"https:\\\/\\\/diariodepe.com.br\\\/cri\\\/2024\\\/04\\\/25\\\/real-intencao-dos-eua-de-ressaltar-excesso-de-capacidade-da-china\\\/#breadcrumb\"},\"inLanguage\":\"pt-BR\",\"potentialAction\":[{\"@type\":\"ReadAction\",\"target\":[\"https:\\\/\\\/diariodepe.com.br\\\/cri\\\/2024\\\/04\\\/25\\\/real-intencao-dos-eua-de-ressaltar-excesso-de-capacidade-da-china\\\/\"]}]},{\"@type\":\"BreadcrumbList\",\"@id\":\"https:\\\/\\\/diariodepe.com.br\\\/cri\\\/2024\\\/04\\\/25\\\/real-intencao-dos-eua-de-ressaltar-excesso-de-capacidade-da-china\\\/#breadcrumb\",\"itemListElement\":[{\"@type\":\"ListItem\",\"position\":1,\"name\":\"In\u00edcio\",\"item\":\"https:\\\/\\\/diariodepe.com.br\\\/cri\\\/\"},{\"@type\":\"ListItem\",\"position\":2,\"name\":\"Real inten\u00e7\u00e3o dos EUA de ressaltar \u201cexcesso de capacidade\u201d da China\"}]},{\"@type\":\"WebSite\",\"@id\":\"https:\\\/\\\/diariodepe.com.br\\\/cri\\\/#website\",\"url\":\"https:\\\/\\\/diariodepe.com.br\\\/cri\\\/\",\"name\":\"CRI e Diario de Pernambuco\",\"description\":\"R\u00e1dio Internacional da China\",\"publisher\":{\"@id\":\"https:\\\/\\\/diariodepe.com.br\\\/cri\\\/#organization\"},\"potentialAction\":[{\"@type\":\"SearchAction\",\"target\":{\"@type\":\"EntryPoint\",\"urlTemplate\":\"https:\\\/\\\/diariodepe.com.br\\\/cri\\\/?s={search_term_string}\"},\"query-input\":{\"@type\":\"PropertyValueSpecification\",\"valueRequired\":true,\"valueName\":\"search_term_string\"}}],\"inLanguage\":\"pt-BR\"},{\"@type\":\"Organization\",\"@id\":\"https:\\\/\\\/diariodepe.com.br\\\/cri\\\/#organization\",\"name\":\"CRI e Diario de Pernambuco\",\"url\":\"https:\\\/\\\/diariodepe.com.br\\\/cri\\\/\",\"logo\":{\"@type\":\"ImageObject\",\"inLanguage\":\"pt-BR\",\"@id\":\"https:\\\/\\\/diariodepe.com.br\\\/cri\\\/#\\\/schema\\\/logo\\\/image\\\/\",\"url\":\"https:\\\/\\\/diariodepe.com.br\\\/cri\\\/wp-content\\\/uploads\\\/sites\\\/2\\\/2022\\\/12\\\/cropped-Logo.jpg\",\"contentUrl\":\"https:\\\/\\\/diariodepe.com.br\\\/cri\\\/wp-content\\\/uploads\\\/sites\\\/2\\\/2022\\\/12\\\/cropped-Logo.jpg\",\"width\":700,\"height\":59,\"caption\":\"CRI e Diario de Pernambuco\"},\"image\":{\"@id\":\"https:\\\/\\\/diariodepe.com.br\\\/cri\\\/#\\\/schema\\\/logo\\\/image\\\/\"}},{\"@type\":\"Person\",\"@id\":\"https:\\\/\\\/diariodepe.com.br\\\/cri\\\/#\\\/schema\\\/person\\\/121bb28d84f1a5b1205ef4ce9c2e0c6b\",\"name\":\"Ismael Lucas S. Pereira\",\"image\":{\"@type\":\"ImageObject\",\"inLanguage\":\"pt-BR\",\"@id\":\"https:\\\/\\\/secure.gravatar.com\\\/avatar\\\/887a0f3b5a7ceea963a48499fb883ffce6b5037362def025c52c2505b15d63e4?s=96&d=mm&r=g\",\"url\":\"https:\\\/\\\/secure.gravatar.com\\\/avatar\\\/887a0f3b5a7ceea963a48499fb883ffce6b5037362def025c52c2505b15d63e4?s=96&d=mm&r=g\",\"contentUrl\":\"https:\\\/\\\/secure.gravatar.com\\\/avatar\\\/887a0f3b5a7ceea963a48499fb883ffce6b5037362def025c52c2505b15d63e4?s=96&d=mm&r=g\",\"caption\":\"Ismael Lucas S. Pereira\"},\"url\":\"https:\\\/\\\/diariodepe.com.br\\\/cri\\\/author\\\/ismael-lucas\\\/\"}]}<\/script>\n<!-- \/ Yoast SEO plugin. -->","yoast_head_json":{"title":"Real inten\u00e7\u00e3o dos EUA de ressaltar \u201cexcesso de capacidade\u201d da China - CRI e Diario de Pernambuco","robots":{"index":"index","follow":"follow","max-snippet":"max-snippet:-1","max-image-preview":"max-image-preview:large","max-video-preview":"max-video-preview:-1"},"canonical":"https:\/\/diariodepe.com.br\/cri\/2024\/04\/25\/real-intencao-dos-eua-de-ressaltar-excesso-de-capacidade-da-china\/","og_locale":"pt_BR","og_type":"article","og_title":"Real inten\u00e7\u00e3o dos EUA de ressaltar \u201cexcesso de capacidade\u201d da China - CRI e Diario de Pernambuco","og_description":"O secret\u00e1rio de Estado dos EUA, Antony Blinken, come\u00e7ou ontem (24) sua visita \u00e0 China. Antes da sua partida, as autoridades norte-americanas anunciaram que Blinken expressaria em Beijing suas preocupa\u00e7\u00f5es com o \u201cexcesso de capacidade\u201d da China em novas energias....","og_url":"https:\/\/diariodepe.com.br\/cri\/2024\/04\/25\/real-intencao-dos-eua-de-ressaltar-excesso-de-capacidade-da-china\/","og_site_name":"CRI e Diario de Pernambuco","article_published_time":"2024-04-25T07:21:31+00:00","author":"Ismael Lucas S. Pereira","twitter_card":"summary_large_image","twitter_misc":{"Escrito por":"Ismael Lucas S. Pereira","Est. tempo de leitura":"3 minutos"},"schema":{"@context":"https:\/\/schema.org","@graph":[{"@type":"Article","@id":"https:\/\/diariodepe.com.br\/cri\/2024\/04\/25\/real-intencao-dos-eua-de-ressaltar-excesso-de-capacidade-da-china\/#article","isPartOf":{"@id":"https:\/\/diariodepe.com.br\/cri\/2024\/04\/25\/real-intencao-dos-eua-de-ressaltar-excesso-de-capacidade-da-china\/"},"author":{"name":"Ismael Lucas S. Pereira","@id":"https:\/\/diariodepe.com.br\/cri\/#\/schema\/person\/121bb28d84f1a5b1205ef4ce9c2e0c6b"},"headline":"Real inten\u00e7\u00e3o dos EUA de ressaltar \u201cexcesso de capacidade\u201d da China","datePublished":"2024-04-25T07:21:31+00:00","mainEntityOfPage":{"@id":"https:\/\/diariodepe.com.br\/cri\/2024\/04\/25\/real-intencao-dos-eua-de-ressaltar-excesso-de-capacidade-da-china\/"},"wordCount":490,"commentCount":0,"publisher":{"@id":"https:\/\/diariodepe.com.br\/cri\/#organization"},"articleSection":["Vis\u00e3o"],"inLanguage":"pt-BR","potentialAction":[{"@type":"CommentAction","name":"Comment","target":["https:\/\/diariodepe.com.br\/cri\/2024\/04\/25\/real-intencao-dos-eua-de-ressaltar-excesso-de-capacidade-da-china\/#respond"]}]},{"@type":"WebPage","@id":"https:\/\/diariodepe.com.br\/cri\/2024\/04\/25\/real-intencao-dos-eua-de-ressaltar-excesso-de-capacidade-da-china\/","url":"https:\/\/diariodepe.com.br\/cri\/2024\/04\/25\/real-intencao-dos-eua-de-ressaltar-excesso-de-capacidade-da-china\/","name":"Real inten\u00e7\u00e3o dos EUA de ressaltar \u201cexcesso de capacidade\u201d da China - CRI e Diario de Pernambuco","isPartOf":{"@id":"https:\/\/diariodepe.com.br\/cri\/#website"},"datePublished":"2024-04-25T07:21:31+00:00","breadcrumb":{"@id":"https:\/\/diariodepe.com.br\/cri\/2024\/04\/25\/real-intencao-dos-eua-de-ressaltar-excesso-de-capacidade-da-china\/#breadcrumb"},"inLanguage":"pt-BR","potentialAction":[{"@type":"ReadAction","target":["https:\/\/diariodepe.com.br\/cri\/2024\/04\/25\/real-intencao-dos-eua-de-ressaltar-excesso-de-capacidade-da-china\/"]}]},{"@type":"BreadcrumbList","@id":"https:\/\/diariodepe.com.br\/cri\/2024\/04\/25\/real-intencao-dos-eua-de-ressaltar-excesso-de-capacidade-da-china\/#breadcrumb","itemListElement":[{"@type":"ListItem","position":1,"name":"In\u00edcio","item":"https:\/\/diariodepe.com.br\/cri\/"},{"@type":"ListItem","position":2,"name":"Real inten\u00e7\u00e3o dos EUA de ressaltar \u201cexcesso de capacidade\u201d da China"}]},{"@type":"WebSite","@id":"https:\/\/diariodepe.com.br\/cri\/#website","url":"https:\/\/diariodepe.com.br\/cri\/","name":"CRI e Diario de Pernambuco","description":"R\u00e1dio Internacional da China","publisher":{"@id":"https:\/\/diariodepe.com.br\/cri\/#organization"},"potentialAction":[{"@type":"SearchAction","target":{"@type":"EntryPoint","urlTemplate":"https:\/\/diariodepe.com.br\/cri\/?s={search_term_string}"},"query-input":{"@type":"PropertyValueSpecification","valueRequired":true,"valueName":"search_term_string"}}],"inLanguage":"pt-BR"},{"@type":"Organization","@id":"https:\/\/diariodepe.com.br\/cri\/#organization","name":"CRI e Diario de Pernambuco","url":"https:\/\/diariodepe.com.br\/cri\/","logo":{"@type":"ImageObject","inLanguage":"pt-BR","@id":"https:\/\/diariodepe.com.br\/cri\/#\/schema\/logo\/image\/","url":"https:\/\/diariodepe.com.br\/cri\/wp-content\/uploads\/sites\/2\/2022\/12\/cropped-Logo.jpg","contentUrl":"https:\/\/diariodepe.com.br\/cri\/wp-content\/uploads\/sites\/2\/2022\/12\/cropped-Logo.jpg","width":700,"height":59,"caption":"CRI e Diario de Pernambuco"},"image":{"@id":"https:\/\/diariodepe.com.br\/cri\/#\/schema\/logo\/image\/"}},{"@type":"Person","@id":"https:\/\/diariodepe.com.br\/cri\/#\/schema\/person\/121bb28d84f1a5b1205ef4ce9c2e0c6b","name":"Ismael Lucas S. Pereira","image":{"@type":"ImageObject","inLanguage":"pt-BR","@id":"https:\/\/secure.gravatar.com\/avatar\/887a0f3b5a7ceea963a48499fb883ffce6b5037362def025c52c2505b15d63e4?s=96&d=mm&r=g","url":"https:\/\/secure.gravatar.com\/avatar\/887a0f3b5a7ceea963a48499fb883ffce6b5037362def025c52c2505b15d63e4?s=96&d=mm&r=g","contentUrl":"https:\/\/secure.gravatar.com\/avatar\/887a0f3b5a7ceea963a48499fb883ffce6b5037362def025c52c2505b15d63e4?s=96&d=mm&r=g","caption":"Ismael Lucas S. Pereira"},"url":"https:\/\/diariodepe.com.br\/cri\/author\/ismael-lucas\/"}]}},"cc_featured_image_caption":{"caption_text":false,"source_text":false,"source_url":false},"amp_enabled":true,"_links":{"self":[{"href":"https:\/\/diariodepe.com.br\/cri\/wp-json\/wp\/v2\/posts\/5101","targetHints":{"allow":["GET"]}}],"collection":[{"href":"https:\/\/diariodepe.com.br\/cri\/wp-json\/wp\/v2\/posts"}],"about":[{"href":"https:\/\/diariodepe.com.br\/cri\/wp-json\/wp\/v2\/types\/post"}],"author":[{"embeddable":true,"href":"https:\/\/diariodepe.com.br\/cri\/wp-json\/wp\/v2\/users\/2"}],"replies":[{"embeddable":true,"href":"https:\/\/diariodepe.com.br\/cri\/wp-json\/wp\/v2\/comments?post=5101"}],"version-history":[{"count":1,"href":"https:\/\/diariodepe.com.br\/cri\/wp-json\/wp\/v2\/posts\/5101\/revisions"}],"predecessor-version":[{"id":5102,"href":"https:\/\/diariodepe.com.br\/cri\/wp-json\/wp\/v2\/posts\/5101\/revisions\/5102"}],"wp:attachment":[{"href":"https:\/\/diariodepe.com.br\/cri\/wp-json\/wp\/v2\/media?parent=5101"}],"wp:term":[{"taxonomy":"category","embeddable":true,"href":"https:\/\/diariodepe.com.br\/cri\/wp-json\/wp\/v2\/categories?post=5101"},{"taxonomy":"post_tag","embeddable":true,"href":"https:\/\/diariodepe.com.br\/cri\/wp-json\/wp\/v2\/tags?post=5101"}],"curies":[{"name":"wp","href":"https:\/\/api.w.org\/{rel}","templated":true}]}}