{"id":5086,"date":"2024-04-23T04:18:15","date_gmt":"2024-04-23T07:18:15","guid":{"rendered":"https:\/\/diariodepe.com.br\/cri\/?p=5086"},"modified":"2024-04-23T04:18:15","modified_gmt":"2024-04-23T07:18:15","slug":"veto-norte-americano-sobre-integracao-da-palestina-na-onu-releva-intencao-egoista-de-washington","status":"publish","type":"post","link":"https:\/\/diariodepe.com.br\/cri\/2024\/04\/23\/veto-norte-americano-sobre-integracao-da-palestina-na-onu-releva-intencao-egoista-de-washington\/","title":{"rendered":"Veto norte-americano sobre integra\u00e7\u00e3o da Palestina na ONU releva inten\u00e7\u00e3o ego\u00edsta de Washington"},"content":{"rendered":"<p><img decoding=\"async\" src=\"https:\/\/p1crires.cri.cn\/photoworkspace\/cri\/contentimg\/2024\/04\/20\/2024042021544890681.png\" alt=\"\" width=\"1000\" \/><\/p>\n<p>Os Estados Unidos deram um veto, nesta quinta-feira (18), em uma vota\u00e7\u00e3o sobre a ades\u00e3o da Palestina \u00e0s Na\u00e7\u00f5es Unidas (ONU), impedindo mais uma vez os esfor\u00e7os palestinos pela integra\u00e7\u00e3o \u00e0 mais importante organiza\u00e7\u00e3o internacional. A conduta norte-americana revelou de novo a hipocrisia e a ado\u00e7\u00e3o de padr\u00f5es duplos de Washington na quest\u00e3o Palestina-Israel.<\/p>\n<p>Desde o surto da nova rodada dos conflitos Palestina-Israel, em outubro do ano passado, a Faixa de Gaza tem sido imergida em confrontos armados.<\/p>\n<p>A Autoridade Nacional Palestina n\u00e3o conseguiu controlar a evolu\u00e7\u00e3o da situa\u00e7\u00e3o na Faixa de Gaza e s\u00f3 p\u00f4de procurar o apoio internacional por meio de uma solicita\u00e7\u00e3o de integra\u00e7\u00e3o \u00e0 ONU, a fim de colocar mais press\u00e3o em Israel para por fim \u00e0s suas opera\u00e7\u00f5es militares na Faixa de Gaza.<\/p>\n<p>Muitos pa\u00edses, incluindo a China, consideram que a admiss\u00e3o da Palestina na ONU como um pa\u00eds membro oficial pode permitir que a Palestina tenha uma posi\u00e7\u00e3o igual \u00e0 de Israel e isso ajudar\u00e1 na cria\u00e7\u00e3o de condi\u00e7\u00f5es para as negocia\u00e7\u00f5es entre os dois lados.<\/p>\n<p>Os EUA, entretanto, vetaram a integra\u00e7\u00e3o, estrangulando novamente a esperan\u00e7a do povo palestino e os esfor\u00e7os da comunidade internacional. Por que os pol\u00edticos norte-americanos, que falam frequentemente sobre o \u201cprograma de dois Estados\u201d, fizeram isso?<\/p>\n<p>Segundo analistas, por um lado, o governo estadunidense sempre toma Israel como o aliado mais importante e sempre exerce favoritismo e coniv\u00eancia sem limites a Israel. Como este pa\u00eds se op\u00f5e \u00e0 integra\u00e7\u00e3o da Palestina \u00e0 ONU, \u00e9 natural que o governo norte-americano d\u00ea seu apoio.<\/p>\n<p>Por outro lado, Washington sempre considera que qualquer evolu\u00e7\u00e3o da quest\u00e3o Palestina-Israel deve ocorrer sobre a condu\u00e7\u00e3o norte-americana. Se a Palestina aderir \u00e0 ONU por si pr\u00f3pria, o papel de lideran\u00e7a dos EUA no processo de paz entre Palestina e Israel vai ser enfraquecido.<\/p>\n<p>Pode-se ver que para Washington, a coisa mais importante n\u00e3o \u00e9 a paz no Oriente M\u00e9dio, mas a salvaguarda dos pr\u00f3prios interesses.<\/p>\n<p>Atualmente, os conflitos Palestina-Israel permanecem e os efeitos colaterais da situa\u00e7\u00e3o v\u00eam emergindo. A quest\u00e3o da Palestina \u00e9 o n\u00facleo da quest\u00e3o do Oriente M\u00e9dio. A admiss\u00e3o da Palestina como pa\u00eds membro oficial da ONU tem uma urg\u00eancia sem precedentes. Nesta quest\u00e3o estreitamente ligada ao destino do povo palestino, nenhuma pessoa tem o direito de vetar.<\/p>\n","protected":false},"excerpt":{"rendered":"<p>Os Estados Unidos deram um veto, nesta quinta-feira (18), em uma vota\u00e7\u00e3o sobre a ades\u00e3o da Palestina \u00e0s Na\u00e7\u00f5es Unidas (ONU), impedindo mais uma vez os esfor\u00e7os palestinos pela integra\u00e7\u00e3o \u00e0 mais importante organiza\u00e7\u00e3o internacional. A conduta norte-americana revelou de&#8230;<\/p>\n","protected":false},"author":2,"featured_media":0,"comment_status":"open","ping_status":"open","sticky":false,"template":"","format":"standard","meta":{"footnotes":""},"categories":[7],"tags":[],"class_list":["post-5086","post","type-post","status-publish","format-standard","hentry","category-visao"],"yoast_head":"<!-- This site is optimized with the Yoast SEO plugin v27.4 - https:\/\/yoast.com\/product\/yoast-seo-wordpress\/ -->\n<title>Veto norte-americano sobre integra\u00e7\u00e3o da Palestina na ONU releva inten\u00e7\u00e3o ego\u00edsta de Washington - CRI e Diario de Pernambuco<\/title>\n<meta name=\"robots\" content=\"index, follow, max-snippet:-1, max-image-preview:large, max-video-preview:-1\" \/>\n<link rel=\"canonical\" href=\"https:\/\/diariodepe.com.br\/cri\/2024\/04\/23\/veto-norte-americano-sobre-integracao-da-palestina-na-onu-releva-intencao-egoista-de-washington\/\" \/>\n<meta property=\"og:locale\" content=\"pt_BR\" \/>\n<meta property=\"og:type\" content=\"article\" \/>\n<meta property=\"og:title\" content=\"Veto norte-americano sobre integra\u00e7\u00e3o da Palestina na ONU releva inten\u00e7\u00e3o ego\u00edsta de Washington - CRI e Diario de Pernambuco\" \/>\n<meta property=\"og:description\" content=\"Os Estados Unidos deram um veto, nesta quinta-feira (18), em uma vota\u00e7\u00e3o sobre a ades\u00e3o da Palestina \u00e0s Na\u00e7\u00f5es Unidas (ONU), impedindo mais uma vez os esfor\u00e7os palestinos pela integra\u00e7\u00e3o \u00e0 mais importante organiza\u00e7\u00e3o internacional. A conduta norte-americana revelou de...\" \/>\n<meta property=\"og:url\" content=\"https:\/\/diariodepe.com.br\/cri\/2024\/04\/23\/veto-norte-americano-sobre-integracao-da-palestina-na-onu-releva-intencao-egoista-de-washington\/\" \/>\n<meta property=\"og:site_name\" content=\"CRI e Diario de Pernambuco\" \/>\n<meta property=\"article:published_time\" content=\"2024-04-23T07:18:15+00:00\" \/>\n<meta property=\"og:image\" content=\"https:\/\/p1crires.cri.cn\/photoworkspace\/cri\/contentimg\/2024\/04\/20\/2024042021544890681.png\" \/>\n<meta name=\"author\" content=\"Ismael Lucas S. Pereira\" \/>\n<meta name=\"twitter:card\" content=\"summary_large_image\" \/>\n<meta name=\"twitter:label1\" content=\"Escrito por\" \/>\n\t<meta name=\"twitter:data1\" content=\"Ismael Lucas S. Pereira\" \/>\n\t<meta name=\"twitter:label2\" content=\"Est. tempo de leitura\" \/>\n\t<meta name=\"twitter:data2\" content=\"3 minutos\" \/>\n<script type=\"application\/ld+json\" class=\"yoast-schema-graph\">{\"@context\":\"https:\\\/\\\/schema.org\",\"@graph\":[{\"@type\":\"Article\",\"@id\":\"https:\\\/\\\/diariodepe.com.br\\\/cri\\\/2024\\\/04\\\/23\\\/veto-norte-americano-sobre-integracao-da-palestina-na-onu-releva-intencao-egoista-de-washington\\\/#article\",\"isPartOf\":{\"@id\":\"https:\\\/\\\/diariodepe.com.br\\\/cri\\\/2024\\\/04\\\/23\\\/veto-norte-americano-sobre-integracao-da-palestina-na-onu-releva-intencao-egoista-de-washington\\\/\"},\"author\":{\"name\":\"Ismael Lucas S. Pereira\",\"@id\":\"https:\\\/\\\/diariodepe.com.br\\\/cri\\\/#\\\/schema\\\/person\\\/121bb28d84f1a5b1205ef4ce9c2e0c6b\"},\"headline\":\"Veto norte-americano sobre integra\u00e7\u00e3o da Palestina na ONU releva inten\u00e7\u00e3o ego\u00edsta de Washington\",\"datePublished\":\"2024-04-23T07:18:15+00:00\",\"mainEntityOfPage\":{\"@id\":\"https:\\\/\\\/diariodepe.com.br\\\/cri\\\/2024\\\/04\\\/23\\\/veto-norte-americano-sobre-integracao-da-palestina-na-onu-releva-intencao-egoista-de-washington\\\/\"},\"wordCount\":431,\"commentCount\":0,\"publisher\":{\"@id\":\"https:\\\/\\\/diariodepe.com.br\\\/cri\\\/#organization\"},\"image\":{\"@id\":\"https:\\\/\\\/diariodepe.com.br\\\/cri\\\/2024\\\/04\\\/23\\\/veto-norte-americano-sobre-integracao-da-palestina-na-onu-releva-intencao-egoista-de-washington\\\/#primaryimage\"},\"thumbnailUrl\":\"https:\\\/\\\/p1crires.cri.cn\\\/photoworkspace\\\/cri\\\/contentimg\\\/2024\\\/04\\\/20\\\/2024042021544890681.png\",\"articleSection\":[\"Vis\u00e3o\"],\"inLanguage\":\"pt-BR\",\"potentialAction\":[{\"@type\":\"CommentAction\",\"name\":\"Comment\",\"target\":[\"https:\\\/\\\/diariodepe.com.br\\\/cri\\\/2024\\\/04\\\/23\\\/veto-norte-americano-sobre-integracao-da-palestina-na-onu-releva-intencao-egoista-de-washington\\\/#respond\"]}]},{\"@type\":\"WebPage\",\"@id\":\"https:\\\/\\\/diariodepe.com.br\\\/cri\\\/2024\\\/04\\\/23\\\/veto-norte-americano-sobre-integracao-da-palestina-na-onu-releva-intencao-egoista-de-washington\\\/\",\"url\":\"https:\\\/\\\/diariodepe.com.br\\\/cri\\\/2024\\\/04\\\/23\\\/veto-norte-americano-sobre-integracao-da-palestina-na-onu-releva-intencao-egoista-de-washington\\\/\",\"name\":\"Veto norte-americano sobre integra\u00e7\u00e3o da Palestina na ONU releva inten\u00e7\u00e3o ego\u00edsta de Washington - CRI e Diario de Pernambuco\",\"isPartOf\":{\"@id\":\"https:\\\/\\\/diariodepe.com.br\\\/cri\\\/#website\"},\"primaryImageOfPage\":{\"@id\":\"https:\\\/\\\/diariodepe.com.br\\\/cri\\\/2024\\\/04\\\/23\\\/veto-norte-americano-sobre-integracao-da-palestina-na-onu-releva-intencao-egoista-de-washington\\\/#primaryimage\"},\"image\":{\"@id\":\"https:\\\/\\\/diariodepe.com.br\\\/cri\\\/2024\\\/04\\\/23\\\/veto-norte-americano-sobre-integracao-da-palestina-na-onu-releva-intencao-egoista-de-washington\\\/#primaryimage\"},\"thumbnailUrl\":\"https:\\\/\\\/p1crires.cri.cn\\\/photoworkspace\\\/cri\\\/contentimg\\\/2024\\\/04\\\/20\\\/2024042021544890681.png\",\"datePublished\":\"2024-04-23T07:18:15+00:00\",\"breadcrumb\":{\"@id\":\"https:\\\/\\\/diariodepe.com.br\\\/cri\\\/2024\\\/04\\\/23\\\/veto-norte-americano-sobre-integracao-da-palestina-na-onu-releva-intencao-egoista-de-washington\\\/#breadcrumb\"},\"inLanguage\":\"pt-BR\",\"potentialAction\":[{\"@type\":\"ReadAction\",\"target\":[\"https:\\\/\\\/diariodepe.com.br\\\/cri\\\/2024\\\/04\\\/23\\\/veto-norte-americano-sobre-integracao-da-palestina-na-onu-releva-intencao-egoista-de-washington\\\/\"]}]},{\"@type\":\"ImageObject\",\"inLanguage\":\"pt-BR\",\"@id\":\"https:\\\/\\\/diariodepe.com.br\\\/cri\\\/2024\\\/04\\\/23\\\/veto-norte-americano-sobre-integracao-da-palestina-na-onu-releva-intencao-egoista-de-washington\\\/#primaryimage\",\"url\":\"https:\\\/\\\/p1crires.cri.cn\\\/photoworkspace\\\/cri\\\/contentimg\\\/2024\\\/04\\\/20\\\/2024042021544890681.png\",\"contentUrl\":\"https:\\\/\\\/p1crires.cri.cn\\\/photoworkspace\\\/cri\\\/contentimg\\\/2024\\\/04\\\/20\\\/2024042021544890681.png\"},{\"@type\":\"BreadcrumbList\",\"@id\":\"https:\\\/\\\/diariodepe.com.br\\\/cri\\\/2024\\\/04\\\/23\\\/veto-norte-americano-sobre-integracao-da-palestina-na-onu-releva-intencao-egoista-de-washington\\\/#breadcrumb\",\"itemListElement\":[{\"@type\":\"ListItem\",\"position\":1,\"name\":\"In\u00edcio\",\"item\":\"https:\\\/\\\/diariodepe.com.br\\\/cri\\\/\"},{\"@type\":\"ListItem\",\"position\":2,\"name\":\"Veto norte-americano sobre integra\u00e7\u00e3o da Palestina na ONU releva inten\u00e7\u00e3o ego\u00edsta de Washington\"}]},{\"@type\":\"WebSite\",\"@id\":\"https:\\\/\\\/diariodepe.com.br\\\/cri\\\/#website\",\"url\":\"https:\\\/\\\/diariodepe.com.br\\\/cri\\\/\",\"name\":\"CRI e Diario de Pernambuco\",\"description\":\"R\u00e1dio Internacional da China\",\"publisher\":{\"@id\":\"https:\\\/\\\/diariodepe.com.br\\\/cri\\\/#organization\"},\"potentialAction\":[{\"@type\":\"SearchAction\",\"target\":{\"@type\":\"EntryPoint\",\"urlTemplate\":\"https:\\\/\\\/diariodepe.com.br\\\/cri\\\/?s={search_term_string}\"},\"query-input\":{\"@type\":\"PropertyValueSpecification\",\"valueRequired\":true,\"valueName\":\"search_term_string\"}}],\"inLanguage\":\"pt-BR\"},{\"@type\":\"Organization\",\"@id\":\"https:\\\/\\\/diariodepe.com.br\\\/cri\\\/#organization\",\"name\":\"CRI e Diario de Pernambuco\",\"url\":\"https:\\\/\\\/diariodepe.com.br\\\/cri\\\/\",\"logo\":{\"@type\":\"ImageObject\",\"inLanguage\":\"pt-BR\",\"@id\":\"https:\\\/\\\/diariodepe.com.br\\\/cri\\\/#\\\/schema\\\/logo\\\/image\\\/\",\"url\":\"https:\\\/\\\/diariodepe.com.br\\\/cri\\\/wp-content\\\/uploads\\\/sites\\\/2\\\/2022\\\/12\\\/cropped-Logo.jpg\",\"contentUrl\":\"https:\\\/\\\/diariodepe.com.br\\\/cri\\\/wp-content\\\/uploads\\\/sites\\\/2\\\/2022\\\/12\\\/cropped-Logo.jpg\",\"width\":700,\"height\":59,\"caption\":\"CRI e Diario de Pernambuco\"},\"image\":{\"@id\":\"https:\\\/\\\/diariodepe.com.br\\\/cri\\\/#\\\/schema\\\/logo\\\/image\\\/\"}},{\"@type\":\"Person\",\"@id\":\"https:\\\/\\\/diariodepe.com.br\\\/cri\\\/#\\\/schema\\\/person\\\/121bb28d84f1a5b1205ef4ce9c2e0c6b\",\"name\":\"Ismael Lucas S. Pereira\",\"image\":{\"@type\":\"ImageObject\",\"inLanguage\":\"pt-BR\",\"@id\":\"https:\\\/\\\/secure.gravatar.com\\\/avatar\\\/887a0f3b5a7ceea963a48499fb883ffce6b5037362def025c52c2505b15d63e4?s=96&d=mm&r=g\",\"url\":\"https:\\\/\\\/secure.gravatar.com\\\/avatar\\\/887a0f3b5a7ceea963a48499fb883ffce6b5037362def025c52c2505b15d63e4?s=96&d=mm&r=g\",\"contentUrl\":\"https:\\\/\\\/secure.gravatar.com\\\/avatar\\\/887a0f3b5a7ceea963a48499fb883ffce6b5037362def025c52c2505b15d63e4?s=96&d=mm&r=g\",\"caption\":\"Ismael Lucas S. Pereira\"},\"url\":\"https:\\\/\\\/diariodepe.com.br\\\/cri\\\/author\\\/ismael-lucas\\\/\"}]}<\/script>\n<!-- \/ Yoast SEO plugin. -->","yoast_head_json":{"title":"Veto norte-americano sobre integra\u00e7\u00e3o da Palestina na ONU releva inten\u00e7\u00e3o ego\u00edsta de Washington - CRI e Diario de Pernambuco","robots":{"index":"index","follow":"follow","max-snippet":"max-snippet:-1","max-image-preview":"max-image-preview:large","max-video-preview":"max-video-preview:-1"},"canonical":"https:\/\/diariodepe.com.br\/cri\/2024\/04\/23\/veto-norte-americano-sobre-integracao-da-palestina-na-onu-releva-intencao-egoista-de-washington\/","og_locale":"pt_BR","og_type":"article","og_title":"Veto norte-americano sobre integra\u00e7\u00e3o da Palestina na ONU releva inten\u00e7\u00e3o ego\u00edsta de Washington - CRI e Diario de Pernambuco","og_description":"Os Estados Unidos deram um veto, nesta quinta-feira (18), em uma vota\u00e7\u00e3o sobre a ades\u00e3o da Palestina \u00e0s Na\u00e7\u00f5es Unidas (ONU), impedindo mais uma vez os esfor\u00e7os palestinos pela integra\u00e7\u00e3o \u00e0 mais importante organiza\u00e7\u00e3o internacional. A conduta norte-americana revelou de...","og_url":"https:\/\/diariodepe.com.br\/cri\/2024\/04\/23\/veto-norte-americano-sobre-integracao-da-palestina-na-onu-releva-intencao-egoista-de-washington\/","og_site_name":"CRI e Diario de Pernambuco","article_published_time":"2024-04-23T07:18:15+00:00","og_image":[{"url":"https:\/\/p1crires.cri.cn\/photoworkspace\/cri\/contentimg\/2024\/04\/20\/2024042021544890681.png","type":"","width":"","height":""}],"author":"Ismael Lucas S. Pereira","twitter_card":"summary_large_image","twitter_misc":{"Escrito por":"Ismael Lucas S. Pereira","Est. tempo de leitura":"3 minutos"},"schema":{"@context":"https:\/\/schema.org","@graph":[{"@type":"Article","@id":"https:\/\/diariodepe.com.br\/cri\/2024\/04\/23\/veto-norte-americano-sobre-integracao-da-palestina-na-onu-releva-intencao-egoista-de-washington\/#article","isPartOf":{"@id":"https:\/\/diariodepe.com.br\/cri\/2024\/04\/23\/veto-norte-americano-sobre-integracao-da-palestina-na-onu-releva-intencao-egoista-de-washington\/"},"author":{"name":"Ismael Lucas S. Pereira","@id":"https:\/\/diariodepe.com.br\/cri\/#\/schema\/person\/121bb28d84f1a5b1205ef4ce9c2e0c6b"},"headline":"Veto norte-americano sobre integra\u00e7\u00e3o da Palestina na ONU releva inten\u00e7\u00e3o ego\u00edsta de Washington","datePublished":"2024-04-23T07:18:15+00:00","mainEntityOfPage":{"@id":"https:\/\/diariodepe.com.br\/cri\/2024\/04\/23\/veto-norte-americano-sobre-integracao-da-palestina-na-onu-releva-intencao-egoista-de-washington\/"},"wordCount":431,"commentCount":0,"publisher":{"@id":"https:\/\/diariodepe.com.br\/cri\/#organization"},"image":{"@id":"https:\/\/diariodepe.com.br\/cri\/2024\/04\/23\/veto-norte-americano-sobre-integracao-da-palestina-na-onu-releva-intencao-egoista-de-washington\/#primaryimage"},"thumbnailUrl":"https:\/\/p1crires.cri.cn\/photoworkspace\/cri\/contentimg\/2024\/04\/20\/2024042021544890681.png","articleSection":["Vis\u00e3o"],"inLanguage":"pt-BR","potentialAction":[{"@type":"CommentAction","name":"Comment","target":["https:\/\/diariodepe.com.br\/cri\/2024\/04\/23\/veto-norte-americano-sobre-integracao-da-palestina-na-onu-releva-intencao-egoista-de-washington\/#respond"]}]},{"@type":"WebPage","@id":"https:\/\/diariodepe.com.br\/cri\/2024\/04\/23\/veto-norte-americano-sobre-integracao-da-palestina-na-onu-releva-intencao-egoista-de-washington\/","url":"https:\/\/diariodepe.com.br\/cri\/2024\/04\/23\/veto-norte-americano-sobre-integracao-da-palestina-na-onu-releva-intencao-egoista-de-washington\/","name":"Veto norte-americano sobre integra\u00e7\u00e3o da Palestina na ONU releva inten\u00e7\u00e3o ego\u00edsta de Washington - CRI e Diario de Pernambuco","isPartOf":{"@id":"https:\/\/diariodepe.com.br\/cri\/#website"},"primaryImageOfPage":{"@id":"https:\/\/diariodepe.com.br\/cri\/2024\/04\/23\/veto-norte-americano-sobre-integracao-da-palestina-na-onu-releva-intencao-egoista-de-washington\/#primaryimage"},"image":{"@id":"https:\/\/diariodepe.com.br\/cri\/2024\/04\/23\/veto-norte-americano-sobre-integracao-da-palestina-na-onu-releva-intencao-egoista-de-washington\/#primaryimage"},"thumbnailUrl":"https:\/\/p1crires.cri.cn\/photoworkspace\/cri\/contentimg\/2024\/04\/20\/2024042021544890681.png","datePublished":"2024-04-23T07:18:15+00:00","breadcrumb":{"@id":"https:\/\/diariodepe.com.br\/cri\/2024\/04\/23\/veto-norte-americano-sobre-integracao-da-palestina-na-onu-releva-intencao-egoista-de-washington\/#breadcrumb"},"inLanguage":"pt-BR","potentialAction":[{"@type":"ReadAction","target":["https:\/\/diariodepe.com.br\/cri\/2024\/04\/23\/veto-norte-americano-sobre-integracao-da-palestina-na-onu-releva-intencao-egoista-de-washington\/"]}]},{"@type":"ImageObject","inLanguage":"pt-BR","@id":"https:\/\/diariodepe.com.br\/cri\/2024\/04\/23\/veto-norte-americano-sobre-integracao-da-palestina-na-onu-releva-intencao-egoista-de-washington\/#primaryimage","url":"https:\/\/p1crires.cri.cn\/photoworkspace\/cri\/contentimg\/2024\/04\/20\/2024042021544890681.png","contentUrl":"https:\/\/p1crires.cri.cn\/photoworkspace\/cri\/contentimg\/2024\/04\/20\/2024042021544890681.png"},{"@type":"BreadcrumbList","@id":"https:\/\/diariodepe.com.br\/cri\/2024\/04\/23\/veto-norte-americano-sobre-integracao-da-palestina-na-onu-releva-intencao-egoista-de-washington\/#breadcrumb","itemListElement":[{"@type":"ListItem","position":1,"name":"In\u00edcio","item":"https:\/\/diariodepe.com.br\/cri\/"},{"@type":"ListItem","position":2,"name":"Veto norte-americano sobre integra\u00e7\u00e3o da Palestina na ONU releva inten\u00e7\u00e3o ego\u00edsta de Washington"}]},{"@type":"WebSite","@id":"https:\/\/diariodepe.com.br\/cri\/#website","url":"https:\/\/diariodepe.com.br\/cri\/","name":"CRI e Diario de Pernambuco","description":"R\u00e1dio Internacional da China","publisher":{"@id":"https:\/\/diariodepe.com.br\/cri\/#organization"},"potentialAction":[{"@type":"SearchAction","target":{"@type":"EntryPoint","urlTemplate":"https:\/\/diariodepe.com.br\/cri\/?s={search_term_string}"},"query-input":{"@type":"PropertyValueSpecification","valueRequired":true,"valueName":"search_term_string"}}],"inLanguage":"pt-BR"},{"@type":"Organization","@id":"https:\/\/diariodepe.com.br\/cri\/#organization","name":"CRI e Diario de Pernambuco","url":"https:\/\/diariodepe.com.br\/cri\/","logo":{"@type":"ImageObject","inLanguage":"pt-BR","@id":"https:\/\/diariodepe.com.br\/cri\/#\/schema\/logo\/image\/","url":"https:\/\/diariodepe.com.br\/cri\/wp-content\/uploads\/sites\/2\/2022\/12\/cropped-Logo.jpg","contentUrl":"https:\/\/diariodepe.com.br\/cri\/wp-content\/uploads\/sites\/2\/2022\/12\/cropped-Logo.jpg","width":700,"height":59,"caption":"CRI e Diario de Pernambuco"},"image":{"@id":"https:\/\/diariodepe.com.br\/cri\/#\/schema\/logo\/image\/"}},{"@type":"Person","@id":"https:\/\/diariodepe.com.br\/cri\/#\/schema\/person\/121bb28d84f1a5b1205ef4ce9c2e0c6b","name":"Ismael Lucas S. Pereira","image":{"@type":"ImageObject","inLanguage":"pt-BR","@id":"https:\/\/secure.gravatar.com\/avatar\/887a0f3b5a7ceea963a48499fb883ffce6b5037362def025c52c2505b15d63e4?s=96&d=mm&r=g","url":"https:\/\/secure.gravatar.com\/avatar\/887a0f3b5a7ceea963a48499fb883ffce6b5037362def025c52c2505b15d63e4?s=96&d=mm&r=g","contentUrl":"https:\/\/secure.gravatar.com\/avatar\/887a0f3b5a7ceea963a48499fb883ffce6b5037362def025c52c2505b15d63e4?s=96&d=mm&r=g","caption":"Ismael Lucas S. Pereira"},"url":"https:\/\/diariodepe.com.br\/cri\/author\/ismael-lucas\/"}]}},"cc_featured_image_caption":{"caption_text":false,"source_text":false,"source_url":false},"amp_enabled":true,"_links":{"self":[{"href":"https:\/\/diariodepe.com.br\/cri\/wp-json\/wp\/v2\/posts\/5086","targetHints":{"allow":["GET"]}}],"collection":[{"href":"https:\/\/diariodepe.com.br\/cri\/wp-json\/wp\/v2\/posts"}],"about":[{"href":"https:\/\/diariodepe.com.br\/cri\/wp-json\/wp\/v2\/types\/post"}],"author":[{"embeddable":true,"href":"https:\/\/diariodepe.com.br\/cri\/wp-json\/wp\/v2\/users\/2"}],"replies":[{"embeddable":true,"href":"https:\/\/diariodepe.com.br\/cri\/wp-json\/wp\/v2\/comments?post=5086"}],"version-history":[{"count":1,"href":"https:\/\/diariodepe.com.br\/cri\/wp-json\/wp\/v2\/posts\/5086\/revisions"}],"predecessor-version":[{"id":5087,"href":"https:\/\/diariodepe.com.br\/cri\/wp-json\/wp\/v2\/posts\/5086\/revisions\/5087"}],"wp:attachment":[{"href":"https:\/\/diariodepe.com.br\/cri\/wp-json\/wp\/v2\/media?parent=5086"}],"wp:term":[{"taxonomy":"category","embeddable":true,"href":"https:\/\/diariodepe.com.br\/cri\/wp-json\/wp\/v2\/categories?post=5086"},{"taxonomy":"post_tag","embeddable":true,"href":"https:\/\/diariodepe.com.br\/cri\/wp-json\/wp\/v2\/tags?post=5086"}],"curies":[{"name":"wp","href":"https:\/\/api.w.org\/{rel}","templated":true}]}}