{"id":5084,"date":"2024-04-23T04:17:45","date_gmt":"2024-04-23T07:17:45","guid":{"rendered":"https:\/\/diariodepe.com.br\/cri\/?p=5084"},"modified":"2024-04-23T04:17:45","modified_gmt":"2024-04-23T07:17:45","slug":"cmg-lanca-cancao-tematica-para-atividade-no-dia-da-lingua-chinesa-da-onu","status":"publish","type":"post","link":"https:\/\/diariodepe.com.br\/cri\/2024\/04\/23\/cmg-lanca-cancao-tematica-para-atividade-no-dia-da-lingua-chinesa-da-onu\/","title":{"rendered":"CMG lan\u00e7a can\u00e7\u00e3o tem\u00e1tica para atividade no Dia da L\u00edngua Chinesa da ONU"},"content":{"rendered":"<p data-spm-anchor-id=\"0.0.0.i1\">O Grupo de M\u00eddia da China (CMG, na sigla em ingl\u00eas) lan\u00e7ou nesta sexta-feira (19), hor\u00e1rio local, a can\u00e7\u00e3o tem\u00e1tica para o 4\u00ba Festival de V\u00eddeo em Chin\u00eas no Exterior, uma atividade realizada pela emissora no \u00e2mbito do Dia da L\u00edngua Chinesa das Na\u00e7\u00f5es Unidas.<\/p>\n<p>A balada, intitulada de \u201cA Boat to China\u201d, foi produzida com as tecnologias de IA e foi publicada na conta oficial do Gabinete das Na\u00e7\u00f5es Unidas em Genebra nas redes sociais.<\/p>\n<p>O festival, que come\u00e7ou em 19 de mar\u00e7o, visa promover o interc\u00e2mbio cultural por meio de cole\u00e7\u00e3o de v\u00eddeos de internautas do mundo todo. At\u00e9 o momento, j\u00e1 foram recebidas 1.009 obras provenientes de 47 pa\u00edses, incluindo Estados Unidos, Reino Unido e Jap\u00e3o.<\/p>\n<p data-spm-anchor-id=\"0.0.0.i2\">Entre os dias 15 e 19 de abril, uma s\u00e9rie de atividades comemorativas relativas ao Dia da L\u00edngua Chinesa das Na\u00e7\u00f5es Unidas foi realizada na sede da UNESCO, incluindo ensino de chin\u00eas, caligrafia chinesa, corte de papel e aprendizagem de artes marciais.<\/p>\n","protected":false},"excerpt":{"rendered":"<p>O Grupo de M\u00eddia da China (CMG, na sigla em ingl\u00eas) lan\u00e7ou nesta sexta-feira (19), hor\u00e1rio local, a can\u00e7\u00e3o tem\u00e1tica para o 4\u00ba Festival de V\u00eddeo em Chin\u00eas no Exterior, uma atividade realizada pela emissora no \u00e2mbito do Dia da&#8230;<\/p>\n","protected":false},"author":2,"featured_media":0,"comment_status":"open","ping_status":"open","sticky":false,"template":"","format":"standard","meta":{"footnotes":""},"categories":[3],"tags":[],"class_list":["post-5084","post","type-post","status-publish","format-standard","hentry","category-china"],"yoast_head":"<!-- This site is optimized with the Yoast SEO plugin v27.4 - https:\/\/yoast.com\/product\/yoast-seo-wordpress\/ -->\n<title>CMG lan\u00e7a can\u00e7\u00e3o tem\u00e1tica para atividade no Dia da L\u00edngua Chinesa da ONU - CRI e Diario de Pernambuco<\/title>\n<meta name=\"robots\" content=\"index, follow, max-snippet:-1, max-image-preview:large, max-video-preview:-1\" \/>\n<link rel=\"canonical\" href=\"https:\/\/diariodepe.com.br\/cri\/2024\/04\/23\/cmg-lanca-cancao-tematica-para-atividade-no-dia-da-lingua-chinesa-da-onu\/\" \/>\n<meta property=\"og:locale\" content=\"pt_BR\" \/>\n<meta property=\"og:type\" content=\"article\" \/>\n<meta property=\"og:title\" content=\"CMG lan\u00e7a can\u00e7\u00e3o tem\u00e1tica para atividade no Dia da L\u00edngua Chinesa da ONU - CRI e Diario de Pernambuco\" \/>\n<meta property=\"og:description\" content=\"O Grupo de M\u00eddia da China (CMG, na sigla em ingl\u00eas) lan\u00e7ou nesta sexta-feira (19), hor\u00e1rio local, a can\u00e7\u00e3o tem\u00e1tica para o 4\u00ba Festival de V\u00eddeo em Chin\u00eas no Exterior, uma atividade realizada pela emissora no \u00e2mbito do Dia da...\" \/>\n<meta property=\"og:url\" content=\"https:\/\/diariodepe.com.br\/cri\/2024\/04\/23\/cmg-lanca-cancao-tematica-para-atividade-no-dia-da-lingua-chinesa-da-onu\/\" \/>\n<meta property=\"og:site_name\" content=\"CRI e Diario de Pernambuco\" \/>\n<meta property=\"article:published_time\" content=\"2024-04-23T07:17:45+00:00\" \/>\n<meta name=\"author\" content=\"Ismael Lucas S. Pereira\" \/>\n<meta name=\"twitter:card\" content=\"summary_large_image\" \/>\n<meta name=\"twitter:label1\" content=\"Escrito por\" \/>\n\t<meta name=\"twitter:data1\" content=\"Ismael Lucas S. Pereira\" \/>\n<script type=\"application\/ld+json\" class=\"yoast-schema-graph\">{\"@context\":\"https:\\\/\\\/schema.org\",\"@graph\":[{\"@type\":\"Article\",\"@id\":\"https:\\\/\\\/diariodepe.com.br\\\/cri\\\/2024\\\/04\\\/23\\\/cmg-lanca-cancao-tematica-para-atividade-no-dia-da-lingua-chinesa-da-onu\\\/#article\",\"isPartOf\":{\"@id\":\"https:\\\/\\\/diariodepe.com.br\\\/cri\\\/2024\\\/04\\\/23\\\/cmg-lanca-cancao-tematica-para-atividade-no-dia-da-lingua-chinesa-da-onu\\\/\"},\"author\":{\"name\":\"Ismael Lucas S. Pereira\",\"@id\":\"https:\\\/\\\/diariodepe.com.br\\\/cri\\\/#\\\/schema\\\/person\\\/121bb28d84f1a5b1205ef4ce9c2e0c6b\"},\"headline\":\"CMG lan\u00e7a can\u00e7\u00e3o tem\u00e1tica para atividade no Dia da L\u00edngua Chinesa da ONU\",\"datePublished\":\"2024-04-23T07:17:45+00:00\",\"mainEntityOfPage\":{\"@id\":\"https:\\\/\\\/diariodepe.com.br\\\/cri\\\/2024\\\/04\\\/23\\\/cmg-lanca-cancao-tematica-para-atividade-no-dia-da-lingua-chinesa-da-onu\\\/\"},\"wordCount\":193,\"commentCount\":0,\"publisher\":{\"@id\":\"https:\\\/\\\/diariodepe.com.br\\\/cri\\\/#organization\"},\"articleSection\":[\"China\"],\"inLanguage\":\"pt-BR\",\"potentialAction\":[{\"@type\":\"CommentAction\",\"name\":\"Comment\",\"target\":[\"https:\\\/\\\/diariodepe.com.br\\\/cri\\\/2024\\\/04\\\/23\\\/cmg-lanca-cancao-tematica-para-atividade-no-dia-da-lingua-chinesa-da-onu\\\/#respond\"]}]},{\"@type\":\"WebPage\",\"@id\":\"https:\\\/\\\/diariodepe.com.br\\\/cri\\\/2024\\\/04\\\/23\\\/cmg-lanca-cancao-tematica-para-atividade-no-dia-da-lingua-chinesa-da-onu\\\/\",\"url\":\"https:\\\/\\\/diariodepe.com.br\\\/cri\\\/2024\\\/04\\\/23\\\/cmg-lanca-cancao-tematica-para-atividade-no-dia-da-lingua-chinesa-da-onu\\\/\",\"name\":\"CMG lan\u00e7a can\u00e7\u00e3o tem\u00e1tica para atividade no Dia da L\u00edngua Chinesa da ONU - CRI e Diario de Pernambuco\",\"isPartOf\":{\"@id\":\"https:\\\/\\\/diariodepe.com.br\\\/cri\\\/#website\"},\"datePublished\":\"2024-04-23T07:17:45+00:00\",\"breadcrumb\":{\"@id\":\"https:\\\/\\\/diariodepe.com.br\\\/cri\\\/2024\\\/04\\\/23\\\/cmg-lanca-cancao-tematica-para-atividade-no-dia-da-lingua-chinesa-da-onu\\\/#breadcrumb\"},\"inLanguage\":\"pt-BR\",\"potentialAction\":[{\"@type\":\"ReadAction\",\"target\":[\"https:\\\/\\\/diariodepe.com.br\\\/cri\\\/2024\\\/04\\\/23\\\/cmg-lanca-cancao-tematica-para-atividade-no-dia-da-lingua-chinesa-da-onu\\\/\"]}]},{\"@type\":\"BreadcrumbList\",\"@id\":\"https:\\\/\\\/diariodepe.com.br\\\/cri\\\/2024\\\/04\\\/23\\\/cmg-lanca-cancao-tematica-para-atividade-no-dia-da-lingua-chinesa-da-onu\\\/#breadcrumb\",\"itemListElement\":[{\"@type\":\"ListItem\",\"position\":1,\"name\":\"In\u00edcio\",\"item\":\"https:\\\/\\\/diariodepe.com.br\\\/cri\\\/\"},{\"@type\":\"ListItem\",\"position\":2,\"name\":\"CMG lan\u00e7a can\u00e7\u00e3o tem\u00e1tica para atividade no Dia da L\u00edngua Chinesa da ONU\"}]},{\"@type\":\"WebSite\",\"@id\":\"https:\\\/\\\/diariodepe.com.br\\\/cri\\\/#website\",\"url\":\"https:\\\/\\\/diariodepe.com.br\\\/cri\\\/\",\"name\":\"CRI e Diario de Pernambuco\",\"description\":\"R\u00e1dio Internacional da China\",\"publisher\":{\"@id\":\"https:\\\/\\\/diariodepe.com.br\\\/cri\\\/#organization\"},\"potentialAction\":[{\"@type\":\"SearchAction\",\"target\":{\"@type\":\"EntryPoint\",\"urlTemplate\":\"https:\\\/\\\/diariodepe.com.br\\\/cri\\\/?s={search_term_string}\"},\"query-input\":{\"@type\":\"PropertyValueSpecification\",\"valueRequired\":true,\"valueName\":\"search_term_string\"}}],\"inLanguage\":\"pt-BR\"},{\"@type\":\"Organization\",\"@id\":\"https:\\\/\\\/diariodepe.com.br\\\/cri\\\/#organization\",\"name\":\"CRI e Diario de Pernambuco\",\"url\":\"https:\\\/\\\/diariodepe.com.br\\\/cri\\\/\",\"logo\":{\"@type\":\"ImageObject\",\"inLanguage\":\"pt-BR\",\"@id\":\"https:\\\/\\\/diariodepe.com.br\\\/cri\\\/#\\\/schema\\\/logo\\\/image\\\/\",\"url\":\"https:\\\/\\\/diariodepe.com.br\\\/cri\\\/wp-content\\\/uploads\\\/sites\\\/2\\\/2022\\\/12\\\/cropped-Logo.jpg\",\"contentUrl\":\"https:\\\/\\\/diariodepe.com.br\\\/cri\\\/wp-content\\\/uploads\\\/sites\\\/2\\\/2022\\\/12\\\/cropped-Logo.jpg\",\"width\":700,\"height\":59,\"caption\":\"CRI e Diario de Pernambuco\"},\"image\":{\"@id\":\"https:\\\/\\\/diariodepe.com.br\\\/cri\\\/#\\\/schema\\\/logo\\\/image\\\/\"}},{\"@type\":\"Person\",\"@id\":\"https:\\\/\\\/diariodepe.com.br\\\/cri\\\/#\\\/schema\\\/person\\\/121bb28d84f1a5b1205ef4ce9c2e0c6b\",\"name\":\"Ismael Lucas S. Pereira\",\"image\":{\"@type\":\"ImageObject\",\"inLanguage\":\"pt-BR\",\"@id\":\"https:\\\/\\\/secure.gravatar.com\\\/avatar\\\/887a0f3b5a7ceea963a48499fb883ffce6b5037362def025c52c2505b15d63e4?s=96&d=mm&r=g\",\"url\":\"https:\\\/\\\/secure.gravatar.com\\\/avatar\\\/887a0f3b5a7ceea963a48499fb883ffce6b5037362def025c52c2505b15d63e4?s=96&d=mm&r=g\",\"contentUrl\":\"https:\\\/\\\/secure.gravatar.com\\\/avatar\\\/887a0f3b5a7ceea963a48499fb883ffce6b5037362def025c52c2505b15d63e4?s=96&d=mm&r=g\",\"caption\":\"Ismael Lucas S. Pereira\"},\"url\":\"https:\\\/\\\/diariodepe.com.br\\\/cri\\\/author\\\/ismael-lucas\\\/\"}]}<\/script>\n<!-- \/ Yoast SEO plugin. -->","yoast_head_json":{"title":"CMG lan\u00e7a can\u00e7\u00e3o tem\u00e1tica para atividade no Dia da L\u00edngua Chinesa da ONU - CRI e Diario de Pernambuco","robots":{"index":"index","follow":"follow","max-snippet":"max-snippet:-1","max-image-preview":"max-image-preview:large","max-video-preview":"max-video-preview:-1"},"canonical":"https:\/\/diariodepe.com.br\/cri\/2024\/04\/23\/cmg-lanca-cancao-tematica-para-atividade-no-dia-da-lingua-chinesa-da-onu\/","og_locale":"pt_BR","og_type":"article","og_title":"CMG lan\u00e7a can\u00e7\u00e3o tem\u00e1tica para atividade no Dia da L\u00edngua Chinesa da ONU - CRI e Diario de Pernambuco","og_description":"O Grupo de M\u00eddia da China (CMG, na sigla em ingl\u00eas) lan\u00e7ou nesta sexta-feira (19), hor\u00e1rio local, a can\u00e7\u00e3o tem\u00e1tica para o 4\u00ba Festival de V\u00eddeo em Chin\u00eas no Exterior, uma atividade realizada pela emissora no \u00e2mbito do Dia da...","og_url":"https:\/\/diariodepe.com.br\/cri\/2024\/04\/23\/cmg-lanca-cancao-tematica-para-atividade-no-dia-da-lingua-chinesa-da-onu\/","og_site_name":"CRI e Diario de Pernambuco","article_published_time":"2024-04-23T07:17:45+00:00","author":"Ismael Lucas S. Pereira","twitter_card":"summary_large_image","twitter_misc":{"Escrito por":"Ismael Lucas S. Pereira"},"schema":{"@context":"https:\/\/schema.org","@graph":[{"@type":"Article","@id":"https:\/\/diariodepe.com.br\/cri\/2024\/04\/23\/cmg-lanca-cancao-tematica-para-atividade-no-dia-da-lingua-chinesa-da-onu\/#article","isPartOf":{"@id":"https:\/\/diariodepe.com.br\/cri\/2024\/04\/23\/cmg-lanca-cancao-tematica-para-atividade-no-dia-da-lingua-chinesa-da-onu\/"},"author":{"name":"Ismael Lucas S. Pereira","@id":"https:\/\/diariodepe.com.br\/cri\/#\/schema\/person\/121bb28d84f1a5b1205ef4ce9c2e0c6b"},"headline":"CMG lan\u00e7a can\u00e7\u00e3o tem\u00e1tica para atividade no Dia da L\u00edngua Chinesa da ONU","datePublished":"2024-04-23T07:17:45+00:00","mainEntityOfPage":{"@id":"https:\/\/diariodepe.com.br\/cri\/2024\/04\/23\/cmg-lanca-cancao-tematica-para-atividade-no-dia-da-lingua-chinesa-da-onu\/"},"wordCount":193,"commentCount":0,"publisher":{"@id":"https:\/\/diariodepe.com.br\/cri\/#organization"},"articleSection":["China"],"inLanguage":"pt-BR","potentialAction":[{"@type":"CommentAction","name":"Comment","target":["https:\/\/diariodepe.com.br\/cri\/2024\/04\/23\/cmg-lanca-cancao-tematica-para-atividade-no-dia-da-lingua-chinesa-da-onu\/#respond"]}]},{"@type":"WebPage","@id":"https:\/\/diariodepe.com.br\/cri\/2024\/04\/23\/cmg-lanca-cancao-tematica-para-atividade-no-dia-da-lingua-chinesa-da-onu\/","url":"https:\/\/diariodepe.com.br\/cri\/2024\/04\/23\/cmg-lanca-cancao-tematica-para-atividade-no-dia-da-lingua-chinesa-da-onu\/","name":"CMG lan\u00e7a can\u00e7\u00e3o tem\u00e1tica para atividade no Dia da L\u00edngua Chinesa da ONU - CRI e Diario de Pernambuco","isPartOf":{"@id":"https:\/\/diariodepe.com.br\/cri\/#website"},"datePublished":"2024-04-23T07:17:45+00:00","breadcrumb":{"@id":"https:\/\/diariodepe.com.br\/cri\/2024\/04\/23\/cmg-lanca-cancao-tematica-para-atividade-no-dia-da-lingua-chinesa-da-onu\/#breadcrumb"},"inLanguage":"pt-BR","potentialAction":[{"@type":"ReadAction","target":["https:\/\/diariodepe.com.br\/cri\/2024\/04\/23\/cmg-lanca-cancao-tematica-para-atividade-no-dia-da-lingua-chinesa-da-onu\/"]}]},{"@type":"BreadcrumbList","@id":"https:\/\/diariodepe.com.br\/cri\/2024\/04\/23\/cmg-lanca-cancao-tematica-para-atividade-no-dia-da-lingua-chinesa-da-onu\/#breadcrumb","itemListElement":[{"@type":"ListItem","position":1,"name":"In\u00edcio","item":"https:\/\/diariodepe.com.br\/cri\/"},{"@type":"ListItem","position":2,"name":"CMG lan\u00e7a can\u00e7\u00e3o tem\u00e1tica para atividade no Dia da L\u00edngua Chinesa da ONU"}]},{"@type":"WebSite","@id":"https:\/\/diariodepe.com.br\/cri\/#website","url":"https:\/\/diariodepe.com.br\/cri\/","name":"CRI e Diario de Pernambuco","description":"R\u00e1dio Internacional da China","publisher":{"@id":"https:\/\/diariodepe.com.br\/cri\/#organization"},"potentialAction":[{"@type":"SearchAction","target":{"@type":"EntryPoint","urlTemplate":"https:\/\/diariodepe.com.br\/cri\/?s={search_term_string}"},"query-input":{"@type":"PropertyValueSpecification","valueRequired":true,"valueName":"search_term_string"}}],"inLanguage":"pt-BR"},{"@type":"Organization","@id":"https:\/\/diariodepe.com.br\/cri\/#organization","name":"CRI e Diario de Pernambuco","url":"https:\/\/diariodepe.com.br\/cri\/","logo":{"@type":"ImageObject","inLanguage":"pt-BR","@id":"https:\/\/diariodepe.com.br\/cri\/#\/schema\/logo\/image\/","url":"https:\/\/diariodepe.com.br\/cri\/wp-content\/uploads\/sites\/2\/2022\/12\/cropped-Logo.jpg","contentUrl":"https:\/\/diariodepe.com.br\/cri\/wp-content\/uploads\/sites\/2\/2022\/12\/cropped-Logo.jpg","width":700,"height":59,"caption":"CRI e Diario de Pernambuco"},"image":{"@id":"https:\/\/diariodepe.com.br\/cri\/#\/schema\/logo\/image\/"}},{"@type":"Person","@id":"https:\/\/diariodepe.com.br\/cri\/#\/schema\/person\/121bb28d84f1a5b1205ef4ce9c2e0c6b","name":"Ismael Lucas S. Pereira","image":{"@type":"ImageObject","inLanguage":"pt-BR","@id":"https:\/\/secure.gravatar.com\/avatar\/887a0f3b5a7ceea963a48499fb883ffce6b5037362def025c52c2505b15d63e4?s=96&d=mm&r=g","url":"https:\/\/secure.gravatar.com\/avatar\/887a0f3b5a7ceea963a48499fb883ffce6b5037362def025c52c2505b15d63e4?s=96&d=mm&r=g","contentUrl":"https:\/\/secure.gravatar.com\/avatar\/887a0f3b5a7ceea963a48499fb883ffce6b5037362def025c52c2505b15d63e4?s=96&d=mm&r=g","caption":"Ismael Lucas S. Pereira"},"url":"https:\/\/diariodepe.com.br\/cri\/author\/ismael-lucas\/"}]}},"cc_featured_image_caption":{"caption_text":false,"source_text":false,"source_url":false},"amp_enabled":true,"_links":{"self":[{"href":"https:\/\/diariodepe.com.br\/cri\/wp-json\/wp\/v2\/posts\/5084","targetHints":{"allow":["GET"]}}],"collection":[{"href":"https:\/\/diariodepe.com.br\/cri\/wp-json\/wp\/v2\/posts"}],"about":[{"href":"https:\/\/diariodepe.com.br\/cri\/wp-json\/wp\/v2\/types\/post"}],"author":[{"embeddable":true,"href":"https:\/\/diariodepe.com.br\/cri\/wp-json\/wp\/v2\/users\/2"}],"replies":[{"embeddable":true,"href":"https:\/\/diariodepe.com.br\/cri\/wp-json\/wp\/v2\/comments?post=5084"}],"version-history":[{"count":1,"href":"https:\/\/diariodepe.com.br\/cri\/wp-json\/wp\/v2\/posts\/5084\/revisions"}],"predecessor-version":[{"id":5085,"href":"https:\/\/diariodepe.com.br\/cri\/wp-json\/wp\/v2\/posts\/5084\/revisions\/5085"}],"wp:attachment":[{"href":"https:\/\/diariodepe.com.br\/cri\/wp-json\/wp\/v2\/media?parent=5084"}],"wp:term":[{"taxonomy":"category","embeddable":true,"href":"https:\/\/diariodepe.com.br\/cri\/wp-json\/wp\/v2\/categories?post=5084"},{"taxonomy":"post_tag","embeddable":true,"href":"https:\/\/diariodepe.com.br\/cri\/wp-json\/wp\/v2\/tags?post=5084"}],"curies":[{"name":"wp","href":"https:\/\/api.w.org\/{rel}","templated":true}]}}