{"id":5082,"date":"2024-04-23T04:17:14","date_gmt":"2024-04-23T07:17:14","guid":{"rendered":"https:\/\/diariodepe.com.br\/cri\/?p=5082"},"modified":"2024-04-23T04:17:14","modified_gmt":"2024-04-23T07:17:14","slug":"lideres-da-china-e-do-gabao-trocam-felicitacoes-pelo-50o-aniversario-dos-lacos-diplomaticos","status":"publish","type":"post","link":"https:\/\/diariodepe.com.br\/cri\/2024\/04\/23\/lideres-da-china-e-do-gabao-trocam-felicitacoes-pelo-50o-aniversario-dos-lacos-diplomaticos\/","title":{"rendered":"L\u00edderes da China e do Gab\u00e3o trocam felicita\u00e7\u00f5es pelo 50\u00ba anivers\u00e1rio dos la\u00e7os diplom\u00e1ticos"},"content":{"rendered":"<p data-spm-anchor-id=\"0.0.0.i1\">O presidente chin\u00eas, Xi Jinping, e o presidente de transi\u00e7\u00e3o do Gab\u00e3o, Brice Clotaire Oligui Nguema, trocaram felicita\u00e7\u00f5es no s\u00e1bado pelo 50\u00ba anivers\u00e1rio das rela\u00e7\u00f5es diplom\u00e1ticas entre os dois pa\u00edses.<\/p>\n<p>Em sua mensagem, Xi Jinping disse que a amizade tradicional entre China e Gab\u00e3o se fortaleceu ao longo do tempo.<\/p>\n<p>Nos \u00faltimos 50 anos, apesar das mudan\u00e7as na situa\u00e7\u00e3o internacional, os dois pa\u00edses sempre se trataram como iguais e com apoio m\u00fatuo, disse Xi Jinping, acrescentando que as rela\u00e7\u00f5es bilaterais foram constantemente aprimoradas, o que trouxe benef\u00edcios tang\u00edveis para os dois povos.<\/p>\n<p>Atribuindo grande import\u00e2ncia ao desenvolvimento das rela\u00e7\u00f5es China-Gab\u00e3o, Xi Jinping disse que est\u00e1 pronto para trabalhar com Nguema, tomando o 50\u00ba anivers\u00e1rio das rela\u00e7\u00f5es diplom\u00e1ticas dos dois pa\u00edses como um novo ponto de partida, para levar adiante a amizade tradicional entre China e Gab\u00e3o, aprofundar a coopera\u00e7\u00e3o pr\u00e1tica bilateral, enriquecer a conota\u00e7\u00e3o da parceria estrat\u00e9gica abrangente de coopera\u00e7\u00e3o China-Gab\u00e3o, e construir conjuntamente uma comunidade China-\u00c1frica de alto n\u00edvel com um futuro compartilhado.<\/p>\n<p>Nguema disse que, desde que o Gab\u00e3o e a China estabeleceram la\u00e7os diplom\u00e1ticos h\u00e1 50 anos, os dois pa\u00edses sempre se trataram com confian\u00e7a m\u00fatua e sinceridade, com as rela\u00e7\u00f5es bilaterais abra\u00e7ando o desenvolvimento constante e a coopera\u00e7\u00e3o mutuamente ben\u00e9fica em esferas econ\u00f4micas, sociais, militares e outras produzindo resultados frut\u00edferos.<\/p>\n<p>O Gab\u00e3o adere firmemente ao princ\u00edpio de Uma S\u00f3 China e considera Taiwan como uma parte inalien\u00e1vel da China, disse ele.<\/p>\n<p>O Gab\u00e3o est\u00e1 disposto a trabalhar com a China para promover a consolida\u00e7\u00e3o e o desenvolvimento cont\u00ednuos da parceria estrat\u00e9gica abrangente de coopera\u00e7\u00e3o Gab\u00e3o-China, de modo a trazer benef\u00edcios para os dois povos, acrescentou.<\/p>\n","protected":false},"excerpt":{"rendered":"<p>O presidente chin\u00eas, Xi Jinping, e o presidente de transi\u00e7\u00e3o do Gab\u00e3o, Brice Clotaire Oligui Nguema, trocaram felicita\u00e7\u00f5es no s\u00e1bado pelo 50\u00ba anivers\u00e1rio das rela\u00e7\u00f5es diplom\u00e1ticas entre os dois pa\u00edses. Em sua mensagem, Xi Jinping disse que a amizade tradicional&#8230;<\/p>\n","protected":false},"author":2,"featured_media":0,"comment_status":"open","ping_status":"open","sticky":false,"template":"","format":"standard","meta":{"footnotes":""},"categories":[3],"tags":[],"class_list":["post-5082","post","type-post","status-publish","format-standard","hentry","category-china"],"yoast_head":"<!-- This site is optimized with the Yoast SEO plugin v27.4 - https:\/\/yoast.com\/product\/yoast-seo-wordpress\/ -->\n<title>L\u00edderes da China e do Gab\u00e3o trocam felicita\u00e7\u00f5es pelo 50\u00ba anivers\u00e1rio dos la\u00e7os diplom\u00e1ticos - CRI e Diario de Pernambuco<\/title>\n<meta name=\"robots\" content=\"index, follow, max-snippet:-1, max-image-preview:large, max-video-preview:-1\" \/>\n<link rel=\"canonical\" href=\"https:\/\/diariodepe.com.br\/cri\/2024\/04\/23\/lideres-da-china-e-do-gabao-trocam-felicitacoes-pelo-50o-aniversario-dos-lacos-diplomaticos\/\" \/>\n<meta property=\"og:locale\" content=\"pt_BR\" \/>\n<meta property=\"og:type\" content=\"article\" \/>\n<meta property=\"og:title\" content=\"L\u00edderes da China e do Gab\u00e3o trocam felicita\u00e7\u00f5es pelo 50\u00ba anivers\u00e1rio dos la\u00e7os diplom\u00e1ticos - CRI e Diario de Pernambuco\" \/>\n<meta property=\"og:description\" content=\"O presidente chin\u00eas, Xi Jinping, e o presidente de transi\u00e7\u00e3o do Gab\u00e3o, Brice Clotaire Oligui Nguema, trocaram felicita\u00e7\u00f5es no s\u00e1bado pelo 50\u00ba anivers\u00e1rio das rela\u00e7\u00f5es diplom\u00e1ticas entre os dois pa\u00edses. Em sua mensagem, Xi Jinping disse que a amizade tradicional...\" \/>\n<meta property=\"og:url\" content=\"https:\/\/diariodepe.com.br\/cri\/2024\/04\/23\/lideres-da-china-e-do-gabao-trocam-felicitacoes-pelo-50o-aniversario-dos-lacos-diplomaticos\/\" \/>\n<meta property=\"og:site_name\" content=\"CRI e Diario de Pernambuco\" \/>\n<meta property=\"article:published_time\" content=\"2024-04-23T07:17:14+00:00\" \/>\n<meta name=\"author\" content=\"Ismael Lucas S. Pereira\" \/>\n<meta name=\"twitter:card\" content=\"summary_large_image\" \/>\n<meta name=\"twitter:label1\" content=\"Escrito por\" \/>\n\t<meta name=\"twitter:data1\" content=\"Ismael Lucas S. Pereira\" \/>\n\t<meta name=\"twitter:label2\" content=\"Est. tempo de leitura\" \/>\n\t<meta name=\"twitter:data2\" content=\"2 minutos\" \/>\n<script type=\"application\/ld+json\" class=\"yoast-schema-graph\">{\"@context\":\"https:\\\/\\\/schema.org\",\"@graph\":[{\"@type\":\"Article\",\"@id\":\"https:\\\/\\\/diariodepe.com.br\\\/cri\\\/2024\\\/04\\\/23\\\/lideres-da-china-e-do-gabao-trocam-felicitacoes-pelo-50o-aniversario-dos-lacos-diplomaticos\\\/#article\",\"isPartOf\":{\"@id\":\"https:\\\/\\\/diariodepe.com.br\\\/cri\\\/2024\\\/04\\\/23\\\/lideres-da-china-e-do-gabao-trocam-felicitacoes-pelo-50o-aniversario-dos-lacos-diplomaticos\\\/\"},\"author\":{\"name\":\"Ismael Lucas S. Pereira\",\"@id\":\"https:\\\/\\\/diariodepe.com.br\\\/cri\\\/#\\\/schema\\\/person\\\/121bb28d84f1a5b1205ef4ce9c2e0c6b\"},\"headline\":\"L\u00edderes da China e do Gab\u00e3o trocam felicita\u00e7\u00f5es pelo 50\u00ba anivers\u00e1rio dos la\u00e7os diplom\u00e1ticos\",\"datePublished\":\"2024-04-23T07:17:14+00:00\",\"mainEntityOfPage\":{\"@id\":\"https:\\\/\\\/diariodepe.com.br\\\/cri\\\/2024\\\/04\\\/23\\\/lideres-da-china-e-do-gabao-trocam-felicitacoes-pelo-50o-aniversario-dos-lacos-diplomaticos\\\/\"},\"wordCount\":339,\"commentCount\":0,\"publisher\":{\"@id\":\"https:\\\/\\\/diariodepe.com.br\\\/cri\\\/#organization\"},\"articleSection\":[\"China\"],\"inLanguage\":\"pt-BR\",\"potentialAction\":[{\"@type\":\"CommentAction\",\"name\":\"Comment\",\"target\":[\"https:\\\/\\\/diariodepe.com.br\\\/cri\\\/2024\\\/04\\\/23\\\/lideres-da-china-e-do-gabao-trocam-felicitacoes-pelo-50o-aniversario-dos-lacos-diplomaticos\\\/#respond\"]}]},{\"@type\":\"WebPage\",\"@id\":\"https:\\\/\\\/diariodepe.com.br\\\/cri\\\/2024\\\/04\\\/23\\\/lideres-da-china-e-do-gabao-trocam-felicitacoes-pelo-50o-aniversario-dos-lacos-diplomaticos\\\/\",\"url\":\"https:\\\/\\\/diariodepe.com.br\\\/cri\\\/2024\\\/04\\\/23\\\/lideres-da-china-e-do-gabao-trocam-felicitacoes-pelo-50o-aniversario-dos-lacos-diplomaticos\\\/\",\"name\":\"L\u00edderes da China e do Gab\u00e3o trocam felicita\u00e7\u00f5es pelo 50\u00ba anivers\u00e1rio dos la\u00e7os diplom\u00e1ticos - CRI e Diario de Pernambuco\",\"isPartOf\":{\"@id\":\"https:\\\/\\\/diariodepe.com.br\\\/cri\\\/#website\"},\"datePublished\":\"2024-04-23T07:17:14+00:00\",\"breadcrumb\":{\"@id\":\"https:\\\/\\\/diariodepe.com.br\\\/cri\\\/2024\\\/04\\\/23\\\/lideres-da-china-e-do-gabao-trocam-felicitacoes-pelo-50o-aniversario-dos-lacos-diplomaticos\\\/#breadcrumb\"},\"inLanguage\":\"pt-BR\",\"potentialAction\":[{\"@type\":\"ReadAction\",\"target\":[\"https:\\\/\\\/diariodepe.com.br\\\/cri\\\/2024\\\/04\\\/23\\\/lideres-da-china-e-do-gabao-trocam-felicitacoes-pelo-50o-aniversario-dos-lacos-diplomaticos\\\/\"]}]},{\"@type\":\"BreadcrumbList\",\"@id\":\"https:\\\/\\\/diariodepe.com.br\\\/cri\\\/2024\\\/04\\\/23\\\/lideres-da-china-e-do-gabao-trocam-felicitacoes-pelo-50o-aniversario-dos-lacos-diplomaticos\\\/#breadcrumb\",\"itemListElement\":[{\"@type\":\"ListItem\",\"position\":1,\"name\":\"In\u00edcio\",\"item\":\"https:\\\/\\\/diariodepe.com.br\\\/cri\\\/\"},{\"@type\":\"ListItem\",\"position\":2,\"name\":\"L\u00edderes da China e do Gab\u00e3o trocam felicita\u00e7\u00f5es pelo 50\u00ba anivers\u00e1rio dos la\u00e7os diplom\u00e1ticos\"}]},{\"@type\":\"WebSite\",\"@id\":\"https:\\\/\\\/diariodepe.com.br\\\/cri\\\/#website\",\"url\":\"https:\\\/\\\/diariodepe.com.br\\\/cri\\\/\",\"name\":\"CRI e Diario de Pernambuco\",\"description\":\"R\u00e1dio Internacional da China\",\"publisher\":{\"@id\":\"https:\\\/\\\/diariodepe.com.br\\\/cri\\\/#organization\"},\"potentialAction\":[{\"@type\":\"SearchAction\",\"target\":{\"@type\":\"EntryPoint\",\"urlTemplate\":\"https:\\\/\\\/diariodepe.com.br\\\/cri\\\/?s={search_term_string}\"},\"query-input\":{\"@type\":\"PropertyValueSpecification\",\"valueRequired\":true,\"valueName\":\"search_term_string\"}}],\"inLanguage\":\"pt-BR\"},{\"@type\":\"Organization\",\"@id\":\"https:\\\/\\\/diariodepe.com.br\\\/cri\\\/#organization\",\"name\":\"CRI e Diario de Pernambuco\",\"url\":\"https:\\\/\\\/diariodepe.com.br\\\/cri\\\/\",\"logo\":{\"@type\":\"ImageObject\",\"inLanguage\":\"pt-BR\",\"@id\":\"https:\\\/\\\/diariodepe.com.br\\\/cri\\\/#\\\/schema\\\/logo\\\/image\\\/\",\"url\":\"https:\\\/\\\/diariodepe.com.br\\\/cri\\\/wp-content\\\/uploads\\\/sites\\\/2\\\/2022\\\/12\\\/cropped-Logo.jpg\",\"contentUrl\":\"https:\\\/\\\/diariodepe.com.br\\\/cri\\\/wp-content\\\/uploads\\\/sites\\\/2\\\/2022\\\/12\\\/cropped-Logo.jpg\",\"width\":700,\"height\":59,\"caption\":\"CRI e Diario de Pernambuco\"},\"image\":{\"@id\":\"https:\\\/\\\/diariodepe.com.br\\\/cri\\\/#\\\/schema\\\/logo\\\/image\\\/\"}},{\"@type\":\"Person\",\"@id\":\"https:\\\/\\\/diariodepe.com.br\\\/cri\\\/#\\\/schema\\\/person\\\/121bb28d84f1a5b1205ef4ce9c2e0c6b\",\"name\":\"Ismael Lucas S. Pereira\",\"image\":{\"@type\":\"ImageObject\",\"inLanguage\":\"pt-BR\",\"@id\":\"https:\\\/\\\/secure.gravatar.com\\\/avatar\\\/887a0f3b5a7ceea963a48499fb883ffce6b5037362def025c52c2505b15d63e4?s=96&d=mm&r=g\",\"url\":\"https:\\\/\\\/secure.gravatar.com\\\/avatar\\\/887a0f3b5a7ceea963a48499fb883ffce6b5037362def025c52c2505b15d63e4?s=96&d=mm&r=g\",\"contentUrl\":\"https:\\\/\\\/secure.gravatar.com\\\/avatar\\\/887a0f3b5a7ceea963a48499fb883ffce6b5037362def025c52c2505b15d63e4?s=96&d=mm&r=g\",\"caption\":\"Ismael Lucas S. Pereira\"},\"url\":\"https:\\\/\\\/diariodepe.com.br\\\/cri\\\/author\\\/ismael-lucas\\\/\"}]}<\/script>\n<!-- \/ Yoast SEO plugin. -->","yoast_head_json":{"title":"L\u00edderes da China e do Gab\u00e3o trocam felicita\u00e7\u00f5es pelo 50\u00ba anivers\u00e1rio dos la\u00e7os diplom\u00e1ticos - CRI e Diario de Pernambuco","robots":{"index":"index","follow":"follow","max-snippet":"max-snippet:-1","max-image-preview":"max-image-preview:large","max-video-preview":"max-video-preview:-1"},"canonical":"https:\/\/diariodepe.com.br\/cri\/2024\/04\/23\/lideres-da-china-e-do-gabao-trocam-felicitacoes-pelo-50o-aniversario-dos-lacos-diplomaticos\/","og_locale":"pt_BR","og_type":"article","og_title":"L\u00edderes da China e do Gab\u00e3o trocam felicita\u00e7\u00f5es pelo 50\u00ba anivers\u00e1rio dos la\u00e7os diplom\u00e1ticos - CRI e Diario de Pernambuco","og_description":"O presidente chin\u00eas, Xi Jinping, e o presidente de transi\u00e7\u00e3o do Gab\u00e3o, Brice Clotaire Oligui Nguema, trocaram felicita\u00e7\u00f5es no s\u00e1bado pelo 50\u00ba anivers\u00e1rio das rela\u00e7\u00f5es diplom\u00e1ticas entre os dois pa\u00edses. Em sua mensagem, Xi Jinping disse que a amizade tradicional...","og_url":"https:\/\/diariodepe.com.br\/cri\/2024\/04\/23\/lideres-da-china-e-do-gabao-trocam-felicitacoes-pelo-50o-aniversario-dos-lacos-diplomaticos\/","og_site_name":"CRI e Diario de Pernambuco","article_published_time":"2024-04-23T07:17:14+00:00","author":"Ismael Lucas S. Pereira","twitter_card":"summary_large_image","twitter_misc":{"Escrito por":"Ismael Lucas S. Pereira","Est. tempo de leitura":"2 minutos"},"schema":{"@context":"https:\/\/schema.org","@graph":[{"@type":"Article","@id":"https:\/\/diariodepe.com.br\/cri\/2024\/04\/23\/lideres-da-china-e-do-gabao-trocam-felicitacoes-pelo-50o-aniversario-dos-lacos-diplomaticos\/#article","isPartOf":{"@id":"https:\/\/diariodepe.com.br\/cri\/2024\/04\/23\/lideres-da-china-e-do-gabao-trocam-felicitacoes-pelo-50o-aniversario-dos-lacos-diplomaticos\/"},"author":{"name":"Ismael Lucas S. Pereira","@id":"https:\/\/diariodepe.com.br\/cri\/#\/schema\/person\/121bb28d84f1a5b1205ef4ce9c2e0c6b"},"headline":"L\u00edderes da China e do Gab\u00e3o trocam felicita\u00e7\u00f5es pelo 50\u00ba anivers\u00e1rio dos la\u00e7os diplom\u00e1ticos","datePublished":"2024-04-23T07:17:14+00:00","mainEntityOfPage":{"@id":"https:\/\/diariodepe.com.br\/cri\/2024\/04\/23\/lideres-da-china-e-do-gabao-trocam-felicitacoes-pelo-50o-aniversario-dos-lacos-diplomaticos\/"},"wordCount":339,"commentCount":0,"publisher":{"@id":"https:\/\/diariodepe.com.br\/cri\/#organization"},"articleSection":["China"],"inLanguage":"pt-BR","potentialAction":[{"@type":"CommentAction","name":"Comment","target":["https:\/\/diariodepe.com.br\/cri\/2024\/04\/23\/lideres-da-china-e-do-gabao-trocam-felicitacoes-pelo-50o-aniversario-dos-lacos-diplomaticos\/#respond"]}]},{"@type":"WebPage","@id":"https:\/\/diariodepe.com.br\/cri\/2024\/04\/23\/lideres-da-china-e-do-gabao-trocam-felicitacoes-pelo-50o-aniversario-dos-lacos-diplomaticos\/","url":"https:\/\/diariodepe.com.br\/cri\/2024\/04\/23\/lideres-da-china-e-do-gabao-trocam-felicitacoes-pelo-50o-aniversario-dos-lacos-diplomaticos\/","name":"L\u00edderes da China e do Gab\u00e3o trocam felicita\u00e7\u00f5es pelo 50\u00ba anivers\u00e1rio dos la\u00e7os diplom\u00e1ticos - CRI e Diario de Pernambuco","isPartOf":{"@id":"https:\/\/diariodepe.com.br\/cri\/#website"},"datePublished":"2024-04-23T07:17:14+00:00","breadcrumb":{"@id":"https:\/\/diariodepe.com.br\/cri\/2024\/04\/23\/lideres-da-china-e-do-gabao-trocam-felicitacoes-pelo-50o-aniversario-dos-lacos-diplomaticos\/#breadcrumb"},"inLanguage":"pt-BR","potentialAction":[{"@type":"ReadAction","target":["https:\/\/diariodepe.com.br\/cri\/2024\/04\/23\/lideres-da-china-e-do-gabao-trocam-felicitacoes-pelo-50o-aniversario-dos-lacos-diplomaticos\/"]}]},{"@type":"BreadcrumbList","@id":"https:\/\/diariodepe.com.br\/cri\/2024\/04\/23\/lideres-da-china-e-do-gabao-trocam-felicitacoes-pelo-50o-aniversario-dos-lacos-diplomaticos\/#breadcrumb","itemListElement":[{"@type":"ListItem","position":1,"name":"In\u00edcio","item":"https:\/\/diariodepe.com.br\/cri\/"},{"@type":"ListItem","position":2,"name":"L\u00edderes da China e do Gab\u00e3o trocam felicita\u00e7\u00f5es pelo 50\u00ba anivers\u00e1rio dos la\u00e7os diplom\u00e1ticos"}]},{"@type":"WebSite","@id":"https:\/\/diariodepe.com.br\/cri\/#website","url":"https:\/\/diariodepe.com.br\/cri\/","name":"CRI e Diario de Pernambuco","description":"R\u00e1dio Internacional da China","publisher":{"@id":"https:\/\/diariodepe.com.br\/cri\/#organization"},"potentialAction":[{"@type":"SearchAction","target":{"@type":"EntryPoint","urlTemplate":"https:\/\/diariodepe.com.br\/cri\/?s={search_term_string}"},"query-input":{"@type":"PropertyValueSpecification","valueRequired":true,"valueName":"search_term_string"}}],"inLanguage":"pt-BR"},{"@type":"Organization","@id":"https:\/\/diariodepe.com.br\/cri\/#organization","name":"CRI e Diario de Pernambuco","url":"https:\/\/diariodepe.com.br\/cri\/","logo":{"@type":"ImageObject","inLanguage":"pt-BR","@id":"https:\/\/diariodepe.com.br\/cri\/#\/schema\/logo\/image\/","url":"https:\/\/diariodepe.com.br\/cri\/wp-content\/uploads\/sites\/2\/2022\/12\/cropped-Logo.jpg","contentUrl":"https:\/\/diariodepe.com.br\/cri\/wp-content\/uploads\/sites\/2\/2022\/12\/cropped-Logo.jpg","width":700,"height":59,"caption":"CRI e Diario de Pernambuco"},"image":{"@id":"https:\/\/diariodepe.com.br\/cri\/#\/schema\/logo\/image\/"}},{"@type":"Person","@id":"https:\/\/diariodepe.com.br\/cri\/#\/schema\/person\/121bb28d84f1a5b1205ef4ce9c2e0c6b","name":"Ismael Lucas S. Pereira","image":{"@type":"ImageObject","inLanguage":"pt-BR","@id":"https:\/\/secure.gravatar.com\/avatar\/887a0f3b5a7ceea963a48499fb883ffce6b5037362def025c52c2505b15d63e4?s=96&d=mm&r=g","url":"https:\/\/secure.gravatar.com\/avatar\/887a0f3b5a7ceea963a48499fb883ffce6b5037362def025c52c2505b15d63e4?s=96&d=mm&r=g","contentUrl":"https:\/\/secure.gravatar.com\/avatar\/887a0f3b5a7ceea963a48499fb883ffce6b5037362def025c52c2505b15d63e4?s=96&d=mm&r=g","caption":"Ismael Lucas S. Pereira"},"url":"https:\/\/diariodepe.com.br\/cri\/author\/ismael-lucas\/"}]}},"cc_featured_image_caption":{"caption_text":false,"source_text":false,"source_url":false},"amp_enabled":true,"_links":{"self":[{"href":"https:\/\/diariodepe.com.br\/cri\/wp-json\/wp\/v2\/posts\/5082","targetHints":{"allow":["GET"]}}],"collection":[{"href":"https:\/\/diariodepe.com.br\/cri\/wp-json\/wp\/v2\/posts"}],"about":[{"href":"https:\/\/diariodepe.com.br\/cri\/wp-json\/wp\/v2\/types\/post"}],"author":[{"embeddable":true,"href":"https:\/\/diariodepe.com.br\/cri\/wp-json\/wp\/v2\/users\/2"}],"replies":[{"embeddable":true,"href":"https:\/\/diariodepe.com.br\/cri\/wp-json\/wp\/v2\/comments?post=5082"}],"version-history":[{"count":1,"href":"https:\/\/diariodepe.com.br\/cri\/wp-json\/wp\/v2\/posts\/5082\/revisions"}],"predecessor-version":[{"id":5083,"href":"https:\/\/diariodepe.com.br\/cri\/wp-json\/wp\/v2\/posts\/5082\/revisions\/5083"}],"wp:attachment":[{"href":"https:\/\/diariodepe.com.br\/cri\/wp-json\/wp\/v2\/media?parent=5082"}],"wp:term":[{"taxonomy":"category","embeddable":true,"href":"https:\/\/diariodepe.com.br\/cri\/wp-json\/wp\/v2\/categories?post=5082"},{"taxonomy":"post_tag","embeddable":true,"href":"https:\/\/diariodepe.com.br\/cri\/wp-json\/wp\/v2\/tags?post=5082"}],"curies":[{"name":"wp","href":"https:\/\/api.w.org\/{rel}","templated":true}]}}