{"id":5076,"date":"2024-04-23T04:15:34","date_gmt":"2024-04-23T07:15:34","guid":{"rendered":"https:\/\/diariodepe.com.br\/cri\/?p=5076"},"modified":"2024-04-23T04:15:34","modified_gmt":"2024-04-23T07:15:34","slug":"por-que-eles-dizem-que-a-china-e-seu-mercado-favorito","status":"publish","type":"post","link":"https:\/\/diariodepe.com.br\/cri\/2024\/04\/23\/por-que-eles-dizem-que-a-china-e-seu-mercado-favorito\/","title":{"rendered":"Por que eles dizem que a China \u00e9 seu mercado favorito"},"content":{"rendered":"<p class=\"photo_img_20190808\"><img decoding=\"async\" src=\"https:\/\/p4crires.cri.cn\/photoworkspace\/cri\/contentimg\/2024\/04\/19\/2024041911400711844.png\" alt=\"\" \/><\/p>\n<p>A quarta edi\u00e7\u00e3o da Exposi\u00e7\u00e3o Internacional de Produtos de Consumo da China encerrou na quinta-feira (18) na prov\u00edncia insular de Hainan, sul da China. Mais de 4 mil marcas provenientes de 71 pa\u00edses e regi\u00f5es participaram esta edi\u00e7\u00e3o, batendo recorde tanto em n\u00famero de empresas participantes quanto de marcas.<\/p>\n<p>O mercado constitui o recurso mais raro. Para as empresas estrangeiras, o mercado gigantesco da China representa rendimentos consider\u00e1veis. No primeiro trimestre deste ano, o consumo contribuiu com 73,7% para o crescimento do PIB. Em abril, o \u00edndice de prosperidade do varejo da China atingiu 50,4%, ficando na zona de expans\u00e3o por um ano consecutivo.<\/p>\n<p>Atualmente, o grupo de renda m\u00e9dia da China ultrapassou 400 milh\u00f5es de pessoas e espera-se que ultrapasse 800 milh\u00f5es at\u00e9 2035. Para Luca Battiloro, CEO da Ducati Motor na China, o mercado chin\u00eas manter\u00e1 crescimento cont\u00ednuo, considerando que h\u00e1 muitos consumidores jovens que preferem disfrutar da vida.<\/p>\n<p>Na opini\u00e3o das empresas estrangeiras, o mercado chin\u00eas fornece uma incessante for\u00e7a motriz para inova\u00e7\u00e3o. Na Exposi\u00e7\u00e3o Internacional de Produtos de Consumo deste ano, as novas tecnologias chinesas foram utilizadas em diversos produtos novos. \u201cNa China posso ter acesso \u00e0s experi\u00eancias em primeira m\u00e3o e levar as novas tecnologias ao mercado internacional\u201d, disse um empres\u00e1rio participante da exposi\u00e7\u00e3o.<\/p>\n<p>Vale ressaltar que, desde a pol\u00edtica de isen\u00e7\u00e3o de vistos para cidad\u00e3os de 59 pa\u00edses em fevereiro deste ano, muitos estrangeiros viajaram a Hainan para participar da exposi\u00e7\u00e3o sem precisar de visto. A medida do governo chin\u00eas tamb\u00e9m refletiu a determina\u00e7\u00e3o do pa\u00eds na amplia\u00e7\u00e3o de uma abertura de alta qualidade.<\/p>\n<p>No encerramento da quarta edi\u00e7\u00e3o da Exposi\u00e7\u00e3o Internacional de Produtos de Consumo da China na quinta-feira, 36 empresas e marcas j\u00e1 confirmaram sua presen\u00e7a no pr\u00f3ximo ano. Ao mesmo tempo, a 135\u00aa Feira de Importa\u00e7\u00e3o e Exporta\u00e7\u00e3o da China, tamb\u00e9m conhecida como Feira de Cant\u00e3o, foi inaugurada no dia 15 de abril. Feiras seguidas acolhem amigos novos e antigos. Para eles, a China sempre \u00e9 seu mercado favorito.<\/p>\n","protected":false},"excerpt":{"rendered":"<p>A quarta edi\u00e7\u00e3o da Exposi\u00e7\u00e3o Internacional de Produtos de Consumo da China encerrou na quinta-feira (18) na prov\u00edncia insular de Hainan, sul da China. Mais de 4 mil marcas provenientes de 71 pa\u00edses e regi\u00f5es participaram esta edi\u00e7\u00e3o, batendo recorde&#8230;<\/p>\n","protected":false},"author":2,"featured_media":0,"comment_status":"open","ping_status":"open","sticky":false,"template":"","format":"standard","meta":{"footnotes":""},"categories":[7],"tags":[],"class_list":["post-5076","post","type-post","status-publish","format-standard","hentry","category-visao"],"yoast_head":"<!-- This site is optimized with the Yoast SEO plugin v27.4 - https:\/\/yoast.com\/product\/yoast-seo-wordpress\/ -->\n<title>Por que eles dizem que a China \u00e9 seu mercado favorito - CRI e Diario de Pernambuco<\/title>\n<meta name=\"robots\" content=\"index, follow, max-snippet:-1, max-image-preview:large, max-video-preview:-1\" \/>\n<link rel=\"canonical\" href=\"https:\/\/diariodepe.com.br\/cri\/2024\/04\/23\/por-que-eles-dizem-que-a-china-e-seu-mercado-favorito\/\" \/>\n<meta property=\"og:locale\" content=\"pt_BR\" \/>\n<meta property=\"og:type\" content=\"article\" \/>\n<meta property=\"og:title\" content=\"Por que eles dizem que a China \u00e9 seu mercado favorito - CRI e Diario de Pernambuco\" \/>\n<meta property=\"og:description\" content=\"A quarta edi\u00e7\u00e3o da Exposi\u00e7\u00e3o Internacional de Produtos de Consumo da China encerrou na quinta-feira (18) na prov\u00edncia insular de Hainan, sul da China. Mais de 4 mil marcas provenientes de 71 pa\u00edses e regi\u00f5es participaram esta edi\u00e7\u00e3o, batendo recorde...\" \/>\n<meta property=\"og:url\" content=\"https:\/\/diariodepe.com.br\/cri\/2024\/04\/23\/por-que-eles-dizem-que-a-china-e-seu-mercado-favorito\/\" \/>\n<meta property=\"og:site_name\" content=\"CRI e Diario de Pernambuco\" \/>\n<meta property=\"article:published_time\" content=\"2024-04-23T07:15:34+00:00\" \/>\n<meta property=\"og:image\" content=\"https:\/\/p4crires.cri.cn\/photoworkspace\/cri\/contentimg\/2024\/04\/19\/2024041911400711844.png\" \/>\n<meta name=\"author\" content=\"Ismael Lucas S. Pereira\" \/>\n<meta name=\"twitter:card\" content=\"summary_large_image\" \/>\n<meta name=\"twitter:label1\" content=\"Escrito por\" \/>\n\t<meta name=\"twitter:data1\" content=\"Ismael Lucas S. Pereira\" \/>\n\t<meta name=\"twitter:label2\" content=\"Est. tempo de leitura\" \/>\n\t<meta name=\"twitter:data2\" content=\"3 minutos\" \/>\n<script type=\"application\/ld+json\" class=\"yoast-schema-graph\">{\"@context\":\"https:\\\/\\\/schema.org\",\"@graph\":[{\"@type\":\"Article\",\"@id\":\"https:\\\/\\\/diariodepe.com.br\\\/cri\\\/2024\\\/04\\\/23\\\/por-que-eles-dizem-que-a-china-e-seu-mercado-favorito\\\/#article\",\"isPartOf\":{\"@id\":\"https:\\\/\\\/diariodepe.com.br\\\/cri\\\/2024\\\/04\\\/23\\\/por-que-eles-dizem-que-a-china-e-seu-mercado-favorito\\\/\"},\"author\":{\"name\":\"Ismael Lucas S. Pereira\",\"@id\":\"https:\\\/\\\/diariodepe.com.br\\\/cri\\\/#\\\/schema\\\/person\\\/121bb28d84f1a5b1205ef4ce9c2e0c6b\"},\"headline\":\"Por que eles dizem que a China \u00e9 seu mercado favorito\",\"datePublished\":\"2024-04-23T07:15:34+00:00\",\"mainEntityOfPage\":{\"@id\":\"https:\\\/\\\/diariodepe.com.br\\\/cri\\\/2024\\\/04\\\/23\\\/por-que-eles-dizem-que-a-china-e-seu-mercado-favorito\\\/\"},\"wordCount\":366,\"commentCount\":0,\"publisher\":{\"@id\":\"https:\\\/\\\/diariodepe.com.br\\\/cri\\\/#organization\"},\"image\":{\"@id\":\"https:\\\/\\\/diariodepe.com.br\\\/cri\\\/2024\\\/04\\\/23\\\/por-que-eles-dizem-que-a-china-e-seu-mercado-favorito\\\/#primaryimage\"},\"thumbnailUrl\":\"https:\\\/\\\/p4crires.cri.cn\\\/photoworkspace\\\/cri\\\/contentimg\\\/2024\\\/04\\\/19\\\/2024041911400711844.png\",\"articleSection\":[\"Vis\u00e3o\"],\"inLanguage\":\"pt-BR\",\"potentialAction\":[{\"@type\":\"CommentAction\",\"name\":\"Comment\",\"target\":[\"https:\\\/\\\/diariodepe.com.br\\\/cri\\\/2024\\\/04\\\/23\\\/por-que-eles-dizem-que-a-china-e-seu-mercado-favorito\\\/#respond\"]}]},{\"@type\":\"WebPage\",\"@id\":\"https:\\\/\\\/diariodepe.com.br\\\/cri\\\/2024\\\/04\\\/23\\\/por-que-eles-dizem-que-a-china-e-seu-mercado-favorito\\\/\",\"url\":\"https:\\\/\\\/diariodepe.com.br\\\/cri\\\/2024\\\/04\\\/23\\\/por-que-eles-dizem-que-a-china-e-seu-mercado-favorito\\\/\",\"name\":\"Por que eles dizem que a China \u00e9 seu mercado favorito - CRI e Diario de Pernambuco\",\"isPartOf\":{\"@id\":\"https:\\\/\\\/diariodepe.com.br\\\/cri\\\/#website\"},\"primaryImageOfPage\":{\"@id\":\"https:\\\/\\\/diariodepe.com.br\\\/cri\\\/2024\\\/04\\\/23\\\/por-que-eles-dizem-que-a-china-e-seu-mercado-favorito\\\/#primaryimage\"},\"image\":{\"@id\":\"https:\\\/\\\/diariodepe.com.br\\\/cri\\\/2024\\\/04\\\/23\\\/por-que-eles-dizem-que-a-china-e-seu-mercado-favorito\\\/#primaryimage\"},\"thumbnailUrl\":\"https:\\\/\\\/p4crires.cri.cn\\\/photoworkspace\\\/cri\\\/contentimg\\\/2024\\\/04\\\/19\\\/2024041911400711844.png\",\"datePublished\":\"2024-04-23T07:15:34+00:00\",\"breadcrumb\":{\"@id\":\"https:\\\/\\\/diariodepe.com.br\\\/cri\\\/2024\\\/04\\\/23\\\/por-que-eles-dizem-que-a-china-e-seu-mercado-favorito\\\/#breadcrumb\"},\"inLanguage\":\"pt-BR\",\"potentialAction\":[{\"@type\":\"ReadAction\",\"target\":[\"https:\\\/\\\/diariodepe.com.br\\\/cri\\\/2024\\\/04\\\/23\\\/por-que-eles-dizem-que-a-china-e-seu-mercado-favorito\\\/\"]}]},{\"@type\":\"ImageObject\",\"inLanguage\":\"pt-BR\",\"@id\":\"https:\\\/\\\/diariodepe.com.br\\\/cri\\\/2024\\\/04\\\/23\\\/por-que-eles-dizem-que-a-china-e-seu-mercado-favorito\\\/#primaryimage\",\"url\":\"https:\\\/\\\/p4crires.cri.cn\\\/photoworkspace\\\/cri\\\/contentimg\\\/2024\\\/04\\\/19\\\/2024041911400711844.png\",\"contentUrl\":\"https:\\\/\\\/p4crires.cri.cn\\\/photoworkspace\\\/cri\\\/contentimg\\\/2024\\\/04\\\/19\\\/2024041911400711844.png\"},{\"@type\":\"BreadcrumbList\",\"@id\":\"https:\\\/\\\/diariodepe.com.br\\\/cri\\\/2024\\\/04\\\/23\\\/por-que-eles-dizem-que-a-china-e-seu-mercado-favorito\\\/#breadcrumb\",\"itemListElement\":[{\"@type\":\"ListItem\",\"position\":1,\"name\":\"In\u00edcio\",\"item\":\"https:\\\/\\\/diariodepe.com.br\\\/cri\\\/\"},{\"@type\":\"ListItem\",\"position\":2,\"name\":\"Por que eles dizem que a China \u00e9 seu mercado favorito\"}]},{\"@type\":\"WebSite\",\"@id\":\"https:\\\/\\\/diariodepe.com.br\\\/cri\\\/#website\",\"url\":\"https:\\\/\\\/diariodepe.com.br\\\/cri\\\/\",\"name\":\"CRI e Diario de Pernambuco\",\"description\":\"R\u00e1dio Internacional da China\",\"publisher\":{\"@id\":\"https:\\\/\\\/diariodepe.com.br\\\/cri\\\/#organization\"},\"potentialAction\":[{\"@type\":\"SearchAction\",\"target\":{\"@type\":\"EntryPoint\",\"urlTemplate\":\"https:\\\/\\\/diariodepe.com.br\\\/cri\\\/?s={search_term_string}\"},\"query-input\":{\"@type\":\"PropertyValueSpecification\",\"valueRequired\":true,\"valueName\":\"search_term_string\"}}],\"inLanguage\":\"pt-BR\"},{\"@type\":\"Organization\",\"@id\":\"https:\\\/\\\/diariodepe.com.br\\\/cri\\\/#organization\",\"name\":\"CRI e Diario de Pernambuco\",\"url\":\"https:\\\/\\\/diariodepe.com.br\\\/cri\\\/\",\"logo\":{\"@type\":\"ImageObject\",\"inLanguage\":\"pt-BR\",\"@id\":\"https:\\\/\\\/diariodepe.com.br\\\/cri\\\/#\\\/schema\\\/logo\\\/image\\\/\",\"url\":\"https:\\\/\\\/diariodepe.com.br\\\/cri\\\/wp-content\\\/uploads\\\/sites\\\/2\\\/2022\\\/12\\\/cropped-Logo.jpg\",\"contentUrl\":\"https:\\\/\\\/diariodepe.com.br\\\/cri\\\/wp-content\\\/uploads\\\/sites\\\/2\\\/2022\\\/12\\\/cropped-Logo.jpg\",\"width\":700,\"height\":59,\"caption\":\"CRI e Diario de Pernambuco\"},\"image\":{\"@id\":\"https:\\\/\\\/diariodepe.com.br\\\/cri\\\/#\\\/schema\\\/logo\\\/image\\\/\"}},{\"@type\":\"Person\",\"@id\":\"https:\\\/\\\/diariodepe.com.br\\\/cri\\\/#\\\/schema\\\/person\\\/121bb28d84f1a5b1205ef4ce9c2e0c6b\",\"name\":\"Ismael Lucas S. Pereira\",\"image\":{\"@type\":\"ImageObject\",\"inLanguage\":\"pt-BR\",\"@id\":\"https:\\\/\\\/secure.gravatar.com\\\/avatar\\\/887a0f3b5a7ceea963a48499fb883ffce6b5037362def025c52c2505b15d63e4?s=96&d=mm&r=g\",\"url\":\"https:\\\/\\\/secure.gravatar.com\\\/avatar\\\/887a0f3b5a7ceea963a48499fb883ffce6b5037362def025c52c2505b15d63e4?s=96&d=mm&r=g\",\"contentUrl\":\"https:\\\/\\\/secure.gravatar.com\\\/avatar\\\/887a0f3b5a7ceea963a48499fb883ffce6b5037362def025c52c2505b15d63e4?s=96&d=mm&r=g\",\"caption\":\"Ismael Lucas S. Pereira\"},\"url\":\"https:\\\/\\\/diariodepe.com.br\\\/cri\\\/author\\\/ismael-lucas\\\/\"}]}<\/script>\n<!-- \/ Yoast SEO plugin. -->","yoast_head_json":{"title":"Por que eles dizem que a China \u00e9 seu mercado favorito - CRI e Diario de Pernambuco","robots":{"index":"index","follow":"follow","max-snippet":"max-snippet:-1","max-image-preview":"max-image-preview:large","max-video-preview":"max-video-preview:-1"},"canonical":"https:\/\/diariodepe.com.br\/cri\/2024\/04\/23\/por-que-eles-dizem-que-a-china-e-seu-mercado-favorito\/","og_locale":"pt_BR","og_type":"article","og_title":"Por que eles dizem que a China \u00e9 seu mercado favorito - CRI e Diario de Pernambuco","og_description":"A quarta edi\u00e7\u00e3o da Exposi\u00e7\u00e3o Internacional de Produtos de Consumo da China encerrou na quinta-feira (18) na prov\u00edncia insular de Hainan, sul da China. Mais de 4 mil marcas provenientes de 71 pa\u00edses e regi\u00f5es participaram esta edi\u00e7\u00e3o, batendo recorde...","og_url":"https:\/\/diariodepe.com.br\/cri\/2024\/04\/23\/por-que-eles-dizem-que-a-china-e-seu-mercado-favorito\/","og_site_name":"CRI e Diario de Pernambuco","article_published_time":"2024-04-23T07:15:34+00:00","og_image":[{"url":"https:\/\/p4crires.cri.cn\/photoworkspace\/cri\/contentimg\/2024\/04\/19\/2024041911400711844.png","type":"","width":"","height":""}],"author":"Ismael Lucas S. Pereira","twitter_card":"summary_large_image","twitter_misc":{"Escrito por":"Ismael Lucas S. Pereira","Est. tempo de leitura":"3 minutos"},"schema":{"@context":"https:\/\/schema.org","@graph":[{"@type":"Article","@id":"https:\/\/diariodepe.com.br\/cri\/2024\/04\/23\/por-que-eles-dizem-que-a-china-e-seu-mercado-favorito\/#article","isPartOf":{"@id":"https:\/\/diariodepe.com.br\/cri\/2024\/04\/23\/por-que-eles-dizem-que-a-china-e-seu-mercado-favorito\/"},"author":{"name":"Ismael Lucas S. Pereira","@id":"https:\/\/diariodepe.com.br\/cri\/#\/schema\/person\/121bb28d84f1a5b1205ef4ce9c2e0c6b"},"headline":"Por que eles dizem que a China \u00e9 seu mercado favorito","datePublished":"2024-04-23T07:15:34+00:00","mainEntityOfPage":{"@id":"https:\/\/diariodepe.com.br\/cri\/2024\/04\/23\/por-que-eles-dizem-que-a-china-e-seu-mercado-favorito\/"},"wordCount":366,"commentCount":0,"publisher":{"@id":"https:\/\/diariodepe.com.br\/cri\/#organization"},"image":{"@id":"https:\/\/diariodepe.com.br\/cri\/2024\/04\/23\/por-que-eles-dizem-que-a-china-e-seu-mercado-favorito\/#primaryimage"},"thumbnailUrl":"https:\/\/p4crires.cri.cn\/photoworkspace\/cri\/contentimg\/2024\/04\/19\/2024041911400711844.png","articleSection":["Vis\u00e3o"],"inLanguage":"pt-BR","potentialAction":[{"@type":"CommentAction","name":"Comment","target":["https:\/\/diariodepe.com.br\/cri\/2024\/04\/23\/por-que-eles-dizem-que-a-china-e-seu-mercado-favorito\/#respond"]}]},{"@type":"WebPage","@id":"https:\/\/diariodepe.com.br\/cri\/2024\/04\/23\/por-que-eles-dizem-que-a-china-e-seu-mercado-favorito\/","url":"https:\/\/diariodepe.com.br\/cri\/2024\/04\/23\/por-que-eles-dizem-que-a-china-e-seu-mercado-favorito\/","name":"Por que eles dizem que a China \u00e9 seu mercado favorito - CRI e Diario de Pernambuco","isPartOf":{"@id":"https:\/\/diariodepe.com.br\/cri\/#website"},"primaryImageOfPage":{"@id":"https:\/\/diariodepe.com.br\/cri\/2024\/04\/23\/por-que-eles-dizem-que-a-china-e-seu-mercado-favorito\/#primaryimage"},"image":{"@id":"https:\/\/diariodepe.com.br\/cri\/2024\/04\/23\/por-que-eles-dizem-que-a-china-e-seu-mercado-favorito\/#primaryimage"},"thumbnailUrl":"https:\/\/p4crires.cri.cn\/photoworkspace\/cri\/contentimg\/2024\/04\/19\/2024041911400711844.png","datePublished":"2024-04-23T07:15:34+00:00","breadcrumb":{"@id":"https:\/\/diariodepe.com.br\/cri\/2024\/04\/23\/por-que-eles-dizem-que-a-china-e-seu-mercado-favorito\/#breadcrumb"},"inLanguage":"pt-BR","potentialAction":[{"@type":"ReadAction","target":["https:\/\/diariodepe.com.br\/cri\/2024\/04\/23\/por-que-eles-dizem-que-a-china-e-seu-mercado-favorito\/"]}]},{"@type":"ImageObject","inLanguage":"pt-BR","@id":"https:\/\/diariodepe.com.br\/cri\/2024\/04\/23\/por-que-eles-dizem-que-a-china-e-seu-mercado-favorito\/#primaryimage","url":"https:\/\/p4crires.cri.cn\/photoworkspace\/cri\/contentimg\/2024\/04\/19\/2024041911400711844.png","contentUrl":"https:\/\/p4crires.cri.cn\/photoworkspace\/cri\/contentimg\/2024\/04\/19\/2024041911400711844.png"},{"@type":"BreadcrumbList","@id":"https:\/\/diariodepe.com.br\/cri\/2024\/04\/23\/por-que-eles-dizem-que-a-china-e-seu-mercado-favorito\/#breadcrumb","itemListElement":[{"@type":"ListItem","position":1,"name":"In\u00edcio","item":"https:\/\/diariodepe.com.br\/cri\/"},{"@type":"ListItem","position":2,"name":"Por que eles dizem que a China \u00e9 seu mercado favorito"}]},{"@type":"WebSite","@id":"https:\/\/diariodepe.com.br\/cri\/#website","url":"https:\/\/diariodepe.com.br\/cri\/","name":"CRI e Diario de Pernambuco","description":"R\u00e1dio Internacional da China","publisher":{"@id":"https:\/\/diariodepe.com.br\/cri\/#organization"},"potentialAction":[{"@type":"SearchAction","target":{"@type":"EntryPoint","urlTemplate":"https:\/\/diariodepe.com.br\/cri\/?s={search_term_string}"},"query-input":{"@type":"PropertyValueSpecification","valueRequired":true,"valueName":"search_term_string"}}],"inLanguage":"pt-BR"},{"@type":"Organization","@id":"https:\/\/diariodepe.com.br\/cri\/#organization","name":"CRI e Diario de Pernambuco","url":"https:\/\/diariodepe.com.br\/cri\/","logo":{"@type":"ImageObject","inLanguage":"pt-BR","@id":"https:\/\/diariodepe.com.br\/cri\/#\/schema\/logo\/image\/","url":"https:\/\/diariodepe.com.br\/cri\/wp-content\/uploads\/sites\/2\/2022\/12\/cropped-Logo.jpg","contentUrl":"https:\/\/diariodepe.com.br\/cri\/wp-content\/uploads\/sites\/2\/2022\/12\/cropped-Logo.jpg","width":700,"height":59,"caption":"CRI e Diario de Pernambuco"},"image":{"@id":"https:\/\/diariodepe.com.br\/cri\/#\/schema\/logo\/image\/"}},{"@type":"Person","@id":"https:\/\/diariodepe.com.br\/cri\/#\/schema\/person\/121bb28d84f1a5b1205ef4ce9c2e0c6b","name":"Ismael Lucas S. Pereira","image":{"@type":"ImageObject","inLanguage":"pt-BR","@id":"https:\/\/secure.gravatar.com\/avatar\/887a0f3b5a7ceea963a48499fb883ffce6b5037362def025c52c2505b15d63e4?s=96&d=mm&r=g","url":"https:\/\/secure.gravatar.com\/avatar\/887a0f3b5a7ceea963a48499fb883ffce6b5037362def025c52c2505b15d63e4?s=96&d=mm&r=g","contentUrl":"https:\/\/secure.gravatar.com\/avatar\/887a0f3b5a7ceea963a48499fb883ffce6b5037362def025c52c2505b15d63e4?s=96&d=mm&r=g","caption":"Ismael Lucas S. Pereira"},"url":"https:\/\/diariodepe.com.br\/cri\/author\/ismael-lucas\/"}]}},"cc_featured_image_caption":{"caption_text":false,"source_text":false,"source_url":false},"amp_enabled":true,"_links":{"self":[{"href":"https:\/\/diariodepe.com.br\/cri\/wp-json\/wp\/v2\/posts\/5076","targetHints":{"allow":["GET"]}}],"collection":[{"href":"https:\/\/diariodepe.com.br\/cri\/wp-json\/wp\/v2\/posts"}],"about":[{"href":"https:\/\/diariodepe.com.br\/cri\/wp-json\/wp\/v2\/types\/post"}],"author":[{"embeddable":true,"href":"https:\/\/diariodepe.com.br\/cri\/wp-json\/wp\/v2\/users\/2"}],"replies":[{"embeddable":true,"href":"https:\/\/diariodepe.com.br\/cri\/wp-json\/wp\/v2\/comments?post=5076"}],"version-history":[{"count":1,"href":"https:\/\/diariodepe.com.br\/cri\/wp-json\/wp\/v2\/posts\/5076\/revisions"}],"predecessor-version":[{"id":5077,"href":"https:\/\/diariodepe.com.br\/cri\/wp-json\/wp\/v2\/posts\/5076\/revisions\/5077"}],"wp:attachment":[{"href":"https:\/\/diariodepe.com.br\/cri\/wp-json\/wp\/v2\/media?parent=5076"}],"wp:term":[{"taxonomy":"category","embeddable":true,"href":"https:\/\/diariodepe.com.br\/cri\/wp-json\/wp\/v2\/categories?post=5076"},{"taxonomy":"post_tag","embeddable":true,"href":"https:\/\/diariodepe.com.br\/cri\/wp-json\/wp\/v2\/tags?post=5076"}],"curies":[{"name":"wp","href":"https:\/\/api.w.org\/{rel}","templated":true}]}}