{"id":506,"date":"2023-02-01T23:13:33","date_gmt":"2023-02-02T02:13:33","guid":{"rendered":"https:\/\/diariodepe.com.br\/cri\/?p=506"},"modified":"2023-02-01T23:13:34","modified_gmt":"2023-02-02T02:13:34","slug":"uma-otan-em-declinio-nao-faria-ondas-na-asia-pacifico","status":"publish","type":"post","link":"https:\/\/diariodepe.com.br\/cri\/2023\/02\/01\/uma-otan-em-declinio-nao-faria-ondas-na-asia-pacifico\/","title":{"rendered":"<strong>Uma Otan em decl\u00ednio n\u00e3o faria ondas na \u00c1sia-Pac\u00edfico<\/strong>"},"content":{"rendered":"\n<p>Durante sua visita ao Jap\u00e3o, o secret\u00e1rio-geral da Organiza\u00e7\u00e3o do Tratado do Atl\u00e2ntico Norte (Otan), Jens Stoltenberg, emitiu nesta ter\u00e7a-feira, junto com o primeiro-ministro japon\u00eas, Fumio Kishida, uma declara\u00e7\u00e3o conjunta, anunciando as coopera\u00e7\u00f5es bilaterais em \u00e1reas de seguran\u00e7a mar\u00edtima, ciberespa\u00e7o e controle armamentista sem esquecer de falar sobre a for\u00e7a militar da China e a quest\u00e3o de Taiwan. A m\u00eddia japonesa disse que esta \u00e9 a primeira vez em quase seis anos que um secret\u00e1rio-geral da Otan visita o Jap\u00e3o, e que o pa\u00eds e a organiza\u00e7\u00e3o est\u00e3o &#8220;se aproximando rapidamente&#8221;.&nbsp;<\/p>\n\n\n\n<p>A Otan, um produto da Guerra Fria, est\u00e1 sendo puxada pela chamada &#8220;estrat\u00e9gia Indo-Pac\u00edfico&#8221; dos Estados Unidos e usa a China como pretexto para estender sua presen\u00e7a na regi\u00e3o \u00c1sia-Pac\u00edfico. Desde sua cria\u00e7\u00e3o, a Otan tem sido uma ferramenta para os Estados Unidos se engajarem em um confronto em bloco. Com o fim da Guerra Fria, a Otan perdeu seus objetivos e dire\u00e7\u00e3o. Ap\u00f3s a crise da Ucr\u00e2nia no in\u00edcio do ano passado, os EUA tentaram aproveitar a oportunidade para ressuscit\u00e1-la como uma ferramenta para conter a China e manter sua hegemonia.&nbsp;<\/p>\n\n\n\n<p>O secret\u00e1rio de Defesa dos EUA, Lloyd Austin, chegou \u00e0 Coreia do Sul no dia 30 de janeiro e reiterou sua inten\u00e7\u00e3o de fortalecer a &#8220;capacidade de dissuas\u00e3o ampliada&#8221; de seu pa\u00eds. Os EUA e a Otan est\u00e3o difamando a China como uma &#8220;amea\u00e7a militar&#8221; e ao mesmo tempo, fortalecem alian\u00e7as militares com seus aliados asi\u00e1ticos, causando de fato uma amea\u00e7a de seguran\u00e7a para a regi\u00e3o da \u00c1sia-Pac\u00edfico. Isto tamb\u00e9m \u00e9 uma clara indica\u00e7\u00e3o de que os EUA est\u00e3o empurrando seus aliados da \u00c1sia-Pac\u00edfico a se unirem \u00e0 Otan para avan\u00e7ar com a chamada &#8220;Estrat\u00e9gia Indo-Pac\u00edfico&#8221; a fim de formar uma estrutura de seguran\u00e7a para conter a China.&nbsp;<\/p>\n\n\n\n<p>Entretanto, a Otan de hoje s\u00f3 est\u00e1 dando um show pol\u00edtico exagerado, com muito mais significado simb\u00f3lico do que pr\u00e1tico. Em termos de poder militar, com o fim da Guerra Fria, a Otan passou gradualmente de uma alian\u00e7a militar para uma alian\u00e7a pol\u00edtica e diplom\u00e1tica, e sua capacidade operacional geral continuou a diminuir, com muitos pa\u00edses membros tamb\u00e9m enfrentando uma escassez de fundos. Do ponto de vista da opini\u00e3o p\u00fablica, a grande maioria dos pa\u00edses da regi\u00e3o \u00c1sia-Pac\u00edfico compreende a tentativa dos EUA e da Otan de desviar o confronto para o leste, e diz firmemente &#8220;n\u00e3o&#8221; a estes atos. Por esta raz\u00e3o, o Jap\u00e3o e a Coreia do Sul precisam entender que o fracasso \u00e9 inevit\u00e1vel se n\u00e3o seguirem o caminho certo da coopera\u00e7\u00e3o \u00c1sia-Pac\u00edfico.&nbsp;<\/p>\n\n\n\n<p>Hoje em dia, a Otan parece um grupo gigante, mas na realidade est\u00e1 ficando sem for\u00e7as. Esta \u00e9 uma realidade que nenhuma atua\u00e7\u00e3o pol\u00edtica pode esconder. A regi\u00e3o da \u00c1sia-Pac\u00edfico n\u00e3o \u00e9 uma arena de batalha para grandes pot\u00eancias, e qualquer tentativa de engajamento em uma &#8220;nova guerra fria&#8221; n\u00e3o ser\u00e1 aceita pelo povo da regi\u00e3o da \u00c1sia-Pac\u00edfico, nem ser\u00e1 permitida pelos tempos.&nbsp;<\/p>\n","protected":false},"excerpt":{"rendered":"<p>Durante sua visita ao Jap\u00e3o, o secret\u00e1rio-geral da Organiza\u00e7\u00e3o do Tratado do Atl\u00e2ntico Norte (Otan), Jens Stoltenberg, emitiu nesta ter\u00e7a-feira, junto com o primeiro-ministro japon\u00eas, Fumio Kishida, uma declara\u00e7\u00e3o conjunta, anunciando as coopera\u00e7\u00f5es bilaterais em \u00e1reas de seguran\u00e7a mar\u00edtima, ciberespa\u00e7o&#8230;<\/p>\n","protected":false},"author":2,"featured_media":0,"comment_status":"open","ping_status":"open","sticky":false,"template":"","format":"standard","meta":{"footnotes":""},"categories":[7],"tags":[],"class_list":["post-506","post","type-post","status-publish","format-standard","hentry","category-visao"],"yoast_head":"<!-- This site is optimized with the Yoast SEO plugin v27.4 - https:\/\/yoast.com\/product\/yoast-seo-wordpress\/ -->\n<title>Uma Otan em decl\u00ednio n\u00e3o faria ondas na \u00c1sia-Pac\u00edfico - CRI e Diario de Pernambuco<\/title>\n<meta name=\"robots\" content=\"index, follow, max-snippet:-1, max-image-preview:large, max-video-preview:-1\" \/>\n<link rel=\"canonical\" href=\"https:\/\/diariodepe.com.br\/cri\/2023\/02\/01\/uma-otan-em-declinio-nao-faria-ondas-na-asia-pacifico\/\" \/>\n<meta property=\"og:locale\" content=\"pt_BR\" \/>\n<meta property=\"og:type\" content=\"article\" \/>\n<meta property=\"og:title\" content=\"Uma Otan em decl\u00ednio n\u00e3o faria ondas na \u00c1sia-Pac\u00edfico - CRI e Diario de Pernambuco\" \/>\n<meta property=\"og:description\" content=\"Durante sua visita ao Jap\u00e3o, o secret\u00e1rio-geral da Organiza\u00e7\u00e3o do Tratado do Atl\u00e2ntico Norte (Otan), Jens Stoltenberg, emitiu nesta ter\u00e7a-feira, junto com o primeiro-ministro japon\u00eas, Fumio Kishida, uma declara\u00e7\u00e3o conjunta, anunciando as coopera\u00e7\u00f5es bilaterais em \u00e1reas de seguran\u00e7a mar\u00edtima, ciberespa\u00e7o...\" \/>\n<meta property=\"og:url\" content=\"https:\/\/diariodepe.com.br\/cri\/2023\/02\/01\/uma-otan-em-declinio-nao-faria-ondas-na-asia-pacifico\/\" \/>\n<meta property=\"og:site_name\" content=\"CRI e Diario de Pernambuco\" \/>\n<meta property=\"article:published_time\" content=\"2023-02-02T02:13:33+00:00\" \/>\n<meta property=\"article:modified_time\" content=\"2023-02-02T02:13:34+00:00\" \/>\n<meta name=\"author\" content=\"Ismael Lucas S. Pereira\" \/>\n<meta name=\"twitter:card\" content=\"summary_large_image\" \/>\n<meta name=\"twitter:label1\" content=\"Escrito por\" \/>\n\t<meta name=\"twitter:data1\" content=\"Ismael Lucas S. Pereira\" \/>\n\t<meta name=\"twitter:label2\" content=\"Est. tempo de leitura\" \/>\n\t<meta name=\"twitter:data2\" content=\"3 minutos\" \/>\n<script type=\"application\/ld+json\" class=\"yoast-schema-graph\">{\"@context\":\"https:\\\/\\\/schema.org\",\"@graph\":[{\"@type\":\"Article\",\"@id\":\"https:\\\/\\\/diariodepe.com.br\\\/cri\\\/2023\\\/02\\\/01\\\/uma-otan-em-declinio-nao-faria-ondas-na-asia-pacifico\\\/#article\",\"isPartOf\":{\"@id\":\"https:\\\/\\\/diariodepe.com.br\\\/cri\\\/2023\\\/02\\\/01\\\/uma-otan-em-declinio-nao-faria-ondas-na-asia-pacifico\\\/\"},\"author\":{\"name\":\"Ismael Lucas S. Pereira\",\"@id\":\"https:\\\/\\\/diariodepe.com.br\\\/cri\\\/#\\\/schema\\\/person\\\/121bb28d84f1a5b1205ef4ce9c2e0c6b\"},\"headline\":\"Uma Otan em decl\u00ednio n\u00e3o faria ondas na \u00c1sia-Pac\u00edfico\",\"datePublished\":\"2023-02-02T02:13:33+00:00\",\"dateModified\":\"2023-02-02T02:13:34+00:00\",\"mainEntityOfPage\":{\"@id\":\"https:\\\/\\\/diariodepe.com.br\\\/cri\\\/2023\\\/02\\\/01\\\/uma-otan-em-declinio-nao-faria-ondas-na-asia-pacifico\\\/\"},\"wordCount\":570,\"commentCount\":0,\"publisher\":{\"@id\":\"https:\\\/\\\/diariodepe.com.br\\\/cri\\\/#organization\"},\"articleSection\":[\"Vis\u00e3o\"],\"inLanguage\":\"pt-BR\",\"potentialAction\":[{\"@type\":\"CommentAction\",\"name\":\"Comment\",\"target\":[\"https:\\\/\\\/diariodepe.com.br\\\/cri\\\/2023\\\/02\\\/01\\\/uma-otan-em-declinio-nao-faria-ondas-na-asia-pacifico\\\/#respond\"]}]},{\"@type\":\"WebPage\",\"@id\":\"https:\\\/\\\/diariodepe.com.br\\\/cri\\\/2023\\\/02\\\/01\\\/uma-otan-em-declinio-nao-faria-ondas-na-asia-pacifico\\\/\",\"url\":\"https:\\\/\\\/diariodepe.com.br\\\/cri\\\/2023\\\/02\\\/01\\\/uma-otan-em-declinio-nao-faria-ondas-na-asia-pacifico\\\/\",\"name\":\"Uma Otan em decl\u00ednio n\u00e3o faria ondas na \u00c1sia-Pac\u00edfico - CRI e Diario de Pernambuco\",\"isPartOf\":{\"@id\":\"https:\\\/\\\/diariodepe.com.br\\\/cri\\\/#website\"},\"datePublished\":\"2023-02-02T02:13:33+00:00\",\"dateModified\":\"2023-02-02T02:13:34+00:00\",\"breadcrumb\":{\"@id\":\"https:\\\/\\\/diariodepe.com.br\\\/cri\\\/2023\\\/02\\\/01\\\/uma-otan-em-declinio-nao-faria-ondas-na-asia-pacifico\\\/#breadcrumb\"},\"inLanguage\":\"pt-BR\",\"potentialAction\":[{\"@type\":\"ReadAction\",\"target\":[\"https:\\\/\\\/diariodepe.com.br\\\/cri\\\/2023\\\/02\\\/01\\\/uma-otan-em-declinio-nao-faria-ondas-na-asia-pacifico\\\/\"]}]},{\"@type\":\"BreadcrumbList\",\"@id\":\"https:\\\/\\\/diariodepe.com.br\\\/cri\\\/2023\\\/02\\\/01\\\/uma-otan-em-declinio-nao-faria-ondas-na-asia-pacifico\\\/#breadcrumb\",\"itemListElement\":[{\"@type\":\"ListItem\",\"position\":1,\"name\":\"In\u00edcio\",\"item\":\"https:\\\/\\\/diariodepe.com.br\\\/cri\\\/\"},{\"@type\":\"ListItem\",\"position\":2,\"name\":\"Uma Otan em decl\u00ednio n\u00e3o faria ondas na \u00c1sia-Pac\u00edfico\"}]},{\"@type\":\"WebSite\",\"@id\":\"https:\\\/\\\/diariodepe.com.br\\\/cri\\\/#website\",\"url\":\"https:\\\/\\\/diariodepe.com.br\\\/cri\\\/\",\"name\":\"CRI e Diario de Pernambuco\",\"description\":\"R\u00e1dio Internacional da China\",\"publisher\":{\"@id\":\"https:\\\/\\\/diariodepe.com.br\\\/cri\\\/#organization\"},\"potentialAction\":[{\"@type\":\"SearchAction\",\"target\":{\"@type\":\"EntryPoint\",\"urlTemplate\":\"https:\\\/\\\/diariodepe.com.br\\\/cri\\\/?s={search_term_string}\"},\"query-input\":{\"@type\":\"PropertyValueSpecification\",\"valueRequired\":true,\"valueName\":\"search_term_string\"}}],\"inLanguage\":\"pt-BR\"},{\"@type\":\"Organization\",\"@id\":\"https:\\\/\\\/diariodepe.com.br\\\/cri\\\/#organization\",\"name\":\"CRI e Diario de Pernambuco\",\"url\":\"https:\\\/\\\/diariodepe.com.br\\\/cri\\\/\",\"logo\":{\"@type\":\"ImageObject\",\"inLanguage\":\"pt-BR\",\"@id\":\"https:\\\/\\\/diariodepe.com.br\\\/cri\\\/#\\\/schema\\\/logo\\\/image\\\/\",\"url\":\"https:\\\/\\\/diariodepe.com.br\\\/cri\\\/wp-content\\\/uploads\\\/sites\\\/2\\\/2022\\\/12\\\/cropped-Logo.jpg\",\"contentUrl\":\"https:\\\/\\\/diariodepe.com.br\\\/cri\\\/wp-content\\\/uploads\\\/sites\\\/2\\\/2022\\\/12\\\/cropped-Logo.jpg\",\"width\":700,\"height\":59,\"caption\":\"CRI e Diario de Pernambuco\"},\"image\":{\"@id\":\"https:\\\/\\\/diariodepe.com.br\\\/cri\\\/#\\\/schema\\\/logo\\\/image\\\/\"}},{\"@type\":\"Person\",\"@id\":\"https:\\\/\\\/diariodepe.com.br\\\/cri\\\/#\\\/schema\\\/person\\\/121bb28d84f1a5b1205ef4ce9c2e0c6b\",\"name\":\"Ismael Lucas S. Pereira\",\"image\":{\"@type\":\"ImageObject\",\"inLanguage\":\"pt-BR\",\"@id\":\"https:\\\/\\\/secure.gravatar.com\\\/avatar\\\/887a0f3b5a7ceea963a48499fb883ffce6b5037362def025c52c2505b15d63e4?s=96&d=mm&r=g\",\"url\":\"https:\\\/\\\/secure.gravatar.com\\\/avatar\\\/887a0f3b5a7ceea963a48499fb883ffce6b5037362def025c52c2505b15d63e4?s=96&d=mm&r=g\",\"contentUrl\":\"https:\\\/\\\/secure.gravatar.com\\\/avatar\\\/887a0f3b5a7ceea963a48499fb883ffce6b5037362def025c52c2505b15d63e4?s=96&d=mm&r=g\",\"caption\":\"Ismael Lucas S. Pereira\"},\"url\":\"https:\\\/\\\/diariodepe.com.br\\\/cri\\\/author\\\/ismael-lucas\\\/\"}]}<\/script>\n<!-- \/ Yoast SEO plugin. -->","yoast_head_json":{"title":"Uma Otan em decl\u00ednio n\u00e3o faria ondas na \u00c1sia-Pac\u00edfico - CRI e Diario de Pernambuco","robots":{"index":"index","follow":"follow","max-snippet":"max-snippet:-1","max-image-preview":"max-image-preview:large","max-video-preview":"max-video-preview:-1"},"canonical":"https:\/\/diariodepe.com.br\/cri\/2023\/02\/01\/uma-otan-em-declinio-nao-faria-ondas-na-asia-pacifico\/","og_locale":"pt_BR","og_type":"article","og_title":"Uma Otan em decl\u00ednio n\u00e3o faria ondas na \u00c1sia-Pac\u00edfico - CRI e Diario de Pernambuco","og_description":"Durante sua visita ao Jap\u00e3o, o secret\u00e1rio-geral da Organiza\u00e7\u00e3o do Tratado do Atl\u00e2ntico Norte (Otan), Jens Stoltenberg, emitiu nesta ter\u00e7a-feira, junto com o primeiro-ministro japon\u00eas, Fumio Kishida, uma declara\u00e7\u00e3o conjunta, anunciando as coopera\u00e7\u00f5es bilaterais em \u00e1reas de seguran\u00e7a mar\u00edtima, ciberespa\u00e7o...","og_url":"https:\/\/diariodepe.com.br\/cri\/2023\/02\/01\/uma-otan-em-declinio-nao-faria-ondas-na-asia-pacifico\/","og_site_name":"CRI e Diario de Pernambuco","article_published_time":"2023-02-02T02:13:33+00:00","article_modified_time":"2023-02-02T02:13:34+00:00","author":"Ismael Lucas S. Pereira","twitter_card":"summary_large_image","twitter_misc":{"Escrito por":"Ismael Lucas S. Pereira","Est. tempo de leitura":"3 minutos"},"schema":{"@context":"https:\/\/schema.org","@graph":[{"@type":"Article","@id":"https:\/\/diariodepe.com.br\/cri\/2023\/02\/01\/uma-otan-em-declinio-nao-faria-ondas-na-asia-pacifico\/#article","isPartOf":{"@id":"https:\/\/diariodepe.com.br\/cri\/2023\/02\/01\/uma-otan-em-declinio-nao-faria-ondas-na-asia-pacifico\/"},"author":{"name":"Ismael Lucas S. Pereira","@id":"https:\/\/diariodepe.com.br\/cri\/#\/schema\/person\/121bb28d84f1a5b1205ef4ce9c2e0c6b"},"headline":"Uma Otan em decl\u00ednio n\u00e3o faria ondas na \u00c1sia-Pac\u00edfico","datePublished":"2023-02-02T02:13:33+00:00","dateModified":"2023-02-02T02:13:34+00:00","mainEntityOfPage":{"@id":"https:\/\/diariodepe.com.br\/cri\/2023\/02\/01\/uma-otan-em-declinio-nao-faria-ondas-na-asia-pacifico\/"},"wordCount":570,"commentCount":0,"publisher":{"@id":"https:\/\/diariodepe.com.br\/cri\/#organization"},"articleSection":["Vis\u00e3o"],"inLanguage":"pt-BR","potentialAction":[{"@type":"CommentAction","name":"Comment","target":["https:\/\/diariodepe.com.br\/cri\/2023\/02\/01\/uma-otan-em-declinio-nao-faria-ondas-na-asia-pacifico\/#respond"]}]},{"@type":"WebPage","@id":"https:\/\/diariodepe.com.br\/cri\/2023\/02\/01\/uma-otan-em-declinio-nao-faria-ondas-na-asia-pacifico\/","url":"https:\/\/diariodepe.com.br\/cri\/2023\/02\/01\/uma-otan-em-declinio-nao-faria-ondas-na-asia-pacifico\/","name":"Uma Otan em decl\u00ednio n\u00e3o faria ondas na \u00c1sia-Pac\u00edfico - CRI e Diario de Pernambuco","isPartOf":{"@id":"https:\/\/diariodepe.com.br\/cri\/#website"},"datePublished":"2023-02-02T02:13:33+00:00","dateModified":"2023-02-02T02:13:34+00:00","breadcrumb":{"@id":"https:\/\/diariodepe.com.br\/cri\/2023\/02\/01\/uma-otan-em-declinio-nao-faria-ondas-na-asia-pacifico\/#breadcrumb"},"inLanguage":"pt-BR","potentialAction":[{"@type":"ReadAction","target":["https:\/\/diariodepe.com.br\/cri\/2023\/02\/01\/uma-otan-em-declinio-nao-faria-ondas-na-asia-pacifico\/"]}]},{"@type":"BreadcrumbList","@id":"https:\/\/diariodepe.com.br\/cri\/2023\/02\/01\/uma-otan-em-declinio-nao-faria-ondas-na-asia-pacifico\/#breadcrumb","itemListElement":[{"@type":"ListItem","position":1,"name":"In\u00edcio","item":"https:\/\/diariodepe.com.br\/cri\/"},{"@type":"ListItem","position":2,"name":"Uma Otan em decl\u00ednio n\u00e3o faria ondas na \u00c1sia-Pac\u00edfico"}]},{"@type":"WebSite","@id":"https:\/\/diariodepe.com.br\/cri\/#website","url":"https:\/\/diariodepe.com.br\/cri\/","name":"CRI e Diario de Pernambuco","description":"R\u00e1dio Internacional da China","publisher":{"@id":"https:\/\/diariodepe.com.br\/cri\/#organization"},"potentialAction":[{"@type":"SearchAction","target":{"@type":"EntryPoint","urlTemplate":"https:\/\/diariodepe.com.br\/cri\/?s={search_term_string}"},"query-input":{"@type":"PropertyValueSpecification","valueRequired":true,"valueName":"search_term_string"}}],"inLanguage":"pt-BR"},{"@type":"Organization","@id":"https:\/\/diariodepe.com.br\/cri\/#organization","name":"CRI e Diario de Pernambuco","url":"https:\/\/diariodepe.com.br\/cri\/","logo":{"@type":"ImageObject","inLanguage":"pt-BR","@id":"https:\/\/diariodepe.com.br\/cri\/#\/schema\/logo\/image\/","url":"https:\/\/diariodepe.com.br\/cri\/wp-content\/uploads\/sites\/2\/2022\/12\/cropped-Logo.jpg","contentUrl":"https:\/\/diariodepe.com.br\/cri\/wp-content\/uploads\/sites\/2\/2022\/12\/cropped-Logo.jpg","width":700,"height":59,"caption":"CRI e Diario de Pernambuco"},"image":{"@id":"https:\/\/diariodepe.com.br\/cri\/#\/schema\/logo\/image\/"}},{"@type":"Person","@id":"https:\/\/diariodepe.com.br\/cri\/#\/schema\/person\/121bb28d84f1a5b1205ef4ce9c2e0c6b","name":"Ismael Lucas S. Pereira","image":{"@type":"ImageObject","inLanguage":"pt-BR","@id":"https:\/\/secure.gravatar.com\/avatar\/887a0f3b5a7ceea963a48499fb883ffce6b5037362def025c52c2505b15d63e4?s=96&d=mm&r=g","url":"https:\/\/secure.gravatar.com\/avatar\/887a0f3b5a7ceea963a48499fb883ffce6b5037362def025c52c2505b15d63e4?s=96&d=mm&r=g","contentUrl":"https:\/\/secure.gravatar.com\/avatar\/887a0f3b5a7ceea963a48499fb883ffce6b5037362def025c52c2505b15d63e4?s=96&d=mm&r=g","caption":"Ismael Lucas S. Pereira"},"url":"https:\/\/diariodepe.com.br\/cri\/author\/ismael-lucas\/"}]}},"cc_featured_image_caption":{"caption_text":"","source_text":"","source_url":""},"amp_enabled":true,"_links":{"self":[{"href":"https:\/\/diariodepe.com.br\/cri\/wp-json\/wp\/v2\/posts\/506","targetHints":{"allow":["GET"]}}],"collection":[{"href":"https:\/\/diariodepe.com.br\/cri\/wp-json\/wp\/v2\/posts"}],"about":[{"href":"https:\/\/diariodepe.com.br\/cri\/wp-json\/wp\/v2\/types\/post"}],"author":[{"embeddable":true,"href":"https:\/\/diariodepe.com.br\/cri\/wp-json\/wp\/v2\/users\/2"}],"replies":[{"embeddable":true,"href":"https:\/\/diariodepe.com.br\/cri\/wp-json\/wp\/v2\/comments?post=506"}],"version-history":[{"count":1,"href":"https:\/\/diariodepe.com.br\/cri\/wp-json\/wp\/v2\/posts\/506\/revisions"}],"predecessor-version":[{"id":507,"href":"https:\/\/diariodepe.com.br\/cri\/wp-json\/wp\/v2\/posts\/506\/revisions\/507"}],"wp:attachment":[{"href":"https:\/\/diariodepe.com.br\/cri\/wp-json\/wp\/v2\/media?parent=506"}],"wp:term":[{"taxonomy":"category","embeddable":true,"href":"https:\/\/diariodepe.com.br\/cri\/wp-json\/wp\/v2\/categories?post=506"},{"taxonomy":"post_tag","embeddable":true,"href":"https:\/\/diariodepe.com.br\/cri\/wp-json\/wp\/v2\/tags?post=506"}],"curies":[{"name":"wp","href":"https:\/\/api.w.org\/{rel}","templated":true}]}}