{"id":5057,"date":"2024-04-18T23:20:34","date_gmt":"2024-04-19T02:20:34","guid":{"rendered":"https:\/\/diariodepe.com.br\/cri\/?p=5057"},"modified":"2024-04-18T23:20:34","modified_gmt":"2024-04-19T02:20:34","slug":"a-importancia-da-6-a-conferencia-do-forum-de-macau-para-a-diplomacia-dos-paises-de-lingua-portuguesa","status":"publish","type":"post","link":"https:\/\/diariodepe.com.br\/cri\/2024\/04\/18\/a-importancia-da-6-a-conferencia-do-forum-de-macau-para-a-diplomacia-dos-paises-de-lingua-portuguesa\/","title":{"rendered":"A import\u00e2ncia da 6.\u00aa Confer\u00eancia do F\u00f3rum de Macau para a diplomacia dos Pa\u00edses de L\u00edngua Portuguesa"},"content":{"rendered":"<p>A sexta confer\u00eancia ministerial do F\u00f3rum para a Coopera\u00e7\u00e3o Econ\u00f3mica e Comercial entre a China e os Pa\u00edses de L\u00edngua Portuguesa (PLP) vai decorrer entre 21 e 23 de abril e inclui a assinatura do plano de a\u00e7\u00e3o do organismo, mais conhecido como F\u00f3rum de Macau, at\u00e9 2027, e o Encontro de Empres\u00e1rios da China e dos Pa\u00edses de L\u00edngua Portuguesa.<\/p>\n<p>A C\u00e2mara de Com\u00e9rcio Portugal-China, das pequenas e m\u00e9dias empresas, anunciou que, durante o evento, assinar\u00e1 tr\u00eas protocolos de coopera\u00e7\u00e3o: o primeiro, com a China Construction Sixth Engineering Bureau\u00a0e a Zhuhai Hengqin \u00c1frica Central de Consultoria Empresarial; o segundo, com o Centro de Promo\u00e7\u00e3o, Coopera\u00e7\u00e3o e Desenvolvimento das Pequenas e M\u00e9dias Empresas da China e a Zhuhai Hengqin \u00c1frica Oriental, de Consultoria Empresarial; por fim, com a Dayou Thechnology Industry (Henan) e a Zhuhai Hengqin Sinolusa de Consultoria Empresarial.<\/p>\n<p>O evento vai &#8220;identificar as principais \u00e1reas de coopera\u00e7\u00e3o econ\u00f3mica e comercial entre a China e os PLP nos pr\u00f3ximos tr\u00eas anos e dinamizar o papel de Macau enquanto plataforma de servi\u00e7os&#8221; entre a China e os pa\u00edses de l\u00edngua portuguesa.<\/p>\n<p>As exporta\u00e7\u00f5es de mercadorias dos PLP para a China atingiram 147,5 mil milh\u00f5es de d\u00f3lares (136,1 mil milh\u00f5es de euros) no ano passado, um novo recorde hist\u00f3rico.<\/p>\n<p>As exporta\u00e7\u00f5es aumentaram 6,2% em compara\u00e7\u00e3o com 2022, sobretudo devido ao maior fornecedor lus\u00f3fono do mercado chin\u00eas, o Brasil, cujas vendas subiram 11,9%, para 122,4 mil milh\u00f5es de d\u00f3lares (112,9 mil milh\u00f5es de euros), um novo m\u00e1ximo hist\u00f3rico.<\/p>\n<p>Apesar de uma ligeira queda, as exporta\u00e7\u00f5es de Angola atingiram 18,9 mil milh\u00f5es de d\u00f3lares (17,4 mil milh\u00f5es de euros), e as vendas de mercadorias de Portugal para a China,\u00a02,91 mil milh\u00f5es de d\u00f3lares (2,69 mil milh\u00f5es de euros). As exporta\u00e7\u00f5es mo\u00e7ambicanas aumentaram 33,9% para 1,79 mil milh\u00f5es de d\u00f3lares (1,65 mil milh\u00f5es de euros), tamb\u00e9m um novo recorde m\u00e1ximo, enquanto as vendas cabo-verdianas mais que triplicaram, embora apenas para um valor de 72 mil d\u00f3lares (66 mil euros). \u00a0O crescimento das exporta\u00e7\u00f5es dos PLP para a China depende sobretudo da iniciativa dos empres\u00e1rios desses pa\u00edses e do apoio dos seus governos para incentivar a chegada ao mercado chin\u00eas.<\/p>\n<p>Sem a China, a economia mundial estaria em recess\u00e3o e a economia alem\u00e3, a locomotiva da UE, e que entrou em 2024 j\u00e1 num processo recessivo, teria sofrido perdas catastr\u00f3ficas e arrastado consigo a economia europeia. Tal n\u00e3o era inevit\u00e1vel. A economia europeia e a Alemanha em particular sofreram danos severos com a pandemia, a guerra na Ucr\u00e2nia e o boicote do Acordo Global UE-China sobre o Investimento. A retomada\u00a0deste acordo podia ter evitado a queda da Europa, e a ades\u00e3o ao documento \u201cA posi\u00e7\u00e3o da China sobre a solu\u00e7\u00e3o pol\u00edtica da crise na Ucr\u00e2nia\u201d conduziria ao cessar das hostilidades e \u00e0 retomada das negocia\u00e7\u00f5es de paz.<\/p>\n<p>A China desempenha hoje um papel fundamental na negocia\u00e7\u00e3o de conflitos e na conten\u00e7\u00e3o da guerra. Neste contexto, a Confer\u00eancia Ministerial do F\u00f3rum de Macau para a diplomacia dos Pa\u00edses de L\u00edngua Portuguesa assume uma particular import\u00e2ncia. Nos \u00faltimos anos a China, o Brasil, Angola e os restantes pa\u00edses de l\u00edngua oficial portuguesa t\u00eam vindo a construir um polo comum do multilateralismo, com uma crescente influ\u00eancia na pol\u00edtica mundial, onde \u00a0Portugal pode e deve colocar-se estrategicamente.<\/p>\n<p>Entre os PLP, o Brasil foi o maior parceiro comercial chin\u00eas, com importa\u00e7\u00f5es a atingirem 59,1 mil milh\u00f5es de d\u00f3lares (54,5 mil milh\u00f5es de euros), seguido de Portugal, que comprou da China mercadorias no valor de 5,79 mil milh\u00f5es de d\u00f3lares (5,34 mil milh\u00f5es de euros).<\/p>\n<p>Ao todo, as trocas comerciais entre os pa\u00edses de l\u00edngua portuguesa e a China atingiram 220,9 mil milh\u00f5es de d\u00f3lares em 2023 (203,7 mil milh\u00f5es de euros), mais 2,8% do que no ano anterior.<\/p>\n<p>A Rep\u00fablica Popular da China registou um d\u00e9fice comercial de 74,1 mil milh\u00f5es de d\u00f3lares (68,3 mil milh\u00f5es de euros) com o grupo lus\u00f3fono no ano passado, tamb\u00e9m um novo recorde hist\u00f3rico, que desmente a ideia falaciosa de que as rela\u00e7\u00f5es comerciais com a China conduzem \u00e0 depend\u00eancia e \u00e0 domina\u00e7\u00e3o econ\u00f3mica.<\/p>\n<p><strong>A proximidade hist\u00f3rica de Macau<\/strong><\/p>\n<p>Mas a atividade do F\u00f3rum de Macau n\u00e3o se limita ao com\u00e9rcio entre a China e os pa\u00edses lus\u00f3fonos, que era pouco mais de 11 bili\u00f5es de d\u00f3lares na data de funda\u00e7\u00e3o, em 2003, e atingiu 220,9 mil milh\u00f5es de d\u00f3lares, no ano passado.<\/p>\n<p>Os investidores chineses estabeleceram nos pa\u00edses de l\u00edngua portuguesa centenas de empresas de investimento direto, tal foi o caso da Huawei, Chery, XCMG e a Gree, construindo unidades de produ\u00e7\u00e3o nestes pa\u00edses. Outras como a China Three Gorges, Fosun, PetroChina e o Banco de Constru\u00e7\u00e3o da China adquiriram e investiram em empresas dos PLP, mesmo quando a crise financeira nos EUA bloqueou os mercados financeiros. O Fundo de Coopera\u00e7\u00e3o e Desenvolvimento China &#8211; Pa\u00edses de L\u00edngua Portuguesa foi criado.<\/p>\n<p>O investimento da China nos PLP distingue-se da estrat\u00e9gia das multinacionais do denominado Ocidente, por cinco qualidades: parcerias estrat\u00e9gicas, capitaliza\u00e7\u00e3o e aumento do patrim\u00f3nio, com reinvestimento dos resultados; aus\u00eancia de despedimentos, manuten\u00e7\u00e3o das equipas de administra\u00e7\u00e3o e gest\u00e3o nacionais e orienta\u00e7\u00e3o para as necessidades do mercado dos pa\u00edses cooperantes.<\/p>\n<p>O leque dos dom\u00ednios de coopera\u00e7\u00e3o entre a China e os PLP tornou-se cada vez mais alargado. Destaque para o Centro de Forma\u00e7\u00e3o do F\u00f3rum de Macau, criado com o objetivo de preparar funcion\u00e1rios p\u00fablicos provenientes dos pa\u00edses de l\u00edngua portuguesa e a dissemina\u00e7\u00e3o dos Institutos Conf\u00facio, que tem vindo a impulsionar o interc\u00e2mbio entre as diferentes culturas e idiomas. Na China, dezenas de faculdades oferecem hoje cursos de l\u00edngua portuguesa. A Reuni\u00e3o Ministerial Extraordin\u00e1ria do F\u00f3rum\u00a0de Macau\u00a0(2022) permitiu tra\u00e7ar um plano comum de combate \u00e0 pandemia, de retomada do crescimento econ\u00f3mico e refor\u00e7ar o papel de Macau como plataforma entre a China e os PLP.<\/p>\n<p><strong>O projeto da Grande Ba\u00eda<\/strong><\/p>\n<p>A China elevou a um n\u00edvel superior o projeto do F\u00f3rum de Macau, nascido h\u00e1 mais de vinte anos, com o des\u00edgnio de fazer de Macau uma plataforma de liga\u00e7\u00e3o entre a China e os pa\u00edses de l\u00edngua portuguesa e contribuir para a diversifica\u00e7\u00e3o da economia da Regi\u00e3o Administrativa Especial de Macau, quando em 2019, anunciou o plano de desenvolvimento da \u00c1rea da Grande Ba\u00eda Guangdong-Hong Kong-Macau.\u00a0Das onze cidades envolvidas, quatro foram destacadas para liderar, as core cities\u00a0deste plano de desenvolvimento: Guangzhou, Shenzhen, capital tecnol\u00f3gica n\u00e3o s\u00f3 da China mas tamb\u00e9m do mundo, Hong Kong e Macau. Um sistema gigante de grandes pontes vi\u00e1rias e ferrovi\u00e1rias, integradas com modernos aeroportos, a IA a comandar os grandes portos, a descarboniza\u00e7\u00e3o dos transportes, j\u00e1 hoje s\u00e3o realidades.<\/p>\n<p>Em Portugal, na atual conjuntura pol\u00edtica, ganharam relev\u00e2ncia duas not\u00edcias, que a C\u00e2mara de Com\u00e9rcio e Ind\u00fastria Luso-Chinesa\u00a0(CCILC)\u00a0colocou em evid\u00eancia:<\/p>\n<p>A entrevista de Jos\u00e9 Ces\u00e1rio, o secret\u00e1rio de Estado das Comunidades do novo Governo rec\u00e9m-eleito de Portugal liderado por Lu\u00eds Montenegro, ao afirmar que a proximidade com Macau \u00e9 prioridade, sublinhando a necessidade de dar aten\u00e7\u00e3o \u00e0 qualidade dos servi\u00e7os consulares e ao funcionamento da Escola Portuguesa. Falando de Macau, Jos\u00e9 Ces\u00e1rio afirmou ainda ser um local especial onde se sente a portugalidade e o amor a Portugal, sublinhando ent\u00e3o que o estabelecimento de uma rela\u00e7\u00e3o de proximidade ser\u00e1 uma prioridade governativa.<\/p>\n<p>A CCILC destaca tamb\u00e9m a entrevista \u00e0 ag\u00eancia Lusa do presidente do Instituto de Engenharia de Sistemas e Computadores, Tecnologia e Ci\u00eancia (INESC), Arlindo Oliveira, professor catedr\u00e1tico da mais prestigiada universidade t\u00e9cnica do pa\u00eds\u00a0&#8211; o\u00a0Instituto Superior T\u00e9cnico, que afirma: haver\u00e1 uma redu\u00e7\u00e3o da concorr\u00eancia e da qualidade de servi\u00e7os prestados se as companhias chinesas continuarem sobre ataque dos Estados Unidos e da Uni\u00e3o Europeia, \u00a0e avisa que &#8220;uma tentativa de isolamento da China s\u00f3 vai contribuir para piorar as rela\u00e7\u00f5es entre o Ocidente e a China&#8221;.<\/p>\n<p>O professor e investigador valoriza a liga\u00e7\u00e3o hist\u00f3rica de Portugal a Macau, e sublinha que o pa\u00eds &#8220;devia ter uma responsabilidade especial na manuten\u00e7\u00e3o de canais abertos com Macau e, atrav\u00e9s de Macau, com a parte continental da China, e n\u00e3o devia estar entre os pa\u00edses mais agressivos nesta componente de limitar a tecnologia chinesa&#8221;.<\/p>\n<p>E assume a cr\u00edtica frontal \u00e0 mentalidade da guerra fria. \u201cAt\u00e9 porque tentar excluir a China do mercado central \u00e9 estar a partir o mundo em dois e partir em dois \u00e9 mau do ponto de vista pol\u00edtico e da defesa dos direitos humanos, \u00e9 mau de um ponto de vista econ\u00f3mico e, acima de tudo, \u00e9 mau de um ponto de vista estrat\u00e9gico&#8221;, argumenta, recordando que o mundo j\u00e1 viveu partido em dois. &#8220;Viver no mundo partido em dois, numa altura em que a tecnologia \u00e9 o que \u00e9, em que as armas nucleares s\u00e3o o que s\u00e3o, em que a manipula\u00e7\u00e3o social atrav\u00e9s de tecnologia \u00e9 o que \u00e9 (&#8230;), \u00e9 muito perigoso e acho que a evolu\u00e7\u00e3o positiva que houve quando acabou a Guerra Fria estamos agora em riscos de inverter&#8221;&#8230;<\/p>\n<p>E conclui, &#8220;tanto a China como os Estados Unidos est\u00e3o muito \u00e0 frente nestas tecnologias (IA\u2026) e a Europa est\u00e1 a correr um bocadinho atr\u00e1s e s\u00f3 n\u00e3o usamos mais tecnologia chinesa por raz\u00f5es geopol\u00edticas.\u201d<\/p>\n<p>Finalmente, queremos destacar a recente visita do presidente angolano, Jo\u00e3o Louren\u00e7o, \u00e0 China, e a entrevista que concedeu ao Grupo de M\u00eddia da China onde se dirigiu \u00e0 comunidade internacional e, falando em portugu\u00eas, aos PLP, o presidente de Angola evidenciou a coopera\u00e7\u00e3o da China, durante os \u00faltimos vinte anos, que permitiu reconstruir as infraestruturas destru\u00eddas pela guerra e o seu apoio \u00e0 diversifica\u00e7\u00e3o e moderniza\u00e7\u00e3o da atividade econ\u00f3mica, tal como a abertura do mercado chin\u00eas \u00e0s exporta\u00e7\u00f5es de Angola, representando hoje 18% das trocas comerciais dos PLP, logo ap\u00f3s as 75% do Brasil, enfatizando finalmente a pol\u00edtica internacional da China\u00a0como defensora da paz e do desenvolvimento sustent\u00e1vel de toda a humanidade.<\/p>\n<p class=\"photo_img_20190808\" data-spm-anchor-id=\"0.0.0.i1\">\n<p>Por Ant\u00f4nio dos Santos Queir\u00f3s, professor e investigador, Universidade de Lisboa<\/p>\n","protected":false},"excerpt":{"rendered":"<p>A sexta confer\u00eancia ministerial do F\u00f3rum para a Coopera\u00e7\u00e3o Econ\u00f3mica e Comercial entre a China e os Pa\u00edses de L\u00edngua Portuguesa (PLP) vai decorrer entre 21 e 23 de abril e inclui a assinatura do plano de a\u00e7\u00e3o do organismo,&#8230;<\/p>\n","protected":false},"author":2,"featured_media":5058,"comment_status":"open","ping_status":"open","sticky":false,"template":"","format":"standard","meta":{"footnotes":""},"categories":[7],"tags":[],"class_list":["post-5057","post","type-post","status-publish","format-standard","has-post-thumbnail","hentry","category-visao"],"yoast_head":"<!-- This site is optimized with the Yoast SEO plugin v27.4 - https:\/\/yoast.com\/product\/yoast-seo-wordpress\/ -->\n<title>A import\u00e2ncia da 6.\u00aa Confer\u00eancia do F\u00f3rum de Macau para a diplomacia dos Pa\u00edses de L\u00edngua Portuguesa - CRI e Diario de Pernambuco<\/title>\n<meta name=\"robots\" content=\"index, follow, max-snippet:-1, max-image-preview:large, max-video-preview:-1\" \/>\n<link rel=\"canonical\" href=\"https:\/\/diariodepe.com.br\/cri\/2024\/04\/18\/a-importancia-da-6-a-conferencia-do-forum-de-macau-para-a-diplomacia-dos-paises-de-lingua-portuguesa\/\" \/>\n<meta property=\"og:locale\" content=\"pt_BR\" \/>\n<meta property=\"og:type\" content=\"article\" \/>\n<meta property=\"og:title\" content=\"A import\u00e2ncia da 6.\u00aa Confer\u00eancia do F\u00f3rum de Macau para a diplomacia dos Pa\u00edses de L\u00edngua Portuguesa - CRI e Diario de Pernambuco\" \/>\n<meta property=\"og:description\" content=\"A sexta confer\u00eancia ministerial do F\u00f3rum para a Coopera\u00e7\u00e3o Econ\u00f3mica e Comercial entre a China e os Pa\u00edses de L\u00edngua Portuguesa (PLP) vai decorrer entre 21 e 23 de abril e inclui a assinatura do plano de a\u00e7\u00e3o do organismo,...\" \/>\n<meta property=\"og:url\" content=\"https:\/\/diariodepe.com.br\/cri\/2024\/04\/18\/a-importancia-da-6-a-conferencia-do-forum-de-macau-para-a-diplomacia-dos-paises-de-lingua-portuguesa\/\" \/>\n<meta property=\"og:site_name\" content=\"CRI e Diario de Pernambuco\" \/>\n<meta property=\"article:published_time\" content=\"2024-04-19T02:20:34+00:00\" \/>\n<meta property=\"og:image\" content=\"https:\/\/diariodepe.com.br\/cri\/wp-content\/uploads\/sites\/2\/2024\/04\/2024041910035974474.jpg\" \/>\n\t<meta property=\"og:image:width\" content=\"1170\" \/>\n\t<meta property=\"og:image:height\" content=\"500\" \/>\n\t<meta property=\"og:image:type\" content=\"image\/jpeg\" \/>\n<meta name=\"author\" content=\"Ismael Lucas S. Pereira\" \/>\n<meta name=\"twitter:card\" content=\"summary_large_image\" \/>\n<meta name=\"twitter:label1\" content=\"Escrito por\" \/>\n\t<meta name=\"twitter:data1\" content=\"Ismael Lucas S. Pereira\" \/>\n\t<meta name=\"twitter:label2\" content=\"Est. tempo de leitura\" \/>\n\t<meta name=\"twitter:data2\" content=\"9 minutos\" \/>\n<script type=\"application\/ld+json\" class=\"yoast-schema-graph\">{\"@context\":\"https:\\\/\\\/schema.org\",\"@graph\":[{\"@type\":\"Article\",\"@id\":\"https:\\\/\\\/diariodepe.com.br\\\/cri\\\/2024\\\/04\\\/18\\\/a-importancia-da-6-a-conferencia-do-forum-de-macau-para-a-diplomacia-dos-paises-de-lingua-portuguesa\\\/#article\",\"isPartOf\":{\"@id\":\"https:\\\/\\\/diariodepe.com.br\\\/cri\\\/2024\\\/04\\\/18\\\/a-importancia-da-6-a-conferencia-do-forum-de-macau-para-a-diplomacia-dos-paises-de-lingua-portuguesa\\\/\"},\"author\":{\"name\":\"Ismael Lucas S. Pereira\",\"@id\":\"https:\\\/\\\/diariodepe.com.br\\\/cri\\\/#\\\/schema\\\/person\\\/121bb28d84f1a5b1205ef4ce9c2e0c6b\"},\"headline\":\"A import\u00e2ncia da 6.\u00aa Confer\u00eancia do F\u00f3rum de Macau para a diplomacia dos Pa\u00edses de L\u00edngua Portuguesa\",\"datePublished\":\"2024-04-19T02:20:34+00:00\",\"mainEntityOfPage\":{\"@id\":\"https:\\\/\\\/diariodepe.com.br\\\/cri\\\/2024\\\/04\\\/18\\\/a-importancia-da-6-a-conferencia-do-forum-de-macau-para-a-diplomacia-dos-paises-de-lingua-portuguesa\\\/\"},\"wordCount\":1828,\"commentCount\":0,\"publisher\":{\"@id\":\"https:\\\/\\\/diariodepe.com.br\\\/cri\\\/#organization\"},\"image\":{\"@id\":\"https:\\\/\\\/diariodepe.com.br\\\/cri\\\/2024\\\/04\\\/18\\\/a-importancia-da-6-a-conferencia-do-forum-de-macau-para-a-diplomacia-dos-paises-de-lingua-portuguesa\\\/#primaryimage\"},\"thumbnailUrl\":\"https:\\\/\\\/diariodepe.com.br\\\/cri\\\/wp-content\\\/uploads\\\/sites\\\/2\\\/2024\\\/04\\\/2024041910035974474.jpg\",\"articleSection\":[\"Vis\u00e3o\"],\"inLanguage\":\"pt-BR\",\"potentialAction\":[{\"@type\":\"CommentAction\",\"name\":\"Comment\",\"target\":[\"https:\\\/\\\/diariodepe.com.br\\\/cri\\\/2024\\\/04\\\/18\\\/a-importancia-da-6-a-conferencia-do-forum-de-macau-para-a-diplomacia-dos-paises-de-lingua-portuguesa\\\/#respond\"]}]},{\"@type\":\"WebPage\",\"@id\":\"https:\\\/\\\/diariodepe.com.br\\\/cri\\\/2024\\\/04\\\/18\\\/a-importancia-da-6-a-conferencia-do-forum-de-macau-para-a-diplomacia-dos-paises-de-lingua-portuguesa\\\/\",\"url\":\"https:\\\/\\\/diariodepe.com.br\\\/cri\\\/2024\\\/04\\\/18\\\/a-importancia-da-6-a-conferencia-do-forum-de-macau-para-a-diplomacia-dos-paises-de-lingua-portuguesa\\\/\",\"name\":\"A import\u00e2ncia da 6.\u00aa Confer\u00eancia do F\u00f3rum de Macau para a diplomacia dos Pa\u00edses de L\u00edngua Portuguesa - CRI e Diario de Pernambuco\",\"isPartOf\":{\"@id\":\"https:\\\/\\\/diariodepe.com.br\\\/cri\\\/#website\"},\"primaryImageOfPage\":{\"@id\":\"https:\\\/\\\/diariodepe.com.br\\\/cri\\\/2024\\\/04\\\/18\\\/a-importancia-da-6-a-conferencia-do-forum-de-macau-para-a-diplomacia-dos-paises-de-lingua-portuguesa\\\/#primaryimage\"},\"image\":{\"@id\":\"https:\\\/\\\/diariodepe.com.br\\\/cri\\\/2024\\\/04\\\/18\\\/a-importancia-da-6-a-conferencia-do-forum-de-macau-para-a-diplomacia-dos-paises-de-lingua-portuguesa\\\/#primaryimage\"},\"thumbnailUrl\":\"https:\\\/\\\/diariodepe.com.br\\\/cri\\\/wp-content\\\/uploads\\\/sites\\\/2\\\/2024\\\/04\\\/2024041910035974474.jpg\",\"datePublished\":\"2024-04-19T02:20:34+00:00\",\"breadcrumb\":{\"@id\":\"https:\\\/\\\/diariodepe.com.br\\\/cri\\\/2024\\\/04\\\/18\\\/a-importancia-da-6-a-conferencia-do-forum-de-macau-para-a-diplomacia-dos-paises-de-lingua-portuguesa\\\/#breadcrumb\"},\"inLanguage\":\"pt-BR\",\"potentialAction\":[{\"@type\":\"ReadAction\",\"target\":[\"https:\\\/\\\/diariodepe.com.br\\\/cri\\\/2024\\\/04\\\/18\\\/a-importancia-da-6-a-conferencia-do-forum-de-macau-para-a-diplomacia-dos-paises-de-lingua-portuguesa\\\/\"]}]},{\"@type\":\"ImageObject\",\"inLanguage\":\"pt-BR\",\"@id\":\"https:\\\/\\\/diariodepe.com.br\\\/cri\\\/2024\\\/04\\\/18\\\/a-importancia-da-6-a-conferencia-do-forum-de-macau-para-a-diplomacia-dos-paises-de-lingua-portuguesa\\\/#primaryimage\",\"url\":\"https:\\\/\\\/diariodepe.com.br\\\/cri\\\/wp-content\\\/uploads\\\/sites\\\/2\\\/2024\\\/04\\\/2024041910035974474.jpg\",\"contentUrl\":\"https:\\\/\\\/diariodepe.com.br\\\/cri\\\/wp-content\\\/uploads\\\/sites\\\/2\\\/2024\\\/04\\\/2024041910035974474.jpg\",\"width\":1170,\"height\":500},{\"@type\":\"BreadcrumbList\",\"@id\":\"https:\\\/\\\/diariodepe.com.br\\\/cri\\\/2024\\\/04\\\/18\\\/a-importancia-da-6-a-conferencia-do-forum-de-macau-para-a-diplomacia-dos-paises-de-lingua-portuguesa\\\/#breadcrumb\",\"itemListElement\":[{\"@type\":\"ListItem\",\"position\":1,\"name\":\"In\u00edcio\",\"item\":\"https:\\\/\\\/diariodepe.com.br\\\/cri\\\/\"},{\"@type\":\"ListItem\",\"position\":2,\"name\":\"A import\u00e2ncia da 6.\u00aa Confer\u00eancia do F\u00f3rum de Macau para a diplomacia dos Pa\u00edses de L\u00edngua Portuguesa\"}]},{\"@type\":\"WebSite\",\"@id\":\"https:\\\/\\\/diariodepe.com.br\\\/cri\\\/#website\",\"url\":\"https:\\\/\\\/diariodepe.com.br\\\/cri\\\/\",\"name\":\"CRI e Diario de Pernambuco\",\"description\":\"R\u00e1dio Internacional da China\",\"publisher\":{\"@id\":\"https:\\\/\\\/diariodepe.com.br\\\/cri\\\/#organization\"},\"potentialAction\":[{\"@type\":\"SearchAction\",\"target\":{\"@type\":\"EntryPoint\",\"urlTemplate\":\"https:\\\/\\\/diariodepe.com.br\\\/cri\\\/?s={search_term_string}\"},\"query-input\":{\"@type\":\"PropertyValueSpecification\",\"valueRequired\":true,\"valueName\":\"search_term_string\"}}],\"inLanguage\":\"pt-BR\"},{\"@type\":\"Organization\",\"@id\":\"https:\\\/\\\/diariodepe.com.br\\\/cri\\\/#organization\",\"name\":\"CRI e Diario de Pernambuco\",\"url\":\"https:\\\/\\\/diariodepe.com.br\\\/cri\\\/\",\"logo\":{\"@type\":\"ImageObject\",\"inLanguage\":\"pt-BR\",\"@id\":\"https:\\\/\\\/diariodepe.com.br\\\/cri\\\/#\\\/schema\\\/logo\\\/image\\\/\",\"url\":\"https:\\\/\\\/diariodepe.com.br\\\/cri\\\/wp-content\\\/uploads\\\/sites\\\/2\\\/2022\\\/12\\\/cropped-Logo.jpg\",\"contentUrl\":\"https:\\\/\\\/diariodepe.com.br\\\/cri\\\/wp-content\\\/uploads\\\/sites\\\/2\\\/2022\\\/12\\\/cropped-Logo.jpg\",\"width\":700,\"height\":59,\"caption\":\"CRI e Diario de Pernambuco\"},\"image\":{\"@id\":\"https:\\\/\\\/diariodepe.com.br\\\/cri\\\/#\\\/schema\\\/logo\\\/image\\\/\"}},{\"@type\":\"Person\",\"@id\":\"https:\\\/\\\/diariodepe.com.br\\\/cri\\\/#\\\/schema\\\/person\\\/121bb28d84f1a5b1205ef4ce9c2e0c6b\",\"name\":\"Ismael Lucas S. Pereira\",\"image\":{\"@type\":\"ImageObject\",\"inLanguage\":\"pt-BR\",\"@id\":\"https:\\\/\\\/secure.gravatar.com\\\/avatar\\\/887a0f3b5a7ceea963a48499fb883ffce6b5037362def025c52c2505b15d63e4?s=96&d=mm&r=g\",\"url\":\"https:\\\/\\\/secure.gravatar.com\\\/avatar\\\/887a0f3b5a7ceea963a48499fb883ffce6b5037362def025c52c2505b15d63e4?s=96&d=mm&r=g\",\"contentUrl\":\"https:\\\/\\\/secure.gravatar.com\\\/avatar\\\/887a0f3b5a7ceea963a48499fb883ffce6b5037362def025c52c2505b15d63e4?s=96&d=mm&r=g\",\"caption\":\"Ismael Lucas S. Pereira\"},\"url\":\"https:\\\/\\\/diariodepe.com.br\\\/cri\\\/author\\\/ismael-lucas\\\/\"}]}<\/script>\n<!-- \/ Yoast SEO plugin. -->","yoast_head_json":{"title":"A import\u00e2ncia da 6.\u00aa Confer\u00eancia do F\u00f3rum de Macau para a diplomacia dos Pa\u00edses de L\u00edngua Portuguesa - CRI e Diario de Pernambuco","robots":{"index":"index","follow":"follow","max-snippet":"max-snippet:-1","max-image-preview":"max-image-preview:large","max-video-preview":"max-video-preview:-1"},"canonical":"https:\/\/diariodepe.com.br\/cri\/2024\/04\/18\/a-importancia-da-6-a-conferencia-do-forum-de-macau-para-a-diplomacia-dos-paises-de-lingua-portuguesa\/","og_locale":"pt_BR","og_type":"article","og_title":"A import\u00e2ncia da 6.\u00aa Confer\u00eancia do F\u00f3rum de Macau para a diplomacia dos Pa\u00edses de L\u00edngua Portuguesa - CRI e Diario de Pernambuco","og_description":"A sexta confer\u00eancia ministerial do F\u00f3rum para a Coopera\u00e7\u00e3o Econ\u00f3mica e Comercial entre a China e os Pa\u00edses de L\u00edngua Portuguesa (PLP) vai decorrer entre 21 e 23 de abril e inclui a assinatura do plano de a\u00e7\u00e3o do organismo,...","og_url":"https:\/\/diariodepe.com.br\/cri\/2024\/04\/18\/a-importancia-da-6-a-conferencia-do-forum-de-macau-para-a-diplomacia-dos-paises-de-lingua-portuguesa\/","og_site_name":"CRI e Diario de Pernambuco","article_published_time":"2024-04-19T02:20:34+00:00","og_image":[{"width":1170,"height":500,"url":"https:\/\/diariodepe.com.br\/cri\/wp-content\/uploads\/sites\/2\/2024\/04\/2024041910035974474.jpg","type":"image\/jpeg"}],"author":"Ismael Lucas S. Pereira","twitter_card":"summary_large_image","twitter_misc":{"Escrito por":"Ismael Lucas S. Pereira","Est. tempo de leitura":"9 minutos"},"schema":{"@context":"https:\/\/schema.org","@graph":[{"@type":"Article","@id":"https:\/\/diariodepe.com.br\/cri\/2024\/04\/18\/a-importancia-da-6-a-conferencia-do-forum-de-macau-para-a-diplomacia-dos-paises-de-lingua-portuguesa\/#article","isPartOf":{"@id":"https:\/\/diariodepe.com.br\/cri\/2024\/04\/18\/a-importancia-da-6-a-conferencia-do-forum-de-macau-para-a-diplomacia-dos-paises-de-lingua-portuguesa\/"},"author":{"name":"Ismael Lucas S. Pereira","@id":"https:\/\/diariodepe.com.br\/cri\/#\/schema\/person\/121bb28d84f1a5b1205ef4ce9c2e0c6b"},"headline":"A import\u00e2ncia da 6.\u00aa Confer\u00eancia do F\u00f3rum de Macau para a diplomacia dos Pa\u00edses de L\u00edngua Portuguesa","datePublished":"2024-04-19T02:20:34+00:00","mainEntityOfPage":{"@id":"https:\/\/diariodepe.com.br\/cri\/2024\/04\/18\/a-importancia-da-6-a-conferencia-do-forum-de-macau-para-a-diplomacia-dos-paises-de-lingua-portuguesa\/"},"wordCount":1828,"commentCount":0,"publisher":{"@id":"https:\/\/diariodepe.com.br\/cri\/#organization"},"image":{"@id":"https:\/\/diariodepe.com.br\/cri\/2024\/04\/18\/a-importancia-da-6-a-conferencia-do-forum-de-macau-para-a-diplomacia-dos-paises-de-lingua-portuguesa\/#primaryimage"},"thumbnailUrl":"https:\/\/diariodepe.com.br\/cri\/wp-content\/uploads\/sites\/2\/2024\/04\/2024041910035974474.jpg","articleSection":["Vis\u00e3o"],"inLanguage":"pt-BR","potentialAction":[{"@type":"CommentAction","name":"Comment","target":["https:\/\/diariodepe.com.br\/cri\/2024\/04\/18\/a-importancia-da-6-a-conferencia-do-forum-de-macau-para-a-diplomacia-dos-paises-de-lingua-portuguesa\/#respond"]}]},{"@type":"WebPage","@id":"https:\/\/diariodepe.com.br\/cri\/2024\/04\/18\/a-importancia-da-6-a-conferencia-do-forum-de-macau-para-a-diplomacia-dos-paises-de-lingua-portuguesa\/","url":"https:\/\/diariodepe.com.br\/cri\/2024\/04\/18\/a-importancia-da-6-a-conferencia-do-forum-de-macau-para-a-diplomacia-dos-paises-de-lingua-portuguesa\/","name":"A import\u00e2ncia da 6.\u00aa Confer\u00eancia do F\u00f3rum de Macau para a diplomacia dos Pa\u00edses de L\u00edngua Portuguesa - CRI e Diario de Pernambuco","isPartOf":{"@id":"https:\/\/diariodepe.com.br\/cri\/#website"},"primaryImageOfPage":{"@id":"https:\/\/diariodepe.com.br\/cri\/2024\/04\/18\/a-importancia-da-6-a-conferencia-do-forum-de-macau-para-a-diplomacia-dos-paises-de-lingua-portuguesa\/#primaryimage"},"image":{"@id":"https:\/\/diariodepe.com.br\/cri\/2024\/04\/18\/a-importancia-da-6-a-conferencia-do-forum-de-macau-para-a-diplomacia-dos-paises-de-lingua-portuguesa\/#primaryimage"},"thumbnailUrl":"https:\/\/diariodepe.com.br\/cri\/wp-content\/uploads\/sites\/2\/2024\/04\/2024041910035974474.jpg","datePublished":"2024-04-19T02:20:34+00:00","breadcrumb":{"@id":"https:\/\/diariodepe.com.br\/cri\/2024\/04\/18\/a-importancia-da-6-a-conferencia-do-forum-de-macau-para-a-diplomacia-dos-paises-de-lingua-portuguesa\/#breadcrumb"},"inLanguage":"pt-BR","potentialAction":[{"@type":"ReadAction","target":["https:\/\/diariodepe.com.br\/cri\/2024\/04\/18\/a-importancia-da-6-a-conferencia-do-forum-de-macau-para-a-diplomacia-dos-paises-de-lingua-portuguesa\/"]}]},{"@type":"ImageObject","inLanguage":"pt-BR","@id":"https:\/\/diariodepe.com.br\/cri\/2024\/04\/18\/a-importancia-da-6-a-conferencia-do-forum-de-macau-para-a-diplomacia-dos-paises-de-lingua-portuguesa\/#primaryimage","url":"https:\/\/diariodepe.com.br\/cri\/wp-content\/uploads\/sites\/2\/2024\/04\/2024041910035974474.jpg","contentUrl":"https:\/\/diariodepe.com.br\/cri\/wp-content\/uploads\/sites\/2\/2024\/04\/2024041910035974474.jpg","width":1170,"height":500},{"@type":"BreadcrumbList","@id":"https:\/\/diariodepe.com.br\/cri\/2024\/04\/18\/a-importancia-da-6-a-conferencia-do-forum-de-macau-para-a-diplomacia-dos-paises-de-lingua-portuguesa\/#breadcrumb","itemListElement":[{"@type":"ListItem","position":1,"name":"In\u00edcio","item":"https:\/\/diariodepe.com.br\/cri\/"},{"@type":"ListItem","position":2,"name":"A import\u00e2ncia da 6.\u00aa Confer\u00eancia do F\u00f3rum de Macau para a diplomacia dos Pa\u00edses de L\u00edngua Portuguesa"}]},{"@type":"WebSite","@id":"https:\/\/diariodepe.com.br\/cri\/#website","url":"https:\/\/diariodepe.com.br\/cri\/","name":"CRI e Diario de Pernambuco","description":"R\u00e1dio Internacional da China","publisher":{"@id":"https:\/\/diariodepe.com.br\/cri\/#organization"},"potentialAction":[{"@type":"SearchAction","target":{"@type":"EntryPoint","urlTemplate":"https:\/\/diariodepe.com.br\/cri\/?s={search_term_string}"},"query-input":{"@type":"PropertyValueSpecification","valueRequired":true,"valueName":"search_term_string"}}],"inLanguage":"pt-BR"},{"@type":"Organization","@id":"https:\/\/diariodepe.com.br\/cri\/#organization","name":"CRI e Diario de Pernambuco","url":"https:\/\/diariodepe.com.br\/cri\/","logo":{"@type":"ImageObject","inLanguage":"pt-BR","@id":"https:\/\/diariodepe.com.br\/cri\/#\/schema\/logo\/image\/","url":"https:\/\/diariodepe.com.br\/cri\/wp-content\/uploads\/sites\/2\/2022\/12\/cropped-Logo.jpg","contentUrl":"https:\/\/diariodepe.com.br\/cri\/wp-content\/uploads\/sites\/2\/2022\/12\/cropped-Logo.jpg","width":700,"height":59,"caption":"CRI e Diario de Pernambuco"},"image":{"@id":"https:\/\/diariodepe.com.br\/cri\/#\/schema\/logo\/image\/"}},{"@type":"Person","@id":"https:\/\/diariodepe.com.br\/cri\/#\/schema\/person\/121bb28d84f1a5b1205ef4ce9c2e0c6b","name":"Ismael Lucas S. Pereira","image":{"@type":"ImageObject","inLanguage":"pt-BR","@id":"https:\/\/secure.gravatar.com\/avatar\/887a0f3b5a7ceea963a48499fb883ffce6b5037362def025c52c2505b15d63e4?s=96&d=mm&r=g","url":"https:\/\/secure.gravatar.com\/avatar\/887a0f3b5a7ceea963a48499fb883ffce6b5037362def025c52c2505b15d63e4?s=96&d=mm&r=g","contentUrl":"https:\/\/secure.gravatar.com\/avatar\/887a0f3b5a7ceea963a48499fb883ffce6b5037362def025c52c2505b15d63e4?s=96&d=mm&r=g","caption":"Ismael Lucas S. Pereira"},"url":"https:\/\/diariodepe.com.br\/cri\/author\/ismael-lucas\/"}]}},"cc_featured_image_caption":{"caption_text":false,"source_text":false,"source_url":false},"amp_enabled":true,"_links":{"self":[{"href":"https:\/\/diariodepe.com.br\/cri\/wp-json\/wp\/v2\/posts\/5057","targetHints":{"allow":["GET"]}}],"collection":[{"href":"https:\/\/diariodepe.com.br\/cri\/wp-json\/wp\/v2\/posts"}],"about":[{"href":"https:\/\/diariodepe.com.br\/cri\/wp-json\/wp\/v2\/types\/post"}],"author":[{"embeddable":true,"href":"https:\/\/diariodepe.com.br\/cri\/wp-json\/wp\/v2\/users\/2"}],"replies":[{"embeddable":true,"href":"https:\/\/diariodepe.com.br\/cri\/wp-json\/wp\/v2\/comments?post=5057"}],"version-history":[{"count":1,"href":"https:\/\/diariodepe.com.br\/cri\/wp-json\/wp\/v2\/posts\/5057\/revisions"}],"predecessor-version":[{"id":5059,"href":"https:\/\/diariodepe.com.br\/cri\/wp-json\/wp\/v2\/posts\/5057\/revisions\/5059"}],"wp:featuredmedia":[{"embeddable":true,"href":"https:\/\/diariodepe.com.br\/cri\/wp-json\/wp\/v2\/media\/5058"}],"wp:attachment":[{"href":"https:\/\/diariodepe.com.br\/cri\/wp-json\/wp\/v2\/media?parent=5057"}],"wp:term":[{"taxonomy":"category","embeddable":true,"href":"https:\/\/diariodepe.com.br\/cri\/wp-json\/wp\/v2\/categories?post=5057"},{"taxonomy":"post_tag","embeddable":true,"href":"https:\/\/diariodepe.com.br\/cri\/wp-json\/wp\/v2\/tags?post=5057"}],"curies":[{"name":"wp","href":"https:\/\/api.w.org\/{rel}","templated":true}]}}