{"id":5048,"date":"2024-04-17T23:02:38","date_gmt":"2024-04-18T02:02:38","guid":{"rendered":"https:\/\/diariodepe.com.br\/cri\/?p=5048"},"modified":"2024-04-17T23:02:38","modified_gmt":"2024-04-18T02:02:38","slug":"consenso-entre-china-e-alemanha-e-resposta-eficaz-ao-barulho-do-ocidente","status":"publish","type":"post","link":"https:\/\/diariodepe.com.br\/cri\/2024\/04\/17\/consenso-entre-china-e-alemanha-e-resposta-eficaz-ao-barulho-do-ocidente\/","title":{"rendered":"Consenso entre China e Alemanha \u00e9 resposta eficaz ao &#8220;barulho&#8221; do Ocidente"},"content":{"rendered":"<p>Tr\u00eas cidades em tr\u00eas dias, tr\u00eas ministros e um grupo de CEOs de grandes empresas alem\u00e3s, como Siemens, BMW e Mercedes-Benz, al\u00e9m de visitas a v\u00e1rias empresas com foco em inova\u00e7\u00e3o e coopera\u00e7\u00e3o &#8211; a viagem do chanceler alem\u00e3o, Olaf Scholz, \u00e0 China atraiu a aten\u00e7\u00e3o do Ocidente.<\/p>\n<p>No \u00faltimo dia de sua visita, Scholz se reuniu com o presidente Xi Jinping. O l\u00edder chin\u00eas enfatizou que n\u00e3o h\u00e1 conflito de interesses fundamentais entre a China e a Alemanha, e que nenhum dos lados representa uma amea\u00e7a \u00e0 seguran\u00e7a do outro. A coopera\u00e7\u00e3o China-Alemanha mutuamente ben\u00e9fica n\u00e3o \u00e9 um &#8220;risco&#8221;, mas uma garantia para a estabilidade das rela\u00e7\u00f5es e uma oportunidade de moldar o futuro.<\/p>\n<p>Scholz disse que a Alemanha est\u00e1 disposta a fortalecer ainda mais as rela\u00e7\u00f5es com a China, aprofundar os di\u00e1logos bilaterais e a coopera\u00e7\u00e3o em v\u00e1rios campos e promover o interc\u00e2mbio interpessoal em educa\u00e7\u00e3o, cultura e outros setores, o que \u00e9 de grande import\u00e2ncia para ambos os pa\u00edses, bem como para o mundo inteiro.<\/p>\n<p>Este ano marca os 10 anos do estabelecimento da parceria estrat\u00e9gica abrangente entre a China e a Alemanha. As rela\u00e7\u00f5es sino-alem\u00e3s est\u00e3o h\u00e1 muito tempo na vanguarda das rela\u00e7\u00f5es da China com os pa\u00edses ocidentais. Os l\u00edderes de ambos os lados mant\u00eam uma comunica\u00e7\u00e3o estreita. As consultas governamentais e os di\u00e1logos de alto n\u00edvel em \u00e1reas como estrat\u00e9gia e finan\u00e7as funcionam de forma efetiva. Tudo isso garante a base da coopera\u00e7\u00e3o cont\u00ednua entre as duas na\u00e7\u00f5es e tamb\u00e9m promove o desenvolvimento est\u00e1vel das rela\u00e7\u00f5es China-Europa.<\/p>\n<p>O cen\u00e1rio geopol\u00edtico global passou por profundas mudan\u00e7as nos \u00faltimos anos. As rela\u00e7\u00f5es sino-alem\u00e3s tamb\u00e9m foram postas \u00e0 prova. Influenciados pela pol\u00edtica de conten\u00e7\u00e3o dos Estados Unidos em rela\u00e7\u00e3o \u00e0 China, parte da opini\u00e3o p\u00fablica da Europa acredita que a Alemanha deve &#8220;reduzir sua depend\u00eancia econ\u00f4mica da China&#8221;.<\/p>\n<p class=\"photo_img_20190808\"><img decoding=\"async\" src=\"https:\/\/p3crires.cri.cn\/photoworkspace\/cri\/contentimg\/2024\/04\/17\/2024041716472875237.jpg\" alt=\"\" width=\"1000\" \/><\/p>\n<p>No entanto, a viagem de Olaf Scholz \u00e0 China e a disposi\u00e7\u00e3o do c\u00edrculo empresarial alem\u00e3o para o aprofundamento de seus neg\u00f3cios no mercado chin\u00eas demonstram que a base das rela\u00e7\u00f5es sino-alem\u00e3s ainda \u00e9 est\u00e1vel e que a pol\u00edtica do governo alem\u00e3o para a China ainda \u00e9 razo\u00e1vel e pragm\u00e1tica em geral.<\/p>\n<p>Como a segunda e a terceira maiores economias do mundo, respectivamente, as cadeias industrial e de suprimentos da China e da Alemanha est\u00e3o profundamente interligadas. Mais de 5 mil empresas alem\u00e3s est\u00e3o atualmente atuando no mercado chin\u00eas. De acordo com as estat\u00edsticas do banco central da Alemanha, os investimentos diretos alem\u00e3es na China aumentou 4,3% no ano passado em compara\u00e7\u00e3o com 2022, atingindo um novo recorde de 11,9 bilh\u00f5es de euros.<\/p>\n<p>Muitas empresas alem\u00e3s ainda est\u00e3o otimistas em rela\u00e7\u00e3o ao mercado chin\u00eas, apesar das vozes a favor da &#8220;dissocia\u00e7\u00e3o&#8221; e da &#8220;redu\u00e7\u00e3o de riscos&#8221; no Ocidente. Por exemplo, o setor automotivo alem\u00e3o rejeitou claramente a investiga\u00e7\u00e3o antissubs\u00eddio da UE contra os carros el\u00e9tricos chineses.<\/p>\n<p data-spm-anchor-id=\"0.0.0.i3\">A coopera\u00e7\u00e3o sino-alem\u00e3 \u00e9 ben\u00e9fica para ambos os lados e para o mundo. Quanto mais turbulento for o mundo, mais os dois lados devem fortalecer a resili\u00eancia e a vitalidade de suas rela\u00e7\u00f5es. As conquistas conjuntas da China e da Alemanha contribuir\u00e3o para a coopera\u00e7\u00e3o entre a China e a Europa, al\u00e9m de eliminar efetivamente o &#8220;ru\u00eddo&#8221; do Ocidente que prejudica a paz e o desenvolvimento mundiais.<\/p>\n","protected":false},"excerpt":{"rendered":"<p>Tr\u00eas cidades em tr\u00eas dias, tr\u00eas ministros e um grupo de CEOs de grandes empresas alem\u00e3s, como Siemens, BMW e Mercedes-Benz, al\u00e9m de visitas a v\u00e1rias empresas com foco em inova\u00e7\u00e3o e coopera\u00e7\u00e3o &#8211; a viagem do chanceler alem\u00e3o, Olaf&#8230;<\/p>\n","protected":false},"author":2,"featured_media":0,"comment_status":"open","ping_status":"open","sticky":false,"template":"","format":"standard","meta":{"footnotes":""},"categories":[3],"tags":[],"class_list":["post-5048","post","type-post","status-publish","format-standard","hentry","category-china"],"yoast_head":"<!-- This site is optimized with the Yoast SEO plugin v27.4 - https:\/\/yoast.com\/product\/yoast-seo-wordpress\/ -->\n<title>Consenso entre China e Alemanha \u00e9 resposta eficaz ao &quot;barulho&quot; do Ocidente - CRI e Diario de Pernambuco<\/title>\n<meta name=\"robots\" content=\"index, follow, max-snippet:-1, max-image-preview:large, max-video-preview:-1\" \/>\n<link rel=\"canonical\" href=\"https:\/\/diariodepe.com.br\/cri\/2024\/04\/17\/consenso-entre-china-e-alemanha-e-resposta-eficaz-ao-barulho-do-ocidente\/\" \/>\n<meta property=\"og:locale\" content=\"pt_BR\" \/>\n<meta property=\"og:type\" content=\"article\" \/>\n<meta property=\"og:title\" content=\"Consenso entre China e Alemanha \u00e9 resposta eficaz ao &quot;barulho&quot; do Ocidente - CRI e Diario de Pernambuco\" \/>\n<meta property=\"og:description\" content=\"Tr\u00eas cidades em tr\u00eas dias, tr\u00eas ministros e um grupo de CEOs de grandes empresas alem\u00e3s, como Siemens, BMW e Mercedes-Benz, al\u00e9m de visitas a v\u00e1rias empresas com foco em inova\u00e7\u00e3o e coopera\u00e7\u00e3o &#8211; a viagem do chanceler alem\u00e3o, Olaf...\" \/>\n<meta property=\"og:url\" content=\"https:\/\/diariodepe.com.br\/cri\/2024\/04\/17\/consenso-entre-china-e-alemanha-e-resposta-eficaz-ao-barulho-do-ocidente\/\" \/>\n<meta property=\"og:site_name\" content=\"CRI e Diario de Pernambuco\" \/>\n<meta property=\"article:published_time\" content=\"2024-04-18T02:02:38+00:00\" \/>\n<meta property=\"og:image\" content=\"https:\/\/p3crires.cri.cn\/photoworkspace\/cri\/contentimg\/2024\/04\/17\/2024041716472875237.jpg\" \/>\n<meta name=\"author\" content=\"Ismael Lucas S. Pereira\" \/>\n<meta name=\"twitter:card\" content=\"summary_large_image\" \/>\n<meta name=\"twitter:label1\" content=\"Escrito por\" \/>\n\t<meta name=\"twitter:data1\" content=\"Ismael Lucas S. Pereira\" \/>\n\t<meta name=\"twitter:label2\" content=\"Est. tempo de leitura\" \/>\n\t<meta name=\"twitter:data2\" content=\"4 minutos\" \/>\n<script type=\"application\/ld+json\" class=\"yoast-schema-graph\">{\"@context\":\"https:\\\/\\\/schema.org\",\"@graph\":[{\"@type\":\"Article\",\"@id\":\"https:\\\/\\\/diariodepe.com.br\\\/cri\\\/2024\\\/04\\\/17\\\/consenso-entre-china-e-alemanha-e-resposta-eficaz-ao-barulho-do-ocidente\\\/#article\",\"isPartOf\":{\"@id\":\"https:\\\/\\\/diariodepe.com.br\\\/cri\\\/2024\\\/04\\\/17\\\/consenso-entre-china-e-alemanha-e-resposta-eficaz-ao-barulho-do-ocidente\\\/\"},\"author\":{\"name\":\"Ismael Lucas S. Pereira\",\"@id\":\"https:\\\/\\\/diariodepe.com.br\\\/cri\\\/#\\\/schema\\\/person\\\/121bb28d84f1a5b1205ef4ce9c2e0c6b\"},\"headline\":\"Consenso entre China e Alemanha \u00e9 resposta eficaz ao &#8220;barulho&#8221; do Ocidente\",\"datePublished\":\"2024-04-18T02:02:38+00:00\",\"mainEntityOfPage\":{\"@id\":\"https:\\\/\\\/diariodepe.com.br\\\/cri\\\/2024\\\/04\\\/17\\\/consenso-entre-china-e-alemanha-e-resposta-eficaz-ao-barulho-do-ocidente\\\/\"},\"wordCount\":627,\"commentCount\":0,\"publisher\":{\"@id\":\"https:\\\/\\\/diariodepe.com.br\\\/cri\\\/#organization\"},\"image\":{\"@id\":\"https:\\\/\\\/diariodepe.com.br\\\/cri\\\/2024\\\/04\\\/17\\\/consenso-entre-china-e-alemanha-e-resposta-eficaz-ao-barulho-do-ocidente\\\/#primaryimage\"},\"thumbnailUrl\":\"https:\\\/\\\/p3crires.cri.cn\\\/photoworkspace\\\/cri\\\/contentimg\\\/2024\\\/04\\\/17\\\/2024041716472875237.jpg\",\"articleSection\":[\"China\"],\"inLanguage\":\"pt-BR\",\"potentialAction\":[{\"@type\":\"CommentAction\",\"name\":\"Comment\",\"target\":[\"https:\\\/\\\/diariodepe.com.br\\\/cri\\\/2024\\\/04\\\/17\\\/consenso-entre-china-e-alemanha-e-resposta-eficaz-ao-barulho-do-ocidente\\\/#respond\"]}]},{\"@type\":\"WebPage\",\"@id\":\"https:\\\/\\\/diariodepe.com.br\\\/cri\\\/2024\\\/04\\\/17\\\/consenso-entre-china-e-alemanha-e-resposta-eficaz-ao-barulho-do-ocidente\\\/\",\"url\":\"https:\\\/\\\/diariodepe.com.br\\\/cri\\\/2024\\\/04\\\/17\\\/consenso-entre-china-e-alemanha-e-resposta-eficaz-ao-barulho-do-ocidente\\\/\",\"name\":\"Consenso entre China e Alemanha \u00e9 resposta eficaz ao \\\"barulho\\\" do Ocidente - CRI e Diario de Pernambuco\",\"isPartOf\":{\"@id\":\"https:\\\/\\\/diariodepe.com.br\\\/cri\\\/#website\"},\"primaryImageOfPage\":{\"@id\":\"https:\\\/\\\/diariodepe.com.br\\\/cri\\\/2024\\\/04\\\/17\\\/consenso-entre-china-e-alemanha-e-resposta-eficaz-ao-barulho-do-ocidente\\\/#primaryimage\"},\"image\":{\"@id\":\"https:\\\/\\\/diariodepe.com.br\\\/cri\\\/2024\\\/04\\\/17\\\/consenso-entre-china-e-alemanha-e-resposta-eficaz-ao-barulho-do-ocidente\\\/#primaryimage\"},\"thumbnailUrl\":\"https:\\\/\\\/p3crires.cri.cn\\\/photoworkspace\\\/cri\\\/contentimg\\\/2024\\\/04\\\/17\\\/2024041716472875237.jpg\",\"datePublished\":\"2024-04-18T02:02:38+00:00\",\"breadcrumb\":{\"@id\":\"https:\\\/\\\/diariodepe.com.br\\\/cri\\\/2024\\\/04\\\/17\\\/consenso-entre-china-e-alemanha-e-resposta-eficaz-ao-barulho-do-ocidente\\\/#breadcrumb\"},\"inLanguage\":\"pt-BR\",\"potentialAction\":[{\"@type\":\"ReadAction\",\"target\":[\"https:\\\/\\\/diariodepe.com.br\\\/cri\\\/2024\\\/04\\\/17\\\/consenso-entre-china-e-alemanha-e-resposta-eficaz-ao-barulho-do-ocidente\\\/\"]}]},{\"@type\":\"ImageObject\",\"inLanguage\":\"pt-BR\",\"@id\":\"https:\\\/\\\/diariodepe.com.br\\\/cri\\\/2024\\\/04\\\/17\\\/consenso-entre-china-e-alemanha-e-resposta-eficaz-ao-barulho-do-ocidente\\\/#primaryimage\",\"url\":\"https:\\\/\\\/p3crires.cri.cn\\\/photoworkspace\\\/cri\\\/contentimg\\\/2024\\\/04\\\/17\\\/2024041716472875237.jpg\",\"contentUrl\":\"https:\\\/\\\/p3crires.cri.cn\\\/photoworkspace\\\/cri\\\/contentimg\\\/2024\\\/04\\\/17\\\/2024041716472875237.jpg\"},{\"@type\":\"BreadcrumbList\",\"@id\":\"https:\\\/\\\/diariodepe.com.br\\\/cri\\\/2024\\\/04\\\/17\\\/consenso-entre-china-e-alemanha-e-resposta-eficaz-ao-barulho-do-ocidente\\\/#breadcrumb\",\"itemListElement\":[{\"@type\":\"ListItem\",\"position\":1,\"name\":\"In\u00edcio\",\"item\":\"https:\\\/\\\/diariodepe.com.br\\\/cri\\\/\"},{\"@type\":\"ListItem\",\"position\":2,\"name\":\"Consenso entre China e Alemanha \u00e9 resposta eficaz ao &#8220;barulho&#8221; do Ocidente\"}]},{\"@type\":\"WebSite\",\"@id\":\"https:\\\/\\\/diariodepe.com.br\\\/cri\\\/#website\",\"url\":\"https:\\\/\\\/diariodepe.com.br\\\/cri\\\/\",\"name\":\"CRI e Diario de Pernambuco\",\"description\":\"R\u00e1dio Internacional da China\",\"publisher\":{\"@id\":\"https:\\\/\\\/diariodepe.com.br\\\/cri\\\/#organization\"},\"potentialAction\":[{\"@type\":\"SearchAction\",\"target\":{\"@type\":\"EntryPoint\",\"urlTemplate\":\"https:\\\/\\\/diariodepe.com.br\\\/cri\\\/?s={search_term_string}\"},\"query-input\":{\"@type\":\"PropertyValueSpecification\",\"valueRequired\":true,\"valueName\":\"search_term_string\"}}],\"inLanguage\":\"pt-BR\"},{\"@type\":\"Organization\",\"@id\":\"https:\\\/\\\/diariodepe.com.br\\\/cri\\\/#organization\",\"name\":\"CRI e Diario de Pernambuco\",\"url\":\"https:\\\/\\\/diariodepe.com.br\\\/cri\\\/\",\"logo\":{\"@type\":\"ImageObject\",\"inLanguage\":\"pt-BR\",\"@id\":\"https:\\\/\\\/diariodepe.com.br\\\/cri\\\/#\\\/schema\\\/logo\\\/image\\\/\",\"url\":\"https:\\\/\\\/diariodepe.com.br\\\/cri\\\/wp-content\\\/uploads\\\/sites\\\/2\\\/2022\\\/12\\\/cropped-Logo.jpg\",\"contentUrl\":\"https:\\\/\\\/diariodepe.com.br\\\/cri\\\/wp-content\\\/uploads\\\/sites\\\/2\\\/2022\\\/12\\\/cropped-Logo.jpg\",\"width\":700,\"height\":59,\"caption\":\"CRI e Diario de Pernambuco\"},\"image\":{\"@id\":\"https:\\\/\\\/diariodepe.com.br\\\/cri\\\/#\\\/schema\\\/logo\\\/image\\\/\"}},{\"@type\":\"Person\",\"@id\":\"https:\\\/\\\/diariodepe.com.br\\\/cri\\\/#\\\/schema\\\/person\\\/121bb28d84f1a5b1205ef4ce9c2e0c6b\",\"name\":\"Ismael Lucas S. Pereira\",\"image\":{\"@type\":\"ImageObject\",\"inLanguage\":\"pt-BR\",\"@id\":\"https:\\\/\\\/secure.gravatar.com\\\/avatar\\\/887a0f3b5a7ceea963a48499fb883ffce6b5037362def025c52c2505b15d63e4?s=96&d=mm&r=g\",\"url\":\"https:\\\/\\\/secure.gravatar.com\\\/avatar\\\/887a0f3b5a7ceea963a48499fb883ffce6b5037362def025c52c2505b15d63e4?s=96&d=mm&r=g\",\"contentUrl\":\"https:\\\/\\\/secure.gravatar.com\\\/avatar\\\/887a0f3b5a7ceea963a48499fb883ffce6b5037362def025c52c2505b15d63e4?s=96&d=mm&r=g\",\"caption\":\"Ismael Lucas S. Pereira\"},\"url\":\"https:\\\/\\\/diariodepe.com.br\\\/cri\\\/author\\\/ismael-lucas\\\/\"}]}<\/script>\n<!-- \/ Yoast SEO plugin. -->","yoast_head_json":{"title":"Consenso entre China e Alemanha \u00e9 resposta eficaz ao \"barulho\" do Ocidente - CRI e Diario de Pernambuco","robots":{"index":"index","follow":"follow","max-snippet":"max-snippet:-1","max-image-preview":"max-image-preview:large","max-video-preview":"max-video-preview:-1"},"canonical":"https:\/\/diariodepe.com.br\/cri\/2024\/04\/17\/consenso-entre-china-e-alemanha-e-resposta-eficaz-ao-barulho-do-ocidente\/","og_locale":"pt_BR","og_type":"article","og_title":"Consenso entre China e Alemanha \u00e9 resposta eficaz ao \"barulho\" do Ocidente - CRI e Diario de Pernambuco","og_description":"Tr\u00eas cidades em tr\u00eas dias, tr\u00eas ministros e um grupo de CEOs de grandes empresas alem\u00e3s, como Siemens, BMW e Mercedes-Benz, al\u00e9m de visitas a v\u00e1rias empresas com foco em inova\u00e7\u00e3o e coopera\u00e7\u00e3o &#8211; a viagem do chanceler alem\u00e3o, Olaf...","og_url":"https:\/\/diariodepe.com.br\/cri\/2024\/04\/17\/consenso-entre-china-e-alemanha-e-resposta-eficaz-ao-barulho-do-ocidente\/","og_site_name":"CRI e Diario de Pernambuco","article_published_time":"2024-04-18T02:02:38+00:00","og_image":[{"url":"https:\/\/p3crires.cri.cn\/photoworkspace\/cri\/contentimg\/2024\/04\/17\/2024041716472875237.jpg","type":"","width":"","height":""}],"author":"Ismael Lucas S. Pereira","twitter_card":"summary_large_image","twitter_misc":{"Escrito por":"Ismael Lucas S. Pereira","Est. tempo de leitura":"4 minutos"},"schema":{"@context":"https:\/\/schema.org","@graph":[{"@type":"Article","@id":"https:\/\/diariodepe.com.br\/cri\/2024\/04\/17\/consenso-entre-china-e-alemanha-e-resposta-eficaz-ao-barulho-do-ocidente\/#article","isPartOf":{"@id":"https:\/\/diariodepe.com.br\/cri\/2024\/04\/17\/consenso-entre-china-e-alemanha-e-resposta-eficaz-ao-barulho-do-ocidente\/"},"author":{"name":"Ismael Lucas S. Pereira","@id":"https:\/\/diariodepe.com.br\/cri\/#\/schema\/person\/121bb28d84f1a5b1205ef4ce9c2e0c6b"},"headline":"Consenso entre China e Alemanha \u00e9 resposta eficaz ao &#8220;barulho&#8221; do Ocidente","datePublished":"2024-04-18T02:02:38+00:00","mainEntityOfPage":{"@id":"https:\/\/diariodepe.com.br\/cri\/2024\/04\/17\/consenso-entre-china-e-alemanha-e-resposta-eficaz-ao-barulho-do-ocidente\/"},"wordCount":627,"commentCount":0,"publisher":{"@id":"https:\/\/diariodepe.com.br\/cri\/#organization"},"image":{"@id":"https:\/\/diariodepe.com.br\/cri\/2024\/04\/17\/consenso-entre-china-e-alemanha-e-resposta-eficaz-ao-barulho-do-ocidente\/#primaryimage"},"thumbnailUrl":"https:\/\/p3crires.cri.cn\/photoworkspace\/cri\/contentimg\/2024\/04\/17\/2024041716472875237.jpg","articleSection":["China"],"inLanguage":"pt-BR","potentialAction":[{"@type":"CommentAction","name":"Comment","target":["https:\/\/diariodepe.com.br\/cri\/2024\/04\/17\/consenso-entre-china-e-alemanha-e-resposta-eficaz-ao-barulho-do-ocidente\/#respond"]}]},{"@type":"WebPage","@id":"https:\/\/diariodepe.com.br\/cri\/2024\/04\/17\/consenso-entre-china-e-alemanha-e-resposta-eficaz-ao-barulho-do-ocidente\/","url":"https:\/\/diariodepe.com.br\/cri\/2024\/04\/17\/consenso-entre-china-e-alemanha-e-resposta-eficaz-ao-barulho-do-ocidente\/","name":"Consenso entre China e Alemanha \u00e9 resposta eficaz ao \"barulho\" do Ocidente - CRI e Diario de Pernambuco","isPartOf":{"@id":"https:\/\/diariodepe.com.br\/cri\/#website"},"primaryImageOfPage":{"@id":"https:\/\/diariodepe.com.br\/cri\/2024\/04\/17\/consenso-entre-china-e-alemanha-e-resposta-eficaz-ao-barulho-do-ocidente\/#primaryimage"},"image":{"@id":"https:\/\/diariodepe.com.br\/cri\/2024\/04\/17\/consenso-entre-china-e-alemanha-e-resposta-eficaz-ao-barulho-do-ocidente\/#primaryimage"},"thumbnailUrl":"https:\/\/p3crires.cri.cn\/photoworkspace\/cri\/contentimg\/2024\/04\/17\/2024041716472875237.jpg","datePublished":"2024-04-18T02:02:38+00:00","breadcrumb":{"@id":"https:\/\/diariodepe.com.br\/cri\/2024\/04\/17\/consenso-entre-china-e-alemanha-e-resposta-eficaz-ao-barulho-do-ocidente\/#breadcrumb"},"inLanguage":"pt-BR","potentialAction":[{"@type":"ReadAction","target":["https:\/\/diariodepe.com.br\/cri\/2024\/04\/17\/consenso-entre-china-e-alemanha-e-resposta-eficaz-ao-barulho-do-ocidente\/"]}]},{"@type":"ImageObject","inLanguage":"pt-BR","@id":"https:\/\/diariodepe.com.br\/cri\/2024\/04\/17\/consenso-entre-china-e-alemanha-e-resposta-eficaz-ao-barulho-do-ocidente\/#primaryimage","url":"https:\/\/p3crires.cri.cn\/photoworkspace\/cri\/contentimg\/2024\/04\/17\/2024041716472875237.jpg","contentUrl":"https:\/\/p3crires.cri.cn\/photoworkspace\/cri\/contentimg\/2024\/04\/17\/2024041716472875237.jpg"},{"@type":"BreadcrumbList","@id":"https:\/\/diariodepe.com.br\/cri\/2024\/04\/17\/consenso-entre-china-e-alemanha-e-resposta-eficaz-ao-barulho-do-ocidente\/#breadcrumb","itemListElement":[{"@type":"ListItem","position":1,"name":"In\u00edcio","item":"https:\/\/diariodepe.com.br\/cri\/"},{"@type":"ListItem","position":2,"name":"Consenso entre China e Alemanha \u00e9 resposta eficaz ao &#8220;barulho&#8221; do Ocidente"}]},{"@type":"WebSite","@id":"https:\/\/diariodepe.com.br\/cri\/#website","url":"https:\/\/diariodepe.com.br\/cri\/","name":"CRI e Diario de Pernambuco","description":"R\u00e1dio Internacional da China","publisher":{"@id":"https:\/\/diariodepe.com.br\/cri\/#organization"},"potentialAction":[{"@type":"SearchAction","target":{"@type":"EntryPoint","urlTemplate":"https:\/\/diariodepe.com.br\/cri\/?s={search_term_string}"},"query-input":{"@type":"PropertyValueSpecification","valueRequired":true,"valueName":"search_term_string"}}],"inLanguage":"pt-BR"},{"@type":"Organization","@id":"https:\/\/diariodepe.com.br\/cri\/#organization","name":"CRI e Diario de Pernambuco","url":"https:\/\/diariodepe.com.br\/cri\/","logo":{"@type":"ImageObject","inLanguage":"pt-BR","@id":"https:\/\/diariodepe.com.br\/cri\/#\/schema\/logo\/image\/","url":"https:\/\/diariodepe.com.br\/cri\/wp-content\/uploads\/sites\/2\/2022\/12\/cropped-Logo.jpg","contentUrl":"https:\/\/diariodepe.com.br\/cri\/wp-content\/uploads\/sites\/2\/2022\/12\/cropped-Logo.jpg","width":700,"height":59,"caption":"CRI e Diario de Pernambuco"},"image":{"@id":"https:\/\/diariodepe.com.br\/cri\/#\/schema\/logo\/image\/"}},{"@type":"Person","@id":"https:\/\/diariodepe.com.br\/cri\/#\/schema\/person\/121bb28d84f1a5b1205ef4ce9c2e0c6b","name":"Ismael Lucas S. Pereira","image":{"@type":"ImageObject","inLanguage":"pt-BR","@id":"https:\/\/secure.gravatar.com\/avatar\/887a0f3b5a7ceea963a48499fb883ffce6b5037362def025c52c2505b15d63e4?s=96&d=mm&r=g","url":"https:\/\/secure.gravatar.com\/avatar\/887a0f3b5a7ceea963a48499fb883ffce6b5037362def025c52c2505b15d63e4?s=96&d=mm&r=g","contentUrl":"https:\/\/secure.gravatar.com\/avatar\/887a0f3b5a7ceea963a48499fb883ffce6b5037362def025c52c2505b15d63e4?s=96&d=mm&r=g","caption":"Ismael Lucas S. Pereira"},"url":"https:\/\/diariodepe.com.br\/cri\/author\/ismael-lucas\/"}]}},"cc_featured_image_caption":{"caption_text":false,"source_text":false,"source_url":false},"amp_enabled":true,"_links":{"self":[{"href":"https:\/\/diariodepe.com.br\/cri\/wp-json\/wp\/v2\/posts\/5048","targetHints":{"allow":["GET"]}}],"collection":[{"href":"https:\/\/diariodepe.com.br\/cri\/wp-json\/wp\/v2\/posts"}],"about":[{"href":"https:\/\/diariodepe.com.br\/cri\/wp-json\/wp\/v2\/types\/post"}],"author":[{"embeddable":true,"href":"https:\/\/diariodepe.com.br\/cri\/wp-json\/wp\/v2\/users\/2"}],"replies":[{"embeddable":true,"href":"https:\/\/diariodepe.com.br\/cri\/wp-json\/wp\/v2\/comments?post=5048"}],"version-history":[{"count":1,"href":"https:\/\/diariodepe.com.br\/cri\/wp-json\/wp\/v2\/posts\/5048\/revisions"}],"predecessor-version":[{"id":5049,"href":"https:\/\/diariodepe.com.br\/cri\/wp-json\/wp\/v2\/posts\/5048\/revisions\/5049"}],"wp:attachment":[{"href":"https:\/\/diariodepe.com.br\/cri\/wp-json\/wp\/v2\/media?parent=5048"}],"wp:term":[{"taxonomy":"category","embeddable":true,"href":"https:\/\/diariodepe.com.br\/cri\/wp-json\/wp\/v2\/categories?post=5048"},{"taxonomy":"post_tag","embeddable":true,"href":"https:\/\/diariodepe.com.br\/cri\/wp-json\/wp\/v2\/tags?post=5048"}],"curies":[{"name":"wp","href":"https:\/\/api.w.org\/{rel}","templated":true}]}}