{"id":5046,"date":"2024-04-17T22:59:21","date_gmt":"2024-04-18T01:59:21","guid":{"rendered":"https:\/\/diariodepe.com.br\/cri\/?p=5046"},"modified":"2024-04-17T22:59:21","modified_gmt":"2024-04-18T01:59:21","slug":"pai-de-armadilha-de-tucidides-passa-a-falar-sobre-o-mesmo-barco","status":"publish","type":"post","link":"https:\/\/diariodepe.com.br\/cri\/2024\/04\/17\/pai-de-armadilha-de-tucidides-passa-a-falar-sobre-o-mesmo-barco\/","title":{"rendered":"Pai de Armadilha de Tuc\u00eddides Passa a Falar sobre \u201co Mesmo Barco\u201d"},"content":{"rendered":"<p>A Arte da Guerra de Sun Tzu, obra cl\u00e1ssica chinesa, contou a seguinte hist\u00f3ria: no per\u00edodo das Primaveras e Outonos (de S\u00e9culo VIII a.C. a S\u00e9culo V a.C.), Wu e Yue, dois estados vizinhos, entravam frequentemente em guerra. Um dia, uma d\u00fazia de passageiros, vindos de Wu e Yue, por acaso viajavam no mesmo barco. No in\u00edcio, se negligenciavam uns aos outros. Mas quando a tempestade os atingiu de repente, e os passageiros, a despeito de sua naturalidade, juntaram as m\u00e3os e superaram juntos os reveses.<\/p>\n<p>H\u00e1 pouco, Graham Allison, reitor fundador da Escola de Governo John F. Kennedy da Universidade de Harvard e criador do conceito \u201cArmadilha de Tuc\u00eddides\u201d, citou a hist\u00f3ria de \u201cpessoas dos estados Wu e Yue no mesmo barco\u201d em Beijing, sugerindo aprender com a sabedoria da Hist\u00f3ria chinesa e encontrar uma maneira para atravessar a \u201cArmadilha de Tuc\u00eddides\u201d e conseguir a coexist\u00eancia entre a China e os Estados Unidos.<\/p>\n<p>&nbsp;<\/p>\n<p><strong>II<\/strong><\/p>\n<p>A interdepend\u00eancia e a coexist\u00eancia de tudo \u00e9 o pensamento filos\u00f3fico simples e cl\u00e1ssico dos chineses. Na antiguidade, os chineses acreditavam que, sem a continuidade incessante da vida, n\u00e3o haveria mundo; mas sem inibi\u00e7\u00e3o, o mundo se tornaria ca\u00f3tico e desordenado. Esse ponto de vista filos\u00f3fico \u00e9 refletido na vida do povo chin\u00eas por milhares de anos.<\/p>\n<p>&nbsp;<\/p>\n<p>Da B\u00edblia \u00e0 Cr\u00edtica do Julgamento de Immanuel Kant, do existencialismo de Martin Heidegger ao simbiosismo de Alain Caill\u00e9, a filosofia ocidental, por sua vez, tamb\u00e9m enfatiza a coexist\u00eancia harmoniosa. Isso demonstra claramente que a coexist\u00eancia harmoniosa \u00e9 aspira\u00e7\u00e3o comum de toda a humanidade e valor universal no verdadeiro sentido da palavra.<\/p>\n<p>J\u00e1 esta vez, o Graham Allison confessou em Beijing que, a Hist\u00f3ria dos \u00faltimos quinhentos anos revela que a guerra entre pot\u00eancias emergentes e estabelecidas n\u00e3o \u00e9 inevit\u00e1vel e implicou poss\u00edveis solu\u00e7\u00f5es.<\/p>\n<p>A elite dos Estados Unidos tamb\u00e9m admitiu que \u201c\u00e9 realmente poss\u00edvel estabilizar as rela\u00e7\u00f5es entre a China e os Estados Unidos, e eles ter\u00e3o que coexistir indefinidamente\u201d. E os dois pa\u00edses abra\u00e7am em curto tempo um relacionamento est\u00e1vel. A China enxerga a coexist\u00eancia a partir de uma altura de filosofia e lei universal. N\u00e3o mudou o desejo dos povos da China e dos Estados Unidos pela paz, em vez de guerra; n\u00e3o mudou a base para benef\u00edcio m\u00fatuo e ganhos compartilhados entre os dois povos; nem mudou o la\u00e7o econ\u00f4mico-comercial entre os dois pa\u00edses. Seja no interc\u00e2mbio econ\u00f4mico e comercial, seja no progresso cient\u00edfico e tecnol\u00f3gico, a forma\u00e7\u00e3o de uma comunidade d\u00e1 impulso, e isso \u00e9 uma lei. Da mesma maneira, a maior lei que determina o futuro e o destino da humanidade \u00e9, sem d\u00favida, a forma\u00e7\u00e3o de uma comunidade. O conceito de comunidade com futuro compartilhado para a humanidade \u00e9 uma lei cient\u00edfica incort\u00e1vel, inquebr\u00e1vel e inalter\u00e1vel.<\/p>\n<p>&nbsp;<\/p>\n<p><strong>III<\/strong><\/p>\n<p>A abertura e os ganhos compartilhados s\u00e3o genes que a China carrega na sua veia desde tempos antigos. Quem considera a China um parceiro de coopera\u00e7\u00e3o e est\u00e1 disposto a dialogar, definitivamente se sentir\u00e1 em casa neste grande pa\u00eds aberto e inclusivo.<\/p>\n<p>Nesta primavera florescente, o presidente chin\u00eas manteve uma boa conversa com representantes dos setores empresarial e acad\u00eamico estrat\u00e9gico dos Estados Unidos no Grande Sal\u00e3o do Povo. Foi clara a mensagem transmitida: A China aberta est\u00e1 disposta a trabalhar junto com e n\u00e3o contra os Estados Unidos; A China em desenvolvimento quer ajuda m\u00fatua e n\u00e3o resist\u00eancia m\u00fatua com os Estados Unidos; A China pr\u00f3spera \u00e9 uma oportunidade para os Estados Unidos, e n\u00e3o um desafio; A China autoconfiante acolhe a concorr\u00eancia virtuosa, e n\u00e3o a opress\u00e3o maliciosa; A China em reforma aceita cr\u00edticas construtivas, e n\u00e3o cal\u00fanias infundadas.<\/p>\n<p>A China possui uma mente grande de \u201cse esquecer do \u00f3dio do passado e dar sorriso no reencontro\u201d, e os Estados Unidos tamb\u00e9m precisam ousar superar a \u201cArmadilha de Tuc\u00eddides\u201d como a moral da hist\u00f3ria dos estados Wu e Yue ensina. A porta da Casa Branca deve ficar aberta aos setores empresarial e acad\u00eamico estrat\u00e9gico da China e dos Estados Unidos para ouvirem vozes reais.<\/p>\n<p>(Xi Pu \u00e9 observador de assuntos internacionais baseado em Beijing. )<\/p>\n","protected":false},"excerpt":{"rendered":"<p>A Arte da Guerra de Sun Tzu, obra cl\u00e1ssica chinesa, contou a seguinte hist\u00f3ria: no per\u00edodo das Primaveras e Outonos (de S\u00e9culo VIII a.C. a S\u00e9culo V a.C.), Wu e Yue, dois estados vizinhos, entravam frequentemente em guerra. Um dia,&#8230;<\/p>\n","protected":false},"author":2,"featured_media":0,"comment_status":"open","ping_status":"open","sticky":false,"template":"","format":"standard","meta":{"footnotes":""},"categories":[7],"tags":[],"class_list":["post-5046","post","type-post","status-publish","format-standard","hentry","category-visao"],"yoast_head":"<!-- This site is optimized with the Yoast SEO plugin v27.4 - https:\/\/yoast.com\/product\/yoast-seo-wordpress\/ -->\n<title>Pai de Armadilha de Tuc\u00eddides Passa a Falar sobre \u201co Mesmo Barco\u201d - CRI e Diario de Pernambuco<\/title>\n<meta name=\"robots\" content=\"index, follow, max-snippet:-1, max-image-preview:large, max-video-preview:-1\" \/>\n<link rel=\"canonical\" href=\"https:\/\/diariodepe.com.br\/cri\/2024\/04\/17\/pai-de-armadilha-de-tucidides-passa-a-falar-sobre-o-mesmo-barco\/\" \/>\n<meta property=\"og:locale\" content=\"pt_BR\" \/>\n<meta property=\"og:type\" content=\"article\" \/>\n<meta property=\"og:title\" content=\"Pai de Armadilha de Tuc\u00eddides Passa a Falar sobre \u201co Mesmo Barco\u201d - CRI e Diario de Pernambuco\" \/>\n<meta property=\"og:description\" content=\"A Arte da Guerra de Sun Tzu, obra cl\u00e1ssica chinesa, contou a seguinte hist\u00f3ria: no per\u00edodo das Primaveras e Outonos (de S\u00e9culo VIII a.C. a S\u00e9culo V a.C.), Wu e Yue, dois estados vizinhos, entravam frequentemente em guerra. Um dia,...\" \/>\n<meta property=\"og:url\" content=\"https:\/\/diariodepe.com.br\/cri\/2024\/04\/17\/pai-de-armadilha-de-tucidides-passa-a-falar-sobre-o-mesmo-barco\/\" \/>\n<meta property=\"og:site_name\" content=\"CRI e Diario de Pernambuco\" \/>\n<meta property=\"article:published_time\" content=\"2024-04-18T01:59:21+00:00\" \/>\n<meta name=\"author\" content=\"Ismael Lucas S. Pereira\" \/>\n<meta name=\"twitter:card\" content=\"summary_large_image\" \/>\n<meta name=\"twitter:label1\" content=\"Escrito por\" \/>\n\t<meta name=\"twitter:data1\" content=\"Ismael Lucas S. Pereira\" \/>\n\t<meta name=\"twitter:label2\" content=\"Est. tempo de leitura\" \/>\n\t<meta name=\"twitter:data2\" content=\"4 minutos\" \/>\n<script type=\"application\/ld+json\" class=\"yoast-schema-graph\">{\"@context\":\"https:\\\/\\\/schema.org\",\"@graph\":[{\"@type\":\"Article\",\"@id\":\"https:\\\/\\\/diariodepe.com.br\\\/cri\\\/2024\\\/04\\\/17\\\/pai-de-armadilha-de-tucidides-passa-a-falar-sobre-o-mesmo-barco\\\/#article\",\"isPartOf\":{\"@id\":\"https:\\\/\\\/diariodepe.com.br\\\/cri\\\/2024\\\/04\\\/17\\\/pai-de-armadilha-de-tucidides-passa-a-falar-sobre-o-mesmo-barco\\\/\"},\"author\":{\"name\":\"Ismael Lucas S. Pereira\",\"@id\":\"https:\\\/\\\/diariodepe.com.br\\\/cri\\\/#\\\/schema\\\/person\\\/121bb28d84f1a5b1205ef4ce9c2e0c6b\"},\"headline\":\"Pai de Armadilha de Tuc\u00eddides Passa a Falar sobre \u201co Mesmo Barco\u201d\",\"datePublished\":\"2024-04-18T01:59:21+00:00\",\"mainEntityOfPage\":{\"@id\":\"https:\\\/\\\/diariodepe.com.br\\\/cri\\\/2024\\\/04\\\/17\\\/pai-de-armadilha-de-tucidides-passa-a-falar-sobre-o-mesmo-barco\\\/\"},\"wordCount\":763,\"commentCount\":0,\"publisher\":{\"@id\":\"https:\\\/\\\/diariodepe.com.br\\\/cri\\\/#organization\"},\"articleSection\":[\"Vis\u00e3o\"],\"inLanguage\":\"pt-BR\",\"potentialAction\":[{\"@type\":\"CommentAction\",\"name\":\"Comment\",\"target\":[\"https:\\\/\\\/diariodepe.com.br\\\/cri\\\/2024\\\/04\\\/17\\\/pai-de-armadilha-de-tucidides-passa-a-falar-sobre-o-mesmo-barco\\\/#respond\"]}]},{\"@type\":\"WebPage\",\"@id\":\"https:\\\/\\\/diariodepe.com.br\\\/cri\\\/2024\\\/04\\\/17\\\/pai-de-armadilha-de-tucidides-passa-a-falar-sobre-o-mesmo-barco\\\/\",\"url\":\"https:\\\/\\\/diariodepe.com.br\\\/cri\\\/2024\\\/04\\\/17\\\/pai-de-armadilha-de-tucidides-passa-a-falar-sobre-o-mesmo-barco\\\/\",\"name\":\"Pai de Armadilha de Tuc\u00eddides Passa a Falar sobre \u201co Mesmo Barco\u201d - CRI e Diario de Pernambuco\",\"isPartOf\":{\"@id\":\"https:\\\/\\\/diariodepe.com.br\\\/cri\\\/#website\"},\"datePublished\":\"2024-04-18T01:59:21+00:00\",\"breadcrumb\":{\"@id\":\"https:\\\/\\\/diariodepe.com.br\\\/cri\\\/2024\\\/04\\\/17\\\/pai-de-armadilha-de-tucidides-passa-a-falar-sobre-o-mesmo-barco\\\/#breadcrumb\"},\"inLanguage\":\"pt-BR\",\"potentialAction\":[{\"@type\":\"ReadAction\",\"target\":[\"https:\\\/\\\/diariodepe.com.br\\\/cri\\\/2024\\\/04\\\/17\\\/pai-de-armadilha-de-tucidides-passa-a-falar-sobre-o-mesmo-barco\\\/\"]}]},{\"@type\":\"BreadcrumbList\",\"@id\":\"https:\\\/\\\/diariodepe.com.br\\\/cri\\\/2024\\\/04\\\/17\\\/pai-de-armadilha-de-tucidides-passa-a-falar-sobre-o-mesmo-barco\\\/#breadcrumb\",\"itemListElement\":[{\"@type\":\"ListItem\",\"position\":1,\"name\":\"In\u00edcio\",\"item\":\"https:\\\/\\\/diariodepe.com.br\\\/cri\\\/\"},{\"@type\":\"ListItem\",\"position\":2,\"name\":\"Pai de Armadilha de Tuc\u00eddides Passa a Falar sobre \u201co Mesmo Barco\u201d\"}]},{\"@type\":\"WebSite\",\"@id\":\"https:\\\/\\\/diariodepe.com.br\\\/cri\\\/#website\",\"url\":\"https:\\\/\\\/diariodepe.com.br\\\/cri\\\/\",\"name\":\"CRI e Diario de Pernambuco\",\"description\":\"R\u00e1dio Internacional da China\",\"publisher\":{\"@id\":\"https:\\\/\\\/diariodepe.com.br\\\/cri\\\/#organization\"},\"potentialAction\":[{\"@type\":\"SearchAction\",\"target\":{\"@type\":\"EntryPoint\",\"urlTemplate\":\"https:\\\/\\\/diariodepe.com.br\\\/cri\\\/?s={search_term_string}\"},\"query-input\":{\"@type\":\"PropertyValueSpecification\",\"valueRequired\":true,\"valueName\":\"search_term_string\"}}],\"inLanguage\":\"pt-BR\"},{\"@type\":\"Organization\",\"@id\":\"https:\\\/\\\/diariodepe.com.br\\\/cri\\\/#organization\",\"name\":\"CRI e Diario de Pernambuco\",\"url\":\"https:\\\/\\\/diariodepe.com.br\\\/cri\\\/\",\"logo\":{\"@type\":\"ImageObject\",\"inLanguage\":\"pt-BR\",\"@id\":\"https:\\\/\\\/diariodepe.com.br\\\/cri\\\/#\\\/schema\\\/logo\\\/image\\\/\",\"url\":\"https:\\\/\\\/diariodepe.com.br\\\/cri\\\/wp-content\\\/uploads\\\/sites\\\/2\\\/2022\\\/12\\\/cropped-Logo.jpg\",\"contentUrl\":\"https:\\\/\\\/diariodepe.com.br\\\/cri\\\/wp-content\\\/uploads\\\/sites\\\/2\\\/2022\\\/12\\\/cropped-Logo.jpg\",\"width\":700,\"height\":59,\"caption\":\"CRI e Diario de Pernambuco\"},\"image\":{\"@id\":\"https:\\\/\\\/diariodepe.com.br\\\/cri\\\/#\\\/schema\\\/logo\\\/image\\\/\"}},{\"@type\":\"Person\",\"@id\":\"https:\\\/\\\/diariodepe.com.br\\\/cri\\\/#\\\/schema\\\/person\\\/121bb28d84f1a5b1205ef4ce9c2e0c6b\",\"name\":\"Ismael Lucas S. Pereira\",\"image\":{\"@type\":\"ImageObject\",\"inLanguage\":\"pt-BR\",\"@id\":\"https:\\\/\\\/secure.gravatar.com\\\/avatar\\\/887a0f3b5a7ceea963a48499fb883ffce6b5037362def025c52c2505b15d63e4?s=96&d=mm&r=g\",\"url\":\"https:\\\/\\\/secure.gravatar.com\\\/avatar\\\/887a0f3b5a7ceea963a48499fb883ffce6b5037362def025c52c2505b15d63e4?s=96&d=mm&r=g\",\"contentUrl\":\"https:\\\/\\\/secure.gravatar.com\\\/avatar\\\/887a0f3b5a7ceea963a48499fb883ffce6b5037362def025c52c2505b15d63e4?s=96&d=mm&r=g\",\"caption\":\"Ismael Lucas S. Pereira\"},\"url\":\"https:\\\/\\\/diariodepe.com.br\\\/cri\\\/author\\\/ismael-lucas\\\/\"}]}<\/script>\n<!-- \/ Yoast SEO plugin. -->","yoast_head_json":{"title":"Pai de Armadilha de Tuc\u00eddides Passa a Falar sobre \u201co Mesmo Barco\u201d - CRI e Diario de Pernambuco","robots":{"index":"index","follow":"follow","max-snippet":"max-snippet:-1","max-image-preview":"max-image-preview:large","max-video-preview":"max-video-preview:-1"},"canonical":"https:\/\/diariodepe.com.br\/cri\/2024\/04\/17\/pai-de-armadilha-de-tucidides-passa-a-falar-sobre-o-mesmo-barco\/","og_locale":"pt_BR","og_type":"article","og_title":"Pai de Armadilha de Tuc\u00eddides Passa a Falar sobre \u201co Mesmo Barco\u201d - CRI e Diario de Pernambuco","og_description":"A Arte da Guerra de Sun Tzu, obra cl\u00e1ssica chinesa, contou a seguinte hist\u00f3ria: no per\u00edodo das Primaveras e Outonos (de S\u00e9culo VIII a.C. a S\u00e9culo V a.C.), Wu e Yue, dois estados vizinhos, entravam frequentemente em guerra. Um dia,...","og_url":"https:\/\/diariodepe.com.br\/cri\/2024\/04\/17\/pai-de-armadilha-de-tucidides-passa-a-falar-sobre-o-mesmo-barco\/","og_site_name":"CRI e Diario de Pernambuco","article_published_time":"2024-04-18T01:59:21+00:00","author":"Ismael Lucas S. Pereira","twitter_card":"summary_large_image","twitter_misc":{"Escrito por":"Ismael Lucas S. Pereira","Est. tempo de leitura":"4 minutos"},"schema":{"@context":"https:\/\/schema.org","@graph":[{"@type":"Article","@id":"https:\/\/diariodepe.com.br\/cri\/2024\/04\/17\/pai-de-armadilha-de-tucidides-passa-a-falar-sobre-o-mesmo-barco\/#article","isPartOf":{"@id":"https:\/\/diariodepe.com.br\/cri\/2024\/04\/17\/pai-de-armadilha-de-tucidides-passa-a-falar-sobre-o-mesmo-barco\/"},"author":{"name":"Ismael Lucas S. Pereira","@id":"https:\/\/diariodepe.com.br\/cri\/#\/schema\/person\/121bb28d84f1a5b1205ef4ce9c2e0c6b"},"headline":"Pai de Armadilha de Tuc\u00eddides Passa a Falar sobre \u201co Mesmo Barco\u201d","datePublished":"2024-04-18T01:59:21+00:00","mainEntityOfPage":{"@id":"https:\/\/diariodepe.com.br\/cri\/2024\/04\/17\/pai-de-armadilha-de-tucidides-passa-a-falar-sobre-o-mesmo-barco\/"},"wordCount":763,"commentCount":0,"publisher":{"@id":"https:\/\/diariodepe.com.br\/cri\/#organization"},"articleSection":["Vis\u00e3o"],"inLanguage":"pt-BR","potentialAction":[{"@type":"CommentAction","name":"Comment","target":["https:\/\/diariodepe.com.br\/cri\/2024\/04\/17\/pai-de-armadilha-de-tucidides-passa-a-falar-sobre-o-mesmo-barco\/#respond"]}]},{"@type":"WebPage","@id":"https:\/\/diariodepe.com.br\/cri\/2024\/04\/17\/pai-de-armadilha-de-tucidides-passa-a-falar-sobre-o-mesmo-barco\/","url":"https:\/\/diariodepe.com.br\/cri\/2024\/04\/17\/pai-de-armadilha-de-tucidides-passa-a-falar-sobre-o-mesmo-barco\/","name":"Pai de Armadilha de Tuc\u00eddides Passa a Falar sobre \u201co Mesmo Barco\u201d - CRI e Diario de Pernambuco","isPartOf":{"@id":"https:\/\/diariodepe.com.br\/cri\/#website"},"datePublished":"2024-04-18T01:59:21+00:00","breadcrumb":{"@id":"https:\/\/diariodepe.com.br\/cri\/2024\/04\/17\/pai-de-armadilha-de-tucidides-passa-a-falar-sobre-o-mesmo-barco\/#breadcrumb"},"inLanguage":"pt-BR","potentialAction":[{"@type":"ReadAction","target":["https:\/\/diariodepe.com.br\/cri\/2024\/04\/17\/pai-de-armadilha-de-tucidides-passa-a-falar-sobre-o-mesmo-barco\/"]}]},{"@type":"BreadcrumbList","@id":"https:\/\/diariodepe.com.br\/cri\/2024\/04\/17\/pai-de-armadilha-de-tucidides-passa-a-falar-sobre-o-mesmo-barco\/#breadcrumb","itemListElement":[{"@type":"ListItem","position":1,"name":"In\u00edcio","item":"https:\/\/diariodepe.com.br\/cri\/"},{"@type":"ListItem","position":2,"name":"Pai de Armadilha de Tuc\u00eddides Passa a Falar sobre \u201co Mesmo Barco\u201d"}]},{"@type":"WebSite","@id":"https:\/\/diariodepe.com.br\/cri\/#website","url":"https:\/\/diariodepe.com.br\/cri\/","name":"CRI e Diario de Pernambuco","description":"R\u00e1dio Internacional da China","publisher":{"@id":"https:\/\/diariodepe.com.br\/cri\/#organization"},"potentialAction":[{"@type":"SearchAction","target":{"@type":"EntryPoint","urlTemplate":"https:\/\/diariodepe.com.br\/cri\/?s={search_term_string}"},"query-input":{"@type":"PropertyValueSpecification","valueRequired":true,"valueName":"search_term_string"}}],"inLanguage":"pt-BR"},{"@type":"Organization","@id":"https:\/\/diariodepe.com.br\/cri\/#organization","name":"CRI e Diario de Pernambuco","url":"https:\/\/diariodepe.com.br\/cri\/","logo":{"@type":"ImageObject","inLanguage":"pt-BR","@id":"https:\/\/diariodepe.com.br\/cri\/#\/schema\/logo\/image\/","url":"https:\/\/diariodepe.com.br\/cri\/wp-content\/uploads\/sites\/2\/2022\/12\/cropped-Logo.jpg","contentUrl":"https:\/\/diariodepe.com.br\/cri\/wp-content\/uploads\/sites\/2\/2022\/12\/cropped-Logo.jpg","width":700,"height":59,"caption":"CRI e Diario de Pernambuco"},"image":{"@id":"https:\/\/diariodepe.com.br\/cri\/#\/schema\/logo\/image\/"}},{"@type":"Person","@id":"https:\/\/diariodepe.com.br\/cri\/#\/schema\/person\/121bb28d84f1a5b1205ef4ce9c2e0c6b","name":"Ismael Lucas S. Pereira","image":{"@type":"ImageObject","inLanguage":"pt-BR","@id":"https:\/\/secure.gravatar.com\/avatar\/887a0f3b5a7ceea963a48499fb883ffce6b5037362def025c52c2505b15d63e4?s=96&d=mm&r=g","url":"https:\/\/secure.gravatar.com\/avatar\/887a0f3b5a7ceea963a48499fb883ffce6b5037362def025c52c2505b15d63e4?s=96&d=mm&r=g","contentUrl":"https:\/\/secure.gravatar.com\/avatar\/887a0f3b5a7ceea963a48499fb883ffce6b5037362def025c52c2505b15d63e4?s=96&d=mm&r=g","caption":"Ismael Lucas S. Pereira"},"url":"https:\/\/diariodepe.com.br\/cri\/author\/ismael-lucas\/"}]}},"cc_featured_image_caption":{"caption_text":false,"source_text":false,"source_url":false},"amp_enabled":true,"_links":{"self":[{"href":"https:\/\/diariodepe.com.br\/cri\/wp-json\/wp\/v2\/posts\/5046","targetHints":{"allow":["GET"]}}],"collection":[{"href":"https:\/\/diariodepe.com.br\/cri\/wp-json\/wp\/v2\/posts"}],"about":[{"href":"https:\/\/diariodepe.com.br\/cri\/wp-json\/wp\/v2\/types\/post"}],"author":[{"embeddable":true,"href":"https:\/\/diariodepe.com.br\/cri\/wp-json\/wp\/v2\/users\/2"}],"replies":[{"embeddable":true,"href":"https:\/\/diariodepe.com.br\/cri\/wp-json\/wp\/v2\/comments?post=5046"}],"version-history":[{"count":1,"href":"https:\/\/diariodepe.com.br\/cri\/wp-json\/wp\/v2\/posts\/5046\/revisions"}],"predecessor-version":[{"id":5047,"href":"https:\/\/diariodepe.com.br\/cri\/wp-json\/wp\/v2\/posts\/5046\/revisions\/5047"}],"wp:attachment":[{"href":"https:\/\/diariodepe.com.br\/cri\/wp-json\/wp\/v2\/media?parent=5046"}],"wp:term":[{"taxonomy":"category","embeddable":true,"href":"https:\/\/diariodepe.com.br\/cri\/wp-json\/wp\/v2\/categories?post=5046"},{"taxonomy":"post_tag","embeddable":true,"href":"https:\/\/diariodepe.com.br\/cri\/wp-json\/wp\/v2\/tags?post=5046"}],"curies":[{"name":"wp","href":"https:\/\/api.w.org\/{rel}","templated":true}]}}