{"id":5042,"date":"2024-04-17T22:58:16","date_gmt":"2024-04-18T01:58:16","guid":{"rendered":"https:\/\/diariodepe.com.br\/cri\/?p=5042"},"modified":"2024-04-17T22:58:16","modified_gmt":"2024-04-18T01:58:16","slug":"grupo-de-trabalho-economico-china-eua-realiza-quarta-reuniao","status":"publish","type":"post","link":"https:\/\/diariodepe.com.br\/cri\/2024\/04\/17\/grupo-de-trabalho-economico-china-eua-realiza-quarta-reuniao\/","title":{"rendered":"Grupo de trabalho econ\u00f4mico China-EUA realiza quarta reuni\u00e3o"},"content":{"rendered":"<p>O grupo de trabalho econ\u00f4mico China-EUA realizou sua quarta reuni\u00e3o nesta ter\u00e7a-feira em Washington D.C., informou o Minist\u00e9rio das Finan\u00e7as da China nesta quarta-feira.<\/p>\n<p>A reuni\u00e3o foi co-presidida pelo vice-ministro das Finan\u00e7as da China, Liao Min, e por Jay Shambaugh, subsecret\u00e1rio do Departamento do Tesouro dos EUA, informou o minist\u00e9rio em um comunicado.<\/p>\n<p>Com foco na implementa\u00e7\u00e3o do importante consenso alcan\u00e7ado pelos chefes, os dois lados realizaram uma comunica\u00e7\u00e3o aprofundada, pragm\u00e1tica e construtiva sobre as situa\u00e7\u00f5es macroecon\u00f4micas e o crescimento equilibrado nos dois pa\u00edses e no mundo, bem como provid\u00eancias para a comunica\u00e7\u00e3o futura.<\/p>\n<p>O lado chin\u00eas expressou sua preocupa\u00e7\u00e3o com as restri\u00e7\u00f5es econ\u00f4micas e comerciais dos EUA contra a China e apresentou mais respostas sobre a quest\u00e3o da capacidade de produ\u00e7\u00e3o.<\/p>\n<p>Os dois lados concordaram em manter a comunica\u00e7\u00e3o e o interc\u00e2mbio.<\/p>\n","protected":false},"excerpt":{"rendered":"<p>O grupo de trabalho econ\u00f4mico China-EUA realizou sua quarta reuni\u00e3o nesta ter\u00e7a-feira em Washington D.C., informou o Minist\u00e9rio das Finan\u00e7as da China nesta quarta-feira. A reuni\u00e3o foi co-presidida pelo vice-ministro das Finan\u00e7as da China, Liao Min, e por Jay Shambaugh,&#8230;<\/p>\n","protected":false},"author":2,"featured_media":0,"comment_status":"open","ping_status":"open","sticky":false,"template":"","format":"standard","meta":{"footnotes":""},"categories":[3],"tags":[],"class_list":["post-5042","post","type-post","status-publish","format-standard","hentry","category-china"],"yoast_head":"<!-- This site is optimized with the Yoast SEO plugin v27.4 - https:\/\/yoast.com\/product\/yoast-seo-wordpress\/ -->\n<title>Grupo de trabalho econ\u00f4mico China-EUA realiza quarta reuni\u00e3o - CRI e Diario de Pernambuco<\/title>\n<meta name=\"robots\" content=\"index, follow, max-snippet:-1, max-image-preview:large, max-video-preview:-1\" \/>\n<link rel=\"canonical\" href=\"https:\/\/diariodepe.com.br\/cri\/2024\/04\/17\/grupo-de-trabalho-economico-china-eua-realiza-quarta-reuniao\/\" \/>\n<meta property=\"og:locale\" content=\"pt_BR\" \/>\n<meta property=\"og:type\" content=\"article\" \/>\n<meta property=\"og:title\" content=\"Grupo de trabalho econ\u00f4mico China-EUA realiza quarta reuni\u00e3o - CRI e Diario de Pernambuco\" \/>\n<meta property=\"og:description\" content=\"O grupo de trabalho econ\u00f4mico China-EUA realizou sua quarta reuni\u00e3o nesta ter\u00e7a-feira em Washington D.C., informou o Minist\u00e9rio das Finan\u00e7as da China nesta quarta-feira. A reuni\u00e3o foi co-presidida pelo vice-ministro das Finan\u00e7as da China, Liao Min, e por Jay Shambaugh,...\" \/>\n<meta property=\"og:url\" content=\"https:\/\/diariodepe.com.br\/cri\/2024\/04\/17\/grupo-de-trabalho-economico-china-eua-realiza-quarta-reuniao\/\" \/>\n<meta property=\"og:site_name\" content=\"CRI e Diario de Pernambuco\" \/>\n<meta property=\"article:published_time\" content=\"2024-04-18T01:58:16+00:00\" \/>\n<meta name=\"author\" content=\"Ismael Lucas S. Pereira\" \/>\n<meta name=\"twitter:card\" content=\"summary_large_image\" \/>\n<meta name=\"twitter:label1\" content=\"Escrito por\" \/>\n\t<meta name=\"twitter:data1\" content=\"Ismael Lucas S. Pereira\" \/>\n<script type=\"application\/ld+json\" class=\"yoast-schema-graph\">{\"@context\":\"https:\\\/\\\/schema.org\",\"@graph\":[{\"@type\":\"Article\",\"@id\":\"https:\\\/\\\/diariodepe.com.br\\\/cri\\\/2024\\\/04\\\/17\\\/grupo-de-trabalho-economico-china-eua-realiza-quarta-reuniao\\\/#article\",\"isPartOf\":{\"@id\":\"https:\\\/\\\/diariodepe.com.br\\\/cri\\\/2024\\\/04\\\/17\\\/grupo-de-trabalho-economico-china-eua-realiza-quarta-reuniao\\\/\"},\"author\":{\"name\":\"Ismael Lucas S. Pereira\",\"@id\":\"https:\\\/\\\/diariodepe.com.br\\\/cri\\\/#\\\/schema\\\/person\\\/121bb28d84f1a5b1205ef4ce9c2e0c6b\"},\"headline\":\"Grupo de trabalho econ\u00f4mico China-EUA realiza quarta reuni\u00e3o\",\"datePublished\":\"2024-04-18T01:58:16+00:00\",\"mainEntityOfPage\":{\"@id\":\"https:\\\/\\\/diariodepe.com.br\\\/cri\\\/2024\\\/04\\\/17\\\/grupo-de-trabalho-economico-china-eua-realiza-quarta-reuniao\\\/\"},\"wordCount\":170,\"commentCount\":0,\"publisher\":{\"@id\":\"https:\\\/\\\/diariodepe.com.br\\\/cri\\\/#organization\"},\"articleSection\":[\"China\"],\"inLanguage\":\"pt-BR\",\"potentialAction\":[{\"@type\":\"CommentAction\",\"name\":\"Comment\",\"target\":[\"https:\\\/\\\/diariodepe.com.br\\\/cri\\\/2024\\\/04\\\/17\\\/grupo-de-trabalho-economico-china-eua-realiza-quarta-reuniao\\\/#respond\"]}]},{\"@type\":\"WebPage\",\"@id\":\"https:\\\/\\\/diariodepe.com.br\\\/cri\\\/2024\\\/04\\\/17\\\/grupo-de-trabalho-economico-china-eua-realiza-quarta-reuniao\\\/\",\"url\":\"https:\\\/\\\/diariodepe.com.br\\\/cri\\\/2024\\\/04\\\/17\\\/grupo-de-trabalho-economico-china-eua-realiza-quarta-reuniao\\\/\",\"name\":\"Grupo de trabalho econ\u00f4mico China-EUA realiza quarta reuni\u00e3o - CRI e Diario de Pernambuco\",\"isPartOf\":{\"@id\":\"https:\\\/\\\/diariodepe.com.br\\\/cri\\\/#website\"},\"datePublished\":\"2024-04-18T01:58:16+00:00\",\"breadcrumb\":{\"@id\":\"https:\\\/\\\/diariodepe.com.br\\\/cri\\\/2024\\\/04\\\/17\\\/grupo-de-trabalho-economico-china-eua-realiza-quarta-reuniao\\\/#breadcrumb\"},\"inLanguage\":\"pt-BR\",\"potentialAction\":[{\"@type\":\"ReadAction\",\"target\":[\"https:\\\/\\\/diariodepe.com.br\\\/cri\\\/2024\\\/04\\\/17\\\/grupo-de-trabalho-economico-china-eua-realiza-quarta-reuniao\\\/\"]}]},{\"@type\":\"BreadcrumbList\",\"@id\":\"https:\\\/\\\/diariodepe.com.br\\\/cri\\\/2024\\\/04\\\/17\\\/grupo-de-trabalho-economico-china-eua-realiza-quarta-reuniao\\\/#breadcrumb\",\"itemListElement\":[{\"@type\":\"ListItem\",\"position\":1,\"name\":\"In\u00edcio\",\"item\":\"https:\\\/\\\/diariodepe.com.br\\\/cri\\\/\"},{\"@type\":\"ListItem\",\"position\":2,\"name\":\"Grupo de trabalho econ\u00f4mico China-EUA realiza quarta reuni\u00e3o\"}]},{\"@type\":\"WebSite\",\"@id\":\"https:\\\/\\\/diariodepe.com.br\\\/cri\\\/#website\",\"url\":\"https:\\\/\\\/diariodepe.com.br\\\/cri\\\/\",\"name\":\"CRI e Diario de Pernambuco\",\"description\":\"R\u00e1dio Internacional da China\",\"publisher\":{\"@id\":\"https:\\\/\\\/diariodepe.com.br\\\/cri\\\/#organization\"},\"potentialAction\":[{\"@type\":\"SearchAction\",\"target\":{\"@type\":\"EntryPoint\",\"urlTemplate\":\"https:\\\/\\\/diariodepe.com.br\\\/cri\\\/?s={search_term_string}\"},\"query-input\":{\"@type\":\"PropertyValueSpecification\",\"valueRequired\":true,\"valueName\":\"search_term_string\"}}],\"inLanguage\":\"pt-BR\"},{\"@type\":\"Organization\",\"@id\":\"https:\\\/\\\/diariodepe.com.br\\\/cri\\\/#organization\",\"name\":\"CRI e Diario de Pernambuco\",\"url\":\"https:\\\/\\\/diariodepe.com.br\\\/cri\\\/\",\"logo\":{\"@type\":\"ImageObject\",\"inLanguage\":\"pt-BR\",\"@id\":\"https:\\\/\\\/diariodepe.com.br\\\/cri\\\/#\\\/schema\\\/logo\\\/image\\\/\",\"url\":\"https:\\\/\\\/diariodepe.com.br\\\/cri\\\/wp-content\\\/uploads\\\/sites\\\/2\\\/2022\\\/12\\\/cropped-Logo.jpg\",\"contentUrl\":\"https:\\\/\\\/diariodepe.com.br\\\/cri\\\/wp-content\\\/uploads\\\/sites\\\/2\\\/2022\\\/12\\\/cropped-Logo.jpg\",\"width\":700,\"height\":59,\"caption\":\"CRI e Diario de Pernambuco\"},\"image\":{\"@id\":\"https:\\\/\\\/diariodepe.com.br\\\/cri\\\/#\\\/schema\\\/logo\\\/image\\\/\"}},{\"@type\":\"Person\",\"@id\":\"https:\\\/\\\/diariodepe.com.br\\\/cri\\\/#\\\/schema\\\/person\\\/121bb28d84f1a5b1205ef4ce9c2e0c6b\",\"name\":\"Ismael Lucas S. Pereira\",\"image\":{\"@type\":\"ImageObject\",\"inLanguage\":\"pt-BR\",\"@id\":\"https:\\\/\\\/secure.gravatar.com\\\/avatar\\\/887a0f3b5a7ceea963a48499fb883ffce6b5037362def025c52c2505b15d63e4?s=96&d=mm&r=g\",\"url\":\"https:\\\/\\\/secure.gravatar.com\\\/avatar\\\/887a0f3b5a7ceea963a48499fb883ffce6b5037362def025c52c2505b15d63e4?s=96&d=mm&r=g\",\"contentUrl\":\"https:\\\/\\\/secure.gravatar.com\\\/avatar\\\/887a0f3b5a7ceea963a48499fb883ffce6b5037362def025c52c2505b15d63e4?s=96&d=mm&r=g\",\"caption\":\"Ismael Lucas S. Pereira\"},\"url\":\"https:\\\/\\\/diariodepe.com.br\\\/cri\\\/author\\\/ismael-lucas\\\/\"}]}<\/script>\n<!-- \/ Yoast SEO plugin. -->","yoast_head_json":{"title":"Grupo de trabalho econ\u00f4mico China-EUA realiza quarta reuni\u00e3o - CRI e Diario de Pernambuco","robots":{"index":"index","follow":"follow","max-snippet":"max-snippet:-1","max-image-preview":"max-image-preview:large","max-video-preview":"max-video-preview:-1"},"canonical":"https:\/\/diariodepe.com.br\/cri\/2024\/04\/17\/grupo-de-trabalho-economico-china-eua-realiza-quarta-reuniao\/","og_locale":"pt_BR","og_type":"article","og_title":"Grupo de trabalho econ\u00f4mico China-EUA realiza quarta reuni\u00e3o - CRI e Diario de Pernambuco","og_description":"O grupo de trabalho econ\u00f4mico China-EUA realizou sua quarta reuni\u00e3o nesta ter\u00e7a-feira em Washington D.C., informou o Minist\u00e9rio das Finan\u00e7as da China nesta quarta-feira. A reuni\u00e3o foi co-presidida pelo vice-ministro das Finan\u00e7as da China, Liao Min, e por Jay Shambaugh,...","og_url":"https:\/\/diariodepe.com.br\/cri\/2024\/04\/17\/grupo-de-trabalho-economico-china-eua-realiza-quarta-reuniao\/","og_site_name":"CRI e Diario de Pernambuco","article_published_time":"2024-04-18T01:58:16+00:00","author":"Ismael Lucas S. Pereira","twitter_card":"summary_large_image","twitter_misc":{"Escrito por":"Ismael Lucas S. Pereira"},"schema":{"@context":"https:\/\/schema.org","@graph":[{"@type":"Article","@id":"https:\/\/diariodepe.com.br\/cri\/2024\/04\/17\/grupo-de-trabalho-economico-china-eua-realiza-quarta-reuniao\/#article","isPartOf":{"@id":"https:\/\/diariodepe.com.br\/cri\/2024\/04\/17\/grupo-de-trabalho-economico-china-eua-realiza-quarta-reuniao\/"},"author":{"name":"Ismael Lucas S. Pereira","@id":"https:\/\/diariodepe.com.br\/cri\/#\/schema\/person\/121bb28d84f1a5b1205ef4ce9c2e0c6b"},"headline":"Grupo de trabalho econ\u00f4mico China-EUA realiza quarta reuni\u00e3o","datePublished":"2024-04-18T01:58:16+00:00","mainEntityOfPage":{"@id":"https:\/\/diariodepe.com.br\/cri\/2024\/04\/17\/grupo-de-trabalho-economico-china-eua-realiza-quarta-reuniao\/"},"wordCount":170,"commentCount":0,"publisher":{"@id":"https:\/\/diariodepe.com.br\/cri\/#organization"},"articleSection":["China"],"inLanguage":"pt-BR","potentialAction":[{"@type":"CommentAction","name":"Comment","target":["https:\/\/diariodepe.com.br\/cri\/2024\/04\/17\/grupo-de-trabalho-economico-china-eua-realiza-quarta-reuniao\/#respond"]}]},{"@type":"WebPage","@id":"https:\/\/diariodepe.com.br\/cri\/2024\/04\/17\/grupo-de-trabalho-economico-china-eua-realiza-quarta-reuniao\/","url":"https:\/\/diariodepe.com.br\/cri\/2024\/04\/17\/grupo-de-trabalho-economico-china-eua-realiza-quarta-reuniao\/","name":"Grupo de trabalho econ\u00f4mico China-EUA realiza quarta reuni\u00e3o - CRI e Diario de Pernambuco","isPartOf":{"@id":"https:\/\/diariodepe.com.br\/cri\/#website"},"datePublished":"2024-04-18T01:58:16+00:00","breadcrumb":{"@id":"https:\/\/diariodepe.com.br\/cri\/2024\/04\/17\/grupo-de-trabalho-economico-china-eua-realiza-quarta-reuniao\/#breadcrumb"},"inLanguage":"pt-BR","potentialAction":[{"@type":"ReadAction","target":["https:\/\/diariodepe.com.br\/cri\/2024\/04\/17\/grupo-de-trabalho-economico-china-eua-realiza-quarta-reuniao\/"]}]},{"@type":"BreadcrumbList","@id":"https:\/\/diariodepe.com.br\/cri\/2024\/04\/17\/grupo-de-trabalho-economico-china-eua-realiza-quarta-reuniao\/#breadcrumb","itemListElement":[{"@type":"ListItem","position":1,"name":"In\u00edcio","item":"https:\/\/diariodepe.com.br\/cri\/"},{"@type":"ListItem","position":2,"name":"Grupo de trabalho econ\u00f4mico China-EUA realiza quarta reuni\u00e3o"}]},{"@type":"WebSite","@id":"https:\/\/diariodepe.com.br\/cri\/#website","url":"https:\/\/diariodepe.com.br\/cri\/","name":"CRI e Diario de Pernambuco","description":"R\u00e1dio Internacional da China","publisher":{"@id":"https:\/\/diariodepe.com.br\/cri\/#organization"},"potentialAction":[{"@type":"SearchAction","target":{"@type":"EntryPoint","urlTemplate":"https:\/\/diariodepe.com.br\/cri\/?s={search_term_string}"},"query-input":{"@type":"PropertyValueSpecification","valueRequired":true,"valueName":"search_term_string"}}],"inLanguage":"pt-BR"},{"@type":"Organization","@id":"https:\/\/diariodepe.com.br\/cri\/#organization","name":"CRI e Diario de Pernambuco","url":"https:\/\/diariodepe.com.br\/cri\/","logo":{"@type":"ImageObject","inLanguage":"pt-BR","@id":"https:\/\/diariodepe.com.br\/cri\/#\/schema\/logo\/image\/","url":"https:\/\/diariodepe.com.br\/cri\/wp-content\/uploads\/sites\/2\/2022\/12\/cropped-Logo.jpg","contentUrl":"https:\/\/diariodepe.com.br\/cri\/wp-content\/uploads\/sites\/2\/2022\/12\/cropped-Logo.jpg","width":700,"height":59,"caption":"CRI e Diario de Pernambuco"},"image":{"@id":"https:\/\/diariodepe.com.br\/cri\/#\/schema\/logo\/image\/"}},{"@type":"Person","@id":"https:\/\/diariodepe.com.br\/cri\/#\/schema\/person\/121bb28d84f1a5b1205ef4ce9c2e0c6b","name":"Ismael Lucas S. Pereira","image":{"@type":"ImageObject","inLanguage":"pt-BR","@id":"https:\/\/secure.gravatar.com\/avatar\/887a0f3b5a7ceea963a48499fb883ffce6b5037362def025c52c2505b15d63e4?s=96&d=mm&r=g","url":"https:\/\/secure.gravatar.com\/avatar\/887a0f3b5a7ceea963a48499fb883ffce6b5037362def025c52c2505b15d63e4?s=96&d=mm&r=g","contentUrl":"https:\/\/secure.gravatar.com\/avatar\/887a0f3b5a7ceea963a48499fb883ffce6b5037362def025c52c2505b15d63e4?s=96&d=mm&r=g","caption":"Ismael Lucas S. Pereira"},"url":"https:\/\/diariodepe.com.br\/cri\/author\/ismael-lucas\/"}]}},"cc_featured_image_caption":{"caption_text":false,"source_text":false,"source_url":false},"amp_enabled":true,"_links":{"self":[{"href":"https:\/\/diariodepe.com.br\/cri\/wp-json\/wp\/v2\/posts\/5042","targetHints":{"allow":["GET"]}}],"collection":[{"href":"https:\/\/diariodepe.com.br\/cri\/wp-json\/wp\/v2\/posts"}],"about":[{"href":"https:\/\/diariodepe.com.br\/cri\/wp-json\/wp\/v2\/types\/post"}],"author":[{"embeddable":true,"href":"https:\/\/diariodepe.com.br\/cri\/wp-json\/wp\/v2\/users\/2"}],"replies":[{"embeddable":true,"href":"https:\/\/diariodepe.com.br\/cri\/wp-json\/wp\/v2\/comments?post=5042"}],"version-history":[{"count":1,"href":"https:\/\/diariodepe.com.br\/cri\/wp-json\/wp\/v2\/posts\/5042\/revisions"}],"predecessor-version":[{"id":5043,"href":"https:\/\/diariodepe.com.br\/cri\/wp-json\/wp\/v2\/posts\/5042\/revisions\/5043"}],"wp:attachment":[{"href":"https:\/\/diariodepe.com.br\/cri\/wp-json\/wp\/v2\/media?parent=5042"}],"wp:term":[{"taxonomy":"category","embeddable":true,"href":"https:\/\/diariodepe.com.br\/cri\/wp-json\/wp\/v2\/categories?post=5042"},{"taxonomy":"post_tag","embeddable":true,"href":"https:\/\/diariodepe.com.br\/cri\/wp-json\/wp\/v2\/tags?post=5042"}],"curies":[{"name":"wp","href":"https:\/\/api.w.org\/{rel}","templated":true}]}}