{"id":5027,"date":"2024-04-16T04:35:43","date_gmt":"2024-04-16T07:35:43","guid":{"rendered":"https:\/\/diariodepe.com.br\/cri\/?p=5027"},"modified":"2024-04-16T04:35:43","modified_gmt":"2024-04-16T07:35:43","slug":"xi-jinping-reune-se-com-chanceler-alemao","status":"publish","type":"post","link":"https:\/\/diariodepe.com.br\/cri\/2024\/04\/16\/xi-jinping-reune-se-com-chanceler-alemao\/","title":{"rendered":"Xi Jinping re\u00fane-se com chanceler alem\u00e3o"},"content":{"rendered":"<p>O presidente da China, Xi Jinping, reuniu-se na manh\u00e3 desta ter\u00e7a-feira (16) em Beijing com o chanceler da Alemanha, Olaf Scholz, que est\u00e1 em visita \u00e0 China.<\/p>\n<p>O l\u00edder chin\u00eas disse que este ano marca os 10 anos do estabelecimento da parceria estrat\u00e9gica abrangente entre os dois pa\u00edses. Na \u00faltima d\u00e9cada, apesar das grandes mudan\u00e7as na situa\u00e7\u00e3o internacional, as rela\u00e7\u00f5es sino-alem\u00e3s sempre se desenvolveram de forma constante, com consolida\u00e7\u00e3o e aprofundamento de coopera\u00e7\u00f5es em v\u00e1rios campos, dando impulso ao desenvolvimento de ambos os pa\u00edses. As duas na\u00e7\u00f5es devem tratar e desenvolver suas rela\u00e7\u00f5es bilaterais a partir de uma perspectiva estrat\u00e9gica e de longo prazo, e trabalhar juntas para injetar mais estabilidade e certeza no mundo.<\/p>\n<p>Segundo o presidente chin\u00eas, tanto a China quanto a Alemanha fizeram contribui\u00e7\u00f5es significativas para o progresso da civiliza\u00e7\u00e3o humana. As duas na\u00e7\u00f5es n\u00e3o representam amea\u00e7a uma para a outra, pois n\u00e3o h\u00e1 nenhum conflito de interesses fundamentais entre os dois pa\u00edses. \u201cA coopera\u00e7\u00e3o entre a China e a Alemanha \u00e9 ben\u00e9fica para ambos os lados e para o mundo\u201d, salientou o l\u00edder chin\u00eas.<\/p>\n<p>Xi Jinping ressaltou que as cadeias industrial e de suprimentos dos dois pa\u00edses est\u00e3o profundamente entrela\u00e7adas, e ambos os mercados s\u00e3o altamente dependentes um do outro. A coopera\u00e7\u00e3o China-Alemanha mutuamente ben\u00e9fica n\u00e3o \u00e9 um &#8220;risco&#8221;, mas uma garantia para a estabilidade do relacionamento e uma oportunidade para criar um futuro melhor.<\/p>\n<p>Na opini\u00e3o de Xi Jinping, a China e a Alemanha devem efetuar a coordena\u00e7\u00e3o multilateral de forma independente e aut\u00f4noma, e trabalhar em conjunto para que a comunidade internacional tome medidas concretas para lidar melhor com os desafios globais, como as mudan\u00e7as clim\u00e1ticas, o desenvolvimento desequilibrado e os conflitos regionais, de modo a fazer mais contribui\u00e7\u00f5es para o equil\u00edbrio e a estabilidade do mundo.<\/p>\n<p>Por sua vez, Scholz disse que as rela\u00e7\u00f5es entre a Alemanha e a China est\u00e3o se desenvolvendo bem, com contatos estreitos em todos os n\u00edveis e em todos os campos. O governo alem\u00e3o est\u00e1 disposto a continuar fortalecendo as rela\u00e7\u00f5es com a China, a aprofundar o di\u00e1logo e a coopera\u00e7\u00e3o bilaterais em diversas \u00e1reas e a promover o interc\u00e2mbio em educa\u00e7\u00e3o e cultura. Isso \u00e9 de import\u00e2ncia vital para ambos os pa\u00edses e para o mundo.<\/p>\n<p>Segundo o chanceler, a Alemanha est\u00e1 disposta a fortalecer a comunica\u00e7\u00e3o e a coordena\u00e7\u00e3o com a China para enfrentar conjuntamente os desafios globais e salvaguardar a ordem internacional multilateral e promover a paz e o desenvolvimento do mundo. O governo alem\u00e3o se op\u00f5e ao protecionismo e apoia o livre com\u00e9rcio. Como um importante membro da UE, o pa\u00eds est\u00e1 disposto a desempenhar um papel ativo na promo\u00e7\u00e3o das boas rela\u00e7\u00f5es entre o bloco e a China.<\/p>\n<p>Os dois l\u00edderes tamb\u00e9m discutiram a crise na Ucr\u00e2nia, e salientaram que ambos os pa\u00edses est\u00e3o comprometidos com o cumprimento dos prop\u00f3sitos e princ\u00edpios da Carta das Na\u00e7\u00f5es Unidas, op\u00f5em-se ao uso de armas nucleares ou ataques a instala\u00e7\u00f5es nucleares de uso pac\u00edfico, e empenham-se em resolver adequadamente a quest\u00e3o da seguran\u00e7a alimentar internacional, al\u00e9m de cumprir a lei humanit\u00e1ria internacional.<\/p>\n<p data-spm-anchor-id=\"0.0.0.i1\">Eles tamb\u00e9m trocaram opini\u00f5es sobre o conflito palestino-israelense e outras quest\u00f5es internacionais e regionais de interesse comum.<\/p>\n","protected":false},"excerpt":{"rendered":"<p>O presidente da China, Xi Jinping, reuniu-se na manh\u00e3 desta ter\u00e7a-feira (16) em Beijing com o chanceler da Alemanha, Olaf Scholz, que est\u00e1 em visita \u00e0 China. O l\u00edder chin\u00eas disse que este ano marca os 10 anos do estabelecimento&#8230;<\/p>\n","protected":false},"author":2,"featured_media":5028,"comment_status":"open","ping_status":"open","sticky":false,"template":"","format":"standard","meta":{"footnotes":""},"categories":[3,5],"tags":[],"class_list":["post-5027","post","type-post","status-publish","format-standard","has-post-thumbnail","hentry","category-china","category-destaques-capa"],"yoast_head":"<!-- This site is optimized with the Yoast SEO plugin v27.4 - https:\/\/yoast.com\/product\/yoast-seo-wordpress\/ -->\n<title>Xi Jinping re\u00fane-se com chanceler alem\u00e3o - CRI e Diario de Pernambuco<\/title>\n<meta name=\"robots\" content=\"index, follow, max-snippet:-1, max-image-preview:large, max-video-preview:-1\" \/>\n<link rel=\"canonical\" href=\"https:\/\/diariodepe.com.br\/cri\/2024\/04\/16\/xi-jinping-reune-se-com-chanceler-alemao\/\" \/>\n<meta property=\"og:locale\" content=\"pt_BR\" \/>\n<meta property=\"og:type\" content=\"article\" \/>\n<meta property=\"og:title\" content=\"Xi Jinping re\u00fane-se com chanceler alem\u00e3o - CRI e Diario de Pernambuco\" \/>\n<meta property=\"og:description\" content=\"O presidente da China, Xi Jinping, reuniu-se na manh\u00e3 desta ter\u00e7a-feira (16) em Beijing com o chanceler da Alemanha, Olaf Scholz, que est\u00e1 em visita \u00e0 China. O l\u00edder chin\u00eas disse que este ano marca os 10 anos do estabelecimento...\" \/>\n<meta property=\"og:url\" content=\"https:\/\/diariodepe.com.br\/cri\/2024\/04\/16\/xi-jinping-reune-se-com-chanceler-alemao\/\" \/>\n<meta property=\"og:site_name\" content=\"CRI e Diario de Pernambuco\" \/>\n<meta property=\"article:published_time\" content=\"2024-04-16T07:35:43+00:00\" \/>\n<meta property=\"og:image\" content=\"https:\/\/diariodepe.com.br\/cri\/wp-content\/uploads\/sites\/2\/2024\/04\/2024041615021460326-scaled.jpg\" \/>\n\t<meta property=\"og:image:width\" content=\"2560\" \/>\n\t<meta property=\"og:image:height\" content=\"1840\" \/>\n\t<meta property=\"og:image:type\" content=\"image\/jpeg\" \/>\n<meta name=\"author\" content=\"Ismael Lucas S. Pereira\" \/>\n<meta name=\"twitter:card\" content=\"summary_large_image\" \/>\n<meta name=\"twitter:label1\" content=\"Escrito por\" \/>\n\t<meta name=\"twitter:data1\" content=\"Ismael Lucas S. Pereira\" \/>\n\t<meta name=\"twitter:label2\" content=\"Est. tempo de leitura\" \/>\n\t<meta name=\"twitter:data2\" content=\"3 minutos\" \/>\n<script type=\"application\/ld+json\" class=\"yoast-schema-graph\">{\"@context\":\"https:\\\/\\\/schema.org\",\"@graph\":[{\"@type\":\"Article\",\"@id\":\"https:\\\/\\\/diariodepe.com.br\\\/cri\\\/2024\\\/04\\\/16\\\/xi-jinping-reune-se-com-chanceler-alemao\\\/#article\",\"isPartOf\":{\"@id\":\"https:\\\/\\\/diariodepe.com.br\\\/cri\\\/2024\\\/04\\\/16\\\/xi-jinping-reune-se-com-chanceler-alemao\\\/\"},\"author\":{\"name\":\"Ismael Lucas S. Pereira\",\"@id\":\"https:\\\/\\\/diariodepe.com.br\\\/cri\\\/#\\\/schema\\\/person\\\/121bb28d84f1a5b1205ef4ce9c2e0c6b\"},\"headline\":\"Xi Jinping re\u00fane-se com chanceler alem\u00e3o\",\"datePublished\":\"2024-04-16T07:35:43+00:00\",\"mainEntityOfPage\":{\"@id\":\"https:\\\/\\\/diariodepe.com.br\\\/cri\\\/2024\\\/04\\\/16\\\/xi-jinping-reune-se-com-chanceler-alemao\\\/\"},\"wordCount\":605,\"commentCount\":0,\"publisher\":{\"@id\":\"https:\\\/\\\/diariodepe.com.br\\\/cri\\\/#organization\"},\"image\":{\"@id\":\"https:\\\/\\\/diariodepe.com.br\\\/cri\\\/2024\\\/04\\\/16\\\/xi-jinping-reune-se-com-chanceler-alemao\\\/#primaryimage\"},\"thumbnailUrl\":\"https:\\\/\\\/diariodepe.com.br\\\/cri\\\/wp-content\\\/uploads\\\/sites\\\/2\\\/2024\\\/04\\\/2024041615021460326-scaled.jpg\",\"articleSection\":[\"China\",\"Destaques Capa\"],\"inLanguage\":\"pt-BR\",\"potentialAction\":[{\"@type\":\"CommentAction\",\"name\":\"Comment\",\"target\":[\"https:\\\/\\\/diariodepe.com.br\\\/cri\\\/2024\\\/04\\\/16\\\/xi-jinping-reune-se-com-chanceler-alemao\\\/#respond\"]}]},{\"@type\":\"WebPage\",\"@id\":\"https:\\\/\\\/diariodepe.com.br\\\/cri\\\/2024\\\/04\\\/16\\\/xi-jinping-reune-se-com-chanceler-alemao\\\/\",\"url\":\"https:\\\/\\\/diariodepe.com.br\\\/cri\\\/2024\\\/04\\\/16\\\/xi-jinping-reune-se-com-chanceler-alemao\\\/\",\"name\":\"Xi Jinping re\u00fane-se com chanceler alem\u00e3o - CRI e Diario de Pernambuco\",\"isPartOf\":{\"@id\":\"https:\\\/\\\/diariodepe.com.br\\\/cri\\\/#website\"},\"primaryImageOfPage\":{\"@id\":\"https:\\\/\\\/diariodepe.com.br\\\/cri\\\/2024\\\/04\\\/16\\\/xi-jinping-reune-se-com-chanceler-alemao\\\/#primaryimage\"},\"image\":{\"@id\":\"https:\\\/\\\/diariodepe.com.br\\\/cri\\\/2024\\\/04\\\/16\\\/xi-jinping-reune-se-com-chanceler-alemao\\\/#primaryimage\"},\"thumbnailUrl\":\"https:\\\/\\\/diariodepe.com.br\\\/cri\\\/wp-content\\\/uploads\\\/sites\\\/2\\\/2024\\\/04\\\/2024041615021460326-scaled.jpg\",\"datePublished\":\"2024-04-16T07:35:43+00:00\",\"breadcrumb\":{\"@id\":\"https:\\\/\\\/diariodepe.com.br\\\/cri\\\/2024\\\/04\\\/16\\\/xi-jinping-reune-se-com-chanceler-alemao\\\/#breadcrumb\"},\"inLanguage\":\"pt-BR\",\"potentialAction\":[{\"@type\":\"ReadAction\",\"target\":[\"https:\\\/\\\/diariodepe.com.br\\\/cri\\\/2024\\\/04\\\/16\\\/xi-jinping-reune-se-com-chanceler-alemao\\\/\"]}]},{\"@type\":\"ImageObject\",\"inLanguage\":\"pt-BR\",\"@id\":\"https:\\\/\\\/diariodepe.com.br\\\/cri\\\/2024\\\/04\\\/16\\\/xi-jinping-reune-se-com-chanceler-alemao\\\/#primaryimage\",\"url\":\"https:\\\/\\\/diariodepe.com.br\\\/cri\\\/wp-content\\\/uploads\\\/sites\\\/2\\\/2024\\\/04\\\/2024041615021460326-scaled.jpg\",\"contentUrl\":\"https:\\\/\\\/diariodepe.com.br\\\/cri\\\/wp-content\\\/uploads\\\/sites\\\/2\\\/2024\\\/04\\\/2024041615021460326-scaled.jpg\",\"width\":2560,\"height\":1840},{\"@type\":\"BreadcrumbList\",\"@id\":\"https:\\\/\\\/diariodepe.com.br\\\/cri\\\/2024\\\/04\\\/16\\\/xi-jinping-reune-se-com-chanceler-alemao\\\/#breadcrumb\",\"itemListElement\":[{\"@type\":\"ListItem\",\"position\":1,\"name\":\"In\u00edcio\",\"item\":\"https:\\\/\\\/diariodepe.com.br\\\/cri\\\/\"},{\"@type\":\"ListItem\",\"position\":2,\"name\":\"Xi Jinping re\u00fane-se com chanceler alem\u00e3o\"}]},{\"@type\":\"WebSite\",\"@id\":\"https:\\\/\\\/diariodepe.com.br\\\/cri\\\/#website\",\"url\":\"https:\\\/\\\/diariodepe.com.br\\\/cri\\\/\",\"name\":\"CRI e Diario de Pernambuco\",\"description\":\"R\u00e1dio Internacional da China\",\"publisher\":{\"@id\":\"https:\\\/\\\/diariodepe.com.br\\\/cri\\\/#organization\"},\"potentialAction\":[{\"@type\":\"SearchAction\",\"target\":{\"@type\":\"EntryPoint\",\"urlTemplate\":\"https:\\\/\\\/diariodepe.com.br\\\/cri\\\/?s={search_term_string}\"},\"query-input\":{\"@type\":\"PropertyValueSpecification\",\"valueRequired\":true,\"valueName\":\"search_term_string\"}}],\"inLanguage\":\"pt-BR\"},{\"@type\":\"Organization\",\"@id\":\"https:\\\/\\\/diariodepe.com.br\\\/cri\\\/#organization\",\"name\":\"CRI e Diario de Pernambuco\",\"url\":\"https:\\\/\\\/diariodepe.com.br\\\/cri\\\/\",\"logo\":{\"@type\":\"ImageObject\",\"inLanguage\":\"pt-BR\",\"@id\":\"https:\\\/\\\/diariodepe.com.br\\\/cri\\\/#\\\/schema\\\/logo\\\/image\\\/\",\"url\":\"https:\\\/\\\/diariodepe.com.br\\\/cri\\\/wp-content\\\/uploads\\\/sites\\\/2\\\/2022\\\/12\\\/cropped-Logo.jpg\",\"contentUrl\":\"https:\\\/\\\/diariodepe.com.br\\\/cri\\\/wp-content\\\/uploads\\\/sites\\\/2\\\/2022\\\/12\\\/cropped-Logo.jpg\",\"width\":700,\"height\":59,\"caption\":\"CRI e Diario de Pernambuco\"},\"image\":{\"@id\":\"https:\\\/\\\/diariodepe.com.br\\\/cri\\\/#\\\/schema\\\/logo\\\/image\\\/\"}},{\"@type\":\"Person\",\"@id\":\"https:\\\/\\\/diariodepe.com.br\\\/cri\\\/#\\\/schema\\\/person\\\/121bb28d84f1a5b1205ef4ce9c2e0c6b\",\"name\":\"Ismael Lucas S. Pereira\",\"image\":{\"@type\":\"ImageObject\",\"inLanguage\":\"pt-BR\",\"@id\":\"https:\\\/\\\/secure.gravatar.com\\\/avatar\\\/887a0f3b5a7ceea963a48499fb883ffce6b5037362def025c52c2505b15d63e4?s=96&d=mm&r=g\",\"url\":\"https:\\\/\\\/secure.gravatar.com\\\/avatar\\\/887a0f3b5a7ceea963a48499fb883ffce6b5037362def025c52c2505b15d63e4?s=96&d=mm&r=g\",\"contentUrl\":\"https:\\\/\\\/secure.gravatar.com\\\/avatar\\\/887a0f3b5a7ceea963a48499fb883ffce6b5037362def025c52c2505b15d63e4?s=96&d=mm&r=g\",\"caption\":\"Ismael Lucas S. Pereira\"},\"url\":\"https:\\\/\\\/diariodepe.com.br\\\/cri\\\/author\\\/ismael-lucas\\\/\"}]}<\/script>\n<!-- \/ Yoast SEO plugin. -->","yoast_head_json":{"title":"Xi Jinping re\u00fane-se com chanceler alem\u00e3o - CRI e Diario de Pernambuco","robots":{"index":"index","follow":"follow","max-snippet":"max-snippet:-1","max-image-preview":"max-image-preview:large","max-video-preview":"max-video-preview:-1"},"canonical":"https:\/\/diariodepe.com.br\/cri\/2024\/04\/16\/xi-jinping-reune-se-com-chanceler-alemao\/","og_locale":"pt_BR","og_type":"article","og_title":"Xi Jinping re\u00fane-se com chanceler alem\u00e3o - CRI e Diario de Pernambuco","og_description":"O presidente da China, Xi Jinping, reuniu-se na manh\u00e3 desta ter\u00e7a-feira (16) em Beijing com o chanceler da Alemanha, Olaf Scholz, que est\u00e1 em visita \u00e0 China. O l\u00edder chin\u00eas disse que este ano marca os 10 anos do estabelecimento...","og_url":"https:\/\/diariodepe.com.br\/cri\/2024\/04\/16\/xi-jinping-reune-se-com-chanceler-alemao\/","og_site_name":"CRI e Diario de Pernambuco","article_published_time":"2024-04-16T07:35:43+00:00","og_image":[{"width":2560,"height":1840,"url":"https:\/\/diariodepe.com.br\/cri\/wp-content\/uploads\/sites\/2\/2024\/04\/2024041615021460326-scaled.jpg","type":"image\/jpeg"}],"author":"Ismael Lucas S. Pereira","twitter_card":"summary_large_image","twitter_misc":{"Escrito por":"Ismael Lucas S. Pereira","Est. tempo de leitura":"3 minutos"},"schema":{"@context":"https:\/\/schema.org","@graph":[{"@type":"Article","@id":"https:\/\/diariodepe.com.br\/cri\/2024\/04\/16\/xi-jinping-reune-se-com-chanceler-alemao\/#article","isPartOf":{"@id":"https:\/\/diariodepe.com.br\/cri\/2024\/04\/16\/xi-jinping-reune-se-com-chanceler-alemao\/"},"author":{"name":"Ismael Lucas S. Pereira","@id":"https:\/\/diariodepe.com.br\/cri\/#\/schema\/person\/121bb28d84f1a5b1205ef4ce9c2e0c6b"},"headline":"Xi Jinping re\u00fane-se com chanceler alem\u00e3o","datePublished":"2024-04-16T07:35:43+00:00","mainEntityOfPage":{"@id":"https:\/\/diariodepe.com.br\/cri\/2024\/04\/16\/xi-jinping-reune-se-com-chanceler-alemao\/"},"wordCount":605,"commentCount":0,"publisher":{"@id":"https:\/\/diariodepe.com.br\/cri\/#organization"},"image":{"@id":"https:\/\/diariodepe.com.br\/cri\/2024\/04\/16\/xi-jinping-reune-se-com-chanceler-alemao\/#primaryimage"},"thumbnailUrl":"https:\/\/diariodepe.com.br\/cri\/wp-content\/uploads\/sites\/2\/2024\/04\/2024041615021460326-scaled.jpg","articleSection":["China","Destaques Capa"],"inLanguage":"pt-BR","potentialAction":[{"@type":"CommentAction","name":"Comment","target":["https:\/\/diariodepe.com.br\/cri\/2024\/04\/16\/xi-jinping-reune-se-com-chanceler-alemao\/#respond"]}]},{"@type":"WebPage","@id":"https:\/\/diariodepe.com.br\/cri\/2024\/04\/16\/xi-jinping-reune-se-com-chanceler-alemao\/","url":"https:\/\/diariodepe.com.br\/cri\/2024\/04\/16\/xi-jinping-reune-se-com-chanceler-alemao\/","name":"Xi Jinping re\u00fane-se com chanceler alem\u00e3o - CRI e Diario de Pernambuco","isPartOf":{"@id":"https:\/\/diariodepe.com.br\/cri\/#website"},"primaryImageOfPage":{"@id":"https:\/\/diariodepe.com.br\/cri\/2024\/04\/16\/xi-jinping-reune-se-com-chanceler-alemao\/#primaryimage"},"image":{"@id":"https:\/\/diariodepe.com.br\/cri\/2024\/04\/16\/xi-jinping-reune-se-com-chanceler-alemao\/#primaryimage"},"thumbnailUrl":"https:\/\/diariodepe.com.br\/cri\/wp-content\/uploads\/sites\/2\/2024\/04\/2024041615021460326-scaled.jpg","datePublished":"2024-04-16T07:35:43+00:00","breadcrumb":{"@id":"https:\/\/diariodepe.com.br\/cri\/2024\/04\/16\/xi-jinping-reune-se-com-chanceler-alemao\/#breadcrumb"},"inLanguage":"pt-BR","potentialAction":[{"@type":"ReadAction","target":["https:\/\/diariodepe.com.br\/cri\/2024\/04\/16\/xi-jinping-reune-se-com-chanceler-alemao\/"]}]},{"@type":"ImageObject","inLanguage":"pt-BR","@id":"https:\/\/diariodepe.com.br\/cri\/2024\/04\/16\/xi-jinping-reune-se-com-chanceler-alemao\/#primaryimage","url":"https:\/\/diariodepe.com.br\/cri\/wp-content\/uploads\/sites\/2\/2024\/04\/2024041615021460326-scaled.jpg","contentUrl":"https:\/\/diariodepe.com.br\/cri\/wp-content\/uploads\/sites\/2\/2024\/04\/2024041615021460326-scaled.jpg","width":2560,"height":1840},{"@type":"BreadcrumbList","@id":"https:\/\/diariodepe.com.br\/cri\/2024\/04\/16\/xi-jinping-reune-se-com-chanceler-alemao\/#breadcrumb","itemListElement":[{"@type":"ListItem","position":1,"name":"In\u00edcio","item":"https:\/\/diariodepe.com.br\/cri\/"},{"@type":"ListItem","position":2,"name":"Xi Jinping re\u00fane-se com chanceler alem\u00e3o"}]},{"@type":"WebSite","@id":"https:\/\/diariodepe.com.br\/cri\/#website","url":"https:\/\/diariodepe.com.br\/cri\/","name":"CRI e Diario de Pernambuco","description":"R\u00e1dio Internacional da China","publisher":{"@id":"https:\/\/diariodepe.com.br\/cri\/#organization"},"potentialAction":[{"@type":"SearchAction","target":{"@type":"EntryPoint","urlTemplate":"https:\/\/diariodepe.com.br\/cri\/?s={search_term_string}"},"query-input":{"@type":"PropertyValueSpecification","valueRequired":true,"valueName":"search_term_string"}}],"inLanguage":"pt-BR"},{"@type":"Organization","@id":"https:\/\/diariodepe.com.br\/cri\/#organization","name":"CRI e Diario de Pernambuco","url":"https:\/\/diariodepe.com.br\/cri\/","logo":{"@type":"ImageObject","inLanguage":"pt-BR","@id":"https:\/\/diariodepe.com.br\/cri\/#\/schema\/logo\/image\/","url":"https:\/\/diariodepe.com.br\/cri\/wp-content\/uploads\/sites\/2\/2022\/12\/cropped-Logo.jpg","contentUrl":"https:\/\/diariodepe.com.br\/cri\/wp-content\/uploads\/sites\/2\/2022\/12\/cropped-Logo.jpg","width":700,"height":59,"caption":"CRI e Diario de Pernambuco"},"image":{"@id":"https:\/\/diariodepe.com.br\/cri\/#\/schema\/logo\/image\/"}},{"@type":"Person","@id":"https:\/\/diariodepe.com.br\/cri\/#\/schema\/person\/121bb28d84f1a5b1205ef4ce9c2e0c6b","name":"Ismael Lucas S. Pereira","image":{"@type":"ImageObject","inLanguage":"pt-BR","@id":"https:\/\/secure.gravatar.com\/avatar\/887a0f3b5a7ceea963a48499fb883ffce6b5037362def025c52c2505b15d63e4?s=96&d=mm&r=g","url":"https:\/\/secure.gravatar.com\/avatar\/887a0f3b5a7ceea963a48499fb883ffce6b5037362def025c52c2505b15d63e4?s=96&d=mm&r=g","contentUrl":"https:\/\/secure.gravatar.com\/avatar\/887a0f3b5a7ceea963a48499fb883ffce6b5037362def025c52c2505b15d63e4?s=96&d=mm&r=g","caption":"Ismael Lucas S. Pereira"},"url":"https:\/\/diariodepe.com.br\/cri\/author\/ismael-lucas\/"}]}},"cc_featured_image_caption":{"caption_text":false,"source_text":false,"source_url":false},"amp_enabled":true,"_links":{"self":[{"href":"https:\/\/diariodepe.com.br\/cri\/wp-json\/wp\/v2\/posts\/5027","targetHints":{"allow":["GET"]}}],"collection":[{"href":"https:\/\/diariodepe.com.br\/cri\/wp-json\/wp\/v2\/posts"}],"about":[{"href":"https:\/\/diariodepe.com.br\/cri\/wp-json\/wp\/v2\/types\/post"}],"author":[{"embeddable":true,"href":"https:\/\/diariodepe.com.br\/cri\/wp-json\/wp\/v2\/users\/2"}],"replies":[{"embeddable":true,"href":"https:\/\/diariodepe.com.br\/cri\/wp-json\/wp\/v2\/comments?post=5027"}],"version-history":[{"count":1,"href":"https:\/\/diariodepe.com.br\/cri\/wp-json\/wp\/v2\/posts\/5027\/revisions"}],"predecessor-version":[{"id":5029,"href":"https:\/\/diariodepe.com.br\/cri\/wp-json\/wp\/v2\/posts\/5027\/revisions\/5029"}],"wp:featuredmedia":[{"embeddable":true,"href":"https:\/\/diariodepe.com.br\/cri\/wp-json\/wp\/v2\/media\/5028"}],"wp:attachment":[{"href":"https:\/\/diariodepe.com.br\/cri\/wp-json\/wp\/v2\/media?parent=5027"}],"wp:term":[{"taxonomy":"category","embeddable":true,"href":"https:\/\/diariodepe.com.br\/cri\/wp-json\/wp\/v2\/categories?post=5027"},{"taxonomy":"post_tag","embeddable":true,"href":"https:\/\/diariodepe.com.br\/cri\/wp-json\/wp\/v2\/tags?post=5027"}],"curies":[{"name":"wp","href":"https:\/\/api.w.org\/{rel}","templated":true}]}}