{"id":5013,"date":"2024-04-15T03:29:58","date_gmt":"2024-04-15T06:29:58","guid":{"rendered":"https:\/\/diariodepe.com.br\/cri\/?p=5013"},"modified":"2024-04-15T03:29:58","modified_gmt":"2024-04-15T06:29:58","slug":"pequeno-circulo-dos-eua-japao-e-filipinas-trara-para-regiao-confronto-e-ameaca","status":"publish","type":"post","link":"https:\/\/diariodepe.com.br\/cri\/2024\/04\/15\/pequeno-circulo-dos-eua-japao-e-filipinas-trara-para-regiao-confronto-e-ameaca\/","title":{"rendered":"\u201cPequeno c\u00edrculo\u201d dos EUA, Jap\u00e3o e Filipinas trar\u00e1 para regi\u00e3o confronto e amea\u00e7a"},"content":{"rendered":"<p class=\"photo_img_20190808\"><img decoding=\"async\" src=\"https:\/\/p5crires.cri.cn\/photoworkspace\/cri\/contentimg\/2024\/04\/13\/2024041320141321346.jpg\" alt=\"\" width=\"1000\" \/><\/p>\n<p>Na quinta-feira\u00a0(11), os l\u00edderes dos Estados Unidos, Jap\u00e3o e Filipinas se reuniram para primeira c\u00fapula trilateral em Washington. Ap\u00f3s a reuni\u00e3o, as tr\u00eas partes emitiram uma declara\u00e7\u00e3o conjunta expressando &#8220;preocupa\u00e7\u00e3o&#8221; com as a\u00e7\u00f5es da China para preservar a soberania nacional no Mar do Sul da China e no Mar do Leste da China.<\/p>\n<p>Os Estados Unidos apoiam as Filipinas em sua inten\u00e7\u00e3o de instigar o caos no Mar do Sul da China. Portanto, a quest\u00e3o do Mar do Sul da China se tornou\u00a0um pretexto para a interven\u00e7\u00e3o dos EUA nos assuntos da \u00c1sia-Pac\u00edfico. O ex-presidente filipino, Rodrigo Duterte, disse em uma entrevista recente: &#8220;O Mar do Sul da China costumava ser muito calmo, mas os americanos chegaram\u00a0e o encheram de brigas.&#8221;<\/p>\n<p class=\"photo_img_20190808\"><img decoding=\"async\" src=\"https:\/\/p3crires.cri.cn\/photoworkspace\/cri\/contentimg\/2024\/04\/13\/2024041320142161854.jpg\" alt=\"\" width=\"1000\" \/><\/p>\n<p>De acordo com o Artigo 5 da Declara\u00e7\u00e3o sobre Conduta das Partes no Mar do Sul da China, todas as partes\u00a0envolvidas\u00a0se comprometem a exercer auto controle e n\u00e3o tomar medidas que compliquem ou aumentem as disputas ou afetem a paz e a estabilidade. As a\u00e7\u00f5es provocativas das Filipinas no Mar do Sul da China e seus esfor\u00e7os para internacionalizar a disputa violam seriamente o esp\u00edrito da declara\u00e7\u00e3o e contradizem o desejo de\u00a0pa\u00edses da regi\u00e3o de manter a paz e a estabilidade no Mar do Sul da China.<\/p>\n<p>A China sempre defendeu a solu\u00e7\u00e3o pac\u00edfica de disputas sobre a soberania territorial por meio de negocia\u00e7\u00f5es, mas isso n\u00e3o significa que tolerar\u00e1 o comportamento irracional de pa\u00edses individuais. No cen\u00e1rio em que os pa\u00edses da Associa\u00e7\u00e3o das Na\u00e7\u00f5es do Sudeste Asi\u00e1tico como um todo fortalecem suas rela\u00e7\u00f5es com a China, o \u201cpequeno\u00a0c\u00edrculo\u201d dos EUA, Jap\u00e3o e Filipinas est\u00e1 se movendo contra a corrente da \u00e9poca, o que trar\u00e1 de forma alguma seguran\u00e7a e prosperidade para a regi\u00e3o, mas sim confronto e amea\u00e7a.<\/p>\n","protected":false},"excerpt":{"rendered":"<p>Na quinta-feira\u00a0(11), os l\u00edderes dos Estados Unidos, Jap\u00e3o e Filipinas se reuniram para primeira c\u00fapula trilateral em Washington. Ap\u00f3s a reuni\u00e3o, as tr\u00eas partes emitiram uma declara\u00e7\u00e3o conjunta expressando &#8220;preocupa\u00e7\u00e3o&#8221; com as a\u00e7\u00f5es da China para preservar a soberania nacional&#8230;<\/p>\n","protected":false},"author":2,"featured_media":0,"comment_status":"open","ping_status":"open","sticky":false,"template":"","format":"standard","meta":{"footnotes":""},"categories":[3],"tags":[],"class_list":["post-5013","post","type-post","status-publish","format-standard","hentry","category-china"],"yoast_head":"<!-- This site is optimized with the Yoast SEO plugin v27.4 - https:\/\/yoast.com\/product\/yoast-seo-wordpress\/ -->\n<title>\u201cPequeno c\u00edrculo\u201d dos EUA, Jap\u00e3o e Filipinas trar\u00e1 para regi\u00e3o confronto e amea\u00e7a - CRI e Diario de Pernambuco<\/title>\n<meta name=\"robots\" content=\"index, follow, max-snippet:-1, max-image-preview:large, max-video-preview:-1\" \/>\n<link rel=\"canonical\" href=\"https:\/\/diariodepe.com.br\/cri\/2024\/04\/15\/pequeno-circulo-dos-eua-japao-e-filipinas-trara-para-regiao-confronto-e-ameaca\/\" \/>\n<meta property=\"og:locale\" content=\"pt_BR\" \/>\n<meta property=\"og:type\" content=\"article\" \/>\n<meta property=\"og:title\" content=\"\u201cPequeno c\u00edrculo\u201d dos EUA, Jap\u00e3o e Filipinas trar\u00e1 para regi\u00e3o confronto e amea\u00e7a - CRI e Diario de Pernambuco\" \/>\n<meta property=\"og:description\" content=\"Na quinta-feira\u00a0(11), os l\u00edderes dos Estados Unidos, Jap\u00e3o e Filipinas se reuniram para primeira c\u00fapula trilateral em Washington. Ap\u00f3s a reuni\u00e3o, as tr\u00eas partes emitiram uma declara\u00e7\u00e3o conjunta expressando &#8220;preocupa\u00e7\u00e3o&#8221; com as a\u00e7\u00f5es da China para preservar a soberania nacional...\" \/>\n<meta property=\"og:url\" content=\"https:\/\/diariodepe.com.br\/cri\/2024\/04\/15\/pequeno-circulo-dos-eua-japao-e-filipinas-trara-para-regiao-confronto-e-ameaca\/\" \/>\n<meta property=\"og:site_name\" content=\"CRI e Diario de Pernambuco\" \/>\n<meta property=\"article:published_time\" content=\"2024-04-15T06:29:58+00:00\" \/>\n<meta property=\"og:image\" content=\"https:\/\/p5crires.cri.cn\/photoworkspace\/cri\/contentimg\/2024\/04\/13\/2024041320141321346.jpg\" \/>\n<meta name=\"author\" content=\"Ismael Lucas S. Pereira\" \/>\n<meta name=\"twitter:card\" content=\"summary_large_image\" \/>\n<meta name=\"twitter:label1\" content=\"Escrito por\" \/>\n\t<meta name=\"twitter:data1\" content=\"Ismael Lucas S. Pereira\" \/>\n\t<meta name=\"twitter:label2\" content=\"Est. tempo de leitura\" \/>\n\t<meta name=\"twitter:data2\" content=\"3 minutos\" \/>\n<script type=\"application\/ld+json\" class=\"yoast-schema-graph\">{\"@context\":\"https:\\\/\\\/schema.org\",\"@graph\":[{\"@type\":\"Article\",\"@id\":\"https:\\\/\\\/diariodepe.com.br\\\/cri\\\/2024\\\/04\\\/15\\\/pequeno-circulo-dos-eua-japao-e-filipinas-trara-para-regiao-confronto-e-ameaca\\\/#article\",\"isPartOf\":{\"@id\":\"https:\\\/\\\/diariodepe.com.br\\\/cri\\\/2024\\\/04\\\/15\\\/pequeno-circulo-dos-eua-japao-e-filipinas-trara-para-regiao-confronto-e-ameaca\\\/\"},\"author\":{\"name\":\"Ismael Lucas S. Pereira\",\"@id\":\"https:\\\/\\\/diariodepe.com.br\\\/cri\\\/#\\\/schema\\\/person\\\/121bb28d84f1a5b1205ef4ce9c2e0c6b\"},\"headline\":\"\u201cPequeno c\u00edrculo\u201d dos EUA, Jap\u00e3o e Filipinas trar\u00e1 para regi\u00e3o confronto e amea\u00e7a\",\"datePublished\":\"2024-04-15T06:29:58+00:00\",\"mainEntityOfPage\":{\"@id\":\"https:\\\/\\\/diariodepe.com.br\\\/cri\\\/2024\\\/04\\\/15\\\/pequeno-circulo-dos-eua-japao-e-filipinas-trara-para-regiao-confronto-e-ameaca\\\/\"},\"wordCount\":350,\"commentCount\":0,\"publisher\":{\"@id\":\"https:\\\/\\\/diariodepe.com.br\\\/cri\\\/#organization\"},\"image\":{\"@id\":\"https:\\\/\\\/diariodepe.com.br\\\/cri\\\/2024\\\/04\\\/15\\\/pequeno-circulo-dos-eua-japao-e-filipinas-trara-para-regiao-confronto-e-ameaca\\\/#primaryimage\"},\"thumbnailUrl\":\"https:\\\/\\\/p5crires.cri.cn\\\/photoworkspace\\\/cri\\\/contentimg\\\/2024\\\/04\\\/13\\\/2024041320141321346.jpg\",\"articleSection\":[\"China\"],\"inLanguage\":\"pt-BR\",\"potentialAction\":[{\"@type\":\"CommentAction\",\"name\":\"Comment\",\"target\":[\"https:\\\/\\\/diariodepe.com.br\\\/cri\\\/2024\\\/04\\\/15\\\/pequeno-circulo-dos-eua-japao-e-filipinas-trara-para-regiao-confronto-e-ameaca\\\/#respond\"]}]},{\"@type\":\"WebPage\",\"@id\":\"https:\\\/\\\/diariodepe.com.br\\\/cri\\\/2024\\\/04\\\/15\\\/pequeno-circulo-dos-eua-japao-e-filipinas-trara-para-regiao-confronto-e-ameaca\\\/\",\"url\":\"https:\\\/\\\/diariodepe.com.br\\\/cri\\\/2024\\\/04\\\/15\\\/pequeno-circulo-dos-eua-japao-e-filipinas-trara-para-regiao-confronto-e-ameaca\\\/\",\"name\":\"\u201cPequeno c\u00edrculo\u201d dos EUA, Jap\u00e3o e Filipinas trar\u00e1 para regi\u00e3o confronto e amea\u00e7a - CRI e Diario de Pernambuco\",\"isPartOf\":{\"@id\":\"https:\\\/\\\/diariodepe.com.br\\\/cri\\\/#website\"},\"primaryImageOfPage\":{\"@id\":\"https:\\\/\\\/diariodepe.com.br\\\/cri\\\/2024\\\/04\\\/15\\\/pequeno-circulo-dos-eua-japao-e-filipinas-trara-para-regiao-confronto-e-ameaca\\\/#primaryimage\"},\"image\":{\"@id\":\"https:\\\/\\\/diariodepe.com.br\\\/cri\\\/2024\\\/04\\\/15\\\/pequeno-circulo-dos-eua-japao-e-filipinas-trara-para-regiao-confronto-e-ameaca\\\/#primaryimage\"},\"thumbnailUrl\":\"https:\\\/\\\/p5crires.cri.cn\\\/photoworkspace\\\/cri\\\/contentimg\\\/2024\\\/04\\\/13\\\/2024041320141321346.jpg\",\"datePublished\":\"2024-04-15T06:29:58+00:00\",\"breadcrumb\":{\"@id\":\"https:\\\/\\\/diariodepe.com.br\\\/cri\\\/2024\\\/04\\\/15\\\/pequeno-circulo-dos-eua-japao-e-filipinas-trara-para-regiao-confronto-e-ameaca\\\/#breadcrumb\"},\"inLanguage\":\"pt-BR\",\"potentialAction\":[{\"@type\":\"ReadAction\",\"target\":[\"https:\\\/\\\/diariodepe.com.br\\\/cri\\\/2024\\\/04\\\/15\\\/pequeno-circulo-dos-eua-japao-e-filipinas-trara-para-regiao-confronto-e-ameaca\\\/\"]}]},{\"@type\":\"ImageObject\",\"inLanguage\":\"pt-BR\",\"@id\":\"https:\\\/\\\/diariodepe.com.br\\\/cri\\\/2024\\\/04\\\/15\\\/pequeno-circulo-dos-eua-japao-e-filipinas-trara-para-regiao-confronto-e-ameaca\\\/#primaryimage\",\"url\":\"https:\\\/\\\/p5crires.cri.cn\\\/photoworkspace\\\/cri\\\/contentimg\\\/2024\\\/04\\\/13\\\/2024041320141321346.jpg\",\"contentUrl\":\"https:\\\/\\\/p5crires.cri.cn\\\/photoworkspace\\\/cri\\\/contentimg\\\/2024\\\/04\\\/13\\\/2024041320141321346.jpg\"},{\"@type\":\"BreadcrumbList\",\"@id\":\"https:\\\/\\\/diariodepe.com.br\\\/cri\\\/2024\\\/04\\\/15\\\/pequeno-circulo-dos-eua-japao-e-filipinas-trara-para-regiao-confronto-e-ameaca\\\/#breadcrumb\",\"itemListElement\":[{\"@type\":\"ListItem\",\"position\":1,\"name\":\"In\u00edcio\",\"item\":\"https:\\\/\\\/diariodepe.com.br\\\/cri\\\/\"},{\"@type\":\"ListItem\",\"position\":2,\"name\":\"\u201cPequeno c\u00edrculo\u201d dos EUA, Jap\u00e3o e Filipinas trar\u00e1 para regi\u00e3o confronto e amea\u00e7a\"}]},{\"@type\":\"WebSite\",\"@id\":\"https:\\\/\\\/diariodepe.com.br\\\/cri\\\/#website\",\"url\":\"https:\\\/\\\/diariodepe.com.br\\\/cri\\\/\",\"name\":\"CRI e Diario de Pernambuco\",\"description\":\"R\u00e1dio Internacional da China\",\"publisher\":{\"@id\":\"https:\\\/\\\/diariodepe.com.br\\\/cri\\\/#organization\"},\"potentialAction\":[{\"@type\":\"SearchAction\",\"target\":{\"@type\":\"EntryPoint\",\"urlTemplate\":\"https:\\\/\\\/diariodepe.com.br\\\/cri\\\/?s={search_term_string}\"},\"query-input\":{\"@type\":\"PropertyValueSpecification\",\"valueRequired\":true,\"valueName\":\"search_term_string\"}}],\"inLanguage\":\"pt-BR\"},{\"@type\":\"Organization\",\"@id\":\"https:\\\/\\\/diariodepe.com.br\\\/cri\\\/#organization\",\"name\":\"CRI e Diario de Pernambuco\",\"url\":\"https:\\\/\\\/diariodepe.com.br\\\/cri\\\/\",\"logo\":{\"@type\":\"ImageObject\",\"inLanguage\":\"pt-BR\",\"@id\":\"https:\\\/\\\/diariodepe.com.br\\\/cri\\\/#\\\/schema\\\/logo\\\/image\\\/\",\"url\":\"https:\\\/\\\/diariodepe.com.br\\\/cri\\\/wp-content\\\/uploads\\\/sites\\\/2\\\/2022\\\/12\\\/cropped-Logo.jpg\",\"contentUrl\":\"https:\\\/\\\/diariodepe.com.br\\\/cri\\\/wp-content\\\/uploads\\\/sites\\\/2\\\/2022\\\/12\\\/cropped-Logo.jpg\",\"width\":700,\"height\":59,\"caption\":\"CRI e Diario de Pernambuco\"},\"image\":{\"@id\":\"https:\\\/\\\/diariodepe.com.br\\\/cri\\\/#\\\/schema\\\/logo\\\/image\\\/\"}},{\"@type\":\"Person\",\"@id\":\"https:\\\/\\\/diariodepe.com.br\\\/cri\\\/#\\\/schema\\\/person\\\/121bb28d84f1a5b1205ef4ce9c2e0c6b\",\"name\":\"Ismael Lucas S. Pereira\",\"image\":{\"@type\":\"ImageObject\",\"inLanguage\":\"pt-BR\",\"@id\":\"https:\\\/\\\/secure.gravatar.com\\\/avatar\\\/887a0f3b5a7ceea963a48499fb883ffce6b5037362def025c52c2505b15d63e4?s=96&d=mm&r=g\",\"url\":\"https:\\\/\\\/secure.gravatar.com\\\/avatar\\\/887a0f3b5a7ceea963a48499fb883ffce6b5037362def025c52c2505b15d63e4?s=96&d=mm&r=g\",\"contentUrl\":\"https:\\\/\\\/secure.gravatar.com\\\/avatar\\\/887a0f3b5a7ceea963a48499fb883ffce6b5037362def025c52c2505b15d63e4?s=96&d=mm&r=g\",\"caption\":\"Ismael Lucas S. Pereira\"},\"url\":\"https:\\\/\\\/diariodepe.com.br\\\/cri\\\/author\\\/ismael-lucas\\\/\"}]}<\/script>\n<!-- \/ Yoast SEO plugin. -->","yoast_head_json":{"title":"\u201cPequeno c\u00edrculo\u201d dos EUA, Jap\u00e3o e Filipinas trar\u00e1 para regi\u00e3o confronto e amea\u00e7a - CRI e Diario de Pernambuco","robots":{"index":"index","follow":"follow","max-snippet":"max-snippet:-1","max-image-preview":"max-image-preview:large","max-video-preview":"max-video-preview:-1"},"canonical":"https:\/\/diariodepe.com.br\/cri\/2024\/04\/15\/pequeno-circulo-dos-eua-japao-e-filipinas-trara-para-regiao-confronto-e-ameaca\/","og_locale":"pt_BR","og_type":"article","og_title":"\u201cPequeno c\u00edrculo\u201d dos EUA, Jap\u00e3o e Filipinas trar\u00e1 para regi\u00e3o confronto e amea\u00e7a - CRI e Diario de Pernambuco","og_description":"Na quinta-feira\u00a0(11), os l\u00edderes dos Estados Unidos, Jap\u00e3o e Filipinas se reuniram para primeira c\u00fapula trilateral em Washington. Ap\u00f3s a reuni\u00e3o, as tr\u00eas partes emitiram uma declara\u00e7\u00e3o conjunta expressando &#8220;preocupa\u00e7\u00e3o&#8221; com as a\u00e7\u00f5es da China para preservar a soberania nacional...","og_url":"https:\/\/diariodepe.com.br\/cri\/2024\/04\/15\/pequeno-circulo-dos-eua-japao-e-filipinas-trara-para-regiao-confronto-e-ameaca\/","og_site_name":"CRI e Diario de Pernambuco","article_published_time":"2024-04-15T06:29:58+00:00","og_image":[{"url":"https:\/\/p5crires.cri.cn\/photoworkspace\/cri\/contentimg\/2024\/04\/13\/2024041320141321346.jpg","type":"","width":"","height":""}],"author":"Ismael Lucas S. Pereira","twitter_card":"summary_large_image","twitter_misc":{"Escrito por":"Ismael Lucas S. Pereira","Est. tempo de leitura":"3 minutos"},"schema":{"@context":"https:\/\/schema.org","@graph":[{"@type":"Article","@id":"https:\/\/diariodepe.com.br\/cri\/2024\/04\/15\/pequeno-circulo-dos-eua-japao-e-filipinas-trara-para-regiao-confronto-e-ameaca\/#article","isPartOf":{"@id":"https:\/\/diariodepe.com.br\/cri\/2024\/04\/15\/pequeno-circulo-dos-eua-japao-e-filipinas-trara-para-regiao-confronto-e-ameaca\/"},"author":{"name":"Ismael Lucas S. Pereira","@id":"https:\/\/diariodepe.com.br\/cri\/#\/schema\/person\/121bb28d84f1a5b1205ef4ce9c2e0c6b"},"headline":"\u201cPequeno c\u00edrculo\u201d dos EUA, Jap\u00e3o e Filipinas trar\u00e1 para regi\u00e3o confronto e amea\u00e7a","datePublished":"2024-04-15T06:29:58+00:00","mainEntityOfPage":{"@id":"https:\/\/diariodepe.com.br\/cri\/2024\/04\/15\/pequeno-circulo-dos-eua-japao-e-filipinas-trara-para-regiao-confronto-e-ameaca\/"},"wordCount":350,"commentCount":0,"publisher":{"@id":"https:\/\/diariodepe.com.br\/cri\/#organization"},"image":{"@id":"https:\/\/diariodepe.com.br\/cri\/2024\/04\/15\/pequeno-circulo-dos-eua-japao-e-filipinas-trara-para-regiao-confronto-e-ameaca\/#primaryimage"},"thumbnailUrl":"https:\/\/p5crires.cri.cn\/photoworkspace\/cri\/contentimg\/2024\/04\/13\/2024041320141321346.jpg","articleSection":["China"],"inLanguage":"pt-BR","potentialAction":[{"@type":"CommentAction","name":"Comment","target":["https:\/\/diariodepe.com.br\/cri\/2024\/04\/15\/pequeno-circulo-dos-eua-japao-e-filipinas-trara-para-regiao-confronto-e-ameaca\/#respond"]}]},{"@type":"WebPage","@id":"https:\/\/diariodepe.com.br\/cri\/2024\/04\/15\/pequeno-circulo-dos-eua-japao-e-filipinas-trara-para-regiao-confronto-e-ameaca\/","url":"https:\/\/diariodepe.com.br\/cri\/2024\/04\/15\/pequeno-circulo-dos-eua-japao-e-filipinas-trara-para-regiao-confronto-e-ameaca\/","name":"\u201cPequeno c\u00edrculo\u201d dos EUA, Jap\u00e3o e Filipinas trar\u00e1 para regi\u00e3o confronto e amea\u00e7a - CRI e Diario de Pernambuco","isPartOf":{"@id":"https:\/\/diariodepe.com.br\/cri\/#website"},"primaryImageOfPage":{"@id":"https:\/\/diariodepe.com.br\/cri\/2024\/04\/15\/pequeno-circulo-dos-eua-japao-e-filipinas-trara-para-regiao-confronto-e-ameaca\/#primaryimage"},"image":{"@id":"https:\/\/diariodepe.com.br\/cri\/2024\/04\/15\/pequeno-circulo-dos-eua-japao-e-filipinas-trara-para-regiao-confronto-e-ameaca\/#primaryimage"},"thumbnailUrl":"https:\/\/p5crires.cri.cn\/photoworkspace\/cri\/contentimg\/2024\/04\/13\/2024041320141321346.jpg","datePublished":"2024-04-15T06:29:58+00:00","breadcrumb":{"@id":"https:\/\/diariodepe.com.br\/cri\/2024\/04\/15\/pequeno-circulo-dos-eua-japao-e-filipinas-trara-para-regiao-confronto-e-ameaca\/#breadcrumb"},"inLanguage":"pt-BR","potentialAction":[{"@type":"ReadAction","target":["https:\/\/diariodepe.com.br\/cri\/2024\/04\/15\/pequeno-circulo-dos-eua-japao-e-filipinas-trara-para-regiao-confronto-e-ameaca\/"]}]},{"@type":"ImageObject","inLanguage":"pt-BR","@id":"https:\/\/diariodepe.com.br\/cri\/2024\/04\/15\/pequeno-circulo-dos-eua-japao-e-filipinas-trara-para-regiao-confronto-e-ameaca\/#primaryimage","url":"https:\/\/p5crires.cri.cn\/photoworkspace\/cri\/contentimg\/2024\/04\/13\/2024041320141321346.jpg","contentUrl":"https:\/\/p5crires.cri.cn\/photoworkspace\/cri\/contentimg\/2024\/04\/13\/2024041320141321346.jpg"},{"@type":"BreadcrumbList","@id":"https:\/\/diariodepe.com.br\/cri\/2024\/04\/15\/pequeno-circulo-dos-eua-japao-e-filipinas-trara-para-regiao-confronto-e-ameaca\/#breadcrumb","itemListElement":[{"@type":"ListItem","position":1,"name":"In\u00edcio","item":"https:\/\/diariodepe.com.br\/cri\/"},{"@type":"ListItem","position":2,"name":"\u201cPequeno c\u00edrculo\u201d dos EUA, Jap\u00e3o e Filipinas trar\u00e1 para regi\u00e3o confronto e amea\u00e7a"}]},{"@type":"WebSite","@id":"https:\/\/diariodepe.com.br\/cri\/#website","url":"https:\/\/diariodepe.com.br\/cri\/","name":"CRI e Diario de Pernambuco","description":"R\u00e1dio Internacional da China","publisher":{"@id":"https:\/\/diariodepe.com.br\/cri\/#organization"},"potentialAction":[{"@type":"SearchAction","target":{"@type":"EntryPoint","urlTemplate":"https:\/\/diariodepe.com.br\/cri\/?s={search_term_string}"},"query-input":{"@type":"PropertyValueSpecification","valueRequired":true,"valueName":"search_term_string"}}],"inLanguage":"pt-BR"},{"@type":"Organization","@id":"https:\/\/diariodepe.com.br\/cri\/#organization","name":"CRI e Diario de Pernambuco","url":"https:\/\/diariodepe.com.br\/cri\/","logo":{"@type":"ImageObject","inLanguage":"pt-BR","@id":"https:\/\/diariodepe.com.br\/cri\/#\/schema\/logo\/image\/","url":"https:\/\/diariodepe.com.br\/cri\/wp-content\/uploads\/sites\/2\/2022\/12\/cropped-Logo.jpg","contentUrl":"https:\/\/diariodepe.com.br\/cri\/wp-content\/uploads\/sites\/2\/2022\/12\/cropped-Logo.jpg","width":700,"height":59,"caption":"CRI e Diario de Pernambuco"},"image":{"@id":"https:\/\/diariodepe.com.br\/cri\/#\/schema\/logo\/image\/"}},{"@type":"Person","@id":"https:\/\/diariodepe.com.br\/cri\/#\/schema\/person\/121bb28d84f1a5b1205ef4ce9c2e0c6b","name":"Ismael Lucas S. Pereira","image":{"@type":"ImageObject","inLanguage":"pt-BR","@id":"https:\/\/secure.gravatar.com\/avatar\/887a0f3b5a7ceea963a48499fb883ffce6b5037362def025c52c2505b15d63e4?s=96&d=mm&r=g","url":"https:\/\/secure.gravatar.com\/avatar\/887a0f3b5a7ceea963a48499fb883ffce6b5037362def025c52c2505b15d63e4?s=96&d=mm&r=g","contentUrl":"https:\/\/secure.gravatar.com\/avatar\/887a0f3b5a7ceea963a48499fb883ffce6b5037362def025c52c2505b15d63e4?s=96&d=mm&r=g","caption":"Ismael Lucas S. Pereira"},"url":"https:\/\/diariodepe.com.br\/cri\/author\/ismael-lucas\/"}]}},"cc_featured_image_caption":{"caption_text":false,"source_text":false,"source_url":false},"amp_enabled":true,"_links":{"self":[{"href":"https:\/\/diariodepe.com.br\/cri\/wp-json\/wp\/v2\/posts\/5013","targetHints":{"allow":["GET"]}}],"collection":[{"href":"https:\/\/diariodepe.com.br\/cri\/wp-json\/wp\/v2\/posts"}],"about":[{"href":"https:\/\/diariodepe.com.br\/cri\/wp-json\/wp\/v2\/types\/post"}],"author":[{"embeddable":true,"href":"https:\/\/diariodepe.com.br\/cri\/wp-json\/wp\/v2\/users\/2"}],"replies":[{"embeddable":true,"href":"https:\/\/diariodepe.com.br\/cri\/wp-json\/wp\/v2\/comments?post=5013"}],"version-history":[{"count":1,"href":"https:\/\/diariodepe.com.br\/cri\/wp-json\/wp\/v2\/posts\/5013\/revisions"}],"predecessor-version":[{"id":5014,"href":"https:\/\/diariodepe.com.br\/cri\/wp-json\/wp\/v2\/posts\/5013\/revisions\/5014"}],"wp:attachment":[{"href":"https:\/\/diariodepe.com.br\/cri\/wp-json\/wp\/v2\/media?parent=5013"}],"wp:term":[{"taxonomy":"category","embeddable":true,"href":"https:\/\/diariodepe.com.br\/cri\/wp-json\/wp\/v2\/categories?post=5013"},{"taxonomy":"post_tag","embeddable":true,"href":"https:\/\/diariodepe.com.br\/cri\/wp-json\/wp\/v2\/tags?post=5013"}],"curies":[{"name":"wp","href":"https:\/\/api.w.org\/{rel}","templated":true}]}}