{"id":5005,"date":"2024-04-15T03:28:03","date_gmt":"2024-04-15T06:28:03","guid":{"rendered":"https:\/\/diariodepe.com.br\/cri\/?p=5005"},"modified":"2024-04-15T03:28:03","modified_gmt":"2024-04-15T06:28:03","slug":"xi-jinping-envia-condolencias-ao-presidente-de-mocambique-pelo-acidente-de-naufragio","status":"publish","type":"post","link":"https:\/\/diariodepe.com.br\/cri\/2024\/04\/15\/xi-jinping-envia-condolencias-ao-presidente-de-mocambique-pelo-acidente-de-naufragio\/","title":{"rendered":"Xi Jinping envia condol\u00eancias ao presidente de Mo\u00e7ambique pelo acidente de naufr\u00e1gio"},"content":{"rendered":"<p class=\"photo_img_20190808\"><img decoding=\"async\" src=\"https:\/\/p4crires.cri.cn\/photoworkspace\/cri\/contentimg\/2024\/04\/11\/2024041121342196781.jpg\" alt=\"\" width=\"1000\" \/><\/p>\n<p>O presidente da China, Xi Jinping, enviou na quarta-feira (10) uma mensagem de condol\u00eancias ao presidente de Mo\u00e7ambique, Filipe Nyusi, pelo recente naufr\u00e1gio no pa\u00eds.<\/p>\n<p>Na mensagem, Xi Jinping salientou sua perplexidade ao saber do acidente ocorrido na prov\u00edncia de Nampula, que causou muitas v\u00edtimas. Em nome do governo e do povo chin\u1ebds, Xi expressou profundos p\u00easames aos atingidos, e estendeu sinceras condol\u00eancias aos feridos e seus familiares.<\/p>\n","protected":false},"excerpt":{"rendered":"<p>O presidente da China, Xi Jinping, enviou na quarta-feira (10) uma mensagem de condol\u00eancias ao presidente de Mo\u00e7ambique, Filipe Nyusi, pelo recente naufr\u00e1gio no pa\u00eds. Na mensagem, Xi Jinping salientou sua perplexidade ao saber do acidente ocorrido na prov\u00edncia de&#8230;<\/p>\n","protected":false},"author":2,"featured_media":0,"comment_status":"open","ping_status":"open","sticky":false,"template":"","format":"standard","meta":{"footnotes":""},"categories":[3],"tags":[],"class_list":["post-5005","post","type-post","status-publish","format-standard","hentry","category-china"],"yoast_head":"<!-- This site is optimized with the Yoast SEO plugin v27.4 - https:\/\/yoast.com\/product\/yoast-seo-wordpress\/ -->\n<title>Xi Jinping envia condol\u00eancias ao presidente de Mo\u00e7ambique pelo acidente de naufr\u00e1gio - CRI e Diario de Pernambuco<\/title>\n<meta name=\"robots\" content=\"index, follow, max-snippet:-1, max-image-preview:large, max-video-preview:-1\" \/>\n<link rel=\"canonical\" href=\"https:\/\/diariodepe.com.br\/cri\/2024\/04\/15\/xi-jinping-envia-condolencias-ao-presidente-de-mocambique-pelo-acidente-de-naufragio\/\" \/>\n<meta property=\"og:locale\" content=\"pt_BR\" \/>\n<meta property=\"og:type\" content=\"article\" \/>\n<meta property=\"og:title\" content=\"Xi Jinping envia condol\u00eancias ao presidente de Mo\u00e7ambique pelo acidente de naufr\u00e1gio - CRI e Diario de Pernambuco\" \/>\n<meta property=\"og:description\" content=\"O presidente da China, Xi Jinping, enviou na quarta-feira (10) uma mensagem de condol\u00eancias ao presidente de Mo\u00e7ambique, Filipe Nyusi, pelo recente naufr\u00e1gio no pa\u00eds. Na mensagem, Xi Jinping salientou sua perplexidade ao saber do acidente ocorrido na prov\u00edncia de...\" \/>\n<meta property=\"og:url\" content=\"https:\/\/diariodepe.com.br\/cri\/2024\/04\/15\/xi-jinping-envia-condolencias-ao-presidente-de-mocambique-pelo-acidente-de-naufragio\/\" \/>\n<meta property=\"og:site_name\" content=\"CRI e Diario de Pernambuco\" \/>\n<meta property=\"article:published_time\" content=\"2024-04-15T06:28:03+00:00\" \/>\n<meta property=\"og:image\" content=\"https:\/\/p4crires.cri.cn\/photoworkspace\/cri\/contentimg\/2024\/04\/11\/2024041121342196781.jpg\" \/>\n<meta name=\"author\" content=\"Ismael Lucas S. Pereira\" \/>\n<meta name=\"twitter:card\" content=\"summary_large_image\" \/>\n<meta name=\"twitter:label1\" content=\"Escrito por\" \/>\n\t<meta name=\"twitter:data1\" content=\"Ismael Lucas S. Pereira\" \/>\n<script type=\"application\/ld+json\" class=\"yoast-schema-graph\">{\"@context\":\"https:\\\/\\\/schema.org\",\"@graph\":[{\"@type\":\"Article\",\"@id\":\"https:\\\/\\\/diariodepe.com.br\\\/cri\\\/2024\\\/04\\\/15\\\/xi-jinping-envia-condolencias-ao-presidente-de-mocambique-pelo-acidente-de-naufragio\\\/#article\",\"isPartOf\":{\"@id\":\"https:\\\/\\\/diariodepe.com.br\\\/cri\\\/2024\\\/04\\\/15\\\/xi-jinping-envia-condolencias-ao-presidente-de-mocambique-pelo-acidente-de-naufragio\\\/\"},\"author\":{\"name\":\"Ismael Lucas S. Pereira\",\"@id\":\"https:\\\/\\\/diariodepe.com.br\\\/cri\\\/#\\\/schema\\\/person\\\/121bb28d84f1a5b1205ef4ce9c2e0c6b\"},\"headline\":\"Xi Jinping envia condol\u00eancias ao presidente de Mo\u00e7ambique pelo acidente de naufr\u00e1gio\",\"datePublished\":\"2024-04-15T06:28:03+00:00\",\"mainEntityOfPage\":{\"@id\":\"https:\\\/\\\/diariodepe.com.br\\\/cri\\\/2024\\\/04\\\/15\\\/xi-jinping-envia-condolencias-ao-presidente-de-mocambique-pelo-acidente-de-naufragio\\\/\"},\"wordCount\":91,\"commentCount\":0,\"publisher\":{\"@id\":\"https:\\\/\\\/diariodepe.com.br\\\/cri\\\/#organization\"},\"image\":{\"@id\":\"https:\\\/\\\/diariodepe.com.br\\\/cri\\\/2024\\\/04\\\/15\\\/xi-jinping-envia-condolencias-ao-presidente-de-mocambique-pelo-acidente-de-naufragio\\\/#primaryimage\"},\"thumbnailUrl\":\"https:\\\/\\\/p4crires.cri.cn\\\/photoworkspace\\\/cri\\\/contentimg\\\/2024\\\/04\\\/11\\\/2024041121342196781.jpg\",\"articleSection\":[\"China\"],\"inLanguage\":\"pt-BR\",\"potentialAction\":[{\"@type\":\"CommentAction\",\"name\":\"Comment\",\"target\":[\"https:\\\/\\\/diariodepe.com.br\\\/cri\\\/2024\\\/04\\\/15\\\/xi-jinping-envia-condolencias-ao-presidente-de-mocambique-pelo-acidente-de-naufragio\\\/#respond\"]}]},{\"@type\":\"WebPage\",\"@id\":\"https:\\\/\\\/diariodepe.com.br\\\/cri\\\/2024\\\/04\\\/15\\\/xi-jinping-envia-condolencias-ao-presidente-de-mocambique-pelo-acidente-de-naufragio\\\/\",\"url\":\"https:\\\/\\\/diariodepe.com.br\\\/cri\\\/2024\\\/04\\\/15\\\/xi-jinping-envia-condolencias-ao-presidente-de-mocambique-pelo-acidente-de-naufragio\\\/\",\"name\":\"Xi Jinping envia condol\u00eancias ao presidente de Mo\u00e7ambique pelo acidente de naufr\u00e1gio - CRI e Diario de Pernambuco\",\"isPartOf\":{\"@id\":\"https:\\\/\\\/diariodepe.com.br\\\/cri\\\/#website\"},\"primaryImageOfPage\":{\"@id\":\"https:\\\/\\\/diariodepe.com.br\\\/cri\\\/2024\\\/04\\\/15\\\/xi-jinping-envia-condolencias-ao-presidente-de-mocambique-pelo-acidente-de-naufragio\\\/#primaryimage\"},\"image\":{\"@id\":\"https:\\\/\\\/diariodepe.com.br\\\/cri\\\/2024\\\/04\\\/15\\\/xi-jinping-envia-condolencias-ao-presidente-de-mocambique-pelo-acidente-de-naufragio\\\/#primaryimage\"},\"thumbnailUrl\":\"https:\\\/\\\/p4crires.cri.cn\\\/photoworkspace\\\/cri\\\/contentimg\\\/2024\\\/04\\\/11\\\/2024041121342196781.jpg\",\"datePublished\":\"2024-04-15T06:28:03+00:00\",\"breadcrumb\":{\"@id\":\"https:\\\/\\\/diariodepe.com.br\\\/cri\\\/2024\\\/04\\\/15\\\/xi-jinping-envia-condolencias-ao-presidente-de-mocambique-pelo-acidente-de-naufragio\\\/#breadcrumb\"},\"inLanguage\":\"pt-BR\",\"potentialAction\":[{\"@type\":\"ReadAction\",\"target\":[\"https:\\\/\\\/diariodepe.com.br\\\/cri\\\/2024\\\/04\\\/15\\\/xi-jinping-envia-condolencias-ao-presidente-de-mocambique-pelo-acidente-de-naufragio\\\/\"]}]},{\"@type\":\"ImageObject\",\"inLanguage\":\"pt-BR\",\"@id\":\"https:\\\/\\\/diariodepe.com.br\\\/cri\\\/2024\\\/04\\\/15\\\/xi-jinping-envia-condolencias-ao-presidente-de-mocambique-pelo-acidente-de-naufragio\\\/#primaryimage\",\"url\":\"https:\\\/\\\/p4crires.cri.cn\\\/photoworkspace\\\/cri\\\/contentimg\\\/2024\\\/04\\\/11\\\/2024041121342196781.jpg\",\"contentUrl\":\"https:\\\/\\\/p4crires.cri.cn\\\/photoworkspace\\\/cri\\\/contentimg\\\/2024\\\/04\\\/11\\\/2024041121342196781.jpg\"},{\"@type\":\"BreadcrumbList\",\"@id\":\"https:\\\/\\\/diariodepe.com.br\\\/cri\\\/2024\\\/04\\\/15\\\/xi-jinping-envia-condolencias-ao-presidente-de-mocambique-pelo-acidente-de-naufragio\\\/#breadcrumb\",\"itemListElement\":[{\"@type\":\"ListItem\",\"position\":1,\"name\":\"In\u00edcio\",\"item\":\"https:\\\/\\\/diariodepe.com.br\\\/cri\\\/\"},{\"@type\":\"ListItem\",\"position\":2,\"name\":\"Xi Jinping envia condol\u00eancias ao presidente de Mo\u00e7ambique pelo acidente de naufr\u00e1gio\"}]},{\"@type\":\"WebSite\",\"@id\":\"https:\\\/\\\/diariodepe.com.br\\\/cri\\\/#website\",\"url\":\"https:\\\/\\\/diariodepe.com.br\\\/cri\\\/\",\"name\":\"CRI e Diario de Pernambuco\",\"description\":\"R\u00e1dio Internacional da China\",\"publisher\":{\"@id\":\"https:\\\/\\\/diariodepe.com.br\\\/cri\\\/#organization\"},\"potentialAction\":[{\"@type\":\"SearchAction\",\"target\":{\"@type\":\"EntryPoint\",\"urlTemplate\":\"https:\\\/\\\/diariodepe.com.br\\\/cri\\\/?s={search_term_string}\"},\"query-input\":{\"@type\":\"PropertyValueSpecification\",\"valueRequired\":true,\"valueName\":\"search_term_string\"}}],\"inLanguage\":\"pt-BR\"},{\"@type\":\"Organization\",\"@id\":\"https:\\\/\\\/diariodepe.com.br\\\/cri\\\/#organization\",\"name\":\"CRI e Diario de Pernambuco\",\"url\":\"https:\\\/\\\/diariodepe.com.br\\\/cri\\\/\",\"logo\":{\"@type\":\"ImageObject\",\"inLanguage\":\"pt-BR\",\"@id\":\"https:\\\/\\\/diariodepe.com.br\\\/cri\\\/#\\\/schema\\\/logo\\\/image\\\/\",\"url\":\"https:\\\/\\\/diariodepe.com.br\\\/cri\\\/wp-content\\\/uploads\\\/sites\\\/2\\\/2022\\\/12\\\/cropped-Logo.jpg\",\"contentUrl\":\"https:\\\/\\\/diariodepe.com.br\\\/cri\\\/wp-content\\\/uploads\\\/sites\\\/2\\\/2022\\\/12\\\/cropped-Logo.jpg\",\"width\":700,\"height\":59,\"caption\":\"CRI e Diario de Pernambuco\"},\"image\":{\"@id\":\"https:\\\/\\\/diariodepe.com.br\\\/cri\\\/#\\\/schema\\\/logo\\\/image\\\/\"}},{\"@type\":\"Person\",\"@id\":\"https:\\\/\\\/diariodepe.com.br\\\/cri\\\/#\\\/schema\\\/person\\\/121bb28d84f1a5b1205ef4ce9c2e0c6b\",\"name\":\"Ismael Lucas S. Pereira\",\"image\":{\"@type\":\"ImageObject\",\"inLanguage\":\"pt-BR\",\"@id\":\"https:\\\/\\\/secure.gravatar.com\\\/avatar\\\/887a0f3b5a7ceea963a48499fb883ffce6b5037362def025c52c2505b15d63e4?s=96&d=mm&r=g\",\"url\":\"https:\\\/\\\/secure.gravatar.com\\\/avatar\\\/887a0f3b5a7ceea963a48499fb883ffce6b5037362def025c52c2505b15d63e4?s=96&d=mm&r=g\",\"contentUrl\":\"https:\\\/\\\/secure.gravatar.com\\\/avatar\\\/887a0f3b5a7ceea963a48499fb883ffce6b5037362def025c52c2505b15d63e4?s=96&d=mm&r=g\",\"caption\":\"Ismael Lucas S. Pereira\"},\"url\":\"https:\\\/\\\/diariodepe.com.br\\\/cri\\\/author\\\/ismael-lucas\\\/\"}]}<\/script>\n<!-- \/ Yoast SEO plugin. -->","yoast_head_json":{"title":"Xi Jinping envia condol\u00eancias ao presidente de Mo\u00e7ambique pelo acidente de naufr\u00e1gio - CRI e Diario de Pernambuco","robots":{"index":"index","follow":"follow","max-snippet":"max-snippet:-1","max-image-preview":"max-image-preview:large","max-video-preview":"max-video-preview:-1"},"canonical":"https:\/\/diariodepe.com.br\/cri\/2024\/04\/15\/xi-jinping-envia-condolencias-ao-presidente-de-mocambique-pelo-acidente-de-naufragio\/","og_locale":"pt_BR","og_type":"article","og_title":"Xi Jinping envia condol\u00eancias ao presidente de Mo\u00e7ambique pelo acidente de naufr\u00e1gio - CRI e Diario de Pernambuco","og_description":"O presidente da China, Xi Jinping, enviou na quarta-feira (10) uma mensagem de condol\u00eancias ao presidente de Mo\u00e7ambique, Filipe Nyusi, pelo recente naufr\u00e1gio no pa\u00eds. Na mensagem, Xi Jinping salientou sua perplexidade ao saber do acidente ocorrido na prov\u00edncia de...","og_url":"https:\/\/diariodepe.com.br\/cri\/2024\/04\/15\/xi-jinping-envia-condolencias-ao-presidente-de-mocambique-pelo-acidente-de-naufragio\/","og_site_name":"CRI e Diario de Pernambuco","article_published_time":"2024-04-15T06:28:03+00:00","og_image":[{"url":"https:\/\/p4crires.cri.cn\/photoworkspace\/cri\/contentimg\/2024\/04\/11\/2024041121342196781.jpg","type":"","width":"","height":""}],"author":"Ismael Lucas S. Pereira","twitter_card":"summary_large_image","twitter_misc":{"Escrito por":"Ismael Lucas S. Pereira"},"schema":{"@context":"https:\/\/schema.org","@graph":[{"@type":"Article","@id":"https:\/\/diariodepe.com.br\/cri\/2024\/04\/15\/xi-jinping-envia-condolencias-ao-presidente-de-mocambique-pelo-acidente-de-naufragio\/#article","isPartOf":{"@id":"https:\/\/diariodepe.com.br\/cri\/2024\/04\/15\/xi-jinping-envia-condolencias-ao-presidente-de-mocambique-pelo-acidente-de-naufragio\/"},"author":{"name":"Ismael Lucas S. Pereira","@id":"https:\/\/diariodepe.com.br\/cri\/#\/schema\/person\/121bb28d84f1a5b1205ef4ce9c2e0c6b"},"headline":"Xi Jinping envia condol\u00eancias ao presidente de Mo\u00e7ambique pelo acidente de naufr\u00e1gio","datePublished":"2024-04-15T06:28:03+00:00","mainEntityOfPage":{"@id":"https:\/\/diariodepe.com.br\/cri\/2024\/04\/15\/xi-jinping-envia-condolencias-ao-presidente-de-mocambique-pelo-acidente-de-naufragio\/"},"wordCount":91,"commentCount":0,"publisher":{"@id":"https:\/\/diariodepe.com.br\/cri\/#organization"},"image":{"@id":"https:\/\/diariodepe.com.br\/cri\/2024\/04\/15\/xi-jinping-envia-condolencias-ao-presidente-de-mocambique-pelo-acidente-de-naufragio\/#primaryimage"},"thumbnailUrl":"https:\/\/p4crires.cri.cn\/photoworkspace\/cri\/contentimg\/2024\/04\/11\/2024041121342196781.jpg","articleSection":["China"],"inLanguage":"pt-BR","potentialAction":[{"@type":"CommentAction","name":"Comment","target":["https:\/\/diariodepe.com.br\/cri\/2024\/04\/15\/xi-jinping-envia-condolencias-ao-presidente-de-mocambique-pelo-acidente-de-naufragio\/#respond"]}]},{"@type":"WebPage","@id":"https:\/\/diariodepe.com.br\/cri\/2024\/04\/15\/xi-jinping-envia-condolencias-ao-presidente-de-mocambique-pelo-acidente-de-naufragio\/","url":"https:\/\/diariodepe.com.br\/cri\/2024\/04\/15\/xi-jinping-envia-condolencias-ao-presidente-de-mocambique-pelo-acidente-de-naufragio\/","name":"Xi Jinping envia condol\u00eancias ao presidente de Mo\u00e7ambique pelo acidente de naufr\u00e1gio - CRI e Diario de Pernambuco","isPartOf":{"@id":"https:\/\/diariodepe.com.br\/cri\/#website"},"primaryImageOfPage":{"@id":"https:\/\/diariodepe.com.br\/cri\/2024\/04\/15\/xi-jinping-envia-condolencias-ao-presidente-de-mocambique-pelo-acidente-de-naufragio\/#primaryimage"},"image":{"@id":"https:\/\/diariodepe.com.br\/cri\/2024\/04\/15\/xi-jinping-envia-condolencias-ao-presidente-de-mocambique-pelo-acidente-de-naufragio\/#primaryimage"},"thumbnailUrl":"https:\/\/p4crires.cri.cn\/photoworkspace\/cri\/contentimg\/2024\/04\/11\/2024041121342196781.jpg","datePublished":"2024-04-15T06:28:03+00:00","breadcrumb":{"@id":"https:\/\/diariodepe.com.br\/cri\/2024\/04\/15\/xi-jinping-envia-condolencias-ao-presidente-de-mocambique-pelo-acidente-de-naufragio\/#breadcrumb"},"inLanguage":"pt-BR","potentialAction":[{"@type":"ReadAction","target":["https:\/\/diariodepe.com.br\/cri\/2024\/04\/15\/xi-jinping-envia-condolencias-ao-presidente-de-mocambique-pelo-acidente-de-naufragio\/"]}]},{"@type":"ImageObject","inLanguage":"pt-BR","@id":"https:\/\/diariodepe.com.br\/cri\/2024\/04\/15\/xi-jinping-envia-condolencias-ao-presidente-de-mocambique-pelo-acidente-de-naufragio\/#primaryimage","url":"https:\/\/p4crires.cri.cn\/photoworkspace\/cri\/contentimg\/2024\/04\/11\/2024041121342196781.jpg","contentUrl":"https:\/\/p4crires.cri.cn\/photoworkspace\/cri\/contentimg\/2024\/04\/11\/2024041121342196781.jpg"},{"@type":"BreadcrumbList","@id":"https:\/\/diariodepe.com.br\/cri\/2024\/04\/15\/xi-jinping-envia-condolencias-ao-presidente-de-mocambique-pelo-acidente-de-naufragio\/#breadcrumb","itemListElement":[{"@type":"ListItem","position":1,"name":"In\u00edcio","item":"https:\/\/diariodepe.com.br\/cri\/"},{"@type":"ListItem","position":2,"name":"Xi Jinping envia condol\u00eancias ao presidente de Mo\u00e7ambique pelo acidente de naufr\u00e1gio"}]},{"@type":"WebSite","@id":"https:\/\/diariodepe.com.br\/cri\/#website","url":"https:\/\/diariodepe.com.br\/cri\/","name":"CRI e Diario de Pernambuco","description":"R\u00e1dio Internacional da China","publisher":{"@id":"https:\/\/diariodepe.com.br\/cri\/#organization"},"potentialAction":[{"@type":"SearchAction","target":{"@type":"EntryPoint","urlTemplate":"https:\/\/diariodepe.com.br\/cri\/?s={search_term_string}"},"query-input":{"@type":"PropertyValueSpecification","valueRequired":true,"valueName":"search_term_string"}}],"inLanguage":"pt-BR"},{"@type":"Organization","@id":"https:\/\/diariodepe.com.br\/cri\/#organization","name":"CRI e Diario de Pernambuco","url":"https:\/\/diariodepe.com.br\/cri\/","logo":{"@type":"ImageObject","inLanguage":"pt-BR","@id":"https:\/\/diariodepe.com.br\/cri\/#\/schema\/logo\/image\/","url":"https:\/\/diariodepe.com.br\/cri\/wp-content\/uploads\/sites\/2\/2022\/12\/cropped-Logo.jpg","contentUrl":"https:\/\/diariodepe.com.br\/cri\/wp-content\/uploads\/sites\/2\/2022\/12\/cropped-Logo.jpg","width":700,"height":59,"caption":"CRI e Diario de Pernambuco"},"image":{"@id":"https:\/\/diariodepe.com.br\/cri\/#\/schema\/logo\/image\/"}},{"@type":"Person","@id":"https:\/\/diariodepe.com.br\/cri\/#\/schema\/person\/121bb28d84f1a5b1205ef4ce9c2e0c6b","name":"Ismael Lucas S. Pereira","image":{"@type":"ImageObject","inLanguage":"pt-BR","@id":"https:\/\/secure.gravatar.com\/avatar\/887a0f3b5a7ceea963a48499fb883ffce6b5037362def025c52c2505b15d63e4?s=96&d=mm&r=g","url":"https:\/\/secure.gravatar.com\/avatar\/887a0f3b5a7ceea963a48499fb883ffce6b5037362def025c52c2505b15d63e4?s=96&d=mm&r=g","contentUrl":"https:\/\/secure.gravatar.com\/avatar\/887a0f3b5a7ceea963a48499fb883ffce6b5037362def025c52c2505b15d63e4?s=96&d=mm&r=g","caption":"Ismael Lucas S. Pereira"},"url":"https:\/\/diariodepe.com.br\/cri\/author\/ismael-lucas\/"}]}},"cc_featured_image_caption":{"caption_text":false,"source_text":false,"source_url":false},"amp_enabled":true,"_links":{"self":[{"href":"https:\/\/diariodepe.com.br\/cri\/wp-json\/wp\/v2\/posts\/5005","targetHints":{"allow":["GET"]}}],"collection":[{"href":"https:\/\/diariodepe.com.br\/cri\/wp-json\/wp\/v2\/posts"}],"about":[{"href":"https:\/\/diariodepe.com.br\/cri\/wp-json\/wp\/v2\/types\/post"}],"author":[{"embeddable":true,"href":"https:\/\/diariodepe.com.br\/cri\/wp-json\/wp\/v2\/users\/2"}],"replies":[{"embeddable":true,"href":"https:\/\/diariodepe.com.br\/cri\/wp-json\/wp\/v2\/comments?post=5005"}],"version-history":[{"count":1,"href":"https:\/\/diariodepe.com.br\/cri\/wp-json\/wp\/v2\/posts\/5005\/revisions"}],"predecessor-version":[{"id":5006,"href":"https:\/\/diariodepe.com.br\/cri\/wp-json\/wp\/v2\/posts\/5005\/revisions\/5006"}],"wp:attachment":[{"href":"https:\/\/diariodepe.com.br\/cri\/wp-json\/wp\/v2\/media?parent=5005"}],"wp:term":[{"taxonomy":"category","embeddable":true,"href":"https:\/\/diariodepe.com.br\/cri\/wp-json\/wp\/v2\/categories?post=5005"},{"taxonomy":"post_tag","embeddable":true,"href":"https:\/\/diariodepe.com.br\/cri\/wp-json\/wp\/v2\/tags?post=5005"}],"curies":[{"name":"wp","href":"https:\/\/api.w.org\/{rel}","templated":true}]}}