{"id":5003,"date":"2024-04-15T03:27:35","date_gmt":"2024-04-15T06:27:35","guid":{"rendered":"https:\/\/diariodepe.com.br\/cri\/?p=5003"},"modified":"2024-04-15T03:27:35","modified_gmt":"2024-04-15T06:27:35","slug":"cerimonia-de-abertura-do-14o-festival-internacional-de-cinema-de-beijing-e-da-semana-do-cinema-frances-realizada-em-beijing","status":"publish","type":"post","link":"https:\/\/diariodepe.com.br\/cri\/2024\/04\/15\/cerimonia-de-abertura-do-14o-festival-internacional-de-cinema-de-beijing-e-da-semana-do-cinema-frances-realizada-em-beijing\/","title":{"rendered":"Cerim\u00f4nia de abertura do 14\u00ba Festival Internacional de Cinema de Beijing e da Semana do Cinema Franc\u00eas realizada em Beijing"},"content":{"rendered":"<p class=\"photo_img_20190808\"><img decoding=\"async\" src=\"https:\/\/p2crires.cri.cn\/photoworkspace\/cri\/contentimg\/2024\/04\/11\/2024041121114440155.jpg\" alt=\"\" width=\"1000\" \/><\/p>\n<p>A cerim\u00f4nia de abertura do 14\u00ba Festival Internacional de Cinema de Beijing e da Semana do Cinema Franc\u00eas teve lugar em Beijing nesta quinta-feira (11). O evento foi organizado em conjunto pelo Grupo de M\u00eddia da China (CMG) e pelo governo da capital chinesa.<\/p>\n<p>O vice-editor-chefe do CMG e vice-presidente do Comit\u00ea Organizador do Festival, Fan Yun, disse em seu discurso que 2024 marca o 60\u00ba anivers\u00e1rio do estabelecimento das rela\u00e7\u00f5es diplom\u00e1ticas entre a China e a Fran\u00e7a, al\u00e9m de ser o Ano da Cultura e do Turismo China-Fran\u00e7a. O presidente chin\u00eas, Xi Jinping, destacou que o Ano da Cultura e do Turismo China-Fran\u00e7a e os Jogos Ol\u00edmpicos em Paris devem ser usados como uma oportunidade para expandir o interc\u00e2mbio cultural, a fim de aprofundar os contatos entre as duas popula\u00e7\u00f5es.<\/p>\n<p>O evento ser\u00e1 realizado de 18 a 26 de abril. Trinta filmes franceses premiados ser\u00e3o exibidos em v\u00e1rios cinemas de Beijing. Isso oferecer\u00e1 aos cin\u00e9filos uma fant\u00e1stica viagem pelo cinema franc\u00eas.<\/p>\n","protected":false},"excerpt":{"rendered":"<p>A cerim\u00f4nia de abertura do 14\u00ba Festival Internacional de Cinema de Beijing e da Semana do Cinema Franc\u00eas teve lugar em Beijing nesta quinta-feira (11). O evento foi organizado em conjunto pelo Grupo de M\u00eddia da China (CMG) e pelo&#8230;<\/p>\n","protected":false},"author":2,"featured_media":0,"comment_status":"open","ping_status":"open","sticky":false,"template":"","format":"standard","meta":{"footnotes":""},"categories":[3],"tags":[],"class_list":["post-5003","post","type-post","status-publish","format-standard","hentry","category-china"],"yoast_head":"<!-- This site is optimized with the Yoast SEO plugin v27.4 - https:\/\/yoast.com\/product\/yoast-seo-wordpress\/ -->\n<title>Cerim\u00f4nia de abertura do 14\u00ba Festival Internacional de Cinema de Beijing e da Semana do Cinema Franc\u00eas realizada em Beijing - CRI e Diario de Pernambuco<\/title>\n<meta name=\"robots\" content=\"index, follow, max-snippet:-1, max-image-preview:large, max-video-preview:-1\" \/>\n<link rel=\"canonical\" href=\"https:\/\/diariodepe.com.br\/cri\/2024\/04\/15\/cerimonia-de-abertura-do-14o-festival-internacional-de-cinema-de-beijing-e-da-semana-do-cinema-frances-realizada-em-beijing\/\" \/>\n<meta property=\"og:locale\" content=\"pt_BR\" \/>\n<meta property=\"og:type\" content=\"article\" \/>\n<meta property=\"og:title\" content=\"Cerim\u00f4nia de abertura do 14\u00ba Festival Internacional de Cinema de Beijing e da Semana do Cinema Franc\u00eas realizada em Beijing - CRI e Diario de Pernambuco\" \/>\n<meta property=\"og:description\" content=\"A cerim\u00f4nia de abertura do 14\u00ba Festival Internacional de Cinema de Beijing e da Semana do Cinema Franc\u00eas teve lugar em Beijing nesta quinta-feira (11). O evento foi organizado em conjunto pelo Grupo de M\u00eddia da China (CMG) e pelo...\" \/>\n<meta property=\"og:url\" content=\"https:\/\/diariodepe.com.br\/cri\/2024\/04\/15\/cerimonia-de-abertura-do-14o-festival-internacional-de-cinema-de-beijing-e-da-semana-do-cinema-frances-realizada-em-beijing\/\" \/>\n<meta property=\"og:site_name\" content=\"CRI e Diario de Pernambuco\" \/>\n<meta property=\"article:published_time\" content=\"2024-04-15T06:27:35+00:00\" \/>\n<meta property=\"og:image\" content=\"https:\/\/p2crires.cri.cn\/photoworkspace\/cri\/contentimg\/2024\/04\/11\/2024041121114440155.jpg\" \/>\n<meta name=\"author\" content=\"Ismael Lucas S. Pereira\" \/>\n<meta name=\"twitter:card\" content=\"summary_large_image\" \/>\n<meta name=\"twitter:label1\" content=\"Escrito por\" \/>\n\t<meta name=\"twitter:data1\" content=\"Ismael Lucas S. Pereira\" \/>\n<script type=\"application\/ld+json\" class=\"yoast-schema-graph\">{\"@context\":\"https:\\\/\\\/schema.org\",\"@graph\":[{\"@type\":\"Article\",\"@id\":\"https:\\\/\\\/diariodepe.com.br\\\/cri\\\/2024\\\/04\\\/15\\\/cerimonia-de-abertura-do-14o-festival-internacional-de-cinema-de-beijing-e-da-semana-do-cinema-frances-realizada-em-beijing\\\/#article\",\"isPartOf\":{\"@id\":\"https:\\\/\\\/diariodepe.com.br\\\/cri\\\/2024\\\/04\\\/15\\\/cerimonia-de-abertura-do-14o-festival-internacional-de-cinema-de-beijing-e-da-semana-do-cinema-frances-realizada-em-beijing\\\/\"},\"author\":{\"name\":\"Ismael Lucas S. Pereira\",\"@id\":\"https:\\\/\\\/diariodepe.com.br\\\/cri\\\/#\\\/schema\\\/person\\\/121bb28d84f1a5b1205ef4ce9c2e0c6b\"},\"headline\":\"Cerim\u00f4nia de abertura do 14\u00ba Festival Internacional de Cinema de Beijing e da Semana do Cinema Franc\u00eas realizada em Beijing\",\"datePublished\":\"2024-04-15T06:27:35+00:00\",\"mainEntityOfPage\":{\"@id\":\"https:\\\/\\\/diariodepe.com.br\\\/cri\\\/2024\\\/04\\\/15\\\/cerimonia-de-abertura-do-14o-festival-internacional-de-cinema-de-beijing-e-da-semana-do-cinema-frances-realizada-em-beijing\\\/\"},\"wordCount\":196,\"commentCount\":0,\"publisher\":{\"@id\":\"https:\\\/\\\/diariodepe.com.br\\\/cri\\\/#organization\"},\"image\":{\"@id\":\"https:\\\/\\\/diariodepe.com.br\\\/cri\\\/2024\\\/04\\\/15\\\/cerimonia-de-abertura-do-14o-festival-internacional-de-cinema-de-beijing-e-da-semana-do-cinema-frances-realizada-em-beijing\\\/#primaryimage\"},\"thumbnailUrl\":\"https:\\\/\\\/p2crires.cri.cn\\\/photoworkspace\\\/cri\\\/contentimg\\\/2024\\\/04\\\/11\\\/2024041121114440155.jpg\",\"articleSection\":[\"China\"],\"inLanguage\":\"pt-BR\",\"potentialAction\":[{\"@type\":\"CommentAction\",\"name\":\"Comment\",\"target\":[\"https:\\\/\\\/diariodepe.com.br\\\/cri\\\/2024\\\/04\\\/15\\\/cerimonia-de-abertura-do-14o-festival-internacional-de-cinema-de-beijing-e-da-semana-do-cinema-frances-realizada-em-beijing\\\/#respond\"]}]},{\"@type\":\"WebPage\",\"@id\":\"https:\\\/\\\/diariodepe.com.br\\\/cri\\\/2024\\\/04\\\/15\\\/cerimonia-de-abertura-do-14o-festival-internacional-de-cinema-de-beijing-e-da-semana-do-cinema-frances-realizada-em-beijing\\\/\",\"url\":\"https:\\\/\\\/diariodepe.com.br\\\/cri\\\/2024\\\/04\\\/15\\\/cerimonia-de-abertura-do-14o-festival-internacional-de-cinema-de-beijing-e-da-semana-do-cinema-frances-realizada-em-beijing\\\/\",\"name\":\"Cerim\u00f4nia de abertura do 14\u00ba Festival Internacional de Cinema de Beijing e da Semana do Cinema Franc\u00eas realizada em Beijing - CRI e Diario de Pernambuco\",\"isPartOf\":{\"@id\":\"https:\\\/\\\/diariodepe.com.br\\\/cri\\\/#website\"},\"primaryImageOfPage\":{\"@id\":\"https:\\\/\\\/diariodepe.com.br\\\/cri\\\/2024\\\/04\\\/15\\\/cerimonia-de-abertura-do-14o-festival-internacional-de-cinema-de-beijing-e-da-semana-do-cinema-frances-realizada-em-beijing\\\/#primaryimage\"},\"image\":{\"@id\":\"https:\\\/\\\/diariodepe.com.br\\\/cri\\\/2024\\\/04\\\/15\\\/cerimonia-de-abertura-do-14o-festival-internacional-de-cinema-de-beijing-e-da-semana-do-cinema-frances-realizada-em-beijing\\\/#primaryimage\"},\"thumbnailUrl\":\"https:\\\/\\\/p2crires.cri.cn\\\/photoworkspace\\\/cri\\\/contentimg\\\/2024\\\/04\\\/11\\\/2024041121114440155.jpg\",\"datePublished\":\"2024-04-15T06:27:35+00:00\",\"breadcrumb\":{\"@id\":\"https:\\\/\\\/diariodepe.com.br\\\/cri\\\/2024\\\/04\\\/15\\\/cerimonia-de-abertura-do-14o-festival-internacional-de-cinema-de-beijing-e-da-semana-do-cinema-frances-realizada-em-beijing\\\/#breadcrumb\"},\"inLanguage\":\"pt-BR\",\"potentialAction\":[{\"@type\":\"ReadAction\",\"target\":[\"https:\\\/\\\/diariodepe.com.br\\\/cri\\\/2024\\\/04\\\/15\\\/cerimonia-de-abertura-do-14o-festival-internacional-de-cinema-de-beijing-e-da-semana-do-cinema-frances-realizada-em-beijing\\\/\"]}]},{\"@type\":\"ImageObject\",\"inLanguage\":\"pt-BR\",\"@id\":\"https:\\\/\\\/diariodepe.com.br\\\/cri\\\/2024\\\/04\\\/15\\\/cerimonia-de-abertura-do-14o-festival-internacional-de-cinema-de-beijing-e-da-semana-do-cinema-frances-realizada-em-beijing\\\/#primaryimage\",\"url\":\"https:\\\/\\\/p2crires.cri.cn\\\/photoworkspace\\\/cri\\\/contentimg\\\/2024\\\/04\\\/11\\\/2024041121114440155.jpg\",\"contentUrl\":\"https:\\\/\\\/p2crires.cri.cn\\\/photoworkspace\\\/cri\\\/contentimg\\\/2024\\\/04\\\/11\\\/2024041121114440155.jpg\"},{\"@type\":\"BreadcrumbList\",\"@id\":\"https:\\\/\\\/diariodepe.com.br\\\/cri\\\/2024\\\/04\\\/15\\\/cerimonia-de-abertura-do-14o-festival-internacional-de-cinema-de-beijing-e-da-semana-do-cinema-frances-realizada-em-beijing\\\/#breadcrumb\",\"itemListElement\":[{\"@type\":\"ListItem\",\"position\":1,\"name\":\"In\u00edcio\",\"item\":\"https:\\\/\\\/diariodepe.com.br\\\/cri\\\/\"},{\"@type\":\"ListItem\",\"position\":2,\"name\":\"Cerim\u00f4nia de abertura do 14\u00ba Festival Internacional de Cinema de Beijing e da Semana do Cinema Franc\u00eas realizada em Beijing\"}]},{\"@type\":\"WebSite\",\"@id\":\"https:\\\/\\\/diariodepe.com.br\\\/cri\\\/#website\",\"url\":\"https:\\\/\\\/diariodepe.com.br\\\/cri\\\/\",\"name\":\"CRI e Diario de Pernambuco\",\"description\":\"R\u00e1dio Internacional da China\",\"publisher\":{\"@id\":\"https:\\\/\\\/diariodepe.com.br\\\/cri\\\/#organization\"},\"potentialAction\":[{\"@type\":\"SearchAction\",\"target\":{\"@type\":\"EntryPoint\",\"urlTemplate\":\"https:\\\/\\\/diariodepe.com.br\\\/cri\\\/?s={search_term_string}\"},\"query-input\":{\"@type\":\"PropertyValueSpecification\",\"valueRequired\":true,\"valueName\":\"search_term_string\"}}],\"inLanguage\":\"pt-BR\"},{\"@type\":\"Organization\",\"@id\":\"https:\\\/\\\/diariodepe.com.br\\\/cri\\\/#organization\",\"name\":\"CRI e Diario de Pernambuco\",\"url\":\"https:\\\/\\\/diariodepe.com.br\\\/cri\\\/\",\"logo\":{\"@type\":\"ImageObject\",\"inLanguage\":\"pt-BR\",\"@id\":\"https:\\\/\\\/diariodepe.com.br\\\/cri\\\/#\\\/schema\\\/logo\\\/image\\\/\",\"url\":\"https:\\\/\\\/diariodepe.com.br\\\/cri\\\/wp-content\\\/uploads\\\/sites\\\/2\\\/2022\\\/12\\\/cropped-Logo.jpg\",\"contentUrl\":\"https:\\\/\\\/diariodepe.com.br\\\/cri\\\/wp-content\\\/uploads\\\/sites\\\/2\\\/2022\\\/12\\\/cropped-Logo.jpg\",\"width\":700,\"height\":59,\"caption\":\"CRI e Diario de Pernambuco\"},\"image\":{\"@id\":\"https:\\\/\\\/diariodepe.com.br\\\/cri\\\/#\\\/schema\\\/logo\\\/image\\\/\"}},{\"@type\":\"Person\",\"@id\":\"https:\\\/\\\/diariodepe.com.br\\\/cri\\\/#\\\/schema\\\/person\\\/121bb28d84f1a5b1205ef4ce9c2e0c6b\",\"name\":\"Ismael Lucas S. Pereira\",\"image\":{\"@type\":\"ImageObject\",\"inLanguage\":\"pt-BR\",\"@id\":\"https:\\\/\\\/secure.gravatar.com\\\/avatar\\\/887a0f3b5a7ceea963a48499fb883ffce6b5037362def025c52c2505b15d63e4?s=96&d=mm&r=g\",\"url\":\"https:\\\/\\\/secure.gravatar.com\\\/avatar\\\/887a0f3b5a7ceea963a48499fb883ffce6b5037362def025c52c2505b15d63e4?s=96&d=mm&r=g\",\"contentUrl\":\"https:\\\/\\\/secure.gravatar.com\\\/avatar\\\/887a0f3b5a7ceea963a48499fb883ffce6b5037362def025c52c2505b15d63e4?s=96&d=mm&r=g\",\"caption\":\"Ismael Lucas S. Pereira\"},\"url\":\"https:\\\/\\\/diariodepe.com.br\\\/cri\\\/author\\\/ismael-lucas\\\/\"}]}<\/script>\n<!-- \/ Yoast SEO plugin. -->","yoast_head_json":{"title":"Cerim\u00f4nia de abertura do 14\u00ba Festival Internacional de Cinema de Beijing e da Semana do Cinema Franc\u00eas realizada em Beijing - CRI e Diario de Pernambuco","robots":{"index":"index","follow":"follow","max-snippet":"max-snippet:-1","max-image-preview":"max-image-preview:large","max-video-preview":"max-video-preview:-1"},"canonical":"https:\/\/diariodepe.com.br\/cri\/2024\/04\/15\/cerimonia-de-abertura-do-14o-festival-internacional-de-cinema-de-beijing-e-da-semana-do-cinema-frances-realizada-em-beijing\/","og_locale":"pt_BR","og_type":"article","og_title":"Cerim\u00f4nia de abertura do 14\u00ba Festival Internacional de Cinema de Beijing e da Semana do Cinema Franc\u00eas realizada em Beijing - CRI e Diario de Pernambuco","og_description":"A cerim\u00f4nia de abertura do 14\u00ba Festival Internacional de Cinema de Beijing e da Semana do Cinema Franc\u00eas teve lugar em Beijing nesta quinta-feira (11). O evento foi organizado em conjunto pelo Grupo de M\u00eddia da China (CMG) e pelo...","og_url":"https:\/\/diariodepe.com.br\/cri\/2024\/04\/15\/cerimonia-de-abertura-do-14o-festival-internacional-de-cinema-de-beijing-e-da-semana-do-cinema-frances-realizada-em-beijing\/","og_site_name":"CRI e Diario de Pernambuco","article_published_time":"2024-04-15T06:27:35+00:00","og_image":[{"url":"https:\/\/p2crires.cri.cn\/photoworkspace\/cri\/contentimg\/2024\/04\/11\/2024041121114440155.jpg","type":"","width":"","height":""}],"author":"Ismael Lucas S. Pereira","twitter_card":"summary_large_image","twitter_misc":{"Escrito por":"Ismael Lucas S. Pereira"},"schema":{"@context":"https:\/\/schema.org","@graph":[{"@type":"Article","@id":"https:\/\/diariodepe.com.br\/cri\/2024\/04\/15\/cerimonia-de-abertura-do-14o-festival-internacional-de-cinema-de-beijing-e-da-semana-do-cinema-frances-realizada-em-beijing\/#article","isPartOf":{"@id":"https:\/\/diariodepe.com.br\/cri\/2024\/04\/15\/cerimonia-de-abertura-do-14o-festival-internacional-de-cinema-de-beijing-e-da-semana-do-cinema-frances-realizada-em-beijing\/"},"author":{"name":"Ismael Lucas S. Pereira","@id":"https:\/\/diariodepe.com.br\/cri\/#\/schema\/person\/121bb28d84f1a5b1205ef4ce9c2e0c6b"},"headline":"Cerim\u00f4nia de abertura do 14\u00ba Festival Internacional de Cinema de Beijing e da Semana do Cinema Franc\u00eas realizada em Beijing","datePublished":"2024-04-15T06:27:35+00:00","mainEntityOfPage":{"@id":"https:\/\/diariodepe.com.br\/cri\/2024\/04\/15\/cerimonia-de-abertura-do-14o-festival-internacional-de-cinema-de-beijing-e-da-semana-do-cinema-frances-realizada-em-beijing\/"},"wordCount":196,"commentCount":0,"publisher":{"@id":"https:\/\/diariodepe.com.br\/cri\/#organization"},"image":{"@id":"https:\/\/diariodepe.com.br\/cri\/2024\/04\/15\/cerimonia-de-abertura-do-14o-festival-internacional-de-cinema-de-beijing-e-da-semana-do-cinema-frances-realizada-em-beijing\/#primaryimage"},"thumbnailUrl":"https:\/\/p2crires.cri.cn\/photoworkspace\/cri\/contentimg\/2024\/04\/11\/2024041121114440155.jpg","articleSection":["China"],"inLanguage":"pt-BR","potentialAction":[{"@type":"CommentAction","name":"Comment","target":["https:\/\/diariodepe.com.br\/cri\/2024\/04\/15\/cerimonia-de-abertura-do-14o-festival-internacional-de-cinema-de-beijing-e-da-semana-do-cinema-frances-realizada-em-beijing\/#respond"]}]},{"@type":"WebPage","@id":"https:\/\/diariodepe.com.br\/cri\/2024\/04\/15\/cerimonia-de-abertura-do-14o-festival-internacional-de-cinema-de-beijing-e-da-semana-do-cinema-frances-realizada-em-beijing\/","url":"https:\/\/diariodepe.com.br\/cri\/2024\/04\/15\/cerimonia-de-abertura-do-14o-festival-internacional-de-cinema-de-beijing-e-da-semana-do-cinema-frances-realizada-em-beijing\/","name":"Cerim\u00f4nia de abertura do 14\u00ba Festival Internacional de Cinema de Beijing e da Semana do Cinema Franc\u00eas realizada em Beijing - CRI e Diario de Pernambuco","isPartOf":{"@id":"https:\/\/diariodepe.com.br\/cri\/#website"},"primaryImageOfPage":{"@id":"https:\/\/diariodepe.com.br\/cri\/2024\/04\/15\/cerimonia-de-abertura-do-14o-festival-internacional-de-cinema-de-beijing-e-da-semana-do-cinema-frances-realizada-em-beijing\/#primaryimage"},"image":{"@id":"https:\/\/diariodepe.com.br\/cri\/2024\/04\/15\/cerimonia-de-abertura-do-14o-festival-internacional-de-cinema-de-beijing-e-da-semana-do-cinema-frances-realizada-em-beijing\/#primaryimage"},"thumbnailUrl":"https:\/\/p2crires.cri.cn\/photoworkspace\/cri\/contentimg\/2024\/04\/11\/2024041121114440155.jpg","datePublished":"2024-04-15T06:27:35+00:00","breadcrumb":{"@id":"https:\/\/diariodepe.com.br\/cri\/2024\/04\/15\/cerimonia-de-abertura-do-14o-festival-internacional-de-cinema-de-beijing-e-da-semana-do-cinema-frances-realizada-em-beijing\/#breadcrumb"},"inLanguage":"pt-BR","potentialAction":[{"@type":"ReadAction","target":["https:\/\/diariodepe.com.br\/cri\/2024\/04\/15\/cerimonia-de-abertura-do-14o-festival-internacional-de-cinema-de-beijing-e-da-semana-do-cinema-frances-realizada-em-beijing\/"]}]},{"@type":"ImageObject","inLanguage":"pt-BR","@id":"https:\/\/diariodepe.com.br\/cri\/2024\/04\/15\/cerimonia-de-abertura-do-14o-festival-internacional-de-cinema-de-beijing-e-da-semana-do-cinema-frances-realizada-em-beijing\/#primaryimage","url":"https:\/\/p2crires.cri.cn\/photoworkspace\/cri\/contentimg\/2024\/04\/11\/2024041121114440155.jpg","contentUrl":"https:\/\/p2crires.cri.cn\/photoworkspace\/cri\/contentimg\/2024\/04\/11\/2024041121114440155.jpg"},{"@type":"BreadcrumbList","@id":"https:\/\/diariodepe.com.br\/cri\/2024\/04\/15\/cerimonia-de-abertura-do-14o-festival-internacional-de-cinema-de-beijing-e-da-semana-do-cinema-frances-realizada-em-beijing\/#breadcrumb","itemListElement":[{"@type":"ListItem","position":1,"name":"In\u00edcio","item":"https:\/\/diariodepe.com.br\/cri\/"},{"@type":"ListItem","position":2,"name":"Cerim\u00f4nia de abertura do 14\u00ba Festival Internacional de Cinema de Beijing e da Semana do Cinema Franc\u00eas realizada em Beijing"}]},{"@type":"WebSite","@id":"https:\/\/diariodepe.com.br\/cri\/#website","url":"https:\/\/diariodepe.com.br\/cri\/","name":"CRI e Diario de Pernambuco","description":"R\u00e1dio Internacional da China","publisher":{"@id":"https:\/\/diariodepe.com.br\/cri\/#organization"},"potentialAction":[{"@type":"SearchAction","target":{"@type":"EntryPoint","urlTemplate":"https:\/\/diariodepe.com.br\/cri\/?s={search_term_string}"},"query-input":{"@type":"PropertyValueSpecification","valueRequired":true,"valueName":"search_term_string"}}],"inLanguage":"pt-BR"},{"@type":"Organization","@id":"https:\/\/diariodepe.com.br\/cri\/#organization","name":"CRI e Diario de Pernambuco","url":"https:\/\/diariodepe.com.br\/cri\/","logo":{"@type":"ImageObject","inLanguage":"pt-BR","@id":"https:\/\/diariodepe.com.br\/cri\/#\/schema\/logo\/image\/","url":"https:\/\/diariodepe.com.br\/cri\/wp-content\/uploads\/sites\/2\/2022\/12\/cropped-Logo.jpg","contentUrl":"https:\/\/diariodepe.com.br\/cri\/wp-content\/uploads\/sites\/2\/2022\/12\/cropped-Logo.jpg","width":700,"height":59,"caption":"CRI e Diario de Pernambuco"},"image":{"@id":"https:\/\/diariodepe.com.br\/cri\/#\/schema\/logo\/image\/"}},{"@type":"Person","@id":"https:\/\/diariodepe.com.br\/cri\/#\/schema\/person\/121bb28d84f1a5b1205ef4ce9c2e0c6b","name":"Ismael Lucas S. Pereira","image":{"@type":"ImageObject","inLanguage":"pt-BR","@id":"https:\/\/secure.gravatar.com\/avatar\/887a0f3b5a7ceea963a48499fb883ffce6b5037362def025c52c2505b15d63e4?s=96&d=mm&r=g","url":"https:\/\/secure.gravatar.com\/avatar\/887a0f3b5a7ceea963a48499fb883ffce6b5037362def025c52c2505b15d63e4?s=96&d=mm&r=g","contentUrl":"https:\/\/secure.gravatar.com\/avatar\/887a0f3b5a7ceea963a48499fb883ffce6b5037362def025c52c2505b15d63e4?s=96&d=mm&r=g","caption":"Ismael Lucas S. Pereira"},"url":"https:\/\/diariodepe.com.br\/cri\/author\/ismael-lucas\/"}]}},"cc_featured_image_caption":{"caption_text":false,"source_text":false,"source_url":false},"amp_enabled":true,"_links":{"self":[{"href":"https:\/\/diariodepe.com.br\/cri\/wp-json\/wp\/v2\/posts\/5003","targetHints":{"allow":["GET"]}}],"collection":[{"href":"https:\/\/diariodepe.com.br\/cri\/wp-json\/wp\/v2\/posts"}],"about":[{"href":"https:\/\/diariodepe.com.br\/cri\/wp-json\/wp\/v2\/types\/post"}],"author":[{"embeddable":true,"href":"https:\/\/diariodepe.com.br\/cri\/wp-json\/wp\/v2\/users\/2"}],"replies":[{"embeddable":true,"href":"https:\/\/diariodepe.com.br\/cri\/wp-json\/wp\/v2\/comments?post=5003"}],"version-history":[{"count":1,"href":"https:\/\/diariodepe.com.br\/cri\/wp-json\/wp\/v2\/posts\/5003\/revisions"}],"predecessor-version":[{"id":5004,"href":"https:\/\/diariodepe.com.br\/cri\/wp-json\/wp\/v2\/posts\/5003\/revisions\/5004"}],"wp:attachment":[{"href":"https:\/\/diariodepe.com.br\/cri\/wp-json\/wp\/v2\/media?parent=5003"}],"wp:term":[{"taxonomy":"category","embeddable":true,"href":"https:\/\/diariodepe.com.br\/cri\/wp-json\/wp\/v2\/categories?post=5003"},{"taxonomy":"post_tag","embeddable":true,"href":"https:\/\/diariodepe.com.br\/cri\/wp-json\/wp\/v2\/tags?post=5003"}],"curies":[{"name":"wp","href":"https:\/\/api.w.org\/{rel}","templated":true}]}}