{"id":4998,"date":"2024-04-15T03:26:41","date_gmt":"2024-04-15T06:26:41","guid":{"rendered":"https:\/\/diariodepe.com.br\/cri\/?p=4998"},"modified":"2024-04-15T03:26:41","modified_gmt":"2024-04-15T06:26:41","slug":"expansao-do-aukus-prejudica-paz-e-estabilidade-da-asia-pacifico","status":"publish","type":"post","link":"https:\/\/diariodepe.com.br\/cri\/2024\/04\/15\/expansao-do-aukus-prejudica-paz-e-estabilidade-da-asia-pacifico\/","title":{"rendered":"Expans\u00e3o do AUKUS prejudica paz e estabilidade da \u00c1sia-Pac\u00edfico"},"content":{"rendered":"<p>Nestes dias, a not\u00edcia de que os Estados Unidos, o Reino Unido e a Austr\u00e1lia querem incluir o Jap\u00e3o no AUKUS (acr\u00f4nimo em ingl\u00eas para seus nomes), um acordo de seguran\u00e7a trilateral firmado pelos tr\u00eas pa\u00edses mencionados, tem despertado muita aten\u00e7\u00e3o da opini\u00e3o p\u00fablica internacional. As autoridades japonesas respenderam que \u201creconhecem\u201d a import\u00e2ncia desse tratado. No entanto, muitos japoneses criticam que a expans\u00e3o do AUKUS agravar\u00e1 o confronto de blocos e aumentar\u00e1 os riscos da prolifera\u00e7\u00e3o nuclear, al\u00e9m de minar a paz e a estabilidade na regi\u00e3o da \u00c1sia-Pac\u00edfico.<\/p>\n<p>O AUKUS se lastreia em dois pilares. O primeiro \u00e9 a implanta\u00e7\u00e3o de submarinos nucleares na Austr\u00e1lia, sendo a coopera\u00e7\u00e3o neste aspecto limitada aos tr\u00eas pa\u00edses signat\u00e1rios. O segundo \u00e9 o desenvolvimento de tecnologias novas e emergentes. Neste aspecto, os EUA, Reino Unido e Austr\u00e1lia est\u00e3o convocando ativamente a integra\u00e7\u00e3o de \u201cpa\u00edses com ideias semelhantes\u201d.<\/p>\n<p>Por que os tr\u00eas pa\u00edses querem incluir o Jap\u00e3o em seu escopo? Segundo analistas, no \u00e2mbito\u00a0tecnol\u00f3gico, o pa\u00eds asi\u00e1tico disp\u00f5e de vantagens em \u00e1reas como armas hipers\u00f4nicas, tecnologia qu\u00e2ntica, guerra eletr\u00f4nica e intelig\u00eancia artificial, o que pode desempenhar um maior papel na tecnologia da defesa.<\/p>\n<p>No entanto, a participa\u00e7\u00e3o japonesa promover\u00e1 a coopera\u00e7\u00e3o dentro do AUKUS?\u00a0Segundo a m\u00eddia australiana, \u00e9 dif\u00edcil para o Jap\u00e3o se tornar um membro principal do acordo de seguran\u00e7a, pois h\u00e1 um impasse entre todas as partes. Especialmente quando se trata da exporta\u00e7\u00e3o de tecnologias sens\u00edveis, o ego\u00edsmo, a suspeita e a cautela dos EUA em rela\u00e7\u00e3o aos aliados ainda s\u00e3o muito profundos.<\/p>\n<p>Al\u00e9m disso, a integra\u00e7\u00e3o ao AUKUS vai diminuir o papel do Jap\u00e3o como ponte de comunica\u00e7\u00e3o entre os EUA e outros atores no cen\u00e1rio geopol\u00edtico. Para os pa\u00edses anglo-sax\u00f5es como EUA, Reino Unido e Austr\u00e1lia, sendo um pa\u00eds do Oriente, \u00e9 sempre um \u201cforasteiro\u201d. Isso significa que o Jap\u00e3o ser\u00e1 empurrado ainda mais para a vanguarda anti-China e para uma situa\u00e7\u00e3o perigosa.<\/p>\n<p>\u201cEsse \u2018erro estrat\u00e9gico\u2019 s\u00f3 dividir\u00e1 a \u00c1sia em campos opostos.\u201d Essa foi a cr\u00edtica do presidente do Sri Lanka, Ranil Wickremesinghe, contra o arranjo. Os l\u00edderes da Indon\u00e9sia e da Mal\u00e1sia tamb\u00e9m acusaram publicamente esse bloco de destabilizar a \u00e1rea. Com a ades\u00e3o do Jap\u00e3o, o AUKUS expandir\u00e1 sua cobertura para o nordeste da \u00c1sia, o que trar\u00e1 mais impactos negativos \u00e0 regi\u00e3o. Essa alian\u00e7a militar, repleta da mentalidade da Guerra Fri,a n\u00e3o est\u00e1 alinhada com os interesses de seguran\u00e7a da regi\u00e3o, \u00e9 contr\u00e1ria ao processo de integra\u00e7\u00e3o da \u00c1sia-Pac\u00edfico, e n\u00e3o tem necessidade de existir desde seu in\u00edcio.<\/p>\n","protected":false},"excerpt":{"rendered":"<p>Nestes dias, a not\u00edcia de que os Estados Unidos, o Reino Unido e a Austr\u00e1lia querem incluir o Jap\u00e3o no AUKUS (acr\u00f4nimo em ingl\u00eas para seus nomes), um acordo de seguran\u00e7a trilateral firmado pelos tr\u00eas pa\u00edses mencionados, tem despertado muita&#8230;<\/p>\n","protected":false},"author":2,"featured_media":4999,"comment_status":"open","ping_status":"open","sticky":false,"template":"","format":"standard","meta":{"footnotes":""},"categories":[7],"tags":[],"class_list":["post-4998","post","type-post","status-publish","format-standard","has-post-thumbnail","hentry","category-visao"],"yoast_head":"<!-- This site is optimized with the Yoast SEO plugin v27.4 - https:\/\/yoast.com\/product\/yoast-seo-wordpress\/ -->\n<title>Expans\u00e3o do AUKUS prejudica paz e estabilidade da \u00c1sia-Pac\u00edfico - CRI e Diario de Pernambuco<\/title>\n<meta name=\"robots\" content=\"index, follow, max-snippet:-1, max-image-preview:large, max-video-preview:-1\" \/>\n<link rel=\"canonical\" href=\"https:\/\/diariodepe.com.br\/cri\/2024\/04\/15\/expansao-do-aukus-prejudica-paz-e-estabilidade-da-asia-pacifico\/\" \/>\n<meta property=\"og:locale\" content=\"pt_BR\" \/>\n<meta property=\"og:type\" content=\"article\" \/>\n<meta property=\"og:title\" content=\"Expans\u00e3o do AUKUS prejudica paz e estabilidade da \u00c1sia-Pac\u00edfico - CRI e Diario de Pernambuco\" \/>\n<meta property=\"og:description\" content=\"Nestes dias, a not\u00edcia de que os Estados Unidos, o Reino Unido e a Austr\u00e1lia querem incluir o Jap\u00e3o no AUKUS (acr\u00f4nimo em ingl\u00eas para seus nomes), um acordo de seguran\u00e7a trilateral firmado pelos tr\u00eas pa\u00edses mencionados, tem despertado muita...\" \/>\n<meta property=\"og:url\" content=\"https:\/\/diariodepe.com.br\/cri\/2024\/04\/15\/expansao-do-aukus-prejudica-paz-e-estabilidade-da-asia-pacifico\/\" \/>\n<meta property=\"og:site_name\" content=\"CRI e Diario de Pernambuco\" \/>\n<meta property=\"article:published_time\" content=\"2024-04-15T06:26:41+00:00\" \/>\n<meta property=\"og:image\" content=\"https:\/\/diariodepe.com.br\/cri\/wp-content\/uploads\/sites\/2\/2024\/04\/2024041022094465270.png\" \/>\n\t<meta property=\"og:image:width\" content=\"1080\" \/>\n\t<meta property=\"og:image:height\" content=\"597\" \/>\n\t<meta property=\"og:image:type\" content=\"image\/png\" \/>\n<meta name=\"author\" content=\"Ismael Lucas S. Pereira\" \/>\n<meta name=\"twitter:card\" content=\"summary_large_image\" \/>\n<meta name=\"twitter:label1\" content=\"Escrito por\" \/>\n\t<meta name=\"twitter:data1\" content=\"Ismael Lucas S. Pereira\" \/>\n\t<meta name=\"twitter:label2\" content=\"Est. tempo de leitura\" \/>\n\t<meta name=\"twitter:data2\" content=\"3 minutos\" \/>\n<script type=\"application\/ld+json\" class=\"yoast-schema-graph\">{\"@context\":\"https:\\\/\\\/schema.org\",\"@graph\":[{\"@type\":\"Article\",\"@id\":\"https:\\\/\\\/diariodepe.com.br\\\/cri\\\/2024\\\/04\\\/15\\\/expansao-do-aukus-prejudica-paz-e-estabilidade-da-asia-pacifico\\\/#article\",\"isPartOf\":{\"@id\":\"https:\\\/\\\/diariodepe.com.br\\\/cri\\\/2024\\\/04\\\/15\\\/expansao-do-aukus-prejudica-paz-e-estabilidade-da-asia-pacifico\\\/\"},\"author\":{\"name\":\"Ismael Lucas S. Pereira\",\"@id\":\"https:\\\/\\\/diariodepe.com.br\\\/cri\\\/#\\\/schema\\\/person\\\/121bb28d84f1a5b1205ef4ce9c2e0c6b\"},\"headline\":\"Expans\u00e3o do AUKUS prejudica paz e estabilidade da \u00c1sia-Pac\u00edfico\",\"datePublished\":\"2024-04-15T06:26:41+00:00\",\"mainEntityOfPage\":{\"@id\":\"https:\\\/\\\/diariodepe.com.br\\\/cri\\\/2024\\\/04\\\/15\\\/expansao-do-aukus-prejudica-paz-e-estabilidade-da-asia-pacifico\\\/\"},\"wordCount\":499,\"commentCount\":0,\"publisher\":{\"@id\":\"https:\\\/\\\/diariodepe.com.br\\\/cri\\\/#organization\"},\"image\":{\"@id\":\"https:\\\/\\\/diariodepe.com.br\\\/cri\\\/2024\\\/04\\\/15\\\/expansao-do-aukus-prejudica-paz-e-estabilidade-da-asia-pacifico\\\/#primaryimage\"},\"thumbnailUrl\":\"https:\\\/\\\/diariodepe.com.br\\\/cri\\\/wp-content\\\/uploads\\\/sites\\\/2\\\/2024\\\/04\\\/2024041022094465270.png\",\"articleSection\":[\"Vis\u00e3o\"],\"inLanguage\":\"pt-BR\",\"potentialAction\":[{\"@type\":\"CommentAction\",\"name\":\"Comment\",\"target\":[\"https:\\\/\\\/diariodepe.com.br\\\/cri\\\/2024\\\/04\\\/15\\\/expansao-do-aukus-prejudica-paz-e-estabilidade-da-asia-pacifico\\\/#respond\"]}]},{\"@type\":\"WebPage\",\"@id\":\"https:\\\/\\\/diariodepe.com.br\\\/cri\\\/2024\\\/04\\\/15\\\/expansao-do-aukus-prejudica-paz-e-estabilidade-da-asia-pacifico\\\/\",\"url\":\"https:\\\/\\\/diariodepe.com.br\\\/cri\\\/2024\\\/04\\\/15\\\/expansao-do-aukus-prejudica-paz-e-estabilidade-da-asia-pacifico\\\/\",\"name\":\"Expans\u00e3o do AUKUS prejudica paz e estabilidade da \u00c1sia-Pac\u00edfico - CRI e Diario de Pernambuco\",\"isPartOf\":{\"@id\":\"https:\\\/\\\/diariodepe.com.br\\\/cri\\\/#website\"},\"primaryImageOfPage\":{\"@id\":\"https:\\\/\\\/diariodepe.com.br\\\/cri\\\/2024\\\/04\\\/15\\\/expansao-do-aukus-prejudica-paz-e-estabilidade-da-asia-pacifico\\\/#primaryimage\"},\"image\":{\"@id\":\"https:\\\/\\\/diariodepe.com.br\\\/cri\\\/2024\\\/04\\\/15\\\/expansao-do-aukus-prejudica-paz-e-estabilidade-da-asia-pacifico\\\/#primaryimage\"},\"thumbnailUrl\":\"https:\\\/\\\/diariodepe.com.br\\\/cri\\\/wp-content\\\/uploads\\\/sites\\\/2\\\/2024\\\/04\\\/2024041022094465270.png\",\"datePublished\":\"2024-04-15T06:26:41+00:00\",\"breadcrumb\":{\"@id\":\"https:\\\/\\\/diariodepe.com.br\\\/cri\\\/2024\\\/04\\\/15\\\/expansao-do-aukus-prejudica-paz-e-estabilidade-da-asia-pacifico\\\/#breadcrumb\"},\"inLanguage\":\"pt-BR\",\"potentialAction\":[{\"@type\":\"ReadAction\",\"target\":[\"https:\\\/\\\/diariodepe.com.br\\\/cri\\\/2024\\\/04\\\/15\\\/expansao-do-aukus-prejudica-paz-e-estabilidade-da-asia-pacifico\\\/\"]}]},{\"@type\":\"ImageObject\",\"inLanguage\":\"pt-BR\",\"@id\":\"https:\\\/\\\/diariodepe.com.br\\\/cri\\\/2024\\\/04\\\/15\\\/expansao-do-aukus-prejudica-paz-e-estabilidade-da-asia-pacifico\\\/#primaryimage\",\"url\":\"https:\\\/\\\/diariodepe.com.br\\\/cri\\\/wp-content\\\/uploads\\\/sites\\\/2\\\/2024\\\/04\\\/2024041022094465270.png\",\"contentUrl\":\"https:\\\/\\\/diariodepe.com.br\\\/cri\\\/wp-content\\\/uploads\\\/sites\\\/2\\\/2024\\\/04\\\/2024041022094465270.png\",\"width\":1080,\"height\":597},{\"@type\":\"BreadcrumbList\",\"@id\":\"https:\\\/\\\/diariodepe.com.br\\\/cri\\\/2024\\\/04\\\/15\\\/expansao-do-aukus-prejudica-paz-e-estabilidade-da-asia-pacifico\\\/#breadcrumb\",\"itemListElement\":[{\"@type\":\"ListItem\",\"position\":1,\"name\":\"In\u00edcio\",\"item\":\"https:\\\/\\\/diariodepe.com.br\\\/cri\\\/\"},{\"@type\":\"ListItem\",\"position\":2,\"name\":\"Expans\u00e3o do AUKUS prejudica paz e estabilidade da \u00c1sia-Pac\u00edfico\"}]},{\"@type\":\"WebSite\",\"@id\":\"https:\\\/\\\/diariodepe.com.br\\\/cri\\\/#website\",\"url\":\"https:\\\/\\\/diariodepe.com.br\\\/cri\\\/\",\"name\":\"CRI e Diario de Pernambuco\",\"description\":\"R\u00e1dio Internacional da China\",\"publisher\":{\"@id\":\"https:\\\/\\\/diariodepe.com.br\\\/cri\\\/#organization\"},\"potentialAction\":[{\"@type\":\"SearchAction\",\"target\":{\"@type\":\"EntryPoint\",\"urlTemplate\":\"https:\\\/\\\/diariodepe.com.br\\\/cri\\\/?s={search_term_string}\"},\"query-input\":{\"@type\":\"PropertyValueSpecification\",\"valueRequired\":true,\"valueName\":\"search_term_string\"}}],\"inLanguage\":\"pt-BR\"},{\"@type\":\"Organization\",\"@id\":\"https:\\\/\\\/diariodepe.com.br\\\/cri\\\/#organization\",\"name\":\"CRI e Diario de Pernambuco\",\"url\":\"https:\\\/\\\/diariodepe.com.br\\\/cri\\\/\",\"logo\":{\"@type\":\"ImageObject\",\"inLanguage\":\"pt-BR\",\"@id\":\"https:\\\/\\\/diariodepe.com.br\\\/cri\\\/#\\\/schema\\\/logo\\\/image\\\/\",\"url\":\"https:\\\/\\\/diariodepe.com.br\\\/cri\\\/wp-content\\\/uploads\\\/sites\\\/2\\\/2022\\\/12\\\/cropped-Logo.jpg\",\"contentUrl\":\"https:\\\/\\\/diariodepe.com.br\\\/cri\\\/wp-content\\\/uploads\\\/sites\\\/2\\\/2022\\\/12\\\/cropped-Logo.jpg\",\"width\":700,\"height\":59,\"caption\":\"CRI e Diario de Pernambuco\"},\"image\":{\"@id\":\"https:\\\/\\\/diariodepe.com.br\\\/cri\\\/#\\\/schema\\\/logo\\\/image\\\/\"}},{\"@type\":\"Person\",\"@id\":\"https:\\\/\\\/diariodepe.com.br\\\/cri\\\/#\\\/schema\\\/person\\\/121bb28d84f1a5b1205ef4ce9c2e0c6b\",\"name\":\"Ismael Lucas S. Pereira\",\"image\":{\"@type\":\"ImageObject\",\"inLanguage\":\"pt-BR\",\"@id\":\"https:\\\/\\\/secure.gravatar.com\\\/avatar\\\/887a0f3b5a7ceea963a48499fb883ffce6b5037362def025c52c2505b15d63e4?s=96&d=mm&r=g\",\"url\":\"https:\\\/\\\/secure.gravatar.com\\\/avatar\\\/887a0f3b5a7ceea963a48499fb883ffce6b5037362def025c52c2505b15d63e4?s=96&d=mm&r=g\",\"contentUrl\":\"https:\\\/\\\/secure.gravatar.com\\\/avatar\\\/887a0f3b5a7ceea963a48499fb883ffce6b5037362def025c52c2505b15d63e4?s=96&d=mm&r=g\",\"caption\":\"Ismael Lucas S. Pereira\"},\"url\":\"https:\\\/\\\/diariodepe.com.br\\\/cri\\\/author\\\/ismael-lucas\\\/\"}]}<\/script>\n<!-- \/ Yoast SEO plugin. -->","yoast_head_json":{"title":"Expans\u00e3o do AUKUS prejudica paz e estabilidade da \u00c1sia-Pac\u00edfico - CRI e Diario de Pernambuco","robots":{"index":"index","follow":"follow","max-snippet":"max-snippet:-1","max-image-preview":"max-image-preview:large","max-video-preview":"max-video-preview:-1"},"canonical":"https:\/\/diariodepe.com.br\/cri\/2024\/04\/15\/expansao-do-aukus-prejudica-paz-e-estabilidade-da-asia-pacifico\/","og_locale":"pt_BR","og_type":"article","og_title":"Expans\u00e3o do AUKUS prejudica paz e estabilidade da \u00c1sia-Pac\u00edfico - CRI e Diario de Pernambuco","og_description":"Nestes dias, a not\u00edcia de que os Estados Unidos, o Reino Unido e a Austr\u00e1lia querem incluir o Jap\u00e3o no AUKUS (acr\u00f4nimo em ingl\u00eas para seus nomes), um acordo de seguran\u00e7a trilateral firmado pelos tr\u00eas pa\u00edses mencionados, tem despertado muita...","og_url":"https:\/\/diariodepe.com.br\/cri\/2024\/04\/15\/expansao-do-aukus-prejudica-paz-e-estabilidade-da-asia-pacifico\/","og_site_name":"CRI e Diario de Pernambuco","article_published_time":"2024-04-15T06:26:41+00:00","og_image":[{"width":1080,"height":597,"url":"https:\/\/diariodepe.com.br\/cri\/wp-content\/uploads\/sites\/2\/2024\/04\/2024041022094465270.png","type":"image\/png"}],"author":"Ismael Lucas S. Pereira","twitter_card":"summary_large_image","twitter_misc":{"Escrito por":"Ismael Lucas S. Pereira","Est. tempo de leitura":"3 minutos"},"schema":{"@context":"https:\/\/schema.org","@graph":[{"@type":"Article","@id":"https:\/\/diariodepe.com.br\/cri\/2024\/04\/15\/expansao-do-aukus-prejudica-paz-e-estabilidade-da-asia-pacifico\/#article","isPartOf":{"@id":"https:\/\/diariodepe.com.br\/cri\/2024\/04\/15\/expansao-do-aukus-prejudica-paz-e-estabilidade-da-asia-pacifico\/"},"author":{"name":"Ismael Lucas S. Pereira","@id":"https:\/\/diariodepe.com.br\/cri\/#\/schema\/person\/121bb28d84f1a5b1205ef4ce9c2e0c6b"},"headline":"Expans\u00e3o do AUKUS prejudica paz e estabilidade da \u00c1sia-Pac\u00edfico","datePublished":"2024-04-15T06:26:41+00:00","mainEntityOfPage":{"@id":"https:\/\/diariodepe.com.br\/cri\/2024\/04\/15\/expansao-do-aukus-prejudica-paz-e-estabilidade-da-asia-pacifico\/"},"wordCount":499,"commentCount":0,"publisher":{"@id":"https:\/\/diariodepe.com.br\/cri\/#organization"},"image":{"@id":"https:\/\/diariodepe.com.br\/cri\/2024\/04\/15\/expansao-do-aukus-prejudica-paz-e-estabilidade-da-asia-pacifico\/#primaryimage"},"thumbnailUrl":"https:\/\/diariodepe.com.br\/cri\/wp-content\/uploads\/sites\/2\/2024\/04\/2024041022094465270.png","articleSection":["Vis\u00e3o"],"inLanguage":"pt-BR","potentialAction":[{"@type":"CommentAction","name":"Comment","target":["https:\/\/diariodepe.com.br\/cri\/2024\/04\/15\/expansao-do-aukus-prejudica-paz-e-estabilidade-da-asia-pacifico\/#respond"]}]},{"@type":"WebPage","@id":"https:\/\/diariodepe.com.br\/cri\/2024\/04\/15\/expansao-do-aukus-prejudica-paz-e-estabilidade-da-asia-pacifico\/","url":"https:\/\/diariodepe.com.br\/cri\/2024\/04\/15\/expansao-do-aukus-prejudica-paz-e-estabilidade-da-asia-pacifico\/","name":"Expans\u00e3o do AUKUS prejudica paz e estabilidade da \u00c1sia-Pac\u00edfico - CRI e Diario de Pernambuco","isPartOf":{"@id":"https:\/\/diariodepe.com.br\/cri\/#website"},"primaryImageOfPage":{"@id":"https:\/\/diariodepe.com.br\/cri\/2024\/04\/15\/expansao-do-aukus-prejudica-paz-e-estabilidade-da-asia-pacifico\/#primaryimage"},"image":{"@id":"https:\/\/diariodepe.com.br\/cri\/2024\/04\/15\/expansao-do-aukus-prejudica-paz-e-estabilidade-da-asia-pacifico\/#primaryimage"},"thumbnailUrl":"https:\/\/diariodepe.com.br\/cri\/wp-content\/uploads\/sites\/2\/2024\/04\/2024041022094465270.png","datePublished":"2024-04-15T06:26:41+00:00","breadcrumb":{"@id":"https:\/\/diariodepe.com.br\/cri\/2024\/04\/15\/expansao-do-aukus-prejudica-paz-e-estabilidade-da-asia-pacifico\/#breadcrumb"},"inLanguage":"pt-BR","potentialAction":[{"@type":"ReadAction","target":["https:\/\/diariodepe.com.br\/cri\/2024\/04\/15\/expansao-do-aukus-prejudica-paz-e-estabilidade-da-asia-pacifico\/"]}]},{"@type":"ImageObject","inLanguage":"pt-BR","@id":"https:\/\/diariodepe.com.br\/cri\/2024\/04\/15\/expansao-do-aukus-prejudica-paz-e-estabilidade-da-asia-pacifico\/#primaryimage","url":"https:\/\/diariodepe.com.br\/cri\/wp-content\/uploads\/sites\/2\/2024\/04\/2024041022094465270.png","contentUrl":"https:\/\/diariodepe.com.br\/cri\/wp-content\/uploads\/sites\/2\/2024\/04\/2024041022094465270.png","width":1080,"height":597},{"@type":"BreadcrumbList","@id":"https:\/\/diariodepe.com.br\/cri\/2024\/04\/15\/expansao-do-aukus-prejudica-paz-e-estabilidade-da-asia-pacifico\/#breadcrumb","itemListElement":[{"@type":"ListItem","position":1,"name":"In\u00edcio","item":"https:\/\/diariodepe.com.br\/cri\/"},{"@type":"ListItem","position":2,"name":"Expans\u00e3o do AUKUS prejudica paz e estabilidade da \u00c1sia-Pac\u00edfico"}]},{"@type":"WebSite","@id":"https:\/\/diariodepe.com.br\/cri\/#website","url":"https:\/\/diariodepe.com.br\/cri\/","name":"CRI e Diario de Pernambuco","description":"R\u00e1dio Internacional da China","publisher":{"@id":"https:\/\/diariodepe.com.br\/cri\/#organization"},"potentialAction":[{"@type":"SearchAction","target":{"@type":"EntryPoint","urlTemplate":"https:\/\/diariodepe.com.br\/cri\/?s={search_term_string}"},"query-input":{"@type":"PropertyValueSpecification","valueRequired":true,"valueName":"search_term_string"}}],"inLanguage":"pt-BR"},{"@type":"Organization","@id":"https:\/\/diariodepe.com.br\/cri\/#organization","name":"CRI e Diario de Pernambuco","url":"https:\/\/diariodepe.com.br\/cri\/","logo":{"@type":"ImageObject","inLanguage":"pt-BR","@id":"https:\/\/diariodepe.com.br\/cri\/#\/schema\/logo\/image\/","url":"https:\/\/diariodepe.com.br\/cri\/wp-content\/uploads\/sites\/2\/2022\/12\/cropped-Logo.jpg","contentUrl":"https:\/\/diariodepe.com.br\/cri\/wp-content\/uploads\/sites\/2\/2022\/12\/cropped-Logo.jpg","width":700,"height":59,"caption":"CRI e Diario de Pernambuco"},"image":{"@id":"https:\/\/diariodepe.com.br\/cri\/#\/schema\/logo\/image\/"}},{"@type":"Person","@id":"https:\/\/diariodepe.com.br\/cri\/#\/schema\/person\/121bb28d84f1a5b1205ef4ce9c2e0c6b","name":"Ismael Lucas S. Pereira","image":{"@type":"ImageObject","inLanguage":"pt-BR","@id":"https:\/\/secure.gravatar.com\/avatar\/887a0f3b5a7ceea963a48499fb883ffce6b5037362def025c52c2505b15d63e4?s=96&d=mm&r=g","url":"https:\/\/secure.gravatar.com\/avatar\/887a0f3b5a7ceea963a48499fb883ffce6b5037362def025c52c2505b15d63e4?s=96&d=mm&r=g","contentUrl":"https:\/\/secure.gravatar.com\/avatar\/887a0f3b5a7ceea963a48499fb883ffce6b5037362def025c52c2505b15d63e4?s=96&d=mm&r=g","caption":"Ismael Lucas S. Pereira"},"url":"https:\/\/diariodepe.com.br\/cri\/author\/ismael-lucas\/"}]}},"cc_featured_image_caption":{"caption_text":false,"source_text":false,"source_url":false},"amp_enabled":true,"_links":{"self":[{"href":"https:\/\/diariodepe.com.br\/cri\/wp-json\/wp\/v2\/posts\/4998","targetHints":{"allow":["GET"]}}],"collection":[{"href":"https:\/\/diariodepe.com.br\/cri\/wp-json\/wp\/v2\/posts"}],"about":[{"href":"https:\/\/diariodepe.com.br\/cri\/wp-json\/wp\/v2\/types\/post"}],"author":[{"embeddable":true,"href":"https:\/\/diariodepe.com.br\/cri\/wp-json\/wp\/v2\/users\/2"}],"replies":[{"embeddable":true,"href":"https:\/\/diariodepe.com.br\/cri\/wp-json\/wp\/v2\/comments?post=4998"}],"version-history":[{"count":1,"href":"https:\/\/diariodepe.com.br\/cri\/wp-json\/wp\/v2\/posts\/4998\/revisions"}],"predecessor-version":[{"id":5000,"href":"https:\/\/diariodepe.com.br\/cri\/wp-json\/wp\/v2\/posts\/4998\/revisions\/5000"}],"wp:featuredmedia":[{"embeddable":true,"href":"https:\/\/diariodepe.com.br\/cri\/wp-json\/wp\/v2\/media\/4999"}],"wp:attachment":[{"href":"https:\/\/diariodepe.com.br\/cri\/wp-json\/wp\/v2\/media?parent=4998"}],"wp:term":[{"taxonomy":"category","embeddable":true,"href":"https:\/\/diariodepe.com.br\/cri\/wp-json\/wp\/v2\/categories?post=4998"},{"taxonomy":"post_tag","embeddable":true,"href":"https:\/\/diariodepe.com.br\/cri\/wp-json\/wp\/v2\/tags?post=4998"}],"curies":[{"name":"wp","href":"https:\/\/api.w.org\/{rel}","templated":true}]}}