{"id":4996,"date":"2024-04-15T03:25:33","date_gmt":"2024-04-15T06:25:33","guid":{"rendered":"https:\/\/diariodepe.com.br\/cri\/?p=4996"},"modified":"2024-04-15T03:25:33","modified_gmt":"2024-04-15T06:25:33","slug":"chefe-anticorrupcao-da-china-se-reune-com-presidente-do-partido-dos-trabalhadores-do-brasil","status":"publish","type":"post","link":"https:\/\/diariodepe.com.br\/cri\/2024\/04\/15\/chefe-anticorrupcao-da-china-se-reune-com-presidente-do-partido-dos-trabalhadores-do-brasil\/","title":{"rendered":"Chefe anticorrup\u00e7\u00e3o da China se re\u00fane com presidente do Partido dos Trabalhadores do Brasil"},"content":{"rendered":"<p>O membro do Comit\u00ea Permanente do Bir\u00f4 Pol\u00edtico do Comit\u00ea Central do Partido Comunista da China (PCCh) e secret\u00e1rio da Comiss\u00e3o Central de Inspe\u00e7\u00e3o Disciplinar (CCID), Li Xi, reuniu-se com uma delega\u00e7\u00e3o de alto n\u00edvel liderada pela presidenta do Partido dos Trabalhadores (PT) do Brasil, Gleisi Hoffmann, em Beijing, na quarta-feira (10).<\/p>\n<p>Li Xi observou que este ano marca o 50\u00ba anivers\u00e1rio das rela\u00e7\u00f5es diplom\u00e1ticas sino-brasileiras e o 40\u00ba anivers\u00e1rio do estabelecimento das rela\u00e7\u00f5es PCCh-PT. A China est\u00e1 disposta a trabalhar com o lado brasileiro para implementar o importante consenso alcan\u00e7ado pelos l\u00edderes dos dois pa\u00edses, promover interc\u00e2mbios amig\u00e1veis em v\u00e1rios campos e em diversos n\u00edveis, aumentar a confian\u00e7a pol\u00edtica m\u00fatua, aprofundar a coopera\u00e7\u00e3o estrat\u00e9gica e elevar conjuntamente a parceria estrat\u00e9gica abrangente China-Brasil.<\/p>\n<p>Hoffman disse que o Partido dos Trabalhadores do Brasil est\u00e1 disposto a trabalhar com o PCCh para fortalecer os interc\u00e2mbios sobre a constru\u00e7\u00e3o e a governan\u00e7a no \u00e2mbito de uma estrutura partid\u00e1ria, melhorar o acoplamento da estrat\u00e9gia de desenvolvimento e a coopera\u00e7\u00e3o multidisciplinar e enfrentar conjuntamente os desafios globais.<\/p>\n","protected":false},"excerpt":{"rendered":"<p>O membro do Comit\u00ea Permanente do Bir\u00f4 Pol\u00edtico do Comit\u00ea Central do Partido Comunista da China (PCCh) e secret\u00e1rio da Comiss\u00e3o Central de Inspe\u00e7\u00e3o Disciplinar (CCID), Li Xi, reuniu-se com uma delega\u00e7\u00e3o de alto n\u00edvel liderada pela presidenta do Partido&#8230;<\/p>\n","protected":false},"author":2,"featured_media":0,"comment_status":"open","ping_status":"open","sticky":false,"template":"","format":"standard","meta":{"footnotes":""},"categories":[3],"tags":[],"class_list":["post-4996","post","type-post","status-publish","format-standard","hentry","category-china"],"yoast_head":"<!-- This site is optimized with the Yoast SEO plugin v27.4 - https:\/\/yoast.com\/product\/yoast-seo-wordpress\/ -->\n<title>Chefe anticorrup\u00e7\u00e3o da China se re\u00fane com presidente do Partido dos Trabalhadores do Brasil - CRI e Diario de Pernambuco<\/title>\n<meta name=\"robots\" content=\"index, follow, max-snippet:-1, max-image-preview:large, max-video-preview:-1\" \/>\n<link rel=\"canonical\" href=\"https:\/\/diariodepe.com.br\/cri\/2024\/04\/15\/chefe-anticorrupcao-da-china-se-reune-com-presidente-do-partido-dos-trabalhadores-do-brasil\/\" \/>\n<meta property=\"og:locale\" content=\"pt_BR\" \/>\n<meta property=\"og:type\" content=\"article\" \/>\n<meta property=\"og:title\" content=\"Chefe anticorrup\u00e7\u00e3o da China se re\u00fane com presidente do Partido dos Trabalhadores do Brasil - CRI e Diario de Pernambuco\" \/>\n<meta property=\"og:description\" content=\"O membro do Comit\u00ea Permanente do Bir\u00f4 Pol\u00edtico do Comit\u00ea Central do Partido Comunista da China (PCCh) e secret\u00e1rio da Comiss\u00e3o Central de Inspe\u00e7\u00e3o Disciplinar (CCID), Li Xi, reuniu-se com uma delega\u00e7\u00e3o de alto n\u00edvel liderada pela presidenta do Partido...\" \/>\n<meta property=\"og:url\" content=\"https:\/\/diariodepe.com.br\/cri\/2024\/04\/15\/chefe-anticorrupcao-da-china-se-reune-com-presidente-do-partido-dos-trabalhadores-do-brasil\/\" \/>\n<meta property=\"og:site_name\" content=\"CRI e Diario de Pernambuco\" \/>\n<meta property=\"article:published_time\" content=\"2024-04-15T06:25:33+00:00\" \/>\n<meta name=\"author\" content=\"Ismael Lucas S. Pereira\" \/>\n<meta name=\"twitter:card\" content=\"summary_large_image\" \/>\n<meta name=\"twitter:label1\" content=\"Escrito por\" \/>\n\t<meta name=\"twitter:data1\" content=\"Ismael Lucas S. Pereira\" \/>\n\t<meta name=\"twitter:label2\" content=\"Est. tempo de leitura\" \/>\n\t<meta name=\"twitter:data2\" content=\"1 minuto\" \/>\n<script type=\"application\/ld+json\" class=\"yoast-schema-graph\">{\"@context\":\"https:\\\/\\\/schema.org\",\"@graph\":[{\"@type\":\"Article\",\"@id\":\"https:\\\/\\\/diariodepe.com.br\\\/cri\\\/2024\\\/04\\\/15\\\/chefe-anticorrupcao-da-china-se-reune-com-presidente-do-partido-dos-trabalhadores-do-brasil\\\/#article\",\"isPartOf\":{\"@id\":\"https:\\\/\\\/diariodepe.com.br\\\/cri\\\/2024\\\/04\\\/15\\\/chefe-anticorrupcao-da-china-se-reune-com-presidente-do-partido-dos-trabalhadores-do-brasil\\\/\"},\"author\":{\"name\":\"Ismael Lucas S. Pereira\",\"@id\":\"https:\\\/\\\/diariodepe.com.br\\\/cri\\\/#\\\/schema\\\/person\\\/121bb28d84f1a5b1205ef4ce9c2e0c6b\"},\"headline\":\"Chefe anticorrup\u00e7\u00e3o da China se re\u00fane com presidente do Partido dos Trabalhadores do Brasil\",\"datePublished\":\"2024-04-15T06:25:33+00:00\",\"mainEntityOfPage\":{\"@id\":\"https:\\\/\\\/diariodepe.com.br\\\/cri\\\/2024\\\/04\\\/15\\\/chefe-anticorrupcao-da-china-se-reune-com-presidente-do-partido-dos-trabalhadores-do-brasil\\\/\"},\"wordCount\":215,\"commentCount\":0,\"publisher\":{\"@id\":\"https:\\\/\\\/diariodepe.com.br\\\/cri\\\/#organization\"},\"articleSection\":[\"China\"],\"inLanguage\":\"pt-BR\",\"potentialAction\":[{\"@type\":\"CommentAction\",\"name\":\"Comment\",\"target\":[\"https:\\\/\\\/diariodepe.com.br\\\/cri\\\/2024\\\/04\\\/15\\\/chefe-anticorrupcao-da-china-se-reune-com-presidente-do-partido-dos-trabalhadores-do-brasil\\\/#respond\"]}]},{\"@type\":\"WebPage\",\"@id\":\"https:\\\/\\\/diariodepe.com.br\\\/cri\\\/2024\\\/04\\\/15\\\/chefe-anticorrupcao-da-china-se-reune-com-presidente-do-partido-dos-trabalhadores-do-brasil\\\/\",\"url\":\"https:\\\/\\\/diariodepe.com.br\\\/cri\\\/2024\\\/04\\\/15\\\/chefe-anticorrupcao-da-china-se-reune-com-presidente-do-partido-dos-trabalhadores-do-brasil\\\/\",\"name\":\"Chefe anticorrup\u00e7\u00e3o da China se re\u00fane com presidente do Partido dos Trabalhadores do Brasil - CRI e Diario de Pernambuco\",\"isPartOf\":{\"@id\":\"https:\\\/\\\/diariodepe.com.br\\\/cri\\\/#website\"},\"datePublished\":\"2024-04-15T06:25:33+00:00\",\"breadcrumb\":{\"@id\":\"https:\\\/\\\/diariodepe.com.br\\\/cri\\\/2024\\\/04\\\/15\\\/chefe-anticorrupcao-da-china-se-reune-com-presidente-do-partido-dos-trabalhadores-do-brasil\\\/#breadcrumb\"},\"inLanguage\":\"pt-BR\",\"potentialAction\":[{\"@type\":\"ReadAction\",\"target\":[\"https:\\\/\\\/diariodepe.com.br\\\/cri\\\/2024\\\/04\\\/15\\\/chefe-anticorrupcao-da-china-se-reune-com-presidente-do-partido-dos-trabalhadores-do-brasil\\\/\"]}]},{\"@type\":\"BreadcrumbList\",\"@id\":\"https:\\\/\\\/diariodepe.com.br\\\/cri\\\/2024\\\/04\\\/15\\\/chefe-anticorrupcao-da-china-se-reune-com-presidente-do-partido-dos-trabalhadores-do-brasil\\\/#breadcrumb\",\"itemListElement\":[{\"@type\":\"ListItem\",\"position\":1,\"name\":\"In\u00edcio\",\"item\":\"https:\\\/\\\/diariodepe.com.br\\\/cri\\\/\"},{\"@type\":\"ListItem\",\"position\":2,\"name\":\"Chefe anticorrup\u00e7\u00e3o da China se re\u00fane com presidente do Partido dos Trabalhadores do Brasil\"}]},{\"@type\":\"WebSite\",\"@id\":\"https:\\\/\\\/diariodepe.com.br\\\/cri\\\/#website\",\"url\":\"https:\\\/\\\/diariodepe.com.br\\\/cri\\\/\",\"name\":\"CRI e Diario de Pernambuco\",\"description\":\"R\u00e1dio Internacional da China\",\"publisher\":{\"@id\":\"https:\\\/\\\/diariodepe.com.br\\\/cri\\\/#organization\"},\"potentialAction\":[{\"@type\":\"SearchAction\",\"target\":{\"@type\":\"EntryPoint\",\"urlTemplate\":\"https:\\\/\\\/diariodepe.com.br\\\/cri\\\/?s={search_term_string}\"},\"query-input\":{\"@type\":\"PropertyValueSpecification\",\"valueRequired\":true,\"valueName\":\"search_term_string\"}}],\"inLanguage\":\"pt-BR\"},{\"@type\":\"Organization\",\"@id\":\"https:\\\/\\\/diariodepe.com.br\\\/cri\\\/#organization\",\"name\":\"CRI e Diario de Pernambuco\",\"url\":\"https:\\\/\\\/diariodepe.com.br\\\/cri\\\/\",\"logo\":{\"@type\":\"ImageObject\",\"inLanguage\":\"pt-BR\",\"@id\":\"https:\\\/\\\/diariodepe.com.br\\\/cri\\\/#\\\/schema\\\/logo\\\/image\\\/\",\"url\":\"https:\\\/\\\/diariodepe.com.br\\\/cri\\\/wp-content\\\/uploads\\\/sites\\\/2\\\/2022\\\/12\\\/cropped-Logo.jpg\",\"contentUrl\":\"https:\\\/\\\/diariodepe.com.br\\\/cri\\\/wp-content\\\/uploads\\\/sites\\\/2\\\/2022\\\/12\\\/cropped-Logo.jpg\",\"width\":700,\"height\":59,\"caption\":\"CRI e Diario de Pernambuco\"},\"image\":{\"@id\":\"https:\\\/\\\/diariodepe.com.br\\\/cri\\\/#\\\/schema\\\/logo\\\/image\\\/\"}},{\"@type\":\"Person\",\"@id\":\"https:\\\/\\\/diariodepe.com.br\\\/cri\\\/#\\\/schema\\\/person\\\/121bb28d84f1a5b1205ef4ce9c2e0c6b\",\"name\":\"Ismael Lucas S. Pereira\",\"image\":{\"@type\":\"ImageObject\",\"inLanguage\":\"pt-BR\",\"@id\":\"https:\\\/\\\/secure.gravatar.com\\\/avatar\\\/887a0f3b5a7ceea963a48499fb883ffce6b5037362def025c52c2505b15d63e4?s=96&d=mm&r=g\",\"url\":\"https:\\\/\\\/secure.gravatar.com\\\/avatar\\\/887a0f3b5a7ceea963a48499fb883ffce6b5037362def025c52c2505b15d63e4?s=96&d=mm&r=g\",\"contentUrl\":\"https:\\\/\\\/secure.gravatar.com\\\/avatar\\\/887a0f3b5a7ceea963a48499fb883ffce6b5037362def025c52c2505b15d63e4?s=96&d=mm&r=g\",\"caption\":\"Ismael Lucas S. Pereira\"},\"url\":\"https:\\\/\\\/diariodepe.com.br\\\/cri\\\/author\\\/ismael-lucas\\\/\"}]}<\/script>\n<!-- \/ Yoast SEO plugin. -->","yoast_head_json":{"title":"Chefe anticorrup\u00e7\u00e3o da China se re\u00fane com presidente do Partido dos Trabalhadores do Brasil - CRI e Diario de Pernambuco","robots":{"index":"index","follow":"follow","max-snippet":"max-snippet:-1","max-image-preview":"max-image-preview:large","max-video-preview":"max-video-preview:-1"},"canonical":"https:\/\/diariodepe.com.br\/cri\/2024\/04\/15\/chefe-anticorrupcao-da-china-se-reune-com-presidente-do-partido-dos-trabalhadores-do-brasil\/","og_locale":"pt_BR","og_type":"article","og_title":"Chefe anticorrup\u00e7\u00e3o da China se re\u00fane com presidente do Partido dos Trabalhadores do Brasil - CRI e Diario de Pernambuco","og_description":"O membro do Comit\u00ea Permanente do Bir\u00f4 Pol\u00edtico do Comit\u00ea Central do Partido Comunista da China (PCCh) e secret\u00e1rio da Comiss\u00e3o Central de Inspe\u00e7\u00e3o Disciplinar (CCID), Li Xi, reuniu-se com uma delega\u00e7\u00e3o de alto n\u00edvel liderada pela presidenta do Partido...","og_url":"https:\/\/diariodepe.com.br\/cri\/2024\/04\/15\/chefe-anticorrupcao-da-china-se-reune-com-presidente-do-partido-dos-trabalhadores-do-brasil\/","og_site_name":"CRI e Diario de Pernambuco","article_published_time":"2024-04-15T06:25:33+00:00","author":"Ismael Lucas S. Pereira","twitter_card":"summary_large_image","twitter_misc":{"Escrito por":"Ismael Lucas S. Pereira","Est. tempo de leitura":"1 minuto"},"schema":{"@context":"https:\/\/schema.org","@graph":[{"@type":"Article","@id":"https:\/\/diariodepe.com.br\/cri\/2024\/04\/15\/chefe-anticorrupcao-da-china-se-reune-com-presidente-do-partido-dos-trabalhadores-do-brasil\/#article","isPartOf":{"@id":"https:\/\/diariodepe.com.br\/cri\/2024\/04\/15\/chefe-anticorrupcao-da-china-se-reune-com-presidente-do-partido-dos-trabalhadores-do-brasil\/"},"author":{"name":"Ismael Lucas S. Pereira","@id":"https:\/\/diariodepe.com.br\/cri\/#\/schema\/person\/121bb28d84f1a5b1205ef4ce9c2e0c6b"},"headline":"Chefe anticorrup\u00e7\u00e3o da China se re\u00fane com presidente do Partido dos Trabalhadores do Brasil","datePublished":"2024-04-15T06:25:33+00:00","mainEntityOfPage":{"@id":"https:\/\/diariodepe.com.br\/cri\/2024\/04\/15\/chefe-anticorrupcao-da-china-se-reune-com-presidente-do-partido-dos-trabalhadores-do-brasil\/"},"wordCount":215,"commentCount":0,"publisher":{"@id":"https:\/\/diariodepe.com.br\/cri\/#organization"},"articleSection":["China"],"inLanguage":"pt-BR","potentialAction":[{"@type":"CommentAction","name":"Comment","target":["https:\/\/diariodepe.com.br\/cri\/2024\/04\/15\/chefe-anticorrupcao-da-china-se-reune-com-presidente-do-partido-dos-trabalhadores-do-brasil\/#respond"]}]},{"@type":"WebPage","@id":"https:\/\/diariodepe.com.br\/cri\/2024\/04\/15\/chefe-anticorrupcao-da-china-se-reune-com-presidente-do-partido-dos-trabalhadores-do-brasil\/","url":"https:\/\/diariodepe.com.br\/cri\/2024\/04\/15\/chefe-anticorrupcao-da-china-se-reune-com-presidente-do-partido-dos-trabalhadores-do-brasil\/","name":"Chefe anticorrup\u00e7\u00e3o da China se re\u00fane com presidente do Partido dos Trabalhadores do Brasil - CRI e Diario de Pernambuco","isPartOf":{"@id":"https:\/\/diariodepe.com.br\/cri\/#website"},"datePublished":"2024-04-15T06:25:33+00:00","breadcrumb":{"@id":"https:\/\/diariodepe.com.br\/cri\/2024\/04\/15\/chefe-anticorrupcao-da-china-se-reune-com-presidente-do-partido-dos-trabalhadores-do-brasil\/#breadcrumb"},"inLanguage":"pt-BR","potentialAction":[{"@type":"ReadAction","target":["https:\/\/diariodepe.com.br\/cri\/2024\/04\/15\/chefe-anticorrupcao-da-china-se-reune-com-presidente-do-partido-dos-trabalhadores-do-brasil\/"]}]},{"@type":"BreadcrumbList","@id":"https:\/\/diariodepe.com.br\/cri\/2024\/04\/15\/chefe-anticorrupcao-da-china-se-reune-com-presidente-do-partido-dos-trabalhadores-do-brasil\/#breadcrumb","itemListElement":[{"@type":"ListItem","position":1,"name":"In\u00edcio","item":"https:\/\/diariodepe.com.br\/cri\/"},{"@type":"ListItem","position":2,"name":"Chefe anticorrup\u00e7\u00e3o da China se re\u00fane com presidente do Partido dos Trabalhadores do Brasil"}]},{"@type":"WebSite","@id":"https:\/\/diariodepe.com.br\/cri\/#website","url":"https:\/\/diariodepe.com.br\/cri\/","name":"CRI e Diario de Pernambuco","description":"R\u00e1dio Internacional da China","publisher":{"@id":"https:\/\/diariodepe.com.br\/cri\/#organization"},"potentialAction":[{"@type":"SearchAction","target":{"@type":"EntryPoint","urlTemplate":"https:\/\/diariodepe.com.br\/cri\/?s={search_term_string}"},"query-input":{"@type":"PropertyValueSpecification","valueRequired":true,"valueName":"search_term_string"}}],"inLanguage":"pt-BR"},{"@type":"Organization","@id":"https:\/\/diariodepe.com.br\/cri\/#organization","name":"CRI e Diario de Pernambuco","url":"https:\/\/diariodepe.com.br\/cri\/","logo":{"@type":"ImageObject","inLanguage":"pt-BR","@id":"https:\/\/diariodepe.com.br\/cri\/#\/schema\/logo\/image\/","url":"https:\/\/diariodepe.com.br\/cri\/wp-content\/uploads\/sites\/2\/2022\/12\/cropped-Logo.jpg","contentUrl":"https:\/\/diariodepe.com.br\/cri\/wp-content\/uploads\/sites\/2\/2022\/12\/cropped-Logo.jpg","width":700,"height":59,"caption":"CRI e Diario de Pernambuco"},"image":{"@id":"https:\/\/diariodepe.com.br\/cri\/#\/schema\/logo\/image\/"}},{"@type":"Person","@id":"https:\/\/diariodepe.com.br\/cri\/#\/schema\/person\/121bb28d84f1a5b1205ef4ce9c2e0c6b","name":"Ismael Lucas S. Pereira","image":{"@type":"ImageObject","inLanguage":"pt-BR","@id":"https:\/\/secure.gravatar.com\/avatar\/887a0f3b5a7ceea963a48499fb883ffce6b5037362def025c52c2505b15d63e4?s=96&d=mm&r=g","url":"https:\/\/secure.gravatar.com\/avatar\/887a0f3b5a7ceea963a48499fb883ffce6b5037362def025c52c2505b15d63e4?s=96&d=mm&r=g","contentUrl":"https:\/\/secure.gravatar.com\/avatar\/887a0f3b5a7ceea963a48499fb883ffce6b5037362def025c52c2505b15d63e4?s=96&d=mm&r=g","caption":"Ismael Lucas S. Pereira"},"url":"https:\/\/diariodepe.com.br\/cri\/author\/ismael-lucas\/"}]}},"cc_featured_image_caption":{"caption_text":false,"source_text":false,"source_url":false},"amp_enabled":true,"_links":{"self":[{"href":"https:\/\/diariodepe.com.br\/cri\/wp-json\/wp\/v2\/posts\/4996","targetHints":{"allow":["GET"]}}],"collection":[{"href":"https:\/\/diariodepe.com.br\/cri\/wp-json\/wp\/v2\/posts"}],"about":[{"href":"https:\/\/diariodepe.com.br\/cri\/wp-json\/wp\/v2\/types\/post"}],"author":[{"embeddable":true,"href":"https:\/\/diariodepe.com.br\/cri\/wp-json\/wp\/v2\/users\/2"}],"replies":[{"embeddable":true,"href":"https:\/\/diariodepe.com.br\/cri\/wp-json\/wp\/v2\/comments?post=4996"}],"version-history":[{"count":1,"href":"https:\/\/diariodepe.com.br\/cri\/wp-json\/wp\/v2\/posts\/4996\/revisions"}],"predecessor-version":[{"id":4997,"href":"https:\/\/diariodepe.com.br\/cri\/wp-json\/wp\/v2\/posts\/4996\/revisions\/4997"}],"wp:attachment":[{"href":"https:\/\/diariodepe.com.br\/cri\/wp-json\/wp\/v2\/media?parent=4996"}],"wp:term":[{"taxonomy":"category","embeddable":true,"href":"https:\/\/diariodepe.com.br\/cri\/wp-json\/wp\/v2\/categories?post=4996"},{"taxonomy":"post_tag","embeddable":true,"href":"https:\/\/diariodepe.com.br\/cri\/wp-json\/wp\/v2\/tags?post=4996"}],"curies":[{"name":"wp","href":"https:\/\/api.w.org\/{rel}","templated":true}]}}