{"id":496,"date":"2023-02-01T23:10:25","date_gmt":"2023-02-02T02:10:25","guid":{"rendered":"https:\/\/diariodepe.com.br\/cri\/?p=496"},"modified":"2023-02-01T23:10:26","modified_gmt":"2023-02-02T02:10:26","slug":"comentario-tire-nichols-mais-uma-pessoa-na-lista-de-vitimas-nos-eua","status":"publish","type":"post","link":"https:\/\/diariodepe.com.br\/cri\/2023\/02\/01\/comentario-tire-nichols-mais-uma-pessoa-na-lista-de-vitimas-nos-eua\/","title":{"rendered":"<strong>Coment\u00e1rio: Tire Nichols, mais uma pessoa na lista de v\u00edtimas nos EUA<\/strong>"},"content":{"rendered":"\n<p>O ativista de direitos humanos afro-americano Martin Luther King foi assassinado h\u00e1 55 anos em Memphis, no estado do Tennessee, chocando o mundo. Cinquenta e cinco anos depois, na mesma cidade, Tire Nichols, um afro-americano de 29 anos, foi espancado at\u00e9 a morte por cinco policiais, provocando indigna\u00e7\u00e3o nos Estados Unidos.<\/p>\n\n\n\n<p>Entre a noite de sexta-feira (27) e esse s\u00e1bado (28), manifesta\u00e7\u00f5es foram registradas em dezenas de cidades norte-americanas. A Casa Branca ficou apreensiva. O presidente estadunidense, Joe Biden, publicou uma nota pedindo calma a todos os cidad\u00e3os.<\/p>\n\n\n\n<p>Al\u00e9m disso, oficiais da Casa Branca tiveram uma reuni\u00e3o emergencial por telefone com 16 prefeitos avisando-os para se prepararem para eventuais refor\u00e7os no sistema de seguran\u00e7a.<\/p>\n\n\n\n<p>Quase tr\u00eas anos atr\u00e1s, em 25 de maio de 2020, a morte de George Floyd, resultado da viol\u00eancia policial na aplica\u00e7\u00e3o da lei, provocou protestos de movimentos ligados ao \u201cBlack Lives Matter\u201d (em portugu\u00eas, Vidas Pretas Importam), que varreram o pa\u00eds.<\/p>\n\n\n\n<p>O sistema policial dos EUA, desde ent\u00e3o, sofre press\u00f5es por reformas dr\u00e1sticas, enquanto trag\u00e9dias semelhantes \u00e0 ocorrida com Floyd continuaram a ser registradas.<\/p>\n\n\n\n<p>Em ess\u00eancia, o repetido &#8220;tratamento especial&#8221; de afro-americanos pela pol\u00edcia dos Estados Unidos decorre do racismo profundamente enraizado na democracia americana.<\/p>\n\n\n\n<p>Ao mesmo tempo, a polariza\u00e7\u00e3o da disputa partid\u00e1ria interna tornou a reforma do sistema policial do pa\u00eds mais dif\u00edcil. Al\u00e9m disso, a posse de armas e a violenta aplica\u00e7\u00e3o da lei por policiais constituem, em certa medida, um c\u00edrculo vicioso.<\/p>\n\n\n\n<p>O presidente dos EUA reconheceu recentemente, em um discurso, que o sonho de Martin Luther King de igualdade e justi\u00e7a ainda n\u00e3o havia se materializado e renovou seu chamado para lutar pela &#8220;alma da Am\u00e9rica&#8221;.<\/p>\n\n\n\n<p>Mas onde est\u00e1 a alma da Am\u00e9rica? Est\u00e1 no choro doloroso de Nichols?<\/p>\n","protected":false},"excerpt":{"rendered":"<p>O ativista de direitos humanos afro-americano Martin Luther King foi assassinado h\u00e1 55 anos em Memphis, no estado do Tennessee, chocando o mundo. Cinquenta e cinco anos depois, na mesma cidade, Tire Nichols, um afro-americano de 29 anos, foi espancado&#8230;<\/p>\n","protected":false},"author":2,"featured_media":0,"comment_status":"open","ping_status":"open","sticky":false,"template":"","format":"standard","meta":{"footnotes":""},"categories":[7],"tags":[],"class_list":["post-496","post","type-post","status-publish","format-standard","hentry","category-visao"],"yoast_head":"<!-- This site is optimized with the Yoast SEO plugin v27.4 - https:\/\/yoast.com\/product\/yoast-seo-wordpress\/ -->\n<title>Coment\u00e1rio: Tire Nichols, mais uma pessoa na lista de v\u00edtimas nos EUA - CRI e Diario de Pernambuco<\/title>\n<meta name=\"robots\" content=\"index, follow, max-snippet:-1, max-image-preview:large, max-video-preview:-1\" \/>\n<link rel=\"canonical\" href=\"https:\/\/diariodepe.com.br\/cri\/2023\/02\/01\/comentario-tire-nichols-mais-uma-pessoa-na-lista-de-vitimas-nos-eua\/\" \/>\n<meta property=\"og:locale\" content=\"pt_BR\" \/>\n<meta property=\"og:type\" content=\"article\" \/>\n<meta property=\"og:title\" content=\"Coment\u00e1rio: Tire Nichols, mais uma pessoa na lista de v\u00edtimas nos EUA - CRI e Diario de Pernambuco\" \/>\n<meta property=\"og:description\" content=\"O ativista de direitos humanos afro-americano Martin Luther King foi assassinado h\u00e1 55 anos em Memphis, no estado do Tennessee, chocando o mundo. Cinquenta e cinco anos depois, na mesma cidade, Tire Nichols, um afro-americano de 29 anos, foi espancado...\" \/>\n<meta property=\"og:url\" content=\"https:\/\/diariodepe.com.br\/cri\/2023\/02\/01\/comentario-tire-nichols-mais-uma-pessoa-na-lista-de-vitimas-nos-eua\/\" \/>\n<meta property=\"og:site_name\" content=\"CRI e Diario de Pernambuco\" \/>\n<meta property=\"article:published_time\" content=\"2023-02-02T02:10:25+00:00\" \/>\n<meta property=\"article:modified_time\" content=\"2023-02-02T02:10:26+00:00\" \/>\n<meta name=\"author\" content=\"Ismael Lucas S. Pereira\" \/>\n<meta name=\"twitter:card\" content=\"summary_large_image\" \/>\n<meta name=\"twitter:label1\" content=\"Escrito por\" \/>\n\t<meta name=\"twitter:data1\" content=\"Ismael Lucas S. Pereira\" \/>\n\t<meta name=\"twitter:label2\" content=\"Est. tempo de leitura\" \/>\n\t<meta name=\"twitter:data2\" content=\"2 minutos\" \/>\n<script type=\"application\/ld+json\" class=\"yoast-schema-graph\">{\"@context\":\"https:\\\/\\\/schema.org\",\"@graph\":[{\"@type\":\"Article\",\"@id\":\"https:\\\/\\\/diariodepe.com.br\\\/cri\\\/2023\\\/02\\\/01\\\/comentario-tire-nichols-mais-uma-pessoa-na-lista-de-vitimas-nos-eua\\\/#article\",\"isPartOf\":{\"@id\":\"https:\\\/\\\/diariodepe.com.br\\\/cri\\\/2023\\\/02\\\/01\\\/comentario-tire-nichols-mais-uma-pessoa-na-lista-de-vitimas-nos-eua\\\/\"},\"author\":{\"name\":\"Ismael Lucas S. Pereira\",\"@id\":\"https:\\\/\\\/diariodepe.com.br\\\/cri\\\/#\\\/schema\\\/person\\\/121bb28d84f1a5b1205ef4ce9c2e0c6b\"},\"headline\":\"Coment\u00e1rio: Tire Nichols, mais uma pessoa na lista de v\u00edtimas nos EUA\",\"datePublished\":\"2023-02-02T02:10:25+00:00\",\"dateModified\":\"2023-02-02T02:10:26+00:00\",\"mainEntityOfPage\":{\"@id\":\"https:\\\/\\\/diariodepe.com.br\\\/cri\\\/2023\\\/02\\\/01\\\/comentario-tire-nichols-mais-uma-pessoa-na-lista-de-vitimas-nos-eua\\\/\"},\"wordCount\":324,\"commentCount\":0,\"publisher\":{\"@id\":\"https:\\\/\\\/diariodepe.com.br\\\/cri\\\/#organization\"},\"articleSection\":[\"Vis\u00e3o\"],\"inLanguage\":\"pt-BR\",\"potentialAction\":[{\"@type\":\"CommentAction\",\"name\":\"Comment\",\"target\":[\"https:\\\/\\\/diariodepe.com.br\\\/cri\\\/2023\\\/02\\\/01\\\/comentario-tire-nichols-mais-uma-pessoa-na-lista-de-vitimas-nos-eua\\\/#respond\"]}]},{\"@type\":\"WebPage\",\"@id\":\"https:\\\/\\\/diariodepe.com.br\\\/cri\\\/2023\\\/02\\\/01\\\/comentario-tire-nichols-mais-uma-pessoa-na-lista-de-vitimas-nos-eua\\\/\",\"url\":\"https:\\\/\\\/diariodepe.com.br\\\/cri\\\/2023\\\/02\\\/01\\\/comentario-tire-nichols-mais-uma-pessoa-na-lista-de-vitimas-nos-eua\\\/\",\"name\":\"Coment\u00e1rio: Tire Nichols, mais uma pessoa na lista de v\u00edtimas nos EUA - CRI e Diario de Pernambuco\",\"isPartOf\":{\"@id\":\"https:\\\/\\\/diariodepe.com.br\\\/cri\\\/#website\"},\"datePublished\":\"2023-02-02T02:10:25+00:00\",\"dateModified\":\"2023-02-02T02:10:26+00:00\",\"breadcrumb\":{\"@id\":\"https:\\\/\\\/diariodepe.com.br\\\/cri\\\/2023\\\/02\\\/01\\\/comentario-tire-nichols-mais-uma-pessoa-na-lista-de-vitimas-nos-eua\\\/#breadcrumb\"},\"inLanguage\":\"pt-BR\",\"potentialAction\":[{\"@type\":\"ReadAction\",\"target\":[\"https:\\\/\\\/diariodepe.com.br\\\/cri\\\/2023\\\/02\\\/01\\\/comentario-tire-nichols-mais-uma-pessoa-na-lista-de-vitimas-nos-eua\\\/\"]}]},{\"@type\":\"BreadcrumbList\",\"@id\":\"https:\\\/\\\/diariodepe.com.br\\\/cri\\\/2023\\\/02\\\/01\\\/comentario-tire-nichols-mais-uma-pessoa-na-lista-de-vitimas-nos-eua\\\/#breadcrumb\",\"itemListElement\":[{\"@type\":\"ListItem\",\"position\":1,\"name\":\"In\u00edcio\",\"item\":\"https:\\\/\\\/diariodepe.com.br\\\/cri\\\/\"},{\"@type\":\"ListItem\",\"position\":2,\"name\":\"Coment\u00e1rio: Tire Nichols, mais uma pessoa na lista de v\u00edtimas nos EUA\"}]},{\"@type\":\"WebSite\",\"@id\":\"https:\\\/\\\/diariodepe.com.br\\\/cri\\\/#website\",\"url\":\"https:\\\/\\\/diariodepe.com.br\\\/cri\\\/\",\"name\":\"CRI e Diario de Pernambuco\",\"description\":\"R\u00e1dio Internacional da China\",\"publisher\":{\"@id\":\"https:\\\/\\\/diariodepe.com.br\\\/cri\\\/#organization\"},\"potentialAction\":[{\"@type\":\"SearchAction\",\"target\":{\"@type\":\"EntryPoint\",\"urlTemplate\":\"https:\\\/\\\/diariodepe.com.br\\\/cri\\\/?s={search_term_string}\"},\"query-input\":{\"@type\":\"PropertyValueSpecification\",\"valueRequired\":true,\"valueName\":\"search_term_string\"}}],\"inLanguage\":\"pt-BR\"},{\"@type\":\"Organization\",\"@id\":\"https:\\\/\\\/diariodepe.com.br\\\/cri\\\/#organization\",\"name\":\"CRI e Diario de Pernambuco\",\"url\":\"https:\\\/\\\/diariodepe.com.br\\\/cri\\\/\",\"logo\":{\"@type\":\"ImageObject\",\"inLanguage\":\"pt-BR\",\"@id\":\"https:\\\/\\\/diariodepe.com.br\\\/cri\\\/#\\\/schema\\\/logo\\\/image\\\/\",\"url\":\"https:\\\/\\\/diariodepe.com.br\\\/cri\\\/wp-content\\\/uploads\\\/sites\\\/2\\\/2022\\\/12\\\/cropped-Logo.jpg\",\"contentUrl\":\"https:\\\/\\\/diariodepe.com.br\\\/cri\\\/wp-content\\\/uploads\\\/sites\\\/2\\\/2022\\\/12\\\/cropped-Logo.jpg\",\"width\":700,\"height\":59,\"caption\":\"CRI e Diario de Pernambuco\"},\"image\":{\"@id\":\"https:\\\/\\\/diariodepe.com.br\\\/cri\\\/#\\\/schema\\\/logo\\\/image\\\/\"}},{\"@type\":\"Person\",\"@id\":\"https:\\\/\\\/diariodepe.com.br\\\/cri\\\/#\\\/schema\\\/person\\\/121bb28d84f1a5b1205ef4ce9c2e0c6b\",\"name\":\"Ismael Lucas S. Pereira\",\"image\":{\"@type\":\"ImageObject\",\"inLanguage\":\"pt-BR\",\"@id\":\"https:\\\/\\\/secure.gravatar.com\\\/avatar\\\/887a0f3b5a7ceea963a48499fb883ffce6b5037362def025c52c2505b15d63e4?s=96&d=mm&r=g\",\"url\":\"https:\\\/\\\/secure.gravatar.com\\\/avatar\\\/887a0f3b5a7ceea963a48499fb883ffce6b5037362def025c52c2505b15d63e4?s=96&d=mm&r=g\",\"contentUrl\":\"https:\\\/\\\/secure.gravatar.com\\\/avatar\\\/887a0f3b5a7ceea963a48499fb883ffce6b5037362def025c52c2505b15d63e4?s=96&d=mm&r=g\",\"caption\":\"Ismael Lucas S. Pereira\"},\"url\":\"https:\\\/\\\/diariodepe.com.br\\\/cri\\\/author\\\/ismael-lucas\\\/\"}]}<\/script>\n<!-- \/ Yoast SEO plugin. -->","yoast_head_json":{"title":"Coment\u00e1rio: Tire Nichols, mais uma pessoa na lista de v\u00edtimas nos EUA - CRI e Diario de Pernambuco","robots":{"index":"index","follow":"follow","max-snippet":"max-snippet:-1","max-image-preview":"max-image-preview:large","max-video-preview":"max-video-preview:-1"},"canonical":"https:\/\/diariodepe.com.br\/cri\/2023\/02\/01\/comentario-tire-nichols-mais-uma-pessoa-na-lista-de-vitimas-nos-eua\/","og_locale":"pt_BR","og_type":"article","og_title":"Coment\u00e1rio: Tire Nichols, mais uma pessoa na lista de v\u00edtimas nos EUA - CRI e Diario de Pernambuco","og_description":"O ativista de direitos humanos afro-americano Martin Luther King foi assassinado h\u00e1 55 anos em Memphis, no estado do Tennessee, chocando o mundo. Cinquenta e cinco anos depois, na mesma cidade, Tire Nichols, um afro-americano de 29 anos, foi espancado...","og_url":"https:\/\/diariodepe.com.br\/cri\/2023\/02\/01\/comentario-tire-nichols-mais-uma-pessoa-na-lista-de-vitimas-nos-eua\/","og_site_name":"CRI e Diario de Pernambuco","article_published_time":"2023-02-02T02:10:25+00:00","article_modified_time":"2023-02-02T02:10:26+00:00","author":"Ismael Lucas S. Pereira","twitter_card":"summary_large_image","twitter_misc":{"Escrito por":"Ismael Lucas S. Pereira","Est. tempo de leitura":"2 minutos"},"schema":{"@context":"https:\/\/schema.org","@graph":[{"@type":"Article","@id":"https:\/\/diariodepe.com.br\/cri\/2023\/02\/01\/comentario-tire-nichols-mais-uma-pessoa-na-lista-de-vitimas-nos-eua\/#article","isPartOf":{"@id":"https:\/\/diariodepe.com.br\/cri\/2023\/02\/01\/comentario-tire-nichols-mais-uma-pessoa-na-lista-de-vitimas-nos-eua\/"},"author":{"name":"Ismael Lucas S. Pereira","@id":"https:\/\/diariodepe.com.br\/cri\/#\/schema\/person\/121bb28d84f1a5b1205ef4ce9c2e0c6b"},"headline":"Coment\u00e1rio: Tire Nichols, mais uma pessoa na lista de v\u00edtimas nos EUA","datePublished":"2023-02-02T02:10:25+00:00","dateModified":"2023-02-02T02:10:26+00:00","mainEntityOfPage":{"@id":"https:\/\/diariodepe.com.br\/cri\/2023\/02\/01\/comentario-tire-nichols-mais-uma-pessoa-na-lista-de-vitimas-nos-eua\/"},"wordCount":324,"commentCount":0,"publisher":{"@id":"https:\/\/diariodepe.com.br\/cri\/#organization"},"articleSection":["Vis\u00e3o"],"inLanguage":"pt-BR","potentialAction":[{"@type":"CommentAction","name":"Comment","target":["https:\/\/diariodepe.com.br\/cri\/2023\/02\/01\/comentario-tire-nichols-mais-uma-pessoa-na-lista-de-vitimas-nos-eua\/#respond"]}]},{"@type":"WebPage","@id":"https:\/\/diariodepe.com.br\/cri\/2023\/02\/01\/comentario-tire-nichols-mais-uma-pessoa-na-lista-de-vitimas-nos-eua\/","url":"https:\/\/diariodepe.com.br\/cri\/2023\/02\/01\/comentario-tire-nichols-mais-uma-pessoa-na-lista-de-vitimas-nos-eua\/","name":"Coment\u00e1rio: Tire Nichols, mais uma pessoa na lista de v\u00edtimas nos EUA - CRI e Diario de Pernambuco","isPartOf":{"@id":"https:\/\/diariodepe.com.br\/cri\/#website"},"datePublished":"2023-02-02T02:10:25+00:00","dateModified":"2023-02-02T02:10:26+00:00","breadcrumb":{"@id":"https:\/\/diariodepe.com.br\/cri\/2023\/02\/01\/comentario-tire-nichols-mais-uma-pessoa-na-lista-de-vitimas-nos-eua\/#breadcrumb"},"inLanguage":"pt-BR","potentialAction":[{"@type":"ReadAction","target":["https:\/\/diariodepe.com.br\/cri\/2023\/02\/01\/comentario-tire-nichols-mais-uma-pessoa-na-lista-de-vitimas-nos-eua\/"]}]},{"@type":"BreadcrumbList","@id":"https:\/\/diariodepe.com.br\/cri\/2023\/02\/01\/comentario-tire-nichols-mais-uma-pessoa-na-lista-de-vitimas-nos-eua\/#breadcrumb","itemListElement":[{"@type":"ListItem","position":1,"name":"In\u00edcio","item":"https:\/\/diariodepe.com.br\/cri\/"},{"@type":"ListItem","position":2,"name":"Coment\u00e1rio: Tire Nichols, mais uma pessoa na lista de v\u00edtimas nos EUA"}]},{"@type":"WebSite","@id":"https:\/\/diariodepe.com.br\/cri\/#website","url":"https:\/\/diariodepe.com.br\/cri\/","name":"CRI e Diario de Pernambuco","description":"R\u00e1dio Internacional da China","publisher":{"@id":"https:\/\/diariodepe.com.br\/cri\/#organization"},"potentialAction":[{"@type":"SearchAction","target":{"@type":"EntryPoint","urlTemplate":"https:\/\/diariodepe.com.br\/cri\/?s={search_term_string}"},"query-input":{"@type":"PropertyValueSpecification","valueRequired":true,"valueName":"search_term_string"}}],"inLanguage":"pt-BR"},{"@type":"Organization","@id":"https:\/\/diariodepe.com.br\/cri\/#organization","name":"CRI e Diario de Pernambuco","url":"https:\/\/diariodepe.com.br\/cri\/","logo":{"@type":"ImageObject","inLanguage":"pt-BR","@id":"https:\/\/diariodepe.com.br\/cri\/#\/schema\/logo\/image\/","url":"https:\/\/diariodepe.com.br\/cri\/wp-content\/uploads\/sites\/2\/2022\/12\/cropped-Logo.jpg","contentUrl":"https:\/\/diariodepe.com.br\/cri\/wp-content\/uploads\/sites\/2\/2022\/12\/cropped-Logo.jpg","width":700,"height":59,"caption":"CRI e Diario de Pernambuco"},"image":{"@id":"https:\/\/diariodepe.com.br\/cri\/#\/schema\/logo\/image\/"}},{"@type":"Person","@id":"https:\/\/diariodepe.com.br\/cri\/#\/schema\/person\/121bb28d84f1a5b1205ef4ce9c2e0c6b","name":"Ismael Lucas S. Pereira","image":{"@type":"ImageObject","inLanguage":"pt-BR","@id":"https:\/\/secure.gravatar.com\/avatar\/887a0f3b5a7ceea963a48499fb883ffce6b5037362def025c52c2505b15d63e4?s=96&d=mm&r=g","url":"https:\/\/secure.gravatar.com\/avatar\/887a0f3b5a7ceea963a48499fb883ffce6b5037362def025c52c2505b15d63e4?s=96&d=mm&r=g","contentUrl":"https:\/\/secure.gravatar.com\/avatar\/887a0f3b5a7ceea963a48499fb883ffce6b5037362def025c52c2505b15d63e4?s=96&d=mm&r=g","caption":"Ismael Lucas S. Pereira"},"url":"https:\/\/diariodepe.com.br\/cri\/author\/ismael-lucas\/"}]}},"cc_featured_image_caption":{"caption_text":"","source_text":"","source_url":""},"amp_enabled":true,"_links":{"self":[{"href":"https:\/\/diariodepe.com.br\/cri\/wp-json\/wp\/v2\/posts\/496","targetHints":{"allow":["GET"]}}],"collection":[{"href":"https:\/\/diariodepe.com.br\/cri\/wp-json\/wp\/v2\/posts"}],"about":[{"href":"https:\/\/diariodepe.com.br\/cri\/wp-json\/wp\/v2\/types\/post"}],"author":[{"embeddable":true,"href":"https:\/\/diariodepe.com.br\/cri\/wp-json\/wp\/v2\/users\/2"}],"replies":[{"embeddable":true,"href":"https:\/\/diariodepe.com.br\/cri\/wp-json\/wp\/v2\/comments?post=496"}],"version-history":[{"count":1,"href":"https:\/\/diariodepe.com.br\/cri\/wp-json\/wp\/v2\/posts\/496\/revisions"}],"predecessor-version":[{"id":497,"href":"https:\/\/diariodepe.com.br\/cri\/wp-json\/wp\/v2\/posts\/496\/revisions\/497"}],"wp:attachment":[{"href":"https:\/\/diariodepe.com.br\/cri\/wp-json\/wp\/v2\/media?parent=496"}],"wp:term":[{"taxonomy":"category","embeddable":true,"href":"https:\/\/diariodepe.com.br\/cri\/wp-json\/wp\/v2\/categories?post=496"},{"taxonomy":"post_tag","embeddable":true,"href":"https:\/\/diariodepe.com.br\/cri\/wp-json\/wp\/v2\/tags?post=496"}],"curies":[{"name":"wp","href":"https:\/\/api.w.org\/{rel}","templated":true}]}}