{"id":489,"date":"2023-02-01T23:08:02","date_gmt":"2023-02-02T02:08:02","guid":{"rendered":"https:\/\/diariodepe.com.br\/cri\/?p=489"},"modified":"2023-02-01T23:08:03","modified_gmt":"2023-02-02T02:08:03","slug":"comentario-consumo-durante-o-festival-da-primavera-abre-um-bom-inicio-para-a-economia-chinesa-em-2023","status":"publish","type":"post","link":"https:\/\/diariodepe.com.br\/cri\/2023\/02\/01\/comentario-consumo-durante-o-festival-da-primavera-abre-um-bom-inicio-para-a-economia-chinesa-em-2023\/","title":{"rendered":"<strong>Coment\u00e1rio: Consumo durante o Festival da Primavera abre um bom in\u00edcio para a economia chinesa em 2023<\/strong>"},"content":{"rendered":"\n<p>Com a otimiza\u00e7\u00e3o das medidas de combate \u00e0 pandemia na China, o consumo dos chineses durante o Festival da Primavera, entre os dias 21 e 27, aumentou notavelmente.<\/p>\n\n\n\n<p>As estat\u00edsticas mostram que&nbsp; 308 milh\u00f5es de chineses fizeram turismo dom\u00e9stico neste per\u00edodo, gerando uma receita de mais de 375 bilh\u00f5es de yuans. As duas cifras aumentaram respectivamente 23,1% e 30% em compara\u00e7\u00e3o com a mesma \u00e9poca do ano passado. Al\u00e9m disso, a bilheteria dos cinemas cresceu 11,89%, atingindo 6,7 bilh\u00f5es de yuans.<\/p>\n\n\n\n<p>Durante muitos anos, o consumo sempre foi a principal for\u00e7a motriz para o crescimento da economia chinesa. No entanto, em 2022, a taxa de contribui\u00e7\u00e3o do consumo para o crescimento econ\u00f4mico foi de apenas 32,8%, muito menos do que a dos capitais, que foi de 50,1%. Por isso, na Reuni\u00e3o Central dos Trabalhos Econ\u00f4micos realizada no final do ano passado, o governo chin\u00eas deixou claro que a recupera\u00e7\u00e3o e a expans\u00e3o do consumo ser\u00e1 uma grande prioridade. O Minist\u00e9rio do Com\u00e9rcio da China tamb\u00e9m definiu 2023 como \u201cano de promo\u00e7\u00e3o de consumo\u201d.<\/p>\n\n\n\n<p>Durante o Ano Novo Chin\u00eas, a China Railway Express trouxe leite, chocolate, vinho, carne, entre outros produtos de boa qualidade da Europa para a China. Frutas tropicais tamb\u00e9m foram importadas do Sudeste Asi\u00e1tico. O mercado chin\u00eas \u00e9 ainda muito atraente para os estrangeiros.<\/p>\n\n\n\n<p>Ao mesmo tempo, muitos chineses retomaram viagens para o exterior. As encomendas para o turismo estrangeiro aumentou 640% em rela\u00e7\u00e3o ao ano passado. No dia 22, a data do Ano Novo Chin\u00eas, a ilha Bali, da Indon\u00e9sia realizou uma cerim\u00f4nia especial exclusivamente para receber o avi\u00e3o de turistas chineses.<\/p>\n\n\n\n<p>O bom consumo durante o Festival da Primavera abriu um bom in\u00edcio para o desenvolvimento da economia chinesa em 2023, demonstrando que o mercado de consumo da China conta com muita tenacidade e potencialidade. A previs\u00e3o do Goldman Sachs \u00e9 que o consumo ser\u00e1 um grande destaque da economia chinesa em 2023. O UBS GROUP acha que ap\u00f3s o Ano Novo Chin\u00eas, o consumo dos chineses vai continuar expandindo.<\/p>\n\n\n\n<p>A recupera\u00e7\u00e3o do consumo dos chineses \u00e9 uma boa not\u00edcia para a economia mundial. As Na\u00e7\u00f5es Unidas divulgaram no dia 25 um relat\u00f3rio, dizendo que o crescimento da economia global poder\u00e1 diminuir at\u00e9 1,9%, mas a economia chinesa crescer\u00e1 4,8%.<\/p>\n\n\n\n<p>O Financial Times do Reino Unido indicou tamb\u00e9m que os consumidores chineses trouxeram uma esperan\u00e7a para a recupera\u00e7\u00e3o da economia global.<\/p>\n","protected":false},"excerpt":{"rendered":"<p>Com a otimiza\u00e7\u00e3o das medidas de combate \u00e0 pandemia na China, o consumo dos chineses durante o Festival da Primavera, entre os dias 21 e 27, aumentou notavelmente. As estat\u00edsticas mostram que&nbsp; 308 milh\u00f5es de chineses fizeram turismo dom\u00e9stico neste&#8230;<\/p>\n","protected":false},"author":2,"featured_media":0,"comment_status":"open","ping_status":"open","sticky":false,"template":"","format":"standard","meta":{"footnotes":""},"categories":[7],"tags":[],"class_list":["post-489","post","type-post","status-publish","format-standard","hentry","category-visao"],"yoast_head":"<!-- This site is optimized with the Yoast SEO plugin v27.4 - https:\/\/yoast.com\/product\/yoast-seo-wordpress\/ -->\n<title>Coment\u00e1rio: Consumo durante o Festival da Primavera abre um bom in\u00edcio para a economia chinesa em 2023 - CRI e Diario de Pernambuco<\/title>\n<meta name=\"robots\" content=\"index, follow, max-snippet:-1, max-image-preview:large, max-video-preview:-1\" \/>\n<link rel=\"canonical\" href=\"https:\/\/diariodepe.com.br\/cri\/2023\/02\/01\/comentario-consumo-durante-o-festival-da-primavera-abre-um-bom-inicio-para-a-economia-chinesa-em-2023\/\" \/>\n<meta property=\"og:locale\" content=\"pt_BR\" \/>\n<meta property=\"og:type\" content=\"article\" \/>\n<meta property=\"og:title\" content=\"Coment\u00e1rio: Consumo durante o Festival da Primavera abre um bom in\u00edcio para a economia chinesa em 2023 - CRI e Diario de Pernambuco\" \/>\n<meta property=\"og:description\" content=\"Com a otimiza\u00e7\u00e3o das medidas de combate \u00e0 pandemia na China, o consumo dos chineses durante o Festival da Primavera, entre os dias 21 e 27, aumentou notavelmente. As estat\u00edsticas mostram que&nbsp; 308 milh\u00f5es de chineses fizeram turismo dom\u00e9stico neste...\" \/>\n<meta property=\"og:url\" content=\"https:\/\/diariodepe.com.br\/cri\/2023\/02\/01\/comentario-consumo-durante-o-festival-da-primavera-abre-um-bom-inicio-para-a-economia-chinesa-em-2023\/\" \/>\n<meta property=\"og:site_name\" content=\"CRI e Diario de Pernambuco\" \/>\n<meta property=\"article:published_time\" content=\"2023-02-02T02:08:02+00:00\" \/>\n<meta property=\"article:modified_time\" content=\"2023-02-02T02:08:03+00:00\" \/>\n<meta name=\"author\" content=\"Ismael Lucas S. Pereira\" \/>\n<meta name=\"twitter:card\" content=\"summary_large_image\" \/>\n<meta name=\"twitter:label1\" content=\"Escrito por\" \/>\n\t<meta name=\"twitter:data1\" content=\"Ismael Lucas S. Pereira\" \/>\n\t<meta name=\"twitter:label2\" content=\"Est. tempo de leitura\" \/>\n\t<meta name=\"twitter:data2\" content=\"3 minutos\" \/>\n<script type=\"application\/ld+json\" class=\"yoast-schema-graph\">{\"@context\":\"https:\\\/\\\/schema.org\",\"@graph\":[{\"@type\":\"Article\",\"@id\":\"https:\\\/\\\/diariodepe.com.br\\\/cri\\\/2023\\\/02\\\/01\\\/comentario-consumo-durante-o-festival-da-primavera-abre-um-bom-inicio-para-a-economia-chinesa-em-2023\\\/#article\",\"isPartOf\":{\"@id\":\"https:\\\/\\\/diariodepe.com.br\\\/cri\\\/2023\\\/02\\\/01\\\/comentario-consumo-durante-o-festival-da-primavera-abre-um-bom-inicio-para-a-economia-chinesa-em-2023\\\/\"},\"author\":{\"name\":\"Ismael Lucas S. Pereira\",\"@id\":\"https:\\\/\\\/diariodepe.com.br\\\/cri\\\/#\\\/schema\\\/person\\\/121bb28d84f1a5b1205ef4ce9c2e0c6b\"},\"headline\":\"Coment\u00e1rio: Consumo durante o Festival da Primavera abre um bom in\u00edcio para a economia chinesa em 2023\",\"datePublished\":\"2023-02-02T02:08:02+00:00\",\"dateModified\":\"2023-02-02T02:08:03+00:00\",\"mainEntityOfPage\":{\"@id\":\"https:\\\/\\\/diariodepe.com.br\\\/cri\\\/2023\\\/02\\\/01\\\/comentario-consumo-durante-o-festival-da-primavera-abre-um-bom-inicio-para-a-economia-chinesa-em-2023\\\/\"},\"wordCount\":432,\"commentCount\":0,\"publisher\":{\"@id\":\"https:\\\/\\\/diariodepe.com.br\\\/cri\\\/#organization\"},\"articleSection\":[\"Vis\u00e3o\"],\"inLanguage\":\"pt-BR\",\"potentialAction\":[{\"@type\":\"CommentAction\",\"name\":\"Comment\",\"target\":[\"https:\\\/\\\/diariodepe.com.br\\\/cri\\\/2023\\\/02\\\/01\\\/comentario-consumo-durante-o-festival-da-primavera-abre-um-bom-inicio-para-a-economia-chinesa-em-2023\\\/#respond\"]}]},{\"@type\":\"WebPage\",\"@id\":\"https:\\\/\\\/diariodepe.com.br\\\/cri\\\/2023\\\/02\\\/01\\\/comentario-consumo-durante-o-festival-da-primavera-abre-um-bom-inicio-para-a-economia-chinesa-em-2023\\\/\",\"url\":\"https:\\\/\\\/diariodepe.com.br\\\/cri\\\/2023\\\/02\\\/01\\\/comentario-consumo-durante-o-festival-da-primavera-abre-um-bom-inicio-para-a-economia-chinesa-em-2023\\\/\",\"name\":\"Coment\u00e1rio: Consumo durante o Festival da Primavera abre um bom in\u00edcio para a economia chinesa em 2023 - CRI e Diario de Pernambuco\",\"isPartOf\":{\"@id\":\"https:\\\/\\\/diariodepe.com.br\\\/cri\\\/#website\"},\"datePublished\":\"2023-02-02T02:08:02+00:00\",\"dateModified\":\"2023-02-02T02:08:03+00:00\",\"breadcrumb\":{\"@id\":\"https:\\\/\\\/diariodepe.com.br\\\/cri\\\/2023\\\/02\\\/01\\\/comentario-consumo-durante-o-festival-da-primavera-abre-um-bom-inicio-para-a-economia-chinesa-em-2023\\\/#breadcrumb\"},\"inLanguage\":\"pt-BR\",\"potentialAction\":[{\"@type\":\"ReadAction\",\"target\":[\"https:\\\/\\\/diariodepe.com.br\\\/cri\\\/2023\\\/02\\\/01\\\/comentario-consumo-durante-o-festival-da-primavera-abre-um-bom-inicio-para-a-economia-chinesa-em-2023\\\/\"]}]},{\"@type\":\"BreadcrumbList\",\"@id\":\"https:\\\/\\\/diariodepe.com.br\\\/cri\\\/2023\\\/02\\\/01\\\/comentario-consumo-durante-o-festival-da-primavera-abre-um-bom-inicio-para-a-economia-chinesa-em-2023\\\/#breadcrumb\",\"itemListElement\":[{\"@type\":\"ListItem\",\"position\":1,\"name\":\"In\u00edcio\",\"item\":\"https:\\\/\\\/diariodepe.com.br\\\/cri\\\/\"},{\"@type\":\"ListItem\",\"position\":2,\"name\":\"Coment\u00e1rio: Consumo durante o Festival da Primavera abre um bom in\u00edcio para a economia chinesa em 2023\"}]},{\"@type\":\"WebSite\",\"@id\":\"https:\\\/\\\/diariodepe.com.br\\\/cri\\\/#website\",\"url\":\"https:\\\/\\\/diariodepe.com.br\\\/cri\\\/\",\"name\":\"CRI e Diario de Pernambuco\",\"description\":\"R\u00e1dio Internacional da China\",\"publisher\":{\"@id\":\"https:\\\/\\\/diariodepe.com.br\\\/cri\\\/#organization\"},\"potentialAction\":[{\"@type\":\"SearchAction\",\"target\":{\"@type\":\"EntryPoint\",\"urlTemplate\":\"https:\\\/\\\/diariodepe.com.br\\\/cri\\\/?s={search_term_string}\"},\"query-input\":{\"@type\":\"PropertyValueSpecification\",\"valueRequired\":true,\"valueName\":\"search_term_string\"}}],\"inLanguage\":\"pt-BR\"},{\"@type\":\"Organization\",\"@id\":\"https:\\\/\\\/diariodepe.com.br\\\/cri\\\/#organization\",\"name\":\"CRI e Diario de Pernambuco\",\"url\":\"https:\\\/\\\/diariodepe.com.br\\\/cri\\\/\",\"logo\":{\"@type\":\"ImageObject\",\"inLanguage\":\"pt-BR\",\"@id\":\"https:\\\/\\\/diariodepe.com.br\\\/cri\\\/#\\\/schema\\\/logo\\\/image\\\/\",\"url\":\"https:\\\/\\\/diariodepe.com.br\\\/cri\\\/wp-content\\\/uploads\\\/sites\\\/2\\\/2022\\\/12\\\/cropped-Logo.jpg\",\"contentUrl\":\"https:\\\/\\\/diariodepe.com.br\\\/cri\\\/wp-content\\\/uploads\\\/sites\\\/2\\\/2022\\\/12\\\/cropped-Logo.jpg\",\"width\":700,\"height\":59,\"caption\":\"CRI e Diario de Pernambuco\"},\"image\":{\"@id\":\"https:\\\/\\\/diariodepe.com.br\\\/cri\\\/#\\\/schema\\\/logo\\\/image\\\/\"}},{\"@type\":\"Person\",\"@id\":\"https:\\\/\\\/diariodepe.com.br\\\/cri\\\/#\\\/schema\\\/person\\\/121bb28d84f1a5b1205ef4ce9c2e0c6b\",\"name\":\"Ismael Lucas S. Pereira\",\"image\":{\"@type\":\"ImageObject\",\"inLanguage\":\"pt-BR\",\"@id\":\"https:\\\/\\\/secure.gravatar.com\\\/avatar\\\/887a0f3b5a7ceea963a48499fb883ffce6b5037362def025c52c2505b15d63e4?s=96&d=mm&r=g\",\"url\":\"https:\\\/\\\/secure.gravatar.com\\\/avatar\\\/887a0f3b5a7ceea963a48499fb883ffce6b5037362def025c52c2505b15d63e4?s=96&d=mm&r=g\",\"contentUrl\":\"https:\\\/\\\/secure.gravatar.com\\\/avatar\\\/887a0f3b5a7ceea963a48499fb883ffce6b5037362def025c52c2505b15d63e4?s=96&d=mm&r=g\",\"caption\":\"Ismael Lucas S. Pereira\"},\"url\":\"https:\\\/\\\/diariodepe.com.br\\\/cri\\\/author\\\/ismael-lucas\\\/\"}]}<\/script>\n<!-- \/ Yoast SEO plugin. -->","yoast_head_json":{"title":"Coment\u00e1rio: Consumo durante o Festival da Primavera abre um bom in\u00edcio para a economia chinesa em 2023 - CRI e Diario de Pernambuco","robots":{"index":"index","follow":"follow","max-snippet":"max-snippet:-1","max-image-preview":"max-image-preview:large","max-video-preview":"max-video-preview:-1"},"canonical":"https:\/\/diariodepe.com.br\/cri\/2023\/02\/01\/comentario-consumo-durante-o-festival-da-primavera-abre-um-bom-inicio-para-a-economia-chinesa-em-2023\/","og_locale":"pt_BR","og_type":"article","og_title":"Coment\u00e1rio: Consumo durante o Festival da Primavera abre um bom in\u00edcio para a economia chinesa em 2023 - CRI e Diario de Pernambuco","og_description":"Com a otimiza\u00e7\u00e3o das medidas de combate \u00e0 pandemia na China, o consumo dos chineses durante o Festival da Primavera, entre os dias 21 e 27, aumentou notavelmente. As estat\u00edsticas mostram que&nbsp; 308 milh\u00f5es de chineses fizeram turismo dom\u00e9stico neste...","og_url":"https:\/\/diariodepe.com.br\/cri\/2023\/02\/01\/comentario-consumo-durante-o-festival-da-primavera-abre-um-bom-inicio-para-a-economia-chinesa-em-2023\/","og_site_name":"CRI e Diario de Pernambuco","article_published_time":"2023-02-02T02:08:02+00:00","article_modified_time":"2023-02-02T02:08:03+00:00","author":"Ismael Lucas S. Pereira","twitter_card":"summary_large_image","twitter_misc":{"Escrito por":"Ismael Lucas S. Pereira","Est. tempo de leitura":"3 minutos"},"schema":{"@context":"https:\/\/schema.org","@graph":[{"@type":"Article","@id":"https:\/\/diariodepe.com.br\/cri\/2023\/02\/01\/comentario-consumo-durante-o-festival-da-primavera-abre-um-bom-inicio-para-a-economia-chinesa-em-2023\/#article","isPartOf":{"@id":"https:\/\/diariodepe.com.br\/cri\/2023\/02\/01\/comentario-consumo-durante-o-festival-da-primavera-abre-um-bom-inicio-para-a-economia-chinesa-em-2023\/"},"author":{"name":"Ismael Lucas S. Pereira","@id":"https:\/\/diariodepe.com.br\/cri\/#\/schema\/person\/121bb28d84f1a5b1205ef4ce9c2e0c6b"},"headline":"Coment\u00e1rio: Consumo durante o Festival da Primavera abre um bom in\u00edcio para a economia chinesa em 2023","datePublished":"2023-02-02T02:08:02+00:00","dateModified":"2023-02-02T02:08:03+00:00","mainEntityOfPage":{"@id":"https:\/\/diariodepe.com.br\/cri\/2023\/02\/01\/comentario-consumo-durante-o-festival-da-primavera-abre-um-bom-inicio-para-a-economia-chinesa-em-2023\/"},"wordCount":432,"commentCount":0,"publisher":{"@id":"https:\/\/diariodepe.com.br\/cri\/#organization"},"articleSection":["Vis\u00e3o"],"inLanguage":"pt-BR","potentialAction":[{"@type":"CommentAction","name":"Comment","target":["https:\/\/diariodepe.com.br\/cri\/2023\/02\/01\/comentario-consumo-durante-o-festival-da-primavera-abre-um-bom-inicio-para-a-economia-chinesa-em-2023\/#respond"]}]},{"@type":"WebPage","@id":"https:\/\/diariodepe.com.br\/cri\/2023\/02\/01\/comentario-consumo-durante-o-festival-da-primavera-abre-um-bom-inicio-para-a-economia-chinesa-em-2023\/","url":"https:\/\/diariodepe.com.br\/cri\/2023\/02\/01\/comentario-consumo-durante-o-festival-da-primavera-abre-um-bom-inicio-para-a-economia-chinesa-em-2023\/","name":"Coment\u00e1rio: Consumo durante o Festival da Primavera abre um bom in\u00edcio para a economia chinesa em 2023 - CRI e Diario de Pernambuco","isPartOf":{"@id":"https:\/\/diariodepe.com.br\/cri\/#website"},"datePublished":"2023-02-02T02:08:02+00:00","dateModified":"2023-02-02T02:08:03+00:00","breadcrumb":{"@id":"https:\/\/diariodepe.com.br\/cri\/2023\/02\/01\/comentario-consumo-durante-o-festival-da-primavera-abre-um-bom-inicio-para-a-economia-chinesa-em-2023\/#breadcrumb"},"inLanguage":"pt-BR","potentialAction":[{"@type":"ReadAction","target":["https:\/\/diariodepe.com.br\/cri\/2023\/02\/01\/comentario-consumo-durante-o-festival-da-primavera-abre-um-bom-inicio-para-a-economia-chinesa-em-2023\/"]}]},{"@type":"BreadcrumbList","@id":"https:\/\/diariodepe.com.br\/cri\/2023\/02\/01\/comentario-consumo-durante-o-festival-da-primavera-abre-um-bom-inicio-para-a-economia-chinesa-em-2023\/#breadcrumb","itemListElement":[{"@type":"ListItem","position":1,"name":"In\u00edcio","item":"https:\/\/diariodepe.com.br\/cri\/"},{"@type":"ListItem","position":2,"name":"Coment\u00e1rio: Consumo durante o Festival da Primavera abre um bom in\u00edcio para a economia chinesa em 2023"}]},{"@type":"WebSite","@id":"https:\/\/diariodepe.com.br\/cri\/#website","url":"https:\/\/diariodepe.com.br\/cri\/","name":"CRI e Diario de Pernambuco","description":"R\u00e1dio Internacional da China","publisher":{"@id":"https:\/\/diariodepe.com.br\/cri\/#organization"},"potentialAction":[{"@type":"SearchAction","target":{"@type":"EntryPoint","urlTemplate":"https:\/\/diariodepe.com.br\/cri\/?s={search_term_string}"},"query-input":{"@type":"PropertyValueSpecification","valueRequired":true,"valueName":"search_term_string"}}],"inLanguage":"pt-BR"},{"@type":"Organization","@id":"https:\/\/diariodepe.com.br\/cri\/#organization","name":"CRI e Diario de Pernambuco","url":"https:\/\/diariodepe.com.br\/cri\/","logo":{"@type":"ImageObject","inLanguage":"pt-BR","@id":"https:\/\/diariodepe.com.br\/cri\/#\/schema\/logo\/image\/","url":"https:\/\/diariodepe.com.br\/cri\/wp-content\/uploads\/sites\/2\/2022\/12\/cropped-Logo.jpg","contentUrl":"https:\/\/diariodepe.com.br\/cri\/wp-content\/uploads\/sites\/2\/2022\/12\/cropped-Logo.jpg","width":700,"height":59,"caption":"CRI e Diario de Pernambuco"},"image":{"@id":"https:\/\/diariodepe.com.br\/cri\/#\/schema\/logo\/image\/"}},{"@type":"Person","@id":"https:\/\/diariodepe.com.br\/cri\/#\/schema\/person\/121bb28d84f1a5b1205ef4ce9c2e0c6b","name":"Ismael Lucas S. Pereira","image":{"@type":"ImageObject","inLanguage":"pt-BR","@id":"https:\/\/secure.gravatar.com\/avatar\/887a0f3b5a7ceea963a48499fb883ffce6b5037362def025c52c2505b15d63e4?s=96&d=mm&r=g","url":"https:\/\/secure.gravatar.com\/avatar\/887a0f3b5a7ceea963a48499fb883ffce6b5037362def025c52c2505b15d63e4?s=96&d=mm&r=g","contentUrl":"https:\/\/secure.gravatar.com\/avatar\/887a0f3b5a7ceea963a48499fb883ffce6b5037362def025c52c2505b15d63e4?s=96&d=mm&r=g","caption":"Ismael Lucas S. Pereira"},"url":"https:\/\/diariodepe.com.br\/cri\/author\/ismael-lucas\/"}]}},"cc_featured_image_caption":{"caption_text":"","source_text":"","source_url":""},"amp_enabled":true,"_links":{"self":[{"href":"https:\/\/diariodepe.com.br\/cri\/wp-json\/wp\/v2\/posts\/489","targetHints":{"allow":["GET"]}}],"collection":[{"href":"https:\/\/diariodepe.com.br\/cri\/wp-json\/wp\/v2\/posts"}],"about":[{"href":"https:\/\/diariodepe.com.br\/cri\/wp-json\/wp\/v2\/types\/post"}],"author":[{"embeddable":true,"href":"https:\/\/diariodepe.com.br\/cri\/wp-json\/wp\/v2\/users\/2"}],"replies":[{"embeddable":true,"href":"https:\/\/diariodepe.com.br\/cri\/wp-json\/wp\/v2\/comments?post=489"}],"version-history":[{"count":1,"href":"https:\/\/diariodepe.com.br\/cri\/wp-json\/wp\/v2\/posts\/489\/revisions"}],"predecessor-version":[{"id":490,"href":"https:\/\/diariodepe.com.br\/cri\/wp-json\/wp\/v2\/posts\/489\/revisions\/490"}],"wp:attachment":[{"href":"https:\/\/diariodepe.com.br\/cri\/wp-json\/wp\/v2\/media?parent=489"}],"wp:term":[{"taxonomy":"category","embeddable":true,"href":"https:\/\/diariodepe.com.br\/cri\/wp-json\/wp\/v2\/categories?post=489"},{"taxonomy":"post_tag","embeddable":true,"href":"https:\/\/diariodepe.com.br\/cri\/wp-json\/wp\/v2\/tags?post=489"}],"curies":[{"name":"wp","href":"https:\/\/api.w.org\/{rel}","templated":true}]}}